{"id":60566,"date":"2021-12-29T16:34:47","date_gmt":"2021-12-29T20:34:47","guid":{"rendered":"https:\/\/www2.memri.org\/espanol\/?p=60566"},"modified":"2021-12-29T16:34:47","modified_gmt":"2021-12-29T20:34:47","slug":"seleccion-hecha-por-el-editor-en-el-2021-los-mejores-videos-del-portal-memri-tv-sobre-el-proyecto-reforma","status":"publish","type":"post","link":"https:\/\/www2.memri.org\/espanol\/seleccion-hecha-por-el-editor-en-el-2021-los-mejores-videos-del-portal-memri-tv-sobre-el-proyecto-reforma\/60566","title":{"rendered":"Selecci\u00f3n hecha por el editor en el 2021: Los mejores videos del portal MEMRI TV sobre el Proyecto Reforma"},"content":{"rendered":"<p><em>en MEMRI en el a\u00f1o 2021 sobre una variedad de temas. Producir dicho contenido es un trabajo muy costoso <strong>y su ayuda nos permite continuar con nuestra vital labor de apoyar los esfuerzos contra el terrorismo en los Estados Unidos y en todo Occidente<\/strong>. Estamos muy agradecidos con aquellos de nuestros valiosos lectores que ya han donado este a\u00f1o y les pedimos a aquellos que a\u00fan no lo han hecho que consideren realizar hoy una <a href=\"http:\/\/memri.convio.net\/site\/R?i=_yORkCeAGMxG2PtE5J3JoQ\">donaci\u00f3n deducible de impuestos<\/a>.<\/em><\/p>\n<p><em>El Proyecto Reforma en MEMRI hace m\u00e1s ampl\u00edo la audiencia a quienes promueven la reforma en el mundo \u00e1rabe y musulm\u00e1n, mientras destaca los obst\u00e1culos que estos enfrentan para hacer avanzar dichas reformas. El objetivo de este proyecto es proveerle a los reformistas con una plataforma muy necesaria que les permitir\u00e1 llegar a sus sociedades y a los l\u00edderes religiosos, pol\u00edticos y de las instituciones de educaci\u00f3n, a medida que provee tambi\u00e9n sugerencias convincentes ante aquellos pol\u00edticos en Occidente responsables de construir planes estrat\u00e9gicos a largo plazo en apoyo a los esfuerzos por lograr reformas.<\/em><\/p>\n<p><a href=\"http:\/\/www.memri.org\/donate\">D\u00f3nele al Proyecto Reforma de MEMRI<\/a><\/p>\n<p><a href=\"http:\/\/www.memri.org\/donate\"><img loading=\"lazy\" decoding=\"async\" class=\"three-quarter- alignnone\" src=\"https:\/\/www.memri.org\/sites\/default\/files\/2021\/12\/ref1.jpg\" alt=\"\" width=\"803\" height=\"566\" \/><\/a><\/p>\n<p><em>Lo siguiente son segmentos de videos seleccionados por el portal MEMRI TV del Proyecto Reforma en el a\u00f1o 2021.<\/em><\/p>\n<p><em>Para ver los videos del Proyecto Reforma copie por favor el siguiente enlace en su ordenador<\/em>: <a href=\"https:\/\/www.memri.org\/reports\/2021-editors-picks-top-memri-tv-clips-reform-project\">https:\/\/www.memri.org\/reports\/2021-editors-picks-top-memri-tv-clips-reform-project<\/a><\/p>\n<p>&nbsp;<\/p>\n<p>&nbsp;<\/p>\n<p>&nbsp;<\/p>\n","protected":false},"excerpt":{"rendered":"<p>en MEMRI en el a\u00f1o 2021 sobre una variedad de temas. Producir dicho contenido es un trabajo muy costoso y su ayuda nos permite continuar con nuestra vital labor de apoyar los esfuerzos contra el terrorismo en los Estados Unidos y en todo Occidente. Estamos muy agradecidos con aquellos de nuestros valiosos lectores que ya [&hellip;]<\/p>\n","protected":false},"author":1,"featured_media":60567,"comment_status":"open","ping_status":"open","sticky":false,"template":"","format":"standard","meta":{"footnotes":""},"categories":[4,9,7,12,2],"tags":[],"class_list":["post-60566","post","type-post","status-publish","format-standard","has-post-thumbnail","hentry","category-archivos","category-temas","category-reportes-especiales","category-reforma-en-el-mundo-arabe-y-musulman","category-featured"],"_links":{"self":[{"href":"https:\/\/www2.memri.org\/espanol\/wp-json\/wp\/v2\/posts\/60566","targetHints":{"allow":["GET"]}}],"collection":[{"href":"https:\/\/www2.memri.org\/espanol\/wp-json\/wp\/v2\/posts"}],"about":[{"href":"https:\/\/www2.memri.org\/espanol\/wp-json\/wp\/v2\/types\/post"}],"author":[{"embeddable":true,"href":"https:\/\/www2.memri.org\/espanol\/wp-json\/wp\/v2\/users\/1"}],"replies":[{"embeddable":true,"href":"https:\/\/www2.memri.org\/espanol\/wp-json\/wp\/v2\/comments?post=60566"}],"version-history":[{"count":0,"href":"https:\/\/www2.memri.org\/espanol\/wp-json\/wp\/v2\/posts\/60566\/revisions"}],"wp:featuredmedia":[{"embeddable":true,"href":"https:\/\/www2.memri.org\/espanol\/wp-json\/wp\/v2\/media\/60567"}],"wp:attachment":[{"href":"https:\/\/www2.memri.org\/espanol\/wp-json\/wp\/v2\/media?parent=60566"}],"wp:term":[{"taxonomy":"category","embeddable":true,"href":"https:\/\/www2.memri.org\/espanol\/wp-json\/wp\/v2\/categories?post=60566"},{"taxonomy":"post_tag","embeddable":true,"href":"https:\/\/www2.memri.org\/espanol\/wp-json\/wp\/v2\/tags?post=60566"}],"curies":[{"name":"wp","href":"https:\/\/api.w.org\/{rel}","templated":true}]}}