{"id":60556,"date":"2021-12-23T16:26:05","date_gmt":"2021-12-23T20:26:05","guid":{"rendered":"https:\/\/www2.memri.org\/espanol\/?p=60556"},"modified":"2021-12-27T16:30:07","modified_gmt":"2021-12-27T20:30:07","slug":"seleccion-del-editor-en-el-2021-videos-en-apoyo-a-la-paz-en-el-medio-oriente","status":"publish","type":"post","link":"https:\/\/www2.memri.org\/espanol\/seleccion-del-editor-en-el-2021-videos-en-apoyo-a-la-paz-en-el-medio-oriente\/60556","title":{"rendered":"Selecci\u00f3n del editor en el 2021: Videos en apoyo a la paz en el Medio Oriente"},"content":{"rendered":"<p><em>Lo siguiente es una colecci\u00f3n de segmentos de video del portal MEMRI TV de oradores que expresan su apoyo a las iniciativas de paz en el Medio Oriente en el a\u00f1o 2021. Producir dicho contenido es altamente costoso <strong>y su ayuda nos permite continuar con nuestra vital labor en apoyo a los esfuerzos contra el terrorismo en los Estados Unidos y en todo Occidente<\/strong>. Estamos muy agradecidos con aquellos de nuestros valiosos lectores que ya han donado este a\u00f1o, y les pedimos a aquellos que a\u00fan no lo han hecho que consideren hacer una <a href=\"http:\/\/memri.convio.net\/site\/R?i=_yORkCeAGMxG2PtE5J3JoQ\">donaci\u00f3n ahora deducible de impuestos.<\/a><\/em><a href=\"http:\/\/memri.convio.net\/site\/R?i=_yORkCeAGMxG2PtE5J3JoQ\"><em>\u00a0<\/em><\/a><\/p>\n<p><em>Estas investigaciones son parte del Proyecto Reforma en MEMRI, el cual le informa a nuestra audiencia en constante crecimiento sobre aquellos que promueven la reforma en el mundo \u00e1rabe y musulm\u00e1n, mientras destacan los obst\u00e1culos que enfrentan para hacer avanzar tales reformas.<\/em><\/p>\n<p><strong>APOYE LAS VOCES DE PAZ DONANDOLE AL PROYECTO REFORMA DE MEMRI<\/strong><\/p>\n<p><img decoding=\"async\" class=\"three-quarter-size-image\" src=\"https:\/\/www.memri.org\/sites\/default\/files\/eoy2021\/4\/clip_image002.jpg\" alt=\"Text Description automatically generated\" \/><\/p>\n<p><em>Los siguientes son segmentos de video seleccionados del portal MEMRI TV en apoyo a la paz en el Medio Oriente del Proyecto Reforma en el a\u00f1o 2021.<\/em><\/p>\n<p><em>Para ver los videos del informe seleccionados por el editor copie el siguiente enlace en su ordenador<\/em>: <a href=\"https:\/\/www.memri.org\/reports\/2021-editors-picks-clips-support-peace-middle-east\">https:\/\/www.memri.org\/reports\/2021-editors-picks-clips-support-peace-middle-east<\/a><\/p>\n<p>&nbsp;<\/p>\n<p>&nbsp;<\/p>\n","protected":false},"excerpt":{"rendered":"<p>Lo siguiente es una colecci\u00f3n de segmentos de video del portal MEMRI TV de oradores que expresan su apoyo a las iniciativas de paz en el Medio Oriente en el a\u00f1o 2021. Producir dicho contenido es altamente costoso y su ayuda nos permite continuar con nuestra vital labor en apoyo a los esfuerzos contra el [&hellip;]<\/p>\n","protected":false},"author":1,"featured_media":60557,"comment_status":"open","ping_status":"open","sticky":false,"template":"","format":"standard","meta":{"footnotes":""},"categories":[4,9,7,12,2],"tags":[],"class_list":["post-60556","post","type-post","status-publish","format-standard","has-post-thumbnail","hentry","category-archivos","category-temas","category-reportes-especiales","category-reforma-en-el-mundo-arabe-y-musulman","category-featured"],"_links":{"self":[{"href":"https:\/\/www2.memri.org\/espanol\/wp-json\/wp\/v2\/posts\/60556","targetHints":{"allow":["GET"]}}],"collection":[{"href":"https:\/\/www2.memri.org\/espanol\/wp-json\/wp\/v2\/posts"}],"about":[{"href":"https:\/\/www2.memri.org\/espanol\/wp-json\/wp\/v2\/types\/post"}],"author":[{"embeddable":true,"href":"https:\/\/www2.memri.org\/espanol\/wp-json\/wp\/v2\/users\/1"}],"replies":[{"embeddable":true,"href":"https:\/\/www2.memri.org\/espanol\/wp-json\/wp\/v2\/comments?post=60556"}],"version-history":[{"count":0,"href":"https:\/\/www2.memri.org\/espanol\/wp-json\/wp\/v2\/posts\/60556\/revisions"}],"wp:featuredmedia":[{"embeddable":true,"href":"https:\/\/www2.memri.org\/espanol\/wp-json\/wp\/v2\/media\/60557"}],"wp:attachment":[{"href":"https:\/\/www2.memri.org\/espanol\/wp-json\/wp\/v2\/media?parent=60556"}],"wp:term":[{"taxonomy":"category","embeddable":true,"href":"https:\/\/www2.memri.org\/espanol\/wp-json\/wp\/v2\/categories?post=60556"},{"taxonomy":"post_tag","embeddable":true,"href":"https:\/\/www2.memri.org\/espanol\/wp-json\/wp\/v2\/tags?post=60556"}],"curies":[{"name":"wp","href":"https:\/\/api.w.org\/{rel}","templated":true}]}}