{"id":60500,"date":"2021-12-10T14:55:01","date_gmt":"2021-12-10T18:55:01","guid":{"rendered":"https:\/\/www2.memri.org\/espanol\/?p=60500"},"modified":"2021-12-10T14:55:01","modified_gmt":"2021-12-10T18:55:01","slug":"nueva-edificacion-de-la-embajada-palestina-en-tunez-destaca-un-mapa-gigante-de-marmol-de-palestina-desde-el-rio-hasta-el-mar","status":"publish","type":"post","link":"https:\/\/www2.memri.org\/espanol\/nueva-edificacion-de-la-embajada-palestina-en-tunez-destaca-un-mapa-gigante-de-marmol-de-palestina-desde-el-rio-hasta-el-mar\/60500","title":{"rendered":"Nueva edificaci\u00f3n de la embajada palestina en T\u00fanez destaca un mapa gigante de m\u00e1rmol de Palestina desde el r\u00edo hasta el mar"},"content":{"rendered":"<p>Durante la ceremonia de inauguraci\u00f3n realizada el d\u00eda 8 de diciembre, 2021 por el nuevo edificio de la embajada palestina en T\u00fanez, con la participaci\u00f3n del presidente tunecino Kais Saied y el presidente de la Autoridad Palestina Mahmoud &#8216;Abbas, una pared exterior en el que destaca un mapa gigante de m\u00e1rmol de Palestina desde el r\u00edo Jord\u00e1n al Mediterr\u00e1neo fue presentado.<\/p>\n<p>El mapa muestra las principales ciudades, incluyendo ciudades en Israel tales como Haifa, Jaffa, Lod, Ramla y Nazaret. Fotograf\u00edas de Saied y &#8216;Abbas de pie frente al mapa gigante aparecieron en informes sobre la inauguraci\u00f3n en los medios de comunicaci\u00f3n tanto tunecinos como palestinos.<\/p>\n<figure style=\"width: 476px\" class=\"wp-caption alignnone\"><img loading=\"lazy\" decoding=\"async\" class=\"half-size-image\" src=\"https:\/\/www.memri.org\/sites\/default\/files\/2021\/11\/SD9675a.jpg\" alt=\"Fotograf\u00eda del mapa en la p\u00e1gina Facebook de la presidencia de T\u00fanez (Facebook.com\/Presidence.tn, 8 de diciembre, 2021)\" width=\"476\" height=\"824\" \/><figcaption class=\"wp-caption-text\">Fotograf\u00eda del mapa en la p\u00e1gina Facebook de la presidencia de T\u00fanez (Facebook.com\/Presidence.tn, 8 de diciembre, 2021)<\/figcaption><\/figure>\n<p>Fatah tuite\u00f3 fotograf\u00edas de la ceremonia de inauguraci\u00f3n y agreg\u00f3 lo siguiente: \u00abEl presidente del estado palestino Mahmoud &#8216;Abbas y su hermano tunecino, el presidente de la Rep\u00fablica de T\u00fanez Kais Saied inauguraron el nuevo edificio de la embajada palestina en T\u00fanez el d\u00eda mi\u00e9rcoles 8 de diciembre\u00bb.<a href=\"#_edn1\" name=\"_ednref1\">[1]<\/a><\/p>\n<figure style=\"width: 567px\" class=\"wp-caption alignnone\"><img loading=\"lazy\" decoding=\"async\" class=\"half-size-image\" src=\"https:\/\/www.memri.org\/sites\/default\/files\/2021\/11\/SD96751.jpg\" alt=\"Informe sobre la inauguraci\u00f3n de la embajada en la p\u00e1gina Twitter de Fatah (Fuente: Mobile.twitter.com\/fatehorg, 8 de diciembre, 2021)\" width=\"567\" height=\"479\" \/><figcaption class=\"wp-caption-text\">Informe sobre la inauguraci\u00f3n de la embajada en la p\u00e1gina Twitter de Fatah (Fuente: Mobile.twitter.com\/fatehorg, 8 de diciembre, 2021)<\/figcaption><\/figure>\n<p>La p\u00e1gina Facebook de la presidencia en T\u00fanez tambi\u00e9n inform\u00f3 sobre la ceremonia de inauguraci\u00f3n y public\u00f3 fotograf\u00edas de esta.<\/p>\n<figure style=\"width: 559px\" class=\"wp-caption alignnone\"><img loading=\"lazy\" decoding=\"async\" class=\"half-size-image\" src=\"https:\/\/www.memri.org\/sites\/default\/files\/2021\/11\/SD96752.jpg\" alt=\"Fuente: Facebook.com\/presidence.tn, 8 de diciembre, 2021.\" width=\"559\" height=\"756\" \/><figcaption class=\"wp-caption-text\">Fuente: Facebook.com\/presidence.tn, 8 de diciembre, 2021.<\/figcaption><\/figure>\n<p>&nbsp;<\/p>\n<p><a href=\"#_ednref1\" name=\"_edn1\">[1]<\/a> Mobile.twitter.com\/fatehorg, 8 de diciembre, 2021.<\/p>\n","protected":false},"excerpt":{"rendered":"<p>Durante la ceremonia de inauguraci\u00f3n realizada el d\u00eda 8 de diciembre, 2021 por el nuevo edificio de la embajada palestina en T\u00fanez, con la participaci\u00f3n del presidente tunecino Kais Saied y el presidente de la Autoridad Palestina Mahmoud &#8216;Abbas, una pared exterior en el que destaca un mapa gigante de m\u00e1rmol de Palestina desde el [&hellip;]<\/p>\n","protected":false},"author":1,"featured_media":60501,"comment_status":"open","ping_status":"open","sticky":false,"template":"","format":"standard","meta":{"footnotes":""},"categories":[4,6,18,2,23,29],"tags":[],"class_list":["post-60500","post","type-post","status-publish","format-standard","has-post-thumbnail","hentry","category-archivos","category-comunicados-especiales","category-paises","category-featured","category-autoridad-palestina","category-africa-del-norte"],"_links":{"self":[{"href":"https:\/\/www2.memri.org\/espanol\/wp-json\/wp\/v2\/posts\/60500","targetHints":{"allow":["GET"]}}],"collection":[{"href":"https:\/\/www2.memri.org\/espanol\/wp-json\/wp\/v2\/posts"}],"about":[{"href":"https:\/\/www2.memri.org\/espanol\/wp-json\/wp\/v2\/types\/post"}],"author":[{"embeddable":true,"href":"https:\/\/www2.memri.org\/espanol\/wp-json\/wp\/v2\/users\/1"}],"replies":[{"embeddable":true,"href":"https:\/\/www2.memri.org\/espanol\/wp-json\/wp\/v2\/comments?post=60500"}],"version-history":[{"count":0,"href":"https:\/\/www2.memri.org\/espanol\/wp-json\/wp\/v2\/posts\/60500\/revisions"}],"wp:featuredmedia":[{"embeddable":true,"href":"https:\/\/www2.memri.org\/espanol\/wp-json\/wp\/v2\/media\/60501"}],"wp:attachment":[{"href":"https:\/\/www2.memri.org\/espanol\/wp-json\/wp\/v2\/media?parent=60500"}],"wp:term":[{"taxonomy":"category","embeddable":true,"href":"https:\/\/www2.memri.org\/espanol\/wp-json\/wp\/v2\/categories?post=60500"},{"taxonomy":"post_tag","embeddable":true,"href":"https:\/\/www2.memri.org\/espanol\/wp-json\/wp\/v2\/tags?post=60500"}],"curies":[{"name":"wp","href":"https:\/\/api.w.org\/{rel}","templated":true}]}}