{"id":60498,"date":"2021-12-10T14:48:37","date_gmt":"2021-12-10T18:48:37","guid":{"rendered":"https:\/\/www2.memri.org\/espanol\/?p=60498"},"modified":"2021-12-10T14:48:50","modified_gmt":"2021-12-10T18:48:50","slug":"ex-ministro-de-la-autoridad-palestina-los-ataques-individuales-de-los-palestinos-no-sirven-a-nuestra-causa-y-deben-ser-detenidos-el-liderazgo-permite-que-nuestros-jovenes-derramen-su-sangre-con-el-f","status":"publish","type":"post","link":"https:\/\/www2.memri.org\/espanol\/ex-ministro-de-la-autoridad-palestina-los-ataques-individuales-de-los-palestinos-no-sirven-a-nuestra-causa-y-deben-ser-detenidos-el-liderazgo-permite-que-nuestros-jovenes-derramen-su-sangre-con-el-f\/60498","title":{"rendered":"Ex-ministro de la Autoridad Palestina: Los ataques individuales de los palestinos no sirven a nuestra causa y deben ser detenidos; el liderazgo permite que nuestros j\u00f3venes derramen su sangre con el fin de cubrir su incompetencia"},"content":{"rendered":"<p><em>En un art\u00edculo publicado el 5 de diciembre, 2021 Ziad Abu Zayyad, ex-ministro en asuntos de Jerusal\u00e9n en la Autoridad Palestina, pidi\u00f3 detener la ola de ataques terroristas en Cisjordania. El art\u00edculo fue publicado en el diario en Jerusal\u00e9n oriental Al-Quds, un d\u00eda despu\u00e9s de que un palestino, Muhammad Salima, apu\u00f1alara e hiriera a un civil israel\u00ed en Jerusal\u00e9n y quien fue asesinado a tiros por agentes de la polic\u00eda israel\u00ed y tras varios ataques similares ocurridos durante las \u00faltimas semanas.<\/em><\/p>\n<figure style=\"width: 607px\" class=\"wp-caption alignnone\"><img loading=\"lazy\" decoding=\"async\" class=\"half-size-image\" src=\"https:\/\/www.memri.org\/sites\/default\/files\/2021\/11\/SD9674_1.jpg\" alt=\"Ziad Abu Zayyad (Fuente: Youtube.com, 29 de diciembre, 2019)\" width=\"607\" height=\"694\" \/><figcaption class=\"wp-caption-text\">Ziad Abu Zayyad (Fuente: Youtube.com, 29 de diciembre, 2019)<\/figcaption><\/figure>\n<p><em>Si bien este conden\u00f3 duramente la pol\u00edtica de Israel y el asesinato cometido contra el apu\u00f1alador perpetrado por agentes del cuerpo policial, calific\u00e1ndolo de \u00abasesinato en el pleno sentido de la palabra\u00bb, Abu Zayyad tambi\u00e9n dirigi\u00f3 duras cr\u00edticas al liderazgo palestino en Ramala y Gaza, que glorifican estos ataques en lugar de detenerlos. Este acus\u00f3 a los l\u00edderes palestinos de permitir que j\u00f3venes hombres y mujeres derramen su sangre en vano en lugar de formular un plan nacional integral para la lucha contra Israel. La resistencia contra Israel no deber\u00eda ser un tema de individuos que act\u00faen por propia discreci\u00f3n e iniciativa dijo, ya que tales ataques no sirven al objetivo nacional palestino de poner fin a la ocupaci\u00f3n y establecer un estado palestino independiente, sino que solo provocan m\u00e1s rondas de violencia y derramamiento de sangre. Este hizo un llamado a los l\u00edderes palestinos para que dejen de eludir su responsabilidad y formulen un plan claro y di\u00e1fano para la lucha contra Israel, como parte del cual estos ataques individuales ser\u00e1n detenidos.<\/em><a href=\"#_edn1\" name=\"_ednref1\">[1]<\/a><\/p>\n<p><em>Cabe se\u00f1alar que Ziad Abu Zayyad critica con frecuencia al liderazgo palestino y presenta alternativas a su conducta y a sus pol\u00edticas.<\/em><a href=\"#_edn2\" name=\"_ednref2\">[2]<\/a><\/p>\n<p><figure style=\"width: 619px\" class=\"wp-caption alignnone\"><img loading=\"lazy\" decoding=\"async\" class=\"half-size-image\" src=\"https:\/\/www.memri.org\/sites\/default\/files\/2021\/11\/SD96741_0.jpg\" alt=\"El vicepresidente de Fatah Mahmoud Al-'Aloul presenta sus respetos a la familia del apu\u00f1alador Muhammad Salima en nombre del presidente de la Autoridad Palestina 'Abbas (Fuente: Facebook.com\/abujihadAlaloul, 7 de diciembre, 2021)[3]\" width=\"619\" height=\"798\" \/><figcaption class=\"wp-caption-text\">El vicepresidente de Fatah Mahmoud Al-&#8216;Aloul presenta sus respetos a la familia del apu\u00f1alador Muhammad Salima en nombre del presidente de la Autoridad Palestina &#8216;Abbas (Fuente: Facebook.com\/abujihadAlaloul, 7 de diciembre, 2021)[3]<\/figcaption><\/figure><em>Lo siguiente son extractos traducidos del art\u00edculo de Abu Zayyad.<\/em><a href=\"#_edn4\" name=\"_ednref4\">[4]<\/a><\/p>\n<p>\u00abSi el asesinato de Muhammad Shawkat Salima, quien fue martirizado ayer cuando soldados israel\u00edes le dispararon cerca de Bab Al-&#8216;Amoud (la Puerta de Damasco) en Jerusal\u00e9n, no es una acci\u00f3n de asesinato en el pleno sentido de la palabra, entonces \u00bfa qu\u00e9 acci\u00f3n pudi\u00e9ramos decir es un asesinato? Salima fue herido por una bala en la pantorrilla, no pod\u00eda moverse y ya no representaba una amenaza para nadie. Entonces, \u00bfqu\u00e9 tipo de l\u00f3gica y qu\u00e9 ley autorizaba a los soldados a dispararle una y otra vez, cuando ya no pod\u00eda responder hasta asegurarse de que estaba muerto? Yo no voy a debatir el tema de si realizo o no un apu\u00f1alamiento, pero yo me supongo que s\u00ed.<a href=\"#_edn5\" name=\"_ednref5\">[5]<\/a> Aun as\u00ed, \u00bften\u00eda derecho el soldado que le dispar\u00f3 mientras este se encontraba tirado en el suelo indefenso a ejecutarlo y privarlo de su derecho a vivir? En todos los pa\u00edses bajo el imperio de la ley &#8211; e Israel afirma ser un pa\u00eds as\u00ed, los criminales son llevados ante los tribunales y se les permite expresar su opini\u00f3n. Estos no son juzgados por polic\u00edas, cuyo deber es obedecer la ley y asegurarse de que los dem\u00e1s la respeten y la obedezcan tambi\u00e9n.<\/p>\n<p>\u00abLo que sucedi\u00f3 ayer fue un asesinato en el pleno sentido de la palabra y es otro m\u00e1s en una cadena de asesinatos a sangre fr\u00eda perpetrados contra nuestros hijos y j\u00f3venes, cientos de los cuales han ca\u00eddo en los \u00faltimos a\u00f1os, tantos que los congeladores en los hospitales en Israel ya no tienen espacio para mantenerlos. Esto fue un crimen y sus perpetradores y quienes est\u00e1n detr\u00e1s de ellos&#8230; deber\u00edan ser castigados con todo el peso de la ley&#8230;<\/p>\n<p>\u00abSin embargo, existe otra pregunta que debemos enfrentar de manera valiente, directa y responsable: \u00bfqui\u00e9n envi\u00f3 al m\u00e1rtir Muhammad Shawkat Salima a hacer lo que hizo? Y si nadie lo envi\u00f3, entonces, \u00bfqui\u00e9n es el responsable de lo que este hizo?&#8230; No debemos auto-absolvernos de nuestra propia responsabilidad.<\/p>\n<p>\u00abAlgunos dicen que resistirse a la ocupaci\u00f3n es un derecho leg\u00edtimo de cualquier pueblo bajo el yugo de la propia ocupaci\u00f3n &#8211; y eso es muy cierto &#8211; pero no obstante debemos se\u00f1alar que la resistencia no debe ser realizada por individuos, fuera del marco de una acci\u00f3n nacional coordinada y armoniosa. Porque las acciones individuales no son m\u00e1s que un in\u00fatil derramamiento de sangre que no aporta ning\u00fan beneficio a la causa. \u00bfCu\u00e1ntos chicos palestinos, ambos varones y hembras y adultos han ca\u00eddo? Y, en \u00faltima instancia, \u00bfcu\u00e1nto contribuy\u00f3 su muerte a la lucha nacional para acabar con la ocupaci\u00f3n? \u00bfNo fue derramada su sangre en vano? El punto no es cu\u00e1ntos israel\u00edes asesinamos o cu\u00e1ntos de nosotros ellos asesinan. El punto es que estos asesinatos no alcanzan nuestros objetivos de obtener la independencia y poner fin a la ocupaci\u00f3n y el asesinato de nuestros hijos y j\u00f3venes no les brinda seguridad\u2026 Al contrario, solo aumenta el deseo de venganza, atrap\u00e1ndonos en un ciclo de mutuos asesinatos.<\/p>\n<p>\u00abSi bien yo condeno total y sin reservas el asesinato de nuestros j\u00f3venes perpetrado por los israel\u00edes, no obstante pregunto: \u00bfD\u00f3nde est\u00e1 el liderazgo palestino, el cual tiene la responsabilidad de administrar el conflicto con la ocupaci\u00f3n? Yo no me refiero s\u00f3lo a los l\u00edderes en Ramala, es decir, el liderazgo de la Autoridad Palestina y Fatah o en Gaza, es decir, el liderazgo de Ham\u00e1s y de otras organizaciones en Gaza, sino a todos los l\u00edderes, a todas las facciones, a todos aquellos que pronuncian discursos grandilocuentes y hablan en nombre del pueblo y su destino. \u00bfD\u00f3nde est\u00e1n ustedes? \u00bfD\u00f3nde est\u00e1n sus planes de resistencia nacional? \u00bfHasta cu\u00e1ndo nuestros hijos y j\u00f3venes permanecer\u00e1n como reba\u00f1os sin pastor? \u00bfPor qu\u00e9 alaban y glorifican estas acciones individuales in\u00fatiles? \u00bfEs para cubrir su impotencia como l\u00edderes?<\/p>\n<p>\u00ab\u00bfCu\u00e1l es su estrategia para lograr la victoria y por qu\u00e9 ustedes no son honestos con el pueblo? Si ustedes poseen una estrategia y un plan de resistencia y de hecho para terminar con la ocupaci\u00f3n, an\u00fancienselo a la poblaci\u00f3n y llamen a todos a unirse y adhi\u00e9ranse estrictamente a este, para de esta manera poner fin a todas las acciones individuales. Alternamente, si ustedes se sienten desesperados por las luchas y solo desean una vida de hedonismo y poder, an\u00fancienle esto a su pueblo&#8230; Los apu\u00f1alamientos e intentos de asesinato que hacen que nuestros hijos derramen su sangre en vano deben ser detenidos. El liderazgo debe asumir su responsabilidad y establecer claramente los medios y las diferentes formas de librar la lucha o manejar la rendici\u00f3n. Pero su silencio y la falta de un plan nacional es una verg\u00fcenza que ya no puede ser aceptada en silencio\u00bb.<\/p>\n<hr \/>\n<p><a href=\"#_ednref1\" name=\"_edn1\">[1]<\/a> Abu Zayyad fue una de las figuras palestinas que, en el transcurso de la Segunda Intifada, firmaron un comunicado llamando a detener los ataques armados contra la poblaci\u00f3n civil. V\u00e9ase la serie de MEMRI Investigaci\u00f3n y An\u00e1lisis No. 101 &#8211; El debate palestino sobre las operaciones de martirio parte II: Un comunicado palestino en contra de los ataques &#8211; 4 de julio, 2002.<\/p>\n<p><a href=\"#_ednref2\" name=\"_edn2\">[2]<\/a> V\u00e9ase, por ejemplo, los siguientes informes de MEMRI: Serie Despacho Especial No. 9591 &#8211; Personalidades p\u00fablicas palestinas y periodistas critican el discurso del presidente &#8216;Abbas en las Naciones Unidas: Su ultim\u00e1tum a Israel no tiene ning\u00fan sentido; este debe dimitir inmediatamente y celebrar elecciones: 18 de octubre, 2021; Despacho Especial No. 9489 &#8211; Pol\u00edticos y periodistas palestinos arremeten contra Fatah: Este se ha transformado de un movimiento de liberaci\u00f3n en una milicia que reprime todas las cr\u00edticas leg\u00edtimas a la Autoridad Palestina &#8211; 10 de agosto, 2021; Despacho Especial No. 8943 &#8211; Ex-ministro de la Autoridad Palestina: Nuestro discurso se ha vuelto igual que un disco rayado, nos hace ver como aquellos que rechazan la paz &#8211; 23 de septiembre, 2020; Despacho Especial No. 8866 &#8211; Periodistas palestinos: Detener la coordinaci\u00f3n civil con Israel es un error que exacerba nuestra crisis econ\u00f3mica &#8211; 27 de julio, 2020.<\/p>\n<p><a href=\"#_ednref3\" name=\"_edn3\">[3]<\/a> A la visita tambi\u00e9n asisti\u00f3 el secretario de la filial Salfit de Fatah &#8216;Abd Al-Sattar&#8217; Awwad (Facebook.com\/abujihadAlaloul, 7 de diciembre, 2021).<\/p>\n<p><a href=\"#_ednref4\" name=\"_edn4\">[4]<\/a> <em>Al-Quds<\/em> (Jerusal\u00e9n oriental), 5 de diciembre, 2021.<\/p>\n<p><a href=\"#_ednref5\" name=\"_edn5\">[5]<\/a> Los medios de comunicaci\u00f3n oficiales de la Autoridad Palestina se abstienen constantemente de reconocer que los terroristas perpetraron los actos que a estos se les atribuyen, pero acusan a las fuerzas de seguridad israel\u00edes de ejecutarlos.<\/p>\n","protected":false},"excerpt":{"rendered":"<p>En un art\u00edculo publicado el 5 de diciembre, 2021 Ziad Abu Zayyad, ex-ministro en asuntos de Jerusal\u00e9n en la Autoridad Palestina, pidi\u00f3 detener la ola de ataques terroristas en Cisjordania. El art\u00edculo fue publicado en el diario en Jerusal\u00e9n oriental Al-Quds, un d\u00eda despu\u00e9s de que un palestino, Muhammad Salima, apu\u00f1alara e hiriera a un [&hellip;]<\/p>\n","protected":false},"author":1,"featured_media":60499,"comment_status":"open","ping_status":"open","sticky":false,"template":"","format":"standard","meta":{"footnotes":""},"categories":[4,6,18,2,23],"tags":[],"class_list":["post-60498","post","type-post","status-publish","format-standard","has-post-thumbnail","hentry","category-archivos","category-comunicados-especiales","category-paises","category-featured","category-autoridad-palestina"],"_links":{"self":[{"href":"https:\/\/www2.memri.org\/espanol\/wp-json\/wp\/v2\/posts\/60498","targetHints":{"allow":["GET"]}}],"collection":[{"href":"https:\/\/www2.memri.org\/espanol\/wp-json\/wp\/v2\/posts"}],"about":[{"href":"https:\/\/www2.memri.org\/espanol\/wp-json\/wp\/v2\/types\/post"}],"author":[{"embeddable":true,"href":"https:\/\/www2.memri.org\/espanol\/wp-json\/wp\/v2\/users\/1"}],"replies":[{"embeddable":true,"href":"https:\/\/www2.memri.org\/espanol\/wp-json\/wp\/v2\/comments?post=60498"}],"version-history":[{"count":0,"href":"https:\/\/www2.memri.org\/espanol\/wp-json\/wp\/v2\/posts\/60498\/revisions"}],"wp:featuredmedia":[{"embeddable":true,"href":"https:\/\/www2.memri.org\/espanol\/wp-json\/wp\/v2\/media\/60499"}],"wp:attachment":[{"href":"https:\/\/www2.memri.org\/espanol\/wp-json\/wp\/v2\/media?parent=60498"}],"wp:term":[{"taxonomy":"category","embeddable":true,"href":"https:\/\/www2.memri.org\/espanol\/wp-json\/wp\/v2\/categories?post=60498"},{"taxonomy":"post_tag","embeddable":true,"href":"https:\/\/www2.memri.org\/espanol\/wp-json\/wp\/v2\/tags?post=60498"}],"curies":[{"name":"wp","href":"https:\/\/api.w.org\/{rel}","templated":true}]}}