{"id":60453,"date":"2021-11-29T16:44:26","date_gmt":"2021-11-29T20:44:26","guid":{"rendered":"https:\/\/www2.memri.org\/espanol\/?p=60453"},"modified":"2021-11-29T16:44:26","modified_gmt":"2021-11-29T20:44:26","slug":"la-era-por-venir-ante-la-guerra-del-cerco-demografico","status":"publish","type":"post","link":"https:\/\/www2.memri.org\/espanol\/la-era-por-venir-ante-la-guerra-del-cerco-demografico\/60453","title":{"rendered":"La era por venir ante la guerra del cerco demogr\u00e1fico"},"content":{"rendered":"<p>A veces, las crisis aparecen repentinamente sin dar previo aviso. Pero a veces estas nos lo dicen con mucha anticipaci\u00f3n. En mayo del presente a\u00f1o 2021, a ra\u00edz de una crisis diplom\u00e1tica surgida entre la Uni\u00f3n Europea y Bielorrusia, el dictador Alexander Lukashenko advirti\u00f3 que inundar\u00eda a la Uni\u00f3n Europea de drogas e inmigrantes en respuesta a las nuevas sanciones impuestas a este. Nosotros sol\u00edamos detenerlos, amenaz\u00f3 Lukashenko, pero \u00abahora ustedes ser\u00e1n los que se los comer\u00e1n y los atrapar\u00e1n por s\u00ed mismos\u00bb.<a href=\"#_edn1\" name=\"_ednref1\">[1]<\/a><\/p>\n<figure style=\"width: 624px\" class=\"wp-caption alignnone\"><img loading=\"lazy\" decoding=\"async\" class=\"half-size-image\" src=\"https:\/\/www.memri.org\/sites\/default\/files\/2021\/11\/mdb555.png\" alt=\"Reporteros cubriendo el funeral de un chico kurdo en la frontera entre Polonia y Bielorrusia\" width=\"624\" height=\"468\" \/><figcaption class=\"wp-caption-text\">Reporteros cubriendo el funeral de un chico kurdo en la frontera entre Polonia y Bielorrusia<\/figcaption><\/figure>\n<p>Y eso es precisamente lo que sucedi\u00f3 con la \u00abcrisis fronteriza\u00bb en la frontera de Bielorrusia con Polonia y Lituania, que alcanz\u00f3 su punto m\u00e1s \u00e1lgido en octubre y noviembre del a\u00f1o 2021 cuando decenas de miles de inmigrantes con fr\u00edo y desesperados, en su mayor\u00eda del Medio Oriente, intentaron irrumpir dentro del territorio de la Uni\u00f3n Europea, instigados por la KGB Bielorrusia. Y detr\u00e1s de Lukashenko, muchos vieron a Putin y la guerra h\u00edbrida rusa. Y aunque la situaci\u00f3n fue claramente orquestada por estas dictaduras de Europa oriental, Polonia tambi\u00e9n fue duramente criticada por intentar defender sus fronteras. La crisis tambi\u00e9n fue un evento de la prensa, en donde los medios de comunicaci\u00f3n y las ONG lo cubrieron y a menudo, le dieron un giro ideol\u00f3gico basados muy particularmente en las pol\u00edticas de la organizaci\u00f3n.<a href=\"#_edn2\" name=\"_ednref2\">[2]<\/a><\/p>\n<p>El uso de inmigrantes desesperados como herramienta pol\u00edtica no es algo exactamente nuevo, pero este se est\u00e1 volviendo m\u00e1s frecuente y amenaza con volverse a\u00fan m\u00e1s com\u00fan en un futuro cercano con el espectro que se avecina por los refugiados utilizando el tema del cambio clim\u00e1tico junto a pol\u00edticas intencionales de estados disfuncionales y\/o maliciosos.<\/p>\n<p>En 1975, Marruecos utiliz\u00f3 este poder popular en la llamada Marcha Verde donde participaron 350.000 hombres que invadieron el entonces Sahara espa\u00f1ol como parte de una estrategia finalmente exitosa de adquirir el territorio colonial para Rabat. En los a\u00f1os 80, el r\u00e9gimen comunista de Castro en Cuba utiliz\u00f3 el llamado marielito (los botes que partieron de Mariel) para deshacerse de los disidentes y cr\u00edticos del r\u00e9gimen. Con los 125.000 autorizados a salir del pa\u00eds, Castro vaci\u00f3 los manicomios y las c\u00e1rceles de la isla, lo que oblig\u00f3 a los propietarios de embarcaciones a llevarlos a punta de pistola junto a refugiados leg\u00edtimos. En ambos casos, los gobiernos utilizaron a sus propios ciudadanos como herramientas c\u00ednicas en el arte de gobernar.<\/p>\n<p>A\u00f1os m\u00e1s tarde, cuando el r\u00e9gimen de Assad en Siria amenaz\u00f3 con hacer lo mismo, este se refer\u00eda a sus propios ciudadanos que inundaron la Uni\u00f3n Europea. Las amenazas posteriores del dictador libio Muammar Al-Qaddafi, del grupo terrorista liban\u00e9s Hezbol\u00e1 y del hombre fuerte turco Recep Tayyip Erdogan involucraron el uso de ciudadanos de otros pa\u00edses, sean estos sirios o africanos del sub-Sahara, para ser arrojados contra la Uni\u00f3n Europea como respuesta a los gobiernos y pol\u00edticas que estos despreciaban. El parlamentario de Hezbol\u00e1 en el L\u00edbano Muhammad Raed se jact\u00f3 en el 2019 de que \u00abtodo lo que tenemos que hacer es mostrar la carta de refugiados sirios y todos los pa\u00edses europeos se arrodillar\u00e1n ante nosotros\u00bb.<a href=\"#_edn3\" name=\"_ednref3\">[3]<\/a><\/p>\n<p>Lo que Hezbol\u00e1 amenaz\u00f3, Turqu\u00eda verdaderamente lo hizo, comenzando en el 2015. En el a\u00f1o 2016, la Uni\u00f3n Europea lleg\u00f3 a un acuerdo migratorio, pag\u00e1ndole a Turqu\u00eda billones de euros y deteniendo el flujo, pero a comienzos del a\u00f1o 2020 Erdogan lanz\u00f3 a decenas de miles de migrantes contra Grecia.<a href=\"#_edn4\" name=\"_ednref4\">[4]<\/a> En ese momento, Erdogan dijo: \u00abLes dije que ya se hizo. Se termin\u00f3. Las puertas est\u00e1n ahora abiertas. Desde que abrimos las fronteras, el n\u00famero de refugiados que se dirigen hacia Europa ha alcanzado los cientos de miles. Esta cifra pronto ser\u00e1 de millones\u00bb.<a href=\"#_edn5\" name=\"_ednref5\">[5]<\/a><\/p>\n<p>A pesar de las duras cr\u00edticas proferidas por las organizaciones internacionales y del complejo industrial de refugiados, Grecia se mantuvo firme, recibi\u00f3 un claro respaldo de la Uni\u00f3n Europea y finalmente, la inundaci\u00f3n de gente aminor\u00f3, aunque la presi\u00f3n aun persiste.<\/p>\n<p>Antes de la escalada en Bielorrusia, el \u00faltimo ejemplo de una escalada demogr\u00e1fica fue a comienzos de este a\u00f1o cuando Marruecos levant\u00f3 los controles fronterizos en la frontera con la ciudad africana de Ceuta en Espa\u00f1a durante dos d\u00edas en mayo del presente a\u00f1o 2021, permiti\u00e9ndole a m\u00e1s de 10.000 inmigrantes, en su mayor\u00eda hombres y chicos de Marruecos y de \u00c1frica sub-sahariana, entrar en la ciudad, siendo este un enclave de la Uni\u00f3n Europa en la costa africana de Marruecos.<a href=\"#_edn6\" name=\"_ednref6\">[6]<\/a> Marruecos se estaba vengando ante Madrid por permitir que el jefe del grupo rebelde anti-marroqu\u00ed del S\u00e1hara occidental el Frente Polisario ingresara a Espa\u00f1a con el fin de que pudiera recibir tratamiento m\u00e9dico. El socio clave del gobernante Partido Socialista (PSOE), el grupo Comunista Podemos\/IU, es partidario del Frente Polisario, al igual que los separatistas vascos y catalanes.<\/p>\n<p>En el caso de Bielorrusia, Turqu\u00eda y Marruecos, los pa\u00edses de la Uni\u00f3n Europea mantuvieron la l\u00ednea &#8211; m\u00e1s o menos &#8211; en la frontera y pudieron calmar temporalmente la situaci\u00f3n mediante una combinaci\u00f3n de diplomacia y halagos financieros. Los perpetradores fueron recompensados ??y en realidad nada se resolvi\u00f3, solo se retras\u00f3 o disminuy\u00f3 temporalmente.<a href=\"#_edn7\" name=\"_ednref7\">[7]<\/a><\/p>\n<p>Mientras tanto, la presi\u00f3n aumenta tanto dentro de Europa como en las regiones de origen de estos inmigrantes, en particular en el Medio Oriente y el norte de \u00c1frica &#8211; la regi\u00f3n m\u00e1s disfuncional del mundo. En Europa, el debate sobre el tema de la inmigraci\u00f3n y los refugiados contin\u00faa con poderosas fuerzas tanto a favor como en contra. Algunos en Europa, especialmente en la izquierda, acoger\u00edan m\u00e1s inmigraci\u00f3n, particularmente dada la escasez de nacimientos entre los europeos.<a href=\"#_edn8\" name=\"_ednref8\">[8]<\/a> Los comunistas de fronteras abiertas tales como del partido Podemos en Espa\u00f1a ven la inmigraci\u00f3n de musulmanes de Los pa\u00edses africanos como una forma muy c\u00ednica de captar m\u00e1s votantes. Otros saben que los fuertes flujos de inmigraci\u00f3n desencadenar\u00e1n gran polarizaci\u00f3n pol\u00edtica en el antiguo continente, incluyendo el fortalecer el surgimiento de partidos conservadores populistas, desde Espa\u00f1a hasta Europa Oriental &#8211; un resultado que la \u00e9lite eur\u00f3crata preferir\u00eda evitar.<\/p>\n<p>La presi\u00f3n proveniente del Medio Oriente y el norte de \u00c1frica proviene de estados, la mayor\u00eda de los cuales no han tenido \u00e9xito en gobernar y parecieran ser cada vez m\u00e1s incapaces de mejorar el nivel de vida de sus ciudadanos. La mayor\u00eda de los inmigrantes ilegales que llegan a Espa\u00f1a son hombres j\u00f3venes de Argelia y Marruecos con escasa educaci\u00f3n.<a href=\"#_edn9\" name=\"_ednref9\">[9]<\/a> Los de la frontera con Bielorrusia proced\u00edan de Siria e Irak y la mayor\u00eda de ellos no eran refugiados, sino personas que buscaban una vida mejor.<a href=\"#_edn10\" name=\"_ednref10\">[10]<\/a><\/p>\n<p>Las encuestas realizadas en los \u00faltimos a\u00f1os muestran que un gran porcentaje de la poblaci\u00f3n del Medio Oriente le gustar\u00eda emigrar a Occidente. Una encuesta realizada en el a\u00f1o 2020 hall\u00f3 que el 42% de los j\u00f3venes \u00e1rabes est\u00e1n considerando emigrar de sus pa\u00edses y el 15% intenta hacerlo activamente. La misma encuesta realizada en el presente a\u00f1o 2021 encontr\u00f3 que la cifra en la regi\u00f3n hab\u00eda disminuido al 33%, pero las cifras en los pa\u00edses individuales siguen siendo enormes. En general, el 68% de los sudaneses, el 56% de los marroqu\u00edes, el 48% de los libaneses y el 47% de los jordanos considerar\u00edan emigrar de sus pa\u00edses. Y de los cinco principales destinos a inmigrar, solo uno, los Emiratos \u00c1rabes Unidos, se encuentra en la regi\u00f3n. Las otras opciones son, en orden de preferencia, Canad\u00e1, Estados Unidos, Alemania y Francia.<a href=\"#_edn11\" name=\"_ednref11\">[11]<\/a> Y todas estas cifras reflejan la situaci\u00f3n actual, en lugar de ser dentro de unos pocos a\u00f1os, cuando el efecto total por la disfunci\u00f3n del r\u00e9gimen y el cambio clim\u00e1tico se sentir\u00e1n en su plenitud.<a href=\"#_edn12\" name=\"_ednref12\">[12]<\/a><\/p>\n<p>Y, por supuesto, estas presiones no son exclusivas de Europa. Estados Unidos, muy a pesar de que hist\u00f3ricamente ha tenido mucho m\u00e1s \u00e9xito en lidiar con las corrientes migratorias, enfrenta presiones bastante similares. Por ejemplo, \u00bfc\u00f3mo manejar\u00e1 Estados Unidos la actual \u00absituaci\u00f3n\u00bb racial, extremadamente vol\u00e1til y en su mayor\u00eda binaria (tipificados por el movimiento BLM y las ideolog\u00edas y respuestas de la Teor\u00eda cr\u00edtica del tema de la raza) a un Estados Unidos futuro que pudiera ver un incremento vertiginoso en las poblaciones de hispanos y asi\u00e1ticos mientras que la poblaci\u00f3n afroamericana y blanca se mantiene estable o disminuye?<a href=\"#_edn13\" name=\"_ednref13\">[13]<\/a> Estas nuevas poblaciones de inmigrantes muy bien pudieran inclinar el equilibrio demogr\u00e1fico y pol\u00edtico en formas nunca so\u00f1adas hasta el d\u00eda de hoy.<\/p>\n<p>La militarizaci\u00f3n de los flujos migratorios comenz\u00f3 en una era anterior al cambio clim\u00e1tico. Hasta este momento, la combinaci\u00f3n de herramientas disponibles a los gobiernos (aplicaci\u00f3n, aceptaci\u00f3n, diplomacia, soborno) apenas se ha mantenido. Pero de hecho habr\u00e1 un ajuste de cuentas en los pr\u00f3ximos a\u00f1os, para lo cual las pol\u00edticas, procedimientos y las actuales pol\u00edticas partidistas no est\u00e1n preparadas en su totalidad.<\/p>\n<p><em>*Alberto M. Fern\u00e1ndez es vicepresidente de MEMRI.<\/em><\/p>\n<hr \/>\n<p><a href=\"#_ednref1\" name=\"_edn1\">[1]<\/a> Theweek.co.uk\/news\/world-news\/europe\/952979\/belarus-dictator-threatens-flood-eu-with-drugs-migrants-avoid-sanctions, 20 de mayo, 2021.<\/p>\n<p><a href=\"#_ednref2\" name=\"_edn2\">[2]<\/a> Hrw.org\/news\/2021\/11\/24\/belarus\/poland-abuse-pushbacks-border#, 24 de noviembre, 2021.<\/p>\n<p><a href=\"#_ednref3\" name=\"_edn3\">[3]<\/a> Annahar.com\/english\/article\/1045737-hezbollah-threatens-europe-with-syrian-refugees, 9 de octubre, 2019.<\/p>\n<p><a href=\"#_ednref4\" name=\"_edn4\">[4]<\/a> Brookings.edu\/blog\/order-from-chaos\/2021\/03\/17\/as-eu-turkey-migration-agreement-reaches-the-five-year-mark-add-a-job-creation-element, 17 de marzo, 2021.<\/p>\n<p><a href=\"#_ednref5\" name=\"_edn5\">[5]<\/a> Quillette.com\/2020\/03\/03\/as-erdogan-weaponizes-turkeys-migrants-greece-pays-the-price, 3 de marzo, 2020.<\/p>\n<p><a href=\"#_ednref6\" name=\"_edn6\">[6]<\/a> Serie Informe Diario de MEMRI No. 280 &#8211; Cuenta regresiva Ceuta: La lucha h\u00edbrida de Marruecos con Espa\u00f1a, 1 de junio, 2021.<\/p>\n<p><a href=\"#_ednref7\" name=\"_edn7\">[7]<\/a> Reuters.com\/world\/europe\/polish-border-guard-reports-more-incidents-belarus-frontier-2021-11-24, 24 de noviembre, 2021.<\/p>\n<p><a href=\"#_ednref8\" name=\"_edn8\">[8]<\/a> Politico.eu\/article\/eu-jected-asylum-economy-afghanistan, 19 de agosto, 2021.<\/p>\n<p><a href=\"#_ednref9\" name=\"_edn9\">[9]<\/a> Elpais.com\/espana\/2020-05-22\/frontex-alerta-de-una-mayor-actividad-de-las-mafias-en-la-migracion-desde-argelia.html, 22 de mayo, 2020.<\/p>\n<p><a href=\"#_ednref10\" name=\"_edn10\">[10]<\/a> Apnews.com\/article\/immigration-business-lifestyle-poland-middle-east-32e3e7ee647ef6c3bdf40f4573c55c0f, 24 de noviembre, 2021.<\/p>\n<p><a href=\"#_ednref11\" name=\"_edn11\">[11]<\/a> Arabyouthsurvey.com\/en\/findings.<\/p>\n<p><a href=\"#_ednref12\" name=\"_edn12\">[12]<\/a> Mei.edu\/publications\/extreme-heat-urgent-climate-impact, 20 de octubre, 2021.<\/p>\n<p><a href=\"#_ednref13\" name=\"_edn13\">[13]<\/a> Americanmind.org\/salvo\/identity-politics-isnt-our-demographic-destiny, 25 de febrero, 2021.<\/p>\n","protected":false},"excerpt":{"rendered":"<p>A veces, las crisis aparecen repentinamente sin dar previo aviso. Pero a veces estas nos lo dicen con mucha anticipaci\u00f3n. En mayo del presente a\u00f1o 2021, a ra\u00edz de una crisis diplom\u00e1tica surgida entre la Uni\u00f3n Europea y Bielorrusia, el dictador Alexander Lukashenko advirti\u00f3 que inundar\u00eda a la Uni\u00f3n Europea de drogas e inmigrantes en [&hellip;]<\/p>\n","protected":false},"author":1,"featured_media":60454,"comment_status":"open","ping_status":"open","sticky":false,"template":"","format":"standard","meta":{"footnotes":""},"categories":[4,8,2],"tags":[],"class_list":["post-60453","post","type-post","status-publish","format-standard","has-post-thumbnail","hentry","category-archivos","category-alertas-especiales","category-featured"],"_links":{"self":[{"href":"https:\/\/www2.memri.org\/espanol\/wp-json\/wp\/v2\/posts\/60453","targetHints":{"allow":["GET"]}}],"collection":[{"href":"https:\/\/www2.memri.org\/espanol\/wp-json\/wp\/v2\/posts"}],"about":[{"href":"https:\/\/www2.memri.org\/espanol\/wp-json\/wp\/v2\/types\/post"}],"author":[{"embeddable":true,"href":"https:\/\/www2.memri.org\/espanol\/wp-json\/wp\/v2\/users\/1"}],"replies":[{"embeddable":true,"href":"https:\/\/www2.memri.org\/espanol\/wp-json\/wp\/v2\/comments?post=60453"}],"version-history":[{"count":0,"href":"https:\/\/www2.memri.org\/espanol\/wp-json\/wp\/v2\/posts\/60453\/revisions"}],"wp:featuredmedia":[{"embeddable":true,"href":"https:\/\/www2.memri.org\/espanol\/wp-json\/wp\/v2\/media\/60454"}],"wp:attachment":[{"href":"https:\/\/www2.memri.org\/espanol\/wp-json\/wp\/v2\/media?parent=60453"}],"wp:term":[{"taxonomy":"category","embeddable":true,"href":"https:\/\/www2.memri.org\/espanol\/wp-json\/wp\/v2\/categories?post=60453"},{"taxonomy":"post_tag","embeddable":true,"href":"https:\/\/www2.memri.org\/espanol\/wp-json\/wp\/v2\/tags?post=60453"}],"curies":[{"name":"wp","href":"https:\/\/api.w.org\/{rel}","templated":true}]}}