{"id":60374,"date":"2021-11-01T13:50:02","date_gmt":"2021-11-01T17:50:02","guid":{"rendered":"https:\/\/www2.memri.org\/espanol\/?p=60374"},"modified":"2021-11-02T13:54:57","modified_gmt":"2021-11-02T17:54:57","slug":"escritor-marroqui-said-nachid-nosotros-padecemos-de-una-enfermedad-espiritual-causada-por-el-islamismo-y-un-discurso-religioso-enfocado-en-la-ira-el-odio-y-el-yihad","status":"publish","type":"post","link":"https:\/\/www2.memri.org\/espanol\/escritor-marroqui-said-nachid-nosotros-padecemos-de-una-enfermedad-espiritual-causada-por-el-islamismo-y-un-discurso-religioso-enfocado-en-la-ira-el-odio-y-el-yihad\/60374","title":{"rendered":"Escritor marroqu\u00ed Said Nachid: Nosotros padecemos de una enfermedad espiritual causada por el islamismo y un discurso religioso enfocado en la ira, el odio y el yihad"},"content":{"rendered":"<p><em>El escritor marroqu\u00ed Said Nachid le dijo al canal de televisi\u00f3n de los Emiratos \u00c1rabes Unidos Sky News Arabia que desde comienzos de la Primavera \u00c1rabe, ha notado una \u00abdesolaci\u00f3n espiritual\u00bb y \u00abenfermedad\u00bb que azota el mundo \u00e1rabe y musulm\u00e1n. Este realizo sus comentarios en una entrevista que fue transmitida el 24 de octubre, 2021. Nachid culp\u00f3 de esto al islam pol\u00edtico y al discurso religioso que, seg\u00fan dijo, hace que la gente se sienta fracasada, iracunda, sienta amargura, inferioridad, culpa, miedo y odio, en lugar de poseer paz mental y equilibrio espiritual. Nachid continu\u00f3 diciendo que como resultado de dicho discurso religioso, que ve al mundo a trav\u00e9s de una lente de guerra y de yihad, la gente no est\u00e1 preparada para lidiar adecuadamente con su naturaleza humana y las emociones negativas que sienten puede que \u00abestallen\u00bb en cualquier momento. Cuando se le pregunt\u00f3 cu\u00e1les son las diferencias entre los musulmanes e islamistas, Nachid dijo que mientras los musulmanes piensan en el para\u00edso, el ser supremo, la salvaci\u00f3n y el auto-an\u00e1lisis, los islamistas piensan en la conquista pol\u00edtica del islam, en sus partidos pol\u00edticos, en los castigos que Al\u00e1 impone y en culpar a otros por sus fracasos.<\/em><\/p>\n<p><strong><em>Para ver el video del escritor marroqu\u00ed Said Nachid en el portal MEMRI TV, <a href=\"https:\/\/www.memri.org\/tv\/moroccan-writer-said-nachid-spiritual-disease-islamism-anger-hatred-jihad\">pulse aqu\u00ed<\/a> o debajo.<\/em><\/strong><\/p>\n<p><iframe src=\"https:\/\/www.memri.org\/player\/clip\/54200\/1\/1\" width=\"960\" height=\"540\" frameborder=\"0\" scrolling=\"NO\" allowfullscreen=\"allowfullscreen\"><\/iframe><\/p>\n<p><strong>Nuestra civilizaci\u00f3n est\u00e1 plagada de \u00abenfermedades que son internas y que luego explotan en la forma de ira, amargura&#8230; odio&#8230; y a trav\u00e9s de maldiciones que escuchamos casi a diario en nuestras mezquitas\u00bb<\/strong><\/p>\n<p><strong>Said Nachid<\/strong>: \u00abCuando observ\u00e9 la trayectoria del terremoto que sol\u00eda llamarse &#8216;La Primavera \u00c1rabe&#8217;, vi que muchos pa\u00edses \u00e1rabes estaban plagados de querellas civiles, vi que estaban siendo infiltrados por el islam pol\u00edtico y vi el estado de desolaci\u00f3n espiritual que comenz\u00f3 a atormentarnos y llegu\u00e9 a la conclusi\u00f3n de que nuestra civilizaci\u00f3n sufre de una especie de enfermedad &#8211; una enfermedad que debe ser tratada.<\/p>\n<p>\u00abNo es suficiente que nuestra civilizaci\u00f3n est\u00e9 derrotada y que sea todo un fracaso &#8211; debido a los sentimientos de fracaso, esta se ha infectado con diversas enfermedades, padecimientos que son internos y luego estallan en forma de ira, amargura y odio y en la manera de maldiciones que escuchamos casi todos los d\u00edas en nuestras mezquitas, me refiero a las maldiciones, el principio isl\u00e1mico de lealtad y de repudio y la extensi\u00f3n de la cultura del odio y de la repugnancia.<\/p>\n<p><img decoding=\"async\" class=\"three-quarter-size-image\" src=\"https:\/\/www.memri.org\/sites\/default\/files\/2021\/11\/m9154.JPG\" alt=\"\" \/><\/p>\n<p>[&#8230;]<\/p>\n<p><strong>\u00abEn lugar de ayudar a la gente a lograr paz mental, tranquilidad y el equilibrio emocional y espiritual, el discurso islamista le inculca en los ciudadanos un conjunto de conceptos que constituyen una bomba de tiempo\u00bb<\/strong><\/p>\n<p>\u00abEl problema radica en el discurso religioso, que no cumple con los objetivos de la religi\u00f3n.<\/p>\n<p><img decoding=\"async\" class=\"three-quarter-size-image\" src=\"https:\/\/www.memri.org\/sites\/default\/files\/2021\/11\/m9154a1.JPG\" alt=\"\" \/><\/p>\n<p>\u00ab\u00bfPor qu\u00e9? Porque en lugar de ayudar a la gente a alcanzar paz mental, tranquilidad y el equilibrio emocional y espiritual, el discurso religioso fomenta sentimientos de inferioridad, emociones negativas, miedo, ira, odio, complejo de culpa, envidia y venganza.<\/p>\n<p><img decoding=\"async\" class=\"three-quarter-size-image\" src=\"https:\/\/www.memri.org\/sites\/default\/files\/2021\/11\/m9154a.JPG\" alt=\"\" \/><\/p>\n<p>[&#8230;]<\/p>\n<p>\u00abAntes de que estalle la contienda en la sociedad, esta crece dentro del individuo. Cuando uno lucha consigo mismo, con su naturaleza humana, cuando uno lucha con sus propios ojos pensando que cometen adulterio, cuando uno lucha consigo mismo y piensa que es un diablo susurr\u00e1ndose a s\u00ed mismo cosas malvadas, cuando uno lucha contra la mujer, pensando que son tentaciones de Satan\u00e1s y dem\u00e1s, cuando uno lucha con todo y escucha estas voces internas toda su vida &#8211; es entonces cuando la lucha interior precede a su estallido en la sociedad. Tenemos ciudadanos que no pueden controlarse a s\u00ed mismos, no controlan sus emociones ni sus deseos. Esta ira puede estallar en cualquier momento y destruirlo todo.<\/p>\n<p>\u00abLuego est\u00e1 el aspecto conceptual. El discurso religioso \u2013 y no la religi\u00f3n en s\u00ed misma &#8211; les inculca a los ciudadanos un conjunto de conceptos que constituye una bomba de tiempo que eventualmente pudiera estallar. Dividen el mundo en una morada de guerra y una morada del islam y lealtad y de desaprobaci\u00f3n, yihad, bot\u00edn de guerra, etc.<\/p>\n<p><img decoding=\"async\" class=\"three-quarter-size-image\" src=\"https:\/\/www.memri.org\/sites\/default\/files\/2021\/11\/m9154b.JPG\" alt=\"\" \/><\/p>\n<p>[&#8230;]<\/p>\n<p>\u00abEl problema es que nuestro discurso religioso le ordena a la gente a que haga lo que estos no pueden hacer. Les ordena que vivan en contradicci\u00f3n con su naturaleza humana y cuando la gente lucha contra su propia naturaleza humana, su naturaleza indudablemente se vengar\u00e1. As\u00ed que podemos ver que la gente que dice ser piadosa se vuelve peor que los demonios en un solo instante\u00bb.<\/p>\n<p>[&#8230;]<\/p>\n<p><strong>\u00abUn musulm\u00e1n sue\u00f1a con el para\u00edso, mientras que un islamista sue\u00f1a con el gobierno pol\u00edtico\u00bb<\/strong><\/p>\n<p><strong>Entrevistador<\/strong>: \u00ab\u00bfCu\u00e1l es la diferencia entre musulmanes e islamistas?<\/p>\n<p><img loading=\"lazy\" decoding=\"async\" class=\"three-quarter-\" src=\"https:\/\/www.memri.org\/sites\/default\/files\/2021\/11\/m9154c.JPG\" alt=\"\" width=\"806\" height=\"452\" \/><\/p>\n<p><strong>Nachid<\/strong>: \u00abUn musulm\u00e1n sue\u00f1a con el para\u00edso, mientras que un islamista sue\u00f1a con el gobierno pol\u00edtico. Un musulm\u00e1n cree que el islam cancela lo que exist\u00eda antes del islam, mientras que un islamista cree que el islam pol\u00edtico cancela lo que exist\u00eda antes de ello. Un musulm\u00e1n se aboca a su Se\u00f1or, mientras que un islamista se aboca hacia su partido pol\u00edtico. Un musulm\u00e1n escudri\u00f1a su propia fe, mientras que un islamista escudri\u00f1a la fe de su vecino. Cuando un musulm\u00e1n no es exitoso, reconsidera sus pasos y su conducta, pero cuando un islamista no tiene \u00e9xito, culpa a otros por su fracaso. Un musulm\u00e1n predica a la gente sobre la salvaci\u00f3n venidera, mientras que un islamista le predica a la gente sobre el castigo de Al\u00e1\u00bb.<\/p>\n<p><img loading=\"lazy\" decoding=\"async\" class=\"three-quarter-\" src=\"https:\/\/www.memri.org\/sites\/default\/files\/2021\/11\/m91566.png\" alt=\"\" width=\"745\" height=\"421\" \/><\/p>\n","protected":false},"excerpt":{"rendered":"<p>El escritor marroqu\u00ed Said Nachid le dijo al canal de televisi\u00f3n de los Emiratos \u00c1rabes Unidos Sky News Arabia que desde comienzos de la Primavera \u00c1rabe, ha notado una \u00abdesolaci\u00f3n espiritual\u00bb y \u00abenfermedad\u00bb que azota el mundo \u00e1rabe y musulm\u00e1n. Este realizo sus comentarios en una entrevista que fue transmitida el 24 de octubre, 2021. [&hellip;]<\/p>\n","protected":false},"author":1,"featured_media":60375,"comment_status":"open","ping_status":"open","sticky":false,"template":"","format":"standard","meta":{"footnotes":""},"categories":[4,6,18,2,29],"tags":[],"class_list":["post-60374","post","type-post","status-publish","format-standard","has-post-thumbnail","hentry","category-archivos","category-comunicados-especiales","category-paises","category-featured","category-africa-del-norte"],"_links":{"self":[{"href":"https:\/\/www2.memri.org\/espanol\/wp-json\/wp\/v2\/posts\/60374","targetHints":{"allow":["GET"]}}],"collection":[{"href":"https:\/\/www2.memri.org\/espanol\/wp-json\/wp\/v2\/posts"}],"about":[{"href":"https:\/\/www2.memri.org\/espanol\/wp-json\/wp\/v2\/types\/post"}],"author":[{"embeddable":true,"href":"https:\/\/www2.memri.org\/espanol\/wp-json\/wp\/v2\/users\/1"}],"replies":[{"embeddable":true,"href":"https:\/\/www2.memri.org\/espanol\/wp-json\/wp\/v2\/comments?post=60374"}],"version-history":[{"count":0,"href":"https:\/\/www2.memri.org\/espanol\/wp-json\/wp\/v2\/posts\/60374\/revisions"}],"wp:featuredmedia":[{"embeddable":true,"href":"https:\/\/www2.memri.org\/espanol\/wp-json\/wp\/v2\/media\/60375"}],"wp:attachment":[{"href":"https:\/\/www2.memri.org\/espanol\/wp-json\/wp\/v2\/media?parent=60374"}],"wp:term":[{"taxonomy":"category","embeddable":true,"href":"https:\/\/www2.memri.org\/espanol\/wp-json\/wp\/v2\/categories?post=60374"},{"taxonomy":"post_tag","embeddable":true,"href":"https:\/\/www2.memri.org\/espanol\/wp-json\/wp\/v2\/tags?post=60374"}],"curies":[{"name":"wp","href":"https:\/\/api.w.org\/{rel}","templated":true}]}}