{"id":6025,"date":"2013-04-12T00:00:00","date_gmt":"2013-04-12T00:00:00","guid":{"rendered":"http:\/\/www2.memri.org\/espanol\/2013\/04\/12\/delegacion-china-visita-parque-tematico-de-hezbola-en-el-libano-y-profesor-universitario-libanes-quien-trabaja-con-la-embajada-estadounidense-y-companias-afiliadas-a-usaid-dice-estamos-muy-satisfech\/"},"modified":"2013-04-12T00:00:00","modified_gmt":"2013-04-12T00:00:00","slug":"delegacion-china-visita-parque-tematico-de-hezbola-en-el-libano-y-profesor-universitario-libanes-quien-trabaja-con-la-embajada-estadounidense-y-companias-afiliadas-a-usaid-dice-estamos-muy-satisfech","status":"publish","type":"post","link":"https:\/\/www2.memri.org\/espanol\/delegacion-china-visita-parque-tematico-de-hezbola-en-el-libano-y-profesor-universitario-libanes-quien-trabaja-con-la-embajada-estadounidense-y-companias-afiliadas-a-usaid-dice-estamos-muy-satisfech\/6025","title":{"rendered":"Delegaci\u00f3n china visita parque tem\u00e1tico de Hezbol\u00e1 en el L\u00edbano y profesor universitario liban\u00e9s quien trabaja con la embajada estadounidense y compa\u00f1\u00edas afiliadas a USAID, dice &#8216;Estamos muy satisfechos con los logros de Hezbol\u00e1&#8230; los felicitamos&#8217;"},"content":{"rendered":"<div class=\"bodytext c7\"><!--Document Body --><\/p>\n<div class=\"bodytext c7\">\n<p class=\"c1\">\n<p><em>A continuaci\u00f3n se presentan extractos de un informe del canal de televisi\u00f3n Al-Manar TV sobre una delegaci\u00f3n china de visita en Lugar Tur\u00edstico de la Resistencia del Hezbol\u00e1, un parque tem\u00e1tico multimedia cercano al pueblo de Mleeta al sur de L\u00edbano.<a name=\"_ednref1\" title=\"\" class=\"c2\" href=\"#_edn1\"><!--[if !supportFootnotes]-->[1]<!--[endif]--><\/a> La delegaci\u00f3n incluy\u00f3 al ex vicecanciller chino Yang Fuchang, quien estuvo acompa\u00f1ado por George Kallas, decano de la Facultad de Informaci\u00f3n y Documentaci\u00f3n de la Universidad del L\u00edbano<a name=\"_ednref2\" title=\"\" class=\"c3\" href=\"#_edn2\"><!--[if !supportFootnotes]-->[2]<!--[endif]--><\/a> (aunque en el video este se identifica como \u00abDecano de Ciencias\u00bb), y Wafa Berry, quien es decano de la Facultad de Letras y Ciencias Humanas de la Universidad del L\u00edbano<a name=\"_ednref3\" title=\"\" class=\"c4\" href=\"#_edn3\"><!--[if !supportFootnotes]-->[3]<!--[endif]--><\/a> (aunque en el video se identifica como \u00abdecano de la Facultad de Ciencias Sociales\u00bb), entre otros.<\/em><\/p>\n<p><em>George Kallas ha estado involucrado en los esfuerzos de la USAID y la Embajada de Estados Unidos en Beirut con el fin de capacitar a j\u00f3venes periodistas en realizar el \u00e1rea de investigaci\u00f3n period\u00edstica. Seg\u00fan un comunicado del portal de la embajada en el 2010, \u00ab[el] material de capacitaci\u00f3n fue desarrollado en coordinaci\u00f3n con la Universidad del L\u00edbano, cuyos profesores tambi\u00e9n incorporar\u00e1n material en futuros cursos de periodismo. Este proyecto de $9.3 millones de USAID forma parte del programa Transparencia y Rendici\u00f3n de Cuentas y Subvenciones&#8230; el funcionario del departamento de Crecimiento Econ\u00f3mico de [USAID en el L\u00edbano\/, Mark] Wilt hizo hincapi\u00e9 en el importante papel que la Universidad del L\u00edbano sigue tomando en este importante campo de estudio\u00bb.<a name=\"_ednref4\" title=\"\" class=\"c5\" href=\"#_edn4\"><!--[if !supportFootnotes]-->[4]<!--[endif]--><\/a><\/em><\/p>\n<p><em>El informe fue presentado el 19 de marzo, 2013.<\/em><\/p>\n<p><em><iframe width=\"404\" height=\"356\" src=\"http:\/\/www.memritv.org\/embedded_player\/index.php?clip_id=3794\" frameborder=\"0\"><\/iframe><\/em><\/p>\n<p><em><a href=\"http:\/\/www.memritv.org\/clip\/en\/0\/0\/0\/0\/0\/0\/3794.htm\">Haga clic aqu\u00ed para ver este video en MEMRI TV<\/a>.<\/em><\/p>\n<p><strong>Reportero<\/strong>: \u00abLa resistencia, habi\u00e9ndose convertido en parte integral de la cultura libanesa, se ha convertido en un tema central en la actividad acad\u00e9mica de la Universidad del L\u00edbano, y como un medio para propagarse por todo el mundo. Decanos y rectores de las distintas facultades se han convertido en soldados en nuestra primera causa nacional, en el marco internacional de &#8216;Comit\u00e9 de Amistad Chino-Liban\u00e9s\u00bb, cuyos miembros libaneses y chinos visitaron uno de los antiguos bastiones del Hezbol\u00e1 en el L\u00edbano.<\/p>\n<p>\u00abEste es el Museo Mleeta para el turismo jihadista en Tuffah, al sur del L\u00edbano. Una delegaci\u00f3n china, encabezada por un ex viceministro de relaciones exteriores de China, y entre ellos muchos profesores y acad\u00e9micos de la Universidad de Beijing, visit\u00f3 el lugar. Estuvieron acompa\u00f1ados por los decanos y rectores de la Universidad del L\u00edbano. Estos fueron recibidos por miembros del liderazgo de Hezbol\u00e1 en el sur de L\u00edbano, y su departamento de informaci\u00f3n\u00bb.<\/p>\n<p><strong>George Kallas, Decano de Ciencias [sic] de la Universidad del L\u00edbano<\/strong>: \u00abVimos que la delegaci\u00f3n china admira todo lo que la resistencia ha logrado. Estamos orgullosos de decir que estamos muy satisfechos con los logros de Hezbol\u00e1, Es por eso que suger\u00ed felicitarlos\u00bb.<\/p>\n<p><strong>Wafa Berry, decano de la Facultad de Ciencias Sociales [sic] de la Universidad del L\u00edbano<\/strong>: \u00abEste es el otro lado del que nuestros j\u00f3venes hombres y mujeres deber\u00edan aprender. Esto tiene que ver con nuestro honor. Por lo tanto, era natural que la intercambio cultural entre China y el L\u00edbano incluyera este lugar\u00bb.<\/p>\n<p><strong>Reportero<\/strong>: \u00abMiembros de la delegaci\u00f3n conjunta china-libanesa visitaron los diferentes monumentos. Comenzaron con esta representaci\u00f3n de la derrota israel\u00ed, recorrieron los diferentes puestos avanzados y los t\u00faneles de Hezbol\u00e1, y eventualmente llegaron al museo del equipo militar capturado\u00bb.<\/p>\n<p><strong>Fuchang Yang, ex ministro chino adjunto de relaciones exteriores<\/strong>: \u00abEstamos muy contentos de visitar esta exposici\u00f3n de la resistencia. En efecto, la resistencia del pueblo liban\u00e9s ha sido valiente. Debemos hacer sacrificios, pero al final, la voluntad de los pueblos libaneses y chinos har\u00e1 victoriosa la resistencia\u00bb&#8230;.]<\/p>\n<p><!--[if !supportEndnotes]--><\/p>\n<hr class=\"c6\" width=\"33%\" size=\"1\" \/><!--[endif]--><\/p>\n<p><a name=\"_edn1\" title=\"\" class=\"c2\" href=\"#_ednref1\"><!--[if !supportFootnotes]-->[1]<!--[endif]--><\/a> Reuters, 11 de agosto, 2010.<\/p>\n<p><a name=\"_edn2\" title=\"\" class=\"c3\" href=\"#_ednref2\"><!--[if !supportFootnotes]-->[2]<!--[endif]--><\/a> <a href=\"http:\/\/www.ul.edu.lb\/faculte\/branches.aspx?facultyid=9\">http:\/\/www.ul.edu.lb\/faculte\/branches.aspx?facultyid=9<\/a><\/p>\n<p><a name=\"_edn3\" title=\"\" class=\"c4\" href=\"#_ednref3\"><!--[if !supportFootnotes]-->[3]<!--[endif]--><\/a> <a href=\"http:\/\/www.ul.edu.lb\/faculte\/people.aspx?facultyId=5\">http:\/\/www.ul.edu.lb\/faculte\/people.aspx?facultyId=5<\/a><\/p>\n<p><a name=\"_edn4\" title=\"\" class=\"c5\" href=\"#_ednref4\"><!--[if !supportFootnotes]-->[4]<!--[endif]--><\/a> <a href=\"http:\/\/lebanon.usembassy.gov\/latest_embassy_news\/press-releases2\/pr041611.html\">http:\/\/lebanon.usembassy.gov\/latest_embassy_news\/press-releases2\/pr041611.html<\/a><\/p>\n<\/div>\n<\/div>\n","protected":false},"excerpt":{"rendered":"<p>A continuaci\u00f3n se presentan extractos de un informe del canal de televisi\u00f3n Al-Manar TV sobre una delegaci\u00f3n china de visita en Lugar Tur\u00edstico de la Resistencia del Hezbol\u00e1, un parque tem\u00e1tico multimedia cercano al pueblo de Mleeta al sur de L\u00edbano.[1] La delegaci\u00f3n incluy\u00f3 al ex vicecanciller chino Yang Fuchang, quien estuvo acompa\u00f1ado por George [&hellip;]<\/p>\n","protected":false},"author":1,"featured_media":0,"comment_status":"open","ping_status":"open","sticky":false,"template":"","format":"standard","meta":{"footnotes":""},"categories":[10,6,27],"tags":[],"class_list":["post-6025","post","type-post","status-publish","format-standard","hentry","category-estudios-sobre-terrorismo-y-yihad","category-comunicados-especiales","category-libano"],"_links":{"self":[{"href":"https:\/\/www2.memri.org\/espanol\/wp-json\/wp\/v2\/posts\/6025","targetHints":{"allow":["GET"]}}],"collection":[{"href":"https:\/\/www2.memri.org\/espanol\/wp-json\/wp\/v2\/posts"}],"about":[{"href":"https:\/\/www2.memri.org\/espanol\/wp-json\/wp\/v2\/types\/post"}],"author":[{"embeddable":true,"href":"https:\/\/www2.memri.org\/espanol\/wp-json\/wp\/v2\/users\/1"}],"replies":[{"embeddable":true,"href":"https:\/\/www2.memri.org\/espanol\/wp-json\/wp\/v2\/comments?post=6025"}],"version-history":[{"count":0,"href":"https:\/\/www2.memri.org\/espanol\/wp-json\/wp\/v2\/posts\/6025\/revisions"}],"wp:attachment":[{"href":"https:\/\/www2.memri.org\/espanol\/wp-json\/wp\/v2\/media?parent=6025"}],"wp:term":[{"taxonomy":"category","embeddable":true,"href":"https:\/\/www2.memri.org\/espanol\/wp-json\/wp\/v2\/categories?post=6025"},{"taxonomy":"post_tag","embeddable":true,"href":"https:\/\/www2.memri.org\/espanol\/wp-json\/wp\/v2\/tags?post=6025"}],"curies":[{"name":"wp","href":"https:\/\/api.w.org\/{rel}","templated":true}]}}