{"id":60189,"date":"2021-09-09T14:24:06","date_gmt":"2021-09-09T18:24:06","guid":{"rendered":"https:\/\/www2.memri.org\/espanol\/?p=60189"},"modified":"2021-09-10T14:30:19","modified_gmt":"2021-09-10T18:30:19","slug":"memri-publica-de-nuevo-las-reacciones-arabes-e-iranies-ante-los-sucesos-del-11-s-cinco-anos-despues-documentales-filmicos-de-memri-que-conmemoran-el-20avo-aniversario-del-11-s","status":"publish","type":"post","link":"https:\/\/www2.memri.org\/espanol\/memri-publica-de-nuevo-las-reacciones-arabes-e-iranies-ante-los-sucesos-del-11-s-cinco-anos-despues-documentales-filmicos-de-memri-que-conmemoran-el-20avo-aniversario-del-11-s\/60189","title":{"rendered":"MEMRI publica de nuevo &#8216;Las reacciones \u00e1rabes e iran\u00edes ante los sucesos del 11-S &#8211; cinco a\u00f1os despu\u00e9s &#8211; documentales f\u00edlmicos de MEMRI&#8217; que conmemoran el 20avo aniversario del 11-S"},"content":{"rendered":"<p><img decoding=\"async\" class=\"three-quarter-size-image\" src=\"https:\/\/www.memri.org\/sites\/default\/files\/2021\/SA1101a.jpg\" alt=\"\" \/><\/p>\n<p><strong>Para visitar el portal del Proyecto Documentaci\u00f3n 11-S en MEMRI, <a href=\"http:\/\/memri.convio.net\/site\/R?i=gQIHrAAJtNx4v4ZLGdxtcA\">pulse aqu\u00ed<\/a>; o si desea ver el portal MEMRI TV, <a href=\"http:\/\/memri.convio.net\/site\/R?i=gZuKMNsMTY_q7raSluRuJQ\">pulse aqu\u00ed<\/a>.<\/strong><\/p>\n<p><strong>Para ver el documental de MEMRI Films \u00abLas reacciones \u00e1rabes e iran\u00edes al 11-S &#8211; cinco a\u00f1os despu\u00e9s\u00bb, <a href=\"http:\/\/memri.convio.net\/site\/R?i=nHgshg3csOL9lNifisPNQhY-_kyCOxoxWa9N8aF6oI7XBCeEzw2t7g\">pulse aqu\u00ed<\/a>.<\/strong><\/p>\n<p>Para conmemorar el 20avo aniversario de los ataques el 11 de Septiembre, 2001 el Instituto de Medios de Comunicaci\u00f3n del Medio Oriente (MEMRI) relanz\u00f3 el documental del 11-S <a href=\"http:\/\/www.memrifilms.org\/\">\u00abLas reacciones \u00e1rabes e iran\u00edes al 11-S &#8211; cinco a\u00f1os despu\u00e9s\u00bb<\/a>, que incorpora im\u00e1genes de varias estaciones de televisi\u00f3n y de sat\u00e9lite en el Medio Oriente.<\/p>\n<p>Este documental sobre las reacciones de los medios de comunicaci\u00f3n \u00e1rabes e iran\u00edes ante los ataques del 11-S fue publicado por primera vez en el a\u00f1o 2006, con el fin de conmemorar el 5to aniversario de los ataques. Este documental est\u00e1 narrado por el actor, director y productor ganador del premio Tony Ron Silver, quien falleci\u00f3 en el a\u00f1o 2009.<\/p>\n<p>Estando los talibanes recientemente en control de Afganist\u00e1n, el resurgimiento a la amenaza de Al-Qaeda y la nueva base potencial de operaciones para los grupos yihadistas en la regi\u00f3n, la pel\u00edcula sigue siendo altamente relevante en la actualidad. Alentamos a que vea el documental por su importancia duradera &#8211; usted puede ver el video en su totalidad <a href=\"http:\/\/www.memrifilms.org\/\">pulsando aqu\u00ed<\/a>.<\/p>\n<p>Este documental es parte del <a href=\"https:\/\/www.memri.org\/subjects\/911-documentation-project\">Proyecto Documentaci\u00f3n 11-S<\/a> en MEMRI, el cual fue lanzado en conmemoraci\u00f3n al d\u00e9cimo aniversario de los sucesos del 11-S con el fin de archivar todas las traducciones, an\u00e1lisis y segmentos de video de MEMRI sobre los ataques y sus consecuencias. El contenido incluye un examen en profundidad de las ra\u00edces de la ideolog\u00eda y otros de factores que finalmente condujeron a los ataques junto al material, tomados de fuente primaria de los medios de comunicaci\u00f3n impresos, televisivos y en la red \u00e1rabes e isl\u00e1micos y de otras fuentes; de Al-Qaeda y filiales adem\u00e1s del EIIS, incluyendo discursos, entrevistas, testamentos y declaraciones, as\u00ed como tambi\u00e9n material para ser utilizado en reclutamientos, divulgaci\u00f3n y en adoctrinamientos.<\/p>\n<p>El Proyecto Documentaci\u00f3n 11-S en MEMRI mantiene la colecci\u00f3n m\u00e1s extensa de material sobre este temas junto a los diferentes temas relacionados a estos sucesos en el mundo.<\/p>\n<p><strong><em>Visite el portal MEMRI.org para ver y conocer el <a href=\"https:\/\/www.memri.org\/subjects\/911-documentation-project\">Proyecto Documentaci\u00f3n 11-S<\/a> en MEMRI y el <a href=\"https:\/\/www.memri.org\/tv\/subjects\/911-documentation-project\">Proyecto Documentaci\u00f3n 11-S<\/a> del portal MEMRI TV<\/em><\/strong><\/p>\n<p>&nbsp;<\/p>\n<p><img decoding=\"async\" class=\"half-size-image\" src=\"https:\/\/www.memri.org\/sites\/default\/files\/2021\/SA1101_0.jpg\" alt=\"\" \/><\/p>\n<p><img decoding=\"async\" class=\"half-size-image\" src=\"https:\/\/www.memri.org\/sites\/default\/files\/2021\/SA11011.jpg\" alt=\"\" \/><\/p>\n<p><img decoding=\"async\" class=\"half-size-image\" src=\"https:\/\/www.memri.org\/sites\/default\/files\/2021\/SA11012_0.jpg\" alt=\"\" \/><\/p>\n<p><img decoding=\"async\" class=\"half-size-image\" src=\"https:\/\/www.memri.org\/sites\/default\/files\/2021\/SA11013_0.jpg\" alt=\"\" \/><\/p>\n<p><img decoding=\"async\" class=\"half-size-image\" src=\"https:\/\/www.memri.org\/sites\/default\/files\/2021\/SA11014_0.jpg\" alt=\"\" \/><\/p>\n<p><img decoding=\"async\" class=\"half-size-image\" src=\"https:\/\/www.memri.org\/sites\/default\/files\/2021\/SA11015.jpg\" alt=\"\" \/><\/p>\n<p><img decoding=\"async\" class=\"half-size-image\" src=\"https:\/\/www.memri.org\/sites\/default\/files\/2021\/SA11016_0.jpg\" alt=\"\" \/><\/p>\n<p><img decoding=\"async\" class=\"half-size-image\" src=\"https:\/\/www.memri.org\/sites\/default\/files\/2021\/SA11017_0.jpg\" alt=\"\" \/><\/p>\n<p><img decoding=\"async\" class=\"half-size-image\" src=\"https:\/\/www.memri.org\/sites\/default\/files\/2021\/SA11018_0.jpg\" alt=\"\" \/><\/p>\n<p><img decoding=\"async\" class=\"half-size-image\" src=\"https:\/\/www.memri.org\/sites\/default\/files\/2021\/SA11019_0.jpg\" alt=\"\" \/><\/p>\n<p><img decoding=\"async\" class=\"half-size-image\" src=\"https:\/\/www.memri.org\/sites\/default\/files\/2021\/SA110110.jpg\" alt=\"\" \/><\/p>\n<p><img decoding=\"async\" class=\"half-size-image\" src=\"https:\/\/www.memri.org\/sites\/default\/files\/2021\/SA110111_0.jpg\" alt=\"\" \/><\/p>\n<p><img decoding=\"async\" class=\"half-size-image\" src=\"https:\/\/www.memri.org\/sites\/default\/files\/2021\/SA110112.jpg\" alt=\"\" \/><\/p>\n<p><img decoding=\"async\" class=\"half-size-image\" src=\"https:\/\/www.memri.org\/sites\/default\/files\/2021\/SA110113_0.jpg\" alt=\"\" \/><\/p>\n<p><img decoding=\"async\" class=\"half-size-image\" src=\"https:\/\/www.memri.org\/sites\/default\/files\/2021\/SA110114_0.jpg\" alt=\"\" \/><\/p>\n<p><img decoding=\"async\" class=\"half-size-image\" src=\"https:\/\/www.memri.org\/sites\/default\/files\/2021\/SA110115_0.jpg\" alt=\"\" \/><\/p>\n<p>\u200b\u200b\u200b\u200b\u200b\u200b<img decoding=\"async\" class=\"half-size-image\" src=\"https:\/\/www.memri.org\/sites\/default\/files\/2021\/SA110116_0.jpg\" alt=\"\" \/><\/p>\n<p><img decoding=\"async\" class=\"half-size-image\" src=\"https:\/\/www.memri.org\/sites\/default\/files\/2021\/SA110117_0.jpg\" alt=\"\" \/><\/p>\n<p><img decoding=\"async\" class=\"half-size-image\" src=\"https:\/\/www.memri.org\/sites\/default\/files\/2021\/SA110118_0.jpg\" alt=\"\" \/><\/p>\n<p><img decoding=\"async\" class=\"half-size-image\" src=\"https:\/\/www.memri.org\/sites\/default\/files\/2021\/SA110119_0.jpg\" alt=\"\" \/><\/p>\n<p><img decoding=\"async\" class=\"half-size-image\" src=\"https:\/\/www.memri.org\/sites\/default\/files\/2021\/SA1101b.jpg\" alt=\"\" \/><\/p>\n<p><img decoding=\"async\" class=\"three-quarter-size-image\" src=\"https:\/\/www.memri.org\/sites\/default\/files\/2021\/SA110118a.JPG\" alt=\"\" \/><\/p>\n<p><img decoding=\"async\" class=\"three-quarter-size-image\" src=\"https:\/\/www.memri.org\/sites\/default\/files\/2021\/SA1101c.JPG\" alt=\"\" \/><\/p>\n<p>Para ver el documental de MEMRI Films \u00abLas reacciones \u00e1rabes e iran\u00edes a los sucesos del 11-S &#8211; cinco a\u00f1os despu\u00e9s\u00bb, <a href=\"http:\/\/memri.convio.net\/site\/R?i=nHgshg3csOL9lNifisPNQhY-_kyCOxoxWa9N8aF6oI7XBCeEzw2t7g\">pulse aqu\u00ed<\/a>.<\/p>\n","protected":false},"excerpt":{"rendered":"<p>Para visitar el portal del Proyecto Documentaci\u00f3n 11-S en MEMRI, pulse aqu\u00ed; o si desea ver el portal MEMRI TV, pulse aqu\u00ed. Para ver el documental de MEMRI Films \u00abLas reacciones \u00e1rabes e iran\u00edes al 11-S &#8211; cinco a\u00f1os despu\u00e9s\u00bb, pulse aqu\u00ed. Para conmemorar el 20avo aniversario de los ataques el 11 de Septiembre, 2001 [&hellip;]<\/p>\n","protected":false},"author":1,"featured_media":60190,"comment_status":"open","ping_status":"open","sticky":false,"template":"","format":"standard","meta":{"footnotes":""},"categories":[4,7,2],"tags":[],"class_list":["post-60189","post","type-post","status-publish","format-standard","has-post-thumbnail","hentry","category-archivos","category-reportes-especiales","category-featured"],"_links":{"self":[{"href":"https:\/\/www2.memri.org\/espanol\/wp-json\/wp\/v2\/posts\/60189","targetHints":{"allow":["GET"]}}],"collection":[{"href":"https:\/\/www2.memri.org\/espanol\/wp-json\/wp\/v2\/posts"}],"about":[{"href":"https:\/\/www2.memri.org\/espanol\/wp-json\/wp\/v2\/types\/post"}],"author":[{"embeddable":true,"href":"https:\/\/www2.memri.org\/espanol\/wp-json\/wp\/v2\/users\/1"}],"replies":[{"embeddable":true,"href":"https:\/\/www2.memri.org\/espanol\/wp-json\/wp\/v2\/comments?post=60189"}],"version-history":[{"count":0,"href":"https:\/\/www2.memri.org\/espanol\/wp-json\/wp\/v2\/posts\/60189\/revisions"}],"wp:featuredmedia":[{"embeddable":true,"href":"https:\/\/www2.memri.org\/espanol\/wp-json\/wp\/v2\/media\/60190"}],"wp:attachment":[{"href":"https:\/\/www2.memri.org\/espanol\/wp-json\/wp\/v2\/media?parent=60189"}],"wp:term":[{"taxonomy":"category","embeddable":true,"href":"https:\/\/www2.memri.org\/espanol\/wp-json\/wp\/v2\/categories?post=60189"},{"taxonomy":"post_tag","embeddable":true,"href":"https:\/\/www2.memri.org\/espanol\/wp-json\/wp\/v2\/tags?post=60189"}],"curies":[{"name":"wp","href":"https:\/\/api.w.org\/{rel}","templated":true}]}}