{"id":60163,"date":"2021-09-02T13:59:28","date_gmt":"2021-09-02T17:59:28","guid":{"rendered":"https:\/\/www2.memri.org\/espanol\/?p=60163"},"modified":"2021-09-03T14:03:10","modified_gmt":"2021-09-03T18:03:10","slug":"periodista-saudita-lideres-de-hezbola-y-de-hamas-son-terroristas-que-deberian-ser-procesados-y-ejecutados","status":"publish","type":"post","link":"https:\/\/www2.memri.org\/espanol\/periodista-saudita-lideres-de-hezbola-y-de-hamas-son-terroristas-que-deberian-ser-procesados-y-ejecutados\/60163","title":{"rendered":"Periodista saudita: L\u00edderes de Hezbol\u00e1 y de Ham\u00e1s son terroristas que deber\u00edan ser procesados y ejecutados"},"content":{"rendered":"<p><em>En un art\u00edculo publicado el 14 de julio, 2021 en el diario saudita Al-Watan, el periodista Khalid Al-&#8216;Owijan critic\u00f3 a las organizaciones del as\u00ed llamado \u00abeje de la resistencia\u00bb, especialmente a los grupos de Hezbol\u00e1 y Ham\u00e1s. Estas organizaciones, dijo, blanden la consigna de \u00abliberar Jerusal\u00e9n\u00bb y otras consignas vac\u00edas, pero en la pr\u00e1ctica solo le sirven a Ir\u00e1n y a su agenda y lo \u00fanico que hacen es perjudicar a la causa palestina rest\u00e1ndole m\u00e9rito a su centralidad en el mundo musulm\u00e1n. Este agreg\u00f3 que dichas organizaciones terroristas solo traen cat\u00e1strofes a sus pa\u00edses, pueblos y naciones. En el L\u00edbano, por ejemplo, Hezbol\u00e1 provoc\u00f3 una devastadora guerra contra Israel que cost\u00f3 miles de vidas y en Palestina, Ham\u00e1s adopt\u00f3 el m\u00e9todo de los atentados suicidas con total desprecio por la vida humana y entr\u00f3 en una guerra imprudente y desesperada contra Israel.<\/em><\/p>\n<p><em>&#8216;Owijan llam\u00f3 a actuar sin dudar para enjuiciar e incluso ejecutar a los l\u00edderes \u00abterroristas\u00bb del eje de la resistencia, tales como el secretario general de Hezbol\u00e1 Hassan Nasrallah, al l\u00edder de Ham\u00e1s Isma&#8217;il Haniya y al l\u00edder houtie &#8216;Abd Al-Malik Al-Houthi.<\/em><\/p>\n<figure style=\"width: 660px\" class=\"wp-caption alignnone\"><img loading=\"lazy\" decoding=\"async\" class=\"half-size-image\" src=\"https:\/\/www.memri.org\/sites\/default\/files\/2021\/SD9534.jpg\" alt=\"Khaled Al-Awijan (Fuente: Alwatan.com.sa)\" width=\"660\" height=\"770\" \/><figcaption class=\"wp-caption-text\">Khaled Al-Awijan (Fuente: Alwatan.com.sa)<\/figcaption><\/figure>\n<p><em>Lo siguiente son extractos traducidos de su art\u00edculo:<\/em><a href=\"#_edn1\" name=\"_ednref1\">[1]<\/a><\/p>\n<p>\u00abLos l\u00edderes de la banda que se autodenomina &#8216;la coalici\u00f3n por la liberaci\u00f3n de Jerusal\u00e9n&#8217; no pertenecen a las gloriosas p\u00e1ginas de la historia&#8230; Esta banda monopoliz\u00f3 esta consigna para despojarle a la naci\u00f3n musulmana de su causa principal, es decir la causa palestina. Es muy dif\u00edcil aceptar la situaci\u00f3n en la que peri\u00f3dicamente esta pandilla provoca al inmensamente poderoso Israel solo para reforzar su falsa consigna, la cual es acogida por entidades pol\u00edticas sectarias que cuentan con el apoyo popular de gente sencilla e ignorante.<\/p>\n<p>\u00abDurante decenas de a\u00f1os, el eje de la resistencia ha participado en muchas guerras con el bando israel\u00ed y lo \u00fanico que ha hecho es traer la destrucci\u00f3n a pa\u00edses tales como el L\u00edbano, Palestina y Siria, as\u00ed como tambi\u00e9n a partes de Irak&#8230; Hezbol\u00e1 cre\u00f3 una crisis artificial frente a los israel\u00edes secuestrando a dos soldados del ej\u00e9rcito de Israel y de esta manera provoc\u00f3 la guerra de julio, 2006 que caus\u00f3 la muerte de 1.000 libaneses y la destrucci\u00f3n de una gran cantidad de infraestructuras en algunas partes del L\u00edbano. Esta fue una guerra injustificada que reflej\u00f3 la arrogancia del llamado &#8216;eje de la resistencia&#8217; y el terrorismo por el cual el l\u00edder de Hezbol\u00e1 Hassan Nasrallah se alimenta y que utiliza para posicionarse como el l\u00edder pol\u00edtico que toma decisiones no solo en el L\u00edbano. Las cosas han llegado al punto en que la influencia y el control de Nasrallah se extienden hacia la Franja de Gaza, que est\u00e1 fuera del control de las autoridades palestinas oficiales es decir, de la Autoridad Palestina.<\/p>\n<p>\u00abEl movimiento Ham\u00e1s no es menos terrorista que Hezbol\u00e1. Es un movimiento fundamentalista que surgi\u00f3 del vientre de la organizaci\u00f3n terrorista llamada la Hermandad Musulmana y que un d\u00eda adopt\u00f3 el m\u00e9todo de los atentados suicidas, sin atribuirle la m\u00e1s m\u00ednima importancia a la vida humana. Este es un movimiento que arroja una ret\u00f3rica grandilocuente sobre la liberaci\u00f3n de su tierra de manos del ocupante y que recientemente en el enfrentamiento de mayo, 2021 con Israel actu\u00f3 de manera imprudente, promoviendo sus &#8216;cohetes de cart\u00f3n&#8217; a trav\u00e9s de un grupo de medios de comunicaci\u00f3n que se alimenta del extremismo sectario, de sembrar discordia y de perjudicar el manto pan\u00e1rabe. Importados por Ham\u00e1s de la rep\u00fablica iran\u00ed, estos cohetes ni siquiera cumplen con los est\u00e1ndares de una guerra o conflicto no-estrat\u00e9gico, o de una pelea callejera o una pelea entre chicos.<\/p>\n<p>\u00abLa reciente guerra, que Ham\u00e1s llam\u00f3 &#8216;Operaci\u00f3n Espada de Jerusal\u00e9n&#8217;, demuestra la bancarrota de este movimiento, que refuerza y ??comercializa el plan iran\u00ed sin tener en cuenta el hecho de que este mismo plan busca aislar al derrotado pueblo palestino de su entorno \u00e1rabe&#8230;<\/p>\n<p>\u00abLo que han hecho los l\u00edderes de estas facciones miserables, extremistas e in\u00fatiles requiere volver a examinar sus profundamente arraigadas inclinaciones, detener todo apoyo a estos y lo que es m\u00e1s importante, avanzar en un plan para enjuiciar a esta banda ante los tribunales internacionales, los cuales son conocidos por su honestidad. Debido a que miles de personas han muerto por sus acciones y extremismo y existe evidencia hist\u00f3rica para demostrarlo&#8230;<\/p>\n<p>\u00abLos valores genuinamente humanos dictan que la guillotina de la historia y el pat\u00edbulo sean el destino final de estos l\u00edderes, que durante a\u00f1os se han estado alimentando de la sangre de gente inocente y desarmada, causando lesiones y muerte y produciendo hu\u00e9rfanos, basados ??en consignas falsas dirigidas principalmente para obtenerles popularidad y apoyo de las masas&#8230; y en falsas promesas que estos nunca podr\u00e1n cumplir.<\/p>\n<p>\u00abLa realidad prueba que&#8230; Hassan Nasrallah en el L\u00edbano, los l\u00edderes de Ham\u00e1s Isma&#8217;il Haniya y Khaled Mash&#8217;al en la secuestrada Franja de Gaza, la rata &#8216;Abd Al-Malik Al-Houthi escondido en las monta\u00f1as de Yemen y varios criminales en Irak no son menos malvados que el l\u00edder de Al-Qaeda Osama bin Laden, quien se esforz\u00f3 por lastimar al mundo y fue asesinado por una unidad de Marines estadounidenses\u2026 Lo mismo ocurre con Saddam Hussein, quien se auto-proclam\u00f3 l\u00edder de la naci\u00f3n y eventualmente fue ubicado dentro de un agujero en un terru\u00f1o; Mu&#8217;ammar Qadhafi, quien se hac\u00eda llamar el rey de reyes de \u00c1frica y fue descubierto en un canal de desag\u00fce de aguas residuales y el presidente yemen\u00ed &#8216;Ali&#8217; Abdallah Saleh, quien tuvo un final humillante en el vag\u00f3n de un tren de carga, tras describirse a s\u00ed mismo como alguien que baila sobre las cabezas de las serpientes. A pesar de todo su poder, autoridad, influencia, opresi\u00f3n y crueldad, Al\u00e1 conden\u00f3 a todas estas personas a ser humilladas por sus malas acciones\u2026 Los dem\u00e1s seguramente correr\u00e1n el mismo destino, incluso si estos destinos se retrasan por un tiempo.<\/p>\n<p>\u00abPor lo tanto, todos aquellos considerados por si mismos honorables deben actuar sin dudar con el prop\u00f3sito de enjuiciar a estos terroristas&#8230; Estos deben apegarse al camino de la justicia por el bien de la sangre de los inocentes y llevar a juicio a estos terroristas&#8230; ya que estos est\u00e1n destinados a la guillotina y a convertirse en cenizas de la historia\u00bb.<\/p>\n<hr \/>\n<p><a href=\"#_ednref1\" name=\"_edn1\">[1]<\/a> Alwatan.com.sa, 14 de julio, 2021.<\/p>\n","protected":false},"excerpt":{"rendered":"<p>En un art\u00edculo publicado el 14 de julio, 2021 en el diario saudita Al-Watan, el periodista Khalid Al-&#8216;Owijan critic\u00f3 a las organizaciones del as\u00ed llamado \u00abeje de la resistencia\u00bb, especialmente a los grupos de Hezbol\u00e1 y Ham\u00e1s. Estas organizaciones, dijo, blanden la consigna de \u00abliberar Jerusal\u00e9n\u00bb y otras consignas vac\u00edas, pero en la pr\u00e1ctica solo [&hellip;]<\/p>\n","protected":false},"author":1,"featured_media":60164,"comment_status":"open","ping_status":"open","sticky":false,"template":"","format":"standard","meta":{"footnotes":""},"categories":[4,6,18,2,23,25,27],"tags":[],"class_list":["post-60163","post","type-post","status-publish","format-standard","has-post-thumbnail","hentry","category-archivos","category-comunicados-especiales","category-paises","category-featured","category-autoridad-palestina","category-arabia-saudita","category-libano"],"_links":{"self":[{"href":"https:\/\/www2.memri.org\/espanol\/wp-json\/wp\/v2\/posts\/60163","targetHints":{"allow":["GET"]}}],"collection":[{"href":"https:\/\/www2.memri.org\/espanol\/wp-json\/wp\/v2\/posts"}],"about":[{"href":"https:\/\/www2.memri.org\/espanol\/wp-json\/wp\/v2\/types\/post"}],"author":[{"embeddable":true,"href":"https:\/\/www2.memri.org\/espanol\/wp-json\/wp\/v2\/users\/1"}],"replies":[{"embeddable":true,"href":"https:\/\/www2.memri.org\/espanol\/wp-json\/wp\/v2\/comments?post=60163"}],"version-history":[{"count":0,"href":"https:\/\/www2.memri.org\/espanol\/wp-json\/wp\/v2\/posts\/60163\/revisions"}],"wp:featuredmedia":[{"embeddable":true,"href":"https:\/\/www2.memri.org\/espanol\/wp-json\/wp\/v2\/media\/60164"}],"wp:attachment":[{"href":"https:\/\/www2.memri.org\/espanol\/wp-json\/wp\/v2\/media?parent=60163"}],"wp:term":[{"taxonomy":"category","embeddable":true,"href":"https:\/\/www2.memri.org\/espanol\/wp-json\/wp\/v2\/categories?post=60163"},{"taxonomy":"post_tag","embeddable":true,"href":"https:\/\/www2.memri.org\/espanol\/wp-json\/wp\/v2\/tags?post=60163"}],"curies":[{"name":"wp","href":"https:\/\/api.w.org\/{rel}","templated":true}]}}