{"id":60147,"date":"2021-08-30T13:55:58","date_gmt":"2021-08-30T17:55:58","guid":{"rendered":"https:\/\/www2.memri.org\/espanol\/?p=60147"},"modified":"2021-08-31T14:01:00","modified_gmt":"2021-08-31T18:01:00","slug":"vocero-de-los-talibanes-afganos-zabihullah-mujahid-en-referencia-a-la-organizacion-de-los-talibanes-en-pakistan-ttp-depende-de-pakistan-y-de-los-ulemas-pakistanies-y-de-las-personalidades-religiosa","status":"publish","type":"post","link":"https:\/\/www2.memri.org\/espanol\/vocero-de-los-talibanes-afganos-zabihullah-mujahid-en-referencia-a-la-organizacion-de-los-talibanes-en-pakistan-ttp-depende-de-pakistan-y-de-los-ulemas-pakistanies-y-de-las-personalidades-religiosa\/60147","title":{"rendered":"Vocero de los talibanes afganos Zabihullah Mujahid en referencia a la organizaci\u00f3n de los talibanes en Pakist\u00e1n TTP: &#8216;Depende de Pakist\u00e1n y de los ulemas pakistan\u00edes y de las personalidades religiosas&#8230; decidir sobre la legitimidad o ilegitimidad de su guerra&#8217;"},"content":{"rendered":"<p><strong><em>El siguiente informe es ahora complemento sin costo alguno del Proyecto Supervisi\u00f3n a la Amenaza Terrorista y Yihad de MEMRI (PSATY). Para informaci\u00f3n sobre como suscribirse al PSATY, <a href=\"http:\/\/memri.convio.net\/site\/R?i=PQobEC-q_wnDACiAsnoCdA\">pulse aqu\u00ed<\/a>.<\/em><\/strong><\/p>\n<p><em>En un programa de televisi\u00f3n paquistan\u00ed, el vocero de los talibanes afganos Zabihullah Mujahid ha dicho que no corresponde al Emirato Isl\u00e1mico de Afganist\u00e1n (la organizaci\u00f3n de los talibanes afganos que tom\u00f3 el poder en Kabul el d\u00eda 15 de agosto) decidir sobre la legitimidad del grupo Talib\u00e1n paquistan\u00ed Tehreek-e-Taliban Pakistan (TTP).<\/em><\/p>\n<figure style=\"width: 903px\" class=\"wp-caption alignnone\"><img loading=\"lazy\" decoding=\"async\" class=\"half-size-image\" src=\"https:\/\/www.memri.org\/sites\/default\/files\/2021\/09\/sd9523.jpg\" alt=\"Zabihullah Mujahid (a la derecha) junto al periodista Saleem Safi\" width=\"903\" height=\"434\" \/><figcaption class=\"wp-caption-text\">Zabihullah Mujahid (a la derecha) junto al periodista Saleem Safi<\/figcaption><\/figure>\n<p>El grupo TTP, o el Movimiento de los talibanes paquistan\u00edes, se encuentra activo en la regi\u00f3n fronteriza entre Pakist\u00e1n y Afganist\u00e1n. Este grupo contin\u00faa llevando a cabo ataques terroristas contra las fuerzas de seguridad paquistan\u00edes en la regi\u00f3n tribal pakistan\u00ed, mientras se cree que sus combatientes est\u00e1n ubicados ??a ambos lados de la frontera.<\/p>\n<p>A excepci\u00f3n del Estado Isl\u00e1mico (EIIS), todos los grupos yihadistas m\u00e1s importantes, como los son las filiales de Al-Qaeda y el grupo TTP, han prestado juramento de lealtad al emir del Emirato Isl\u00e1mico de Afganist\u00e1n, la organizaci\u00f3n de los talibanes afganos. A Zabihullah Mujahid se le pregunt\u00f3 si los nuevos gobernantes talibanes afganos hablar\u00e1n con los l\u00edderes del grupo TTP y los convencer\u00e1n de que dejen de atacar a Pakist\u00e1n.<\/p>\n<p>\u00abEl tema del grupo TTP es uno con el que Pakist\u00e1n tendr\u00e1 que lidiar y no Afganist\u00e1n. Depende de Pakist\u00e1n y de los ulema (acad\u00e9micos isl\u00e1micos) pakistan\u00edes y personalidades religiosas y no de los talibanes afganos, decidir sobre la legitimidad o ilegitimidad de su guerra y formular una estrategia en respuesta\u00bb, dijo Zabihullah Mujahid al periodista Saleem Safi en su programa de televisi\u00f3n \u00abJirga\u00bb.<\/p>\n<p>La declaraci\u00f3n del vocero de los talibanes afganos se produce en medio de expectativas en Pakist\u00e1n de que el Emirato Isl\u00e1mico no permitir\u00e1 que el grupo TTP se refugie en Afganist\u00e1n, una tarea muy dif\u00edcil de realizar dada la naturaleza monta\u00f1osa de las provincias afganas. En el programa de televisi\u00f3n, Zabihullah Mujahid tambi\u00e9n respondi\u00f3 a una serie de preguntas sobre el proceso de formaci\u00f3n del gobierno en Kabul.<\/p>\n<p>Fuente: <em>The News<\/em> (Pakist\u00e1n), 29 de agosto, 2021.<\/p>\n","protected":false},"excerpt":{"rendered":"<p>El siguiente informe es ahora complemento sin costo alguno del Proyecto Supervisi\u00f3n a la Amenaza Terrorista y Yihad de MEMRI (PSATY). Para informaci\u00f3n sobre como suscribirse al PSATY, pulse aqu\u00ed. En un programa de televisi\u00f3n paquistan\u00ed, el vocero de los talibanes afganos Zabihullah Mujahid ha dicho que no corresponde al Emirato Isl\u00e1mico de Afganist\u00e1n (la [&hellip;]<\/p>\n","protected":false},"author":1,"featured_media":60148,"comment_status":"open","ping_status":"open","sticky":false,"template":"","format":"standard","meta":{"footnotes":""},"categories":[4,10,6,9,2],"tags":[],"class_list":["post-60147","post","type-post","status-publish","format-standard","has-post-thumbnail","hentry","category-archivos","category-estudios-sobre-terrorismo-y-yihad","category-comunicados-especiales","category-temas","category-featured"],"_links":{"self":[{"href":"https:\/\/www2.memri.org\/espanol\/wp-json\/wp\/v2\/posts\/60147","targetHints":{"allow":["GET"]}}],"collection":[{"href":"https:\/\/www2.memri.org\/espanol\/wp-json\/wp\/v2\/posts"}],"about":[{"href":"https:\/\/www2.memri.org\/espanol\/wp-json\/wp\/v2\/types\/post"}],"author":[{"embeddable":true,"href":"https:\/\/www2.memri.org\/espanol\/wp-json\/wp\/v2\/users\/1"}],"replies":[{"embeddable":true,"href":"https:\/\/www2.memri.org\/espanol\/wp-json\/wp\/v2\/comments?post=60147"}],"version-history":[{"count":0,"href":"https:\/\/www2.memri.org\/espanol\/wp-json\/wp\/v2\/posts\/60147\/revisions"}],"wp:featuredmedia":[{"embeddable":true,"href":"https:\/\/www2.memri.org\/espanol\/wp-json\/wp\/v2\/media\/60148"}],"wp:attachment":[{"href":"https:\/\/www2.memri.org\/espanol\/wp-json\/wp\/v2\/media?parent=60147"}],"wp:term":[{"taxonomy":"category","embeddable":true,"href":"https:\/\/www2.memri.org\/espanol\/wp-json\/wp\/v2\/categories?post=60147"},{"taxonomy":"post_tag","embeddable":true,"href":"https:\/\/www2.memri.org\/espanol\/wp-json\/wp\/v2\/tags?post=60147"}],"curies":[{"name":"wp","href":"https:\/\/api.w.org\/{rel}","templated":true}]}}