{"id":60006,"date":"2021-07-30T17:33:56","date_gmt":"2021-07-30T21:33:56","guid":{"rendered":"http:\/\/www2.memri.org\/espanol\/?p=60006"},"modified":"2021-08-02T17:44:58","modified_gmt":"2021-08-02T21:44:58","slug":"resumen-del-fin-de-semana-del-proyecto-supervision-a-la-amenaza-terrorista-y-yihad-psaty-semana-del-24-de-julio-31-de-julio-2021","status":"publish","type":"post","link":"https:\/\/www2.memri.org\/espanol\/resumen-del-fin-de-semana-del-proyecto-supervision-a-la-amenaza-terrorista-y-yihad-psaty-semana-del-24-de-julio-31-de-julio-2021\/60006","title":{"rendered":"Resumen del fin de semana del Proyecto Supervisi\u00f3n a la Amenaza Terrorista y Yihad (PSATY) &#8211; Semana del 24 de julio &#8211; 31 de julio, 2021"},"content":{"rendered":"<p><em>Lo siguiente son algunos de los informes de esta semana del Proyecto Supervisi\u00f3n a la Amenaza Terrorista y Yihad (PSATY) en MEMRI, que traduce y analiza el contenido de fuentes monitoreadas y supervisadas las 24 horas del d\u00eda, 7 d\u00edas a la semana, entre estos los portales y blogs yihadistas m\u00e1s importantes. (Para ver estos informes en su totalidad, usted debe ser miembro del PSATY; para obtener informaci\u00f3n sobre c\u00f3mo obtener la membrec\u00eda, env\u00ede un correo electr\u00f3nico a la siguiente direcci\u00f3n <a href=\"mailto:jttmsubs@memri.org\">jttmsubs@memri.org<\/a> junto al texto \u00abMembership &#8211; Membrec\u00eda\u00bb en el p\u00e1rrafo del tema).<\/em><\/p>\n<p><strong><em>Nota a los medios de comunicaci\u00f3n y del gobierno: Para obtener una copia completa de estos informes, env\u00ede un correo electr\u00f3nico con el t\u00edtulo del informe en la l\u00ednea del tema a la siguiente direcci\u00f3n: <a href=\"mailto:media@memri.org#_blank\">media@memri.org<\/a>. Por favor incluya su nombre, t\u00edtulo y organizaci\u00f3n a la que pertenece en su correo electr\u00f3nico.<\/em><\/strong><\/p>\n<p><strong>EXCLUSIVO: La retirada de los Estados Unidos de Afganist\u00e1n reaviva a principales yihadistas a seguir el modelo de los talibanes: Percepci\u00f3n en la narrativa de los cl\u00e9rigos yihadistas salafistas y de las milicias chiitas<\/strong><\/p>\n<p>Por: S. A. Ali*<\/p>\n<p><img loading=\"lazy\" decoding=\"async\" class=\"\" src=\"https:\/\/www.memri.org\/sites\/default\/files\/2021\/jttmweekly072921.jpg\" width=\"704\" height=\"445\" \/><\/p>\n<p>La decisi\u00f3n tomada por los Estados Unidos de retirarse de Afganist\u00e1n en septiembre del presente a\u00f1o 2021 evoca una narrativa victoriosa entre los cl\u00e9rigos salafistas-yihadistas y en algunos militantes chiitas en Irak.<\/p>\n<p><strong>EXCLUSIVO: Autor pro-Al-Qaeda acusa a Netflix de difundir &#8216;inmoralidad, homosexualidad y pedofilia&#8217; entre los j\u00f3venes musulmanes<\/strong><\/p>\n<p><img decoding=\"async\" class=\"half-size-image\" src=\"https:\/\/www.memri.org\/sites\/default\/files\/2021\/jttmweekly0729211.jpg\" alt=\"\" \/><\/p>\n<p>El 25 de julio, 2021 un medio de comunicaci\u00f3n pro-Al-Qaeda public\u00f3 un art\u00edculo acusando a la empresa Netflix de promover una \u00abdecadencia moral\u00bb entre las comunidades musulmanas y en particular entre los j\u00f3venes.<\/p>\n<p><strong>EXCLUSIVO: Cl\u00e9rigo yihadista sirio independiente: Si las fuerzas turcas permanecen en Afganist\u00e1n, se pagar\u00e1 muy caro por esto, incluyendo un enfrentamiento militar con los talibanes<\/strong><\/p>\n<p><img decoding=\"async\" class=\"half-size-image\" src=\"https:\/\/www.memri.org\/sites\/default\/files\/2021\/jttmweekly0729212.jpg\" alt=\"\" \/><\/p>\n<p>El 15 de julio, 2021 un art\u00edculo escrito por un cl\u00e9rigo yihadista sirio independiente apareci\u00f3 en una publicaci\u00f3n mensual de un grupo de cl\u00e9rigos yihadistas independientes en Idlib, Siria.<\/p>\n<p><strong>EXCLUSIVO: Medio de comunicaci\u00f3n pro-Al-Qaeda da a conocer video de las principales operaciones realizadas desde el a\u00f1o 1991 y enfatizan a los Estados Unidos: Al-Qaeda es capaz de confrontarlos<\/strong><\/p>\n<p><img loading=\"lazy\" decoding=\"async\" class=\"half-\" src=\"https:\/\/www.memri.org\/sites\/default\/files\/2021\/jttmweekly0729213.jpg\" alt=\"\" width=\"695\" height=\"456\" \/><\/p>\n<p>El 27 de julio, 2021 un medio de comunicaci\u00f3n pro-Al-Qaeda, public\u00f3 en la aplicaci\u00f3n Telegram un video de cinco minutos de duraci\u00f3n titulado: \u00abAs\u00ed como ustedes amenazan nuestra seguridad, nosotros amenazamos la suya\u00bb.<\/p>\n<p><strong>Editorial del EIIS alaba y justifica ataque suicida contra ciudadanos chiitas en Bagdad y dice que el ataque &#8216;destroz\u00f3&#8217; la esperanza estadounidense de estabilizar Irak<\/strong><\/p>\n<p><img decoding=\"async\" class=\"half-size-image\" src=\"https:\/\/www.memri.org\/sites\/default\/files\/2021\/jttmweekly0729214.jpg\" alt=\"\" \/><\/p>\n<p>El 22 de julio, 2021 el Estado Isl\u00e1mico (EIIS) public\u00f3 su edici\u00f3n semanal de su diario, que incluy\u00f3 un editorial elogiando el ataque suicida perpetrado el 19 de julio, 2021 contra ciudadanos chiitas en un suburbio de Bagdad.<\/p>\n<p><strong>El EIIS informa que captur\u00f3 a un soldado y a tres civiles, incluyendo a empleados del gobierno y a un cristiano, en la zona noreste de Nigeria<\/strong><\/p>\n<p><img decoding=\"async\" class=\"half-size-image\" src=\"https:\/\/www.memri.org\/sites\/default\/files\/2021\/jttmweekly0729215.jpg\" alt=\"\" \/><\/p>\n<p>El 25 de julio, 2021 el Estado Isl\u00e1mico (EIIS) inform\u00f3 que el d\u00eda anterior sus agentes tendieron una emboscada utilizando un \u00abbloqueo temporal de las carreteras\u00bb en el estado de Borno en Nigeria.<\/p>\n<p><strong>El EIIS confirma el asesinato de 15 civiles cristianos en el Congo<\/strong><\/p>\n<p><img decoding=\"async\" class=\"half-size-image\" src=\"https:\/\/www.memri.org\/sites\/default\/files\/2021\/jttmweekly0729216.jpg\" alt=\"\" \/><\/p>\n<p>El 23 de julio, 2021 el grupo Provincia \u00c1frica Central del Estado Isl\u00e1mico (EIIS) inform\u00f3 que el d\u00eda anterior sus agentes atacaron un autob\u00fas que transportaba a \u00abincr\u00e9dulos cristianos\u00bb cerca de la ciudad de Beni en la Rep\u00fablica Democr\u00e1tica del Congo.<\/p>\n<p><strong>Art\u00edculo principal de la edici\u00f3n No. 18 de la revista del EIIS <em>&#8216;Sawt Al-Hind&#8217;<\/em> acusa a los talibanes afganos de abandonar el yihad y dice: &#8216;Los talibanes no pueden ser tildados de vencedores en la perspectiva isl\u00e1mica porque han traicionado a Al\u00e1&#8230; aceptando las demandas del <em>kafir<\/em> Estados Unidos&#8217;<\/strong><\/p>\n<p><img decoding=\"async\" class=\"half-size-image\" src=\"https:\/\/www.memri.org\/sites\/default\/files\/2021\/jttmweekly0729217.jpg\" alt=\"\" \/><\/p>\n<p>En un art\u00edculo principal sobre Afganist\u00e1n, el \u00faltimo n\u00famero de la revista en ingl\u00e9s del EIIS <em>Sawt Al-Hind<\/em> (\u00abLa Voz de India\u00bb) acusa a los l\u00edderes talibanes afganos de abandonar el significado original del yihad.<\/p>\n<p><strong>Conjunto de fotograf\u00edas del EIIS muestra a agentes en Irak celebrando las festividades de Eid preparando platos tradicionales iraqu\u00edes<\/strong><\/p>\n<p><img decoding=\"async\" class=\"half-size-image\" src=\"https:\/\/www.memri.org\/sites\/default\/files\/2021\/jttmweekly0729218.jpg\" alt=\"\" \/><\/p>\n<p>El 22 de julio, 2021 el Estado Isl\u00e1mico (EIIS) public\u00f3 un conjunto de fotograf\u00edas que documentan la vida diaria de sus agentes en Irak y su celebraci\u00f3n por la festividad de Eid Al-Adha.<\/p>\n<p><strong>El EIIS documenta celebraciones de las festividades bajo el mandato del \u00abcalifato\u00bb en Nigeria; y pide a los musulmanes que emigren al territorio controlado por el EIIS<\/strong><\/p>\n<p><img decoding=\"async\" class=\"half-size-image\" src=\"https:\/\/www.memri.org\/sites\/default\/files\/2021\/jttmweekly0729219.jpg\" alt=\"\" \/><\/p>\n<p>El 24 de julio, 2021 el grupo Provincia \u00c1frica Occidental del Estado Isl\u00e1mico (EIIS) (ISWAP\/siglas en ingl\u00e9s) public\u00f3 un video de 17 minutos de duraci\u00f3n celebrando la festividad de Eid Al-Adha, titulado \u00abLa festividad de la matanza\u00bb.<\/p>\n<p><strong>El EIIS publica fotograf\u00edas de una celda peque\u00f1a en el Sina\u00ed egipcio observando la celebraci\u00f3n de la festividad de Eid Al-Adha<\/strong><\/p>\n<p><img decoding=\"async\" class=\"half-size-image\" src=\"https:\/\/www.memri.org\/sites\/default\/files\/2021\/jttmweekly07292110.jpg\" alt=\"\" \/><\/p>\n<p>El 22 de julio, 2021 el Estado Isl\u00e1mico (EIIS) public\u00f3 un conjunto de fotograf\u00edas que documentan la vida cotidiana de sus agentes del grupo Wilayat Sina&#8217;, o Provincia Sina\u00ed, en un lugar no revelado en el Sina\u00ed egipcio durante las festividades de Eid Al-Adha.<\/p>\n<p><strong>Ataque del EIIS contra soldados jordanos e israel\u00edes fue frustrado por las fuerzas de seguridad jordanas a comienzos del a\u00f1o 2021<\/strong><\/p>\n<p><img decoding=\"async\" class=\"half-size-image\" src=\"https:\/\/www.memri.org\/sites\/default\/files\/2021\/jttmweekly07292111.jpg\" alt=\"\" \/><\/p>\n<p>El 27 de julio, 2021 un diario del gobierno jordano inform\u00f3 que durante el mes de febrero, 2021 la Direcci\u00f3n General del Servicio de Inteligencia de Jordania frustr\u00f3 un plan a realizar por cuatro partidarios del Estado Isl\u00e1mico (EIIS) y de perpetrar un ataque a tiros contra soldados jordanos e israel\u00edes.<\/p>\n<p><strong>Medio de comunicaci\u00f3n en seguridad cibern\u00e9tica pro-EIIS: Bitcoin no es una criptomoneda segura; Monero si es una criptomoneda mucho m\u00e1s segura<\/strong><\/p>\n<p><img decoding=\"async\" class=\"half-size-image\" src=\"https:\/\/www.memri.org\/sites\/default\/files\/2021\/jttmweekly07292112.jpg\" alt=\"\" \/><\/p>\n<p>El 27 de julio, 2021 un medio de comunicaci\u00f3n pro-Estado Isl\u00e1mico (EIIS) public\u00f3 la primera parte de una serie destinada a instruir a sus partidarios en el uso seguro de las criptomonedas.<\/p>\n<p><strong>En Facebook, due\u00f1o de un arma partidario del EIIS en los Estados Unidos considera elogiar a Osama bin Laden y al cl\u00e9rigo jamaiquino pro-EIIS el jeque Faisal<\/strong><\/p>\n<p><img decoding=\"async\" class=\"half-size-image\" src=\"https:\/\/www.memri.org\/sites\/default\/files\/2021\/jttmweekly07292113.jpg\" alt=\"\" \/><\/p>\n<p>Un partidario del Estado Isl\u00e1mico (EIIS) en los Estados Unidos elogia a cl\u00e9rigos y a figuras yihadistas en Facebook, incluyendo a Osama bin Laden, el difunto l\u00edder estadounidense-yemenita de Al-Qaeda Anwar Al-&#8216;Awlaki y el cl\u00e9rigo jamaiquino pro-EIIS el jeque Faisal.<\/p>\n<p><strong>Redes sociales yihadistas &#8211; Revisi\u00f3n de cuenta: Partidario del EIIS quien afirma estar en India, parte de una gran red de partidarios en Facebook<\/strong><\/p>\n<p><img decoding=\"async\" class=\"half-size-image\" src=\"https:\/\/www.memri.org\/sites\/default\/files\/2021\/jttmweekly07292114.jpg\" alt=\"\" \/><\/p>\n<p>Un usuario en Facebook es miembro de una gran red de partidarios del EIIS, la mayor\u00eda de los cuales parecen tener su sede en el territorio hind\u00fa de Jammu y Cachemira. La cuenta comparte de forma p\u00fablica lo dado a conocer en ingl\u00e9s lo cual apoya expl\u00edcitamente al EIIS.<\/p>\n<p><strong>En videos que documentan apariciones p\u00fablicas, el l\u00edder del grupo Hay&#8217;at Tahrir Al-Sham (HTS) Al-Joulani, indica su apoyo a combatientes extranjeros y jura defender el territorio junto a advertir contra dependencia de Turqu\u00eda<\/strong><\/p>\n<p><img decoding=\"async\" class=\"half-size-image\" src=\"https:\/\/www.memri.org\/sites\/default\/files\/2021\/jttmweekly07292115.jpg\" alt=\"\" \/><\/p>\n<p>En el transcurso de la reciente festividad de Eid Al-Adha, que en Siria comenz\u00f3 el 20 de julio, 2021 y continu\u00f3 hasta el 23 de julio, Abu Muhammad Al-Joulani, l\u00edder del grupo yihadista sirio Hay&#8217;at Tahrir Al-Sham (HTS), hizo varias apariciones p\u00fablicas en el \u00e1rea de Idlib la cual se encuentra controlada por grupos rebeldes.<\/p>\n<p><strong>Filial siria de Al-Qaeda publica conferencia de audio en archivo de un funcionario religioso nacido en Arabia Saudita retenido por el grupo Hay&#8217;at Tahrir Al-Sham (HTS)<\/strong><\/p>\n<p><img decoding=\"async\" class=\"half-size-image\" src=\"https:\/\/www.memri.org\/sites\/default\/files\/2021\/jttmweekly07292116.jpg\" alt=\"\" \/><\/p>\n<p>El 20 de julio, 2021 el medio de comunicaci\u00f3n oficial de la filial siria de Al-Qaeda Hurras Al-Din, public\u00f3 un video de 13 minutos de duraci\u00f3n con una grabaci\u00f3n de audio de un alto funcionario religioso del grupo, quien ha sido encarcelado por el grupo yihadista rival Hay&#8217;at Tahrir Al-Sham (HTS).<\/p>\n<p><strong>Revista de Al-Qaeda en idioma urdu: &#8216;El yihad ha sido obligatorio para todos&#8230; desde el d\u00eda en que las fuerzas de Fernando e Isabel entraron en la Andaluc\u00eda musulmana&#8217;<\/strong><\/p>\n<p><img decoding=\"async\" class=\"half-size-image\" src=\"https:\/\/www.memri.org\/sites\/default\/files\/2021\/jttmweekly07292117.jpg\" alt=\"\" \/><\/p>\n<p>Al-Qaeda en el Subcontinente Hind\u00fa (AQSH) ha publicado la \u00faltima edici\u00f3n de su revista mensual en urdu, instando a los musulmanes a emprender la yihad y delineando una visi\u00f3n del yihadismo global.<\/p>\n<p><strong>Al-Qaeda en Mali confirma ocho operaciones contra las fuerzas de Mal\u00ed, las Naciones Unidas y Francia<\/strong><\/p>\n<p><img decoding=\"async\" class=\"half-size-image\" src=\"https:\/\/www.memri.org\/sites\/default\/files\/2021\/jttmweekly07292118.jpg\" alt=\"\" \/><\/p>\n<p>El 25 de julio, 2021 el brazo de medios de comunicaci\u00f3n la filial de Al-Qaeda en Mali, Jama&#8217;at Nusrat Al-Islam Wal-Muslimeen (Grupo de Apoyo al Islam y los Musulmanes &#8211; GAIM), emiti\u00f3 una declaraci\u00f3n en \u00e1rabe e ingl\u00e9s en la que se responsabilizaba de ocho operaciones perpetradas en Mal\u00ed.<\/p>\n<p><strong>Al-Qaeda en Mali promueve represi\u00f3n continua contra el crimen local<\/strong><\/p>\n<p><img decoding=\"async\" class=\"half-size-image\" src=\"https:\/\/www.memri.org\/sites\/default\/files\/2021\/jttmweekly07292119.jpg\" alt=\"\" \/><\/p>\n<p>El 26 de julio, 2021 el brazo de medios de comunicaci\u00f3n de la filial de Al-Qaeda en Mali, Jama&#8217;at Nusrat Al-Islam Wal-Muslimeen (Grupo de Apoyo al Islam y los Musulmanes &#8211; GAIM), public\u00f3 un documento sobre una operaci\u00f3n de seguridad en curso iniciada por el organizaci\u00f3n.<\/p>\n<p><strong>Medios de comunicaci\u00f3n de Al-Qaeda en la Pen\u00ednsula Ar\u00e1biga (AQPA) realizan ceremonia de luto por tres combatientes en nuevo comunicado<\/strong><\/p>\n<p><img decoding=\"async\" class=\"half-size-image\" src=\"https:\/\/www.memri.org\/sites\/default\/files\/2021\/jttmweekly07292120.jpg\" alt=\"\" \/><\/p>\n<p>El 25 de julio, 2021 el brazo de medios de comunicaci\u00f3n de Al-Qaeda en la Pen\u00ednsula Ar\u00e1biga (AQPA) elogi\u00f3 a tres de sus combatientes al publicar un nuevo reportaje fotogr\u00e1fico.<\/p>\n<p><strong>Medio de comunicaci\u00f3n pro-Al-Qaeda publica art\u00edculo que acusa a la Hermandad Musulmana de empoderar a los &#8216;tiranos&#8217; en Egipto, Sud\u00e1n, Turqu\u00eda y en T\u00fanez<\/strong><\/p>\n<p><img decoding=\"async\" class=\"half-size-image\" src=\"https:\/\/www.memri.org\/sites\/default\/files\/2021\/jttmweekly07292121.jpg\" alt=\"\" \/><\/p>\n<p>El 26 de julio, 2021 un medio de comunicaci\u00f3n pro-Al-Qaeda, public\u00f3 un art\u00edculo acusando a la Hermandad Musulmana de empoderar repetidamente a los \u00abtiranos\u00bb en los pa\u00edses musulmanes.<\/p>\n<p><strong>Canal vinculado a un predicador yihadista en los Estados Unidos en la aplicaci\u00f3n Telegram respalda las publicaciones de Instagram que instan a los musulmanes a hacer la h\u00e9gira y librar el yihad<\/strong><\/p>\n<p><img decoding=\"async\" class=\"half-size-image\" src=\"https:\/\/www.memri.org\/sites\/default\/files\/2021\/jttmweekly07292122.jpg\" alt=\"\" \/><\/p>\n<p>El 22 de julio, 2021 un canal afiliado a un cl\u00e9rigo yihadista en los Estados Unidos en la aplicaci\u00f3n Telegram respald\u00f3 una publicaci\u00f3n de Instagram en la que condenaba a los musulmanes que ponen excusas y buscan justificativos religiosos para evitar hacer la <em>hijrah<\/em> (migrar) y participar en librar el yihad.<\/p>\n<p><strong>Elogiando a los talibanes afganos por llenar r\u00e1pidamente el vac\u00edo dejado por la retirada estadounidense, ide\u00f3logo yihadista critica a grupos pol\u00edticos isl\u00e1micos por no mantener una cultura yihadista entre sus l\u00edderes<\/strong><\/p>\n<p><img decoding=\"async\" class=\"half-size-image\" src=\"https:\/\/www.memri.org\/sites\/default\/files\/2021\/jttmweekly07292123.jpg\" alt=\"\" \/><\/p>\n<p>El 26 de julio, 2021 un ide\u00f3logo salafista yihadista en Jordania public\u00f3 un documento en el que expresaba su admiraci\u00f3n por los talibanes afganos, por lo que describi\u00f3 como su \u00e9xito en llenar el vac\u00edo dejado por la retirada de las fuerzas estadounidenses de Afganist\u00e1n.<\/p>\n<p><strong>En adelanto a la visita del primer ministro iraqu\u00ed a los Estados Unidos, las milicias chiitas en Irak amenazan con intensificar sus ataques contra las fuerzas estadounidenses y de la OTAN<\/strong><\/p>\n<p><img decoding=\"async\" class=\"half-size-image\" src=\"https:\/\/www.memri.org\/sites\/default\/files\/2021\/jttmweekly07292124.jpg\" alt=\"\" \/><\/p>\n<p>El 26 de julio, 2021 el primer ministro iraqu\u00ed Mustafa Al-Kadhimi ten\u00eda previsto reunirse con el presidente estadounidense Joe Biden en Washington para discutir, entre otras cosas, la presencia del ej\u00e9rcito estadounidense en su pa\u00eds.<\/p>\n<p><strong>En la aplicaci\u00f3n Telegram, milicias respaldadas por Ir\u00e1n afirman que Estados Unidos o Israel lanzaron ataques utilizando drones contra dep\u00f3sito de municiones de las UMP en Najaf<\/strong><\/p>\n<p><img decoding=\"async\" class=\"half-size-image\" src=\"https:\/\/www.memri.org\/sites\/default\/files\/2021\/jttmweekly07292125.jpg\" alt=\"\" \/><\/p>\n<p>El 26 de julio, 2021 un canal afiliado al grupo Katai&#8217;b Hezbol\u00e1 en Irak en la aplicaci\u00f3n Telegram comparti\u00f3 una declaraci\u00f3n emitida por una milicia respaldada por Ir\u00e1n que afirmaba que un dron \u00abhostil\u00bb tuvo como objetivo su dep\u00f3sito de municiones en Irak.<\/p>\n<p><strong>Nuevo grupo afiliado a las milicias respaldadas por Ir\u00e1n en Irak se responsabiliza por el ataque perpetrado con drones contra las fuerzas estadounidenses en Erbil<\/strong><\/p>\n<p><img decoding=\"async\" class=\"half-size-image\" src=\"https:\/\/www.memri.org\/sites\/default\/files\/2021\/jttmweekly07292126.jpg\" alt=\"\" \/><\/p>\n<p>El 23 de julio, 2021 una base militar fue atacada en la regi\u00f3n de Kurdist\u00e1n al norte de Irak. El Coronel Wayne Marotto, portavoz de la Coalici\u00f3n Global para derrotar al EIIS, inform\u00f3 que el ataque tuvo lugar a las 01:23 y que \u00abno hubo v\u00edctimas ni da\u00f1os como resultado del ataque\u00bb.<\/p>\n<p><strong>Yemen: Campamentos de verano Houtie contin\u00faan educando el odio contra los Estados Unidos e Israel<\/strong><\/p>\n<p><img decoding=\"async\" class=\"half-size-image\" src=\"https:\/\/www.memri.org\/sites\/default\/files\/2021\/jttmweekly07292127.jpg\" alt=\"\" \/><\/p>\n<p>El 23 de mayo, 2021 fueron abiertos campamentos para chicos descritos como \u00abcampamentos de verano\u00bb, patrocinados por el ministerio de la Juventud y Deportes operados y por los houties, en \u00e1reas de Yemen controladas por los houties bajo el lema \u00abConocimiento y yihad\u00bb.<\/p>\n<p><strong>Portavoz de los talibanes afganos: &#8216;Queremos ver a Turqu\u00eda como Turqu\u00eda y no como parte de la OTAN&#8217;<\/strong><\/p>\n<p><img decoding=\"async\" class=\"half-size-image\" src=\"https:\/\/www.memri.org\/sites\/default\/files\/2021\/jttmweekly07292128.jpg\" alt=\"\" \/><\/p>\n<p><strong><em>El siguiente informe es ahora complemento sin costo alguno del Proyecto Supervisi\u00f3n a la Amenaza Terrorista y Yihad de MEMRI (PSATY). Para informaci\u00f3n sobre como suscribirse al PSATY, pulse aqu\u00ed.<\/em><\/strong><\/p>\n<p>Mientras los combatientes yihadistas de los talibanes afganos toman el control de decenas de distritos en diferentes regiones de Afganist\u00e1n, su portavoz Zabihullah Mujahid ha concedido varias entrevistas en las \u00faltimas semanas.<\/p>\n<p><strong>Emir talib\u00e1n afgano saluda a los afganos en la festividad de Eid Al-Adha y dice respecto a los grupos afganos: \u00abSi aceptan nuestra demanda de un sistema isl\u00e1mico puro, nosotros tambi\u00e9n aceptaremos todos sus derechos\u00bb<\/strong><\/p>\n<p><img decoding=\"async\" class=\"half-size-image\" src=\"https:\/\/www.memri.org\/sites\/default\/files\/2021\/jttmweekly07292129.jpg\" alt=\"\" \/><\/p>\n<p>El emir del Emirato Isl\u00e1mico de Afganist\u00e1n (la organizaci\u00f3n de los talibanes afganos) ha saludado a los afganos con motivo de la celebraci\u00f3n de Eid Al-Adha, la festividad anual de sacrificio de tres d\u00edas que comienza en el 2021 el d\u00eda 20 de julio o el 21 de julio, dependiendo de los avistamientos de la luna en diferentes pa\u00edses de mayor\u00eda musulmana.<\/p>\n<p><strong>En la edici\u00f3n de julio, 2021 de la revista &#8216;<em>Shariat<\/em>&#8216;, un portavoz de los talibanes afganos dice lo siguiente: &#8216;El yihad est\u00e1 siendo librado por el logro de una aspiraci\u00f3n sagrada (gobierno isl\u00e1mico)&#8217;<\/strong><\/p>\n<p><img decoding=\"async\" class=\"half-size-image\" src=\"https:\/\/www.memri.org\/sites\/default\/files\/2021\/jttmweekly07292130_0.jpg\" alt=\"\" \/><\/p>\n<p>El Emirato Isl\u00e1mico de Afganist\u00e1n (la organizaci\u00f3n yihadista de los talibanes), cuyos combatientes han tomado el control de decenas de distritos en Afganist\u00e1n tras la retirada de las fuerzas estadounidenses, ha publicado el \u00faltimo n\u00famero de su revista mensual en urdu Shariat.<\/p>\n<p><strong>En video, comandante talib\u00e1n se re\u00fane con chiitas en Afganist\u00e1n y los insta a renunciar a sus trabajos en el gobierno y unirse al emirato isl\u00e1mico<\/strong><\/p>\n<p><img decoding=\"async\" class=\"half-size-image\" src=\"https:\/\/www.memri.org\/sites\/default\/files\/2021\/jttmweekly07292131.jpg\" alt=\"\" \/><\/p>\n<p>Mientras las fuerzas del Emirato Isl\u00e1mico de Afganist\u00e1n (la organizaci\u00f3n de los talibanes afganos) han capturado alrededor de 100 distritos en Afganist\u00e1n en los \u00faltimos d\u00edas, un video publicado en YouTube muestra a un comandante talib\u00e1n reuni\u00e9ndose con musulmanes chiitas.<\/p>\n<p><strong>Portavoz de los talibanes afganos condena ataques a\u00e9reos estadounidenses y dice: &#8216;En el pr\u00f3ximo per\u00edodo de seis meses, la responsabilidad de todos los desarrollos militares recaer\u00e1 sobre los l\u00edderes de la administraci\u00f3n de Kabul&#8217;<\/strong><\/p>\n<p><img decoding=\"async\" class=\"half-size-image\" src=\"https:\/\/www.memri.org\/sites\/default\/files\/2021\/jttmweekly07292132.jpg\" alt=\"\" \/><\/p>\n<p>En declaraci\u00f3n, el portavoz del Emirato Isl\u00e1mico de Afganist\u00e1n (la organizaci\u00f3n de los talibanes afganos) conden\u00f3 los recientes ataques a\u00e9reos estadounidenses en Afganist\u00e1n llevados a cabo en apoyo de las fuerzas de seguridad afganas.<\/p>\n","protected":false},"excerpt":{"rendered":"<p>Lo siguiente son algunos de los informes de esta semana del Proyecto Supervisi\u00f3n a la Amenaza Terrorista y Yihad (PSATY) en MEMRI, que traduce y analiza el contenido de fuentes monitoreadas y supervisadas las 24 horas del d\u00eda, 7 d\u00edas a la semana, entre estos los portales y blogs yihadistas m\u00e1s importantes. (Para ver estos [&hellip;]<\/p>\n","protected":false},"author":1,"featured_media":60007,"comment_status":"open","ping_status":"open","sticky":false,"template":"","format":"standard","meta":{"footnotes":""},"categories":[4,10,9,7,2],"tags":[],"class_list":["post-60006","post","type-post","status-publish","format-standard","has-post-thumbnail","hentry","category-archivos","category-estudios-sobre-terrorismo-y-yihad","category-temas","category-reportes-especiales","category-featured"],"_links":{"self":[{"href":"https:\/\/www2.memri.org\/espanol\/wp-json\/wp\/v2\/posts\/60006","targetHints":{"allow":["GET"]}}],"collection":[{"href":"https:\/\/www2.memri.org\/espanol\/wp-json\/wp\/v2\/posts"}],"about":[{"href":"https:\/\/www2.memri.org\/espanol\/wp-json\/wp\/v2\/types\/post"}],"author":[{"embeddable":true,"href":"https:\/\/www2.memri.org\/espanol\/wp-json\/wp\/v2\/users\/1"}],"replies":[{"embeddable":true,"href":"https:\/\/www2.memri.org\/espanol\/wp-json\/wp\/v2\/comments?post=60006"}],"version-history":[{"count":0,"href":"https:\/\/www2.memri.org\/espanol\/wp-json\/wp\/v2\/posts\/60006\/revisions"}],"wp:featuredmedia":[{"embeddable":true,"href":"https:\/\/www2.memri.org\/espanol\/wp-json\/wp\/v2\/media\/60007"}],"wp:attachment":[{"href":"https:\/\/www2.memri.org\/espanol\/wp-json\/wp\/v2\/media?parent=60006"}],"wp:term":[{"taxonomy":"category","embeddable":true,"href":"https:\/\/www2.memri.org\/espanol\/wp-json\/wp\/v2\/categories?post=60006"},{"taxonomy":"post_tag","embeddable":true,"href":"https:\/\/www2.memri.org\/espanol\/wp-json\/wp\/v2\/tags?post=60006"}],"curies":[{"name":"wp","href":"https:\/\/api.w.org\/{rel}","templated":true}]}}