{"id":59944,"date":"2021-07-15T13:53:56","date_gmt":"2021-07-15T17:53:56","guid":{"rendered":"https:\/\/www2.memri.org\/espanol\/?p=59944"},"modified":"2021-07-19T14:03:43","modified_gmt":"2021-07-19T18:03:43","slug":"resumen-del-fin-de-semana-del-proyecto-supervision-a-la-amenaza-terrorista-y-yihad-psaty-semana-del-10-de-julio-17-de-julio-2021","status":"publish","type":"post","link":"https:\/\/www2.memri.org\/espanol\/resumen-del-fin-de-semana-del-proyecto-supervision-a-la-amenaza-terrorista-y-yihad-psaty-semana-del-10-de-julio-17-de-julio-2021\/59944","title":{"rendered":"Resumen del fin de semana del Proyecto Supervisi\u00f3n a la Amenaza Terrorista y Yihad (PSATY) &#8211; Semana del 10 de julio &#8211; 17 de julio, 2021"},"content":{"rendered":"<p><em>Lo siguiente son algunos de los informes de esta semana del Proyecto Supervisi\u00f3n a la Amenaza Terrorista y Yihad (PSATY) en MEMRI, que traduce y analiza el contenido de fuentes monitoreadas y supervisadas las 24 horas del d\u00eda, 7 d\u00edas a la semana, entre estos los portales y blogs yihadistas m\u00e1s importantes. (Para ver estos informes en su totalidad, usted debe ser miembro del PSATY; para obtener informaci\u00f3n sobre c\u00f3mo obtener la membrec\u00eda, env\u00ede un correo electr\u00f3nico a la siguiente direcci\u00f3n jttmsubs@memri.org junto al texto \u00abMembership &#8211; Membrec\u00eda\u00bb en el p\u00e1rrafo del tema).<\/em><\/p>\n<p><strong><em>Nota a los medios de comunicaci\u00f3n y del gobierno: Para obtener una copia completa de estos informes, env\u00ede un correo electr\u00f3nico con el t\u00edtulo del informe en la l\u00ednea del tema a la siguiente direcci\u00f3n: media@memri.org. Por favor incluya su nombre, t\u00edtulo y organizaci\u00f3n a la que pertenece en su correo electr\u00f3nico.<\/em><\/strong><\/p>\n<p><strong>EXCLUSIVO: La raz\u00f3n del porque el EIIS denomin\u00f3 el Ramad\u00e1n como el mes del yihad<\/strong><\/p>\n<p>Por: S. Benjamin<\/p>\n<p><img loading=\"lazy\" decoding=\"async\" class=\"\" src=\"https:\/\/www.memri.org\/sites\/default\/files\/2021\/jttmweekly071621.jpg\" width=\"876\" height=\"493\" \/><\/p>\n<p>Si bien el mes sagrado del Ramad\u00e1n es de innegable importancia en la ideolog\u00eda salafista-yihadista y estando arraigado en el Cor\u00e1n y en la tradici\u00f3n musulmana, el Estado Isl\u00e1mico (EIIS) ha llegado a poner especial \u00e9nfasis en el mes, tal como lo evidencia la producci\u00f3n de los medios de comunicaci\u00f3n del grupo.<\/p>\n<p><strong>EXCLUSIVO: ide\u00f3logo salafista-yihadista: la propuesta hecha por Turqu\u00eda de mantener las tropas en Afganist\u00e1n est\u00e1 influenciada por una &#8216;falsa visi\u00f3n estadounidense&#8217; y los lazos \u00e9tnicos con los uzbecos afgan<\/strong>os<\/p>\n<p><img decoding=\"async\" class=\"half-size-image\" src=\"https:\/\/www.memri.org\/sites\/default\/files\/2021\/jttmweekly0716211.jpg\" alt=\"\" \/><\/p>\n<p>El 13 de julio, 2021 los talibanes emitieron un comunicado comentando la propuesta hecha por Turqu\u00eda de dejar estacionadas unas 500 tropas en el Aeropuerto Internacional Hamid Karzai en Kabul con el fin de asegurar misiones diplom\u00e1ticas extranjeras luego que se marchen las fuerzas restantes de la OTAN.<\/p>\n<p><strong>EXCLUSIVO: Editorial del semanario del EIIS Al-Naba: La preocupaci\u00f3n de Europa por la presencia del EIIS en \u00c1frica est\u00e1 justificada; nos dirigimos a Roma<\/strong><\/p>\n<p><img decoding=\"async\" class=\"half-size-image\" src=\"https:\/\/www.memri.org\/sites\/default\/files\/2021\/jttmweekly0716212.jpg\" alt=\"\" \/><\/p>\n<p>El semanario del EIIS Al-Naba, publicado el 8 de julio, 2021 se\u00f1ala la reuni\u00f3n de cancilleres de la Coalici\u00f3n Global para Derrotar al EIIS, celebrada en Roma el 28 de junio, la cual se centr\u00f3 en las amenazas que presenta el EIIS en \u00c1frica y el Sahel, diciendo era una amenaza tambi\u00e9n para Europa.<\/p>\n<p><strong>EXCLUSIVO: Milicias chiitas rechazan el llamado de los Estados Unidos a abstenerse de apuntar a sus fuerzas en Irak: Nosotros continuaremos hasta que ustedes se marchen y celebraremos por encima de los cuerpos de sus soldados<\/strong><\/p>\n<p><img decoding=\"async\" class=\"half-size-image\" src=\"https:\/\/www.memri.org\/sites\/default\/files\/2021\/jttmweekly0716213.jpg\" alt=\"\" \/><\/p>\n<p>En una entrevista publicada el 9 de julio, 2021 el subsecretario de Estado interino para Asuntos del Cercano Oriente de los Estados Unidos Joey Hood abord\u00f3 la reciente escalada de hostilidades entre las fuerzas estadounidenses en Irak y las milicias chiitas respaldadas por Ir\u00e1n en el lugar.<\/p>\n<p><strong>Funcionario militar del EIIS describe ataques a las torres el\u00e9ctricas en Irak de &#8216;cerco econ\u00f3mico integral&#8217; y amenaza con realizar m\u00e1s campa\u00f1as<\/strong><\/p>\n<p><img decoding=\"async\" class=\"half-size-image\" src=\"https:\/\/www.memri.org\/sites\/default\/files\/2021\/jttmweekly0716215.jpg\" alt=\"\" \/><\/p>\n<p>La edici\u00f3n No. 294 del semanario del Estado Isl\u00e1mico incluy\u00f3 una entrevista con un \u00aboficial militar\u00bb del EIIS en Irak en el que se discuti\u00f3 la reciente campa\u00f1a de ataques a la infraestructura el\u00e9ctrica en Irak.<\/p>\n<p><strong>El EIIS confirma operaciones dirigidas a las fuerzas armadas egipcias en el Sina\u00ed<\/strong><\/p>\n<p><img decoding=\"async\" class=\"half-size-image\" src=\"https:\/\/www.memri.org\/sites\/default\/files\/2021\/jttmweekly0716216.jpg\" alt=\"\" \/><\/p>\n<p>Desde el 11 de julio, 2021 el Estado Isl\u00e1mico (EIIS) se ha responsabilizado por tres operaciones que fueron dirigidas contra las Fuerzas Armadas de Egipto en la parte norte de la pen\u00ednsula del Sina\u00ed en Egipto.<\/p>\n<p><strong>El EIIS informa sobre enfrentamientos en curso con las Fuerzas Armadas de Defensa de Mozambique<\/strong><\/p>\n<p><img decoding=\"async\" class=\"half-size-image\" src=\"https:\/\/www.memri.org\/sites\/default\/files\/2021\/jttmweekly0716217.jpg\" alt=\"\" \/><\/p>\n<p>Desde finales de marzo hasta comienzos de abril del presente a\u00f1o 2021, cuando el Estado Isl\u00e1mico (EIIS) inform\u00f3 que se hab\u00eda apoderado de la ciudad costera de Palma al noreste de Mozambique, hasta julio del 2021, la organizaci\u00f3n no public\u00f3 ning\u00fan informe oficial sobre las operaciones en la zona.<\/p>\n<p><strong>El grupo Provincia Asia Oriental del EIIS publica informe pict\u00f3rico que documenta la vida cotidiana de los combatientes en Filipinas<\/strong><\/p>\n<p><img decoding=\"async\" class=\"half-size-image\" src=\"https:\/\/www.memri.org\/sites\/default\/files\/2021\/jttmweekly0716218_0.jpg\" alt=\"\" \/><\/p>\n<p>El 14 de julio, 2021 el grupo Provincia Asia Oriental del Estado Isl\u00e1mico (EIIS) public\u00f3 un informe pict\u00f3rico que documenta las actividades diarias de sus combatientes en Filipinas.<\/p>\n<p><strong>Semanario Al-Naba detalla actividades del EIIS en Filipinas en los \u00faltimos meses<\/strong><\/p>\n<p><img decoding=\"async\" class=\"half-size-image\" src=\"https:\/\/www.memri.org\/sites\/default\/files\/2021\/jttmweekly0716219.jpg\" alt=\"\" \/><\/p>\n<p>La edici\u00f3n No. 294 del semanario del EIIS Al-Naba, publicada el 8 de julio, 2021 incluye un informe sobre las operaciones de la organizaci\u00f3n en Filipinas en los \u00faltimos seis meses y sobre una operaci\u00f3n realizada en Indonesia.<\/p>\n<p><strong>La edici\u00f3n No. 17 de la revista del EIIS <em>&#8216;Sawt Al-Hind&#8217;<\/em> pide a los musulmanes que combatan contra el laicismo y dice que el fundador del islam, Mahoma, combati\u00f3 contra los polite\u00edstas a pesar de que cre\u00edan en el poder supremo de Al\u00e1<\/strong><\/p>\n<p><img decoding=\"async\" class=\"half-size-image\" src=\"https:\/\/www.memri.org\/sites\/default\/files\/2021\/jttmweekly0716219a.jpg\" alt=\"\" \/><\/p>\n<p>La \u00faltima edici\u00f3n de la revista yihadista <em>Sawt Al-Hind<\/em> (\u00abLa Voz de India\u00bb) incluye un art\u00edculo que describe el laicismo de <em>shirk<\/em> (\u00abpolite\u00edsmo\u00bb) que milita en contra del <em>deen<\/em> (\u00abreligi\u00f3n\u00bb) en el islam.<\/p>\n<p><strong>Canci\u00f3n yihadista en la edici\u00f3n No. 17 de la revista del EIIS &#8216;Sawt Al-Hind&#8217;: &#8216;Estamos masacrando al <em>kufr<\/em> [incredulidad] y&#8230; pisoteando cr\u00e1neos junto a arrancar corazones&#8217;<\/strong><\/p>\n<p><img decoding=\"async\" class=\"half-size-image\" src=\"https:\/\/www.memri.org\/sites\/default\/files\/2021\/jttmweekly07162110.jpg\" alt=\"\" \/><\/p>\n<p>El \u00faltimo n\u00famero de la revista yihadista Sawt Al-Hind (\u00abLa Voz de India\u00bb) incluye una traducci\u00f3n al ingl\u00e9s de una canci\u00f3n yihadista que promueve el yihad entre los seguidores del Estado Isl\u00e1mico (EIIS) en el subcontinente hind\u00fa.<\/p>\n<p><strong>Grupo tecnol\u00f3gico pro-EIIS advierte contra la aplicaci\u00f3n de mensajer\u00eda cifrada Wickr, adquirida recientemente por Amazon y recomienda a Element como alternativa segura<\/strong><\/p>\n<p><img decoding=\"async\" class=\"half-size-image\" src=\"https:\/\/www.memri.org\/sites\/default\/files\/2021\/jttmweekly07162111.jpg\" alt=\"\" \/><\/p>\n<p>El 14 de julio, 2021 un grupo tecnol\u00f3gico pro-Estado Isl\u00e1mico (EIIS) public\u00f3 un p\u00f3ster virtual advirtiendo a los partidarios del EIIS en contra del uso de la plataforma de mensajer\u00eda encriptada Wickr, la cual fue adquirida por Amazon.<\/p>\n<p><strong>Medio de comunicaci\u00f3n pro-EIIS busca reclutar &#8216;dise\u00f1adores gr\u00e1ficos experimentados&#8217; para &#8216;defender&#8217; al islam en el &#8216;frente medi\u00e1tico&#8217;<\/strong><\/p>\n<p><img decoding=\"async\" class=\"half-size-image\" src=\"https:\/\/www.memri.org\/sites\/default\/files\/2021\/jttmweekly07162112.jpg\" alt=\"\" \/><\/p>\n<p>El 7 de julio, 2021 una fundaci\u00f3n de medios de comunicaci\u00f3n pro-Estado Isl\u00e1mico (EIIS), anunci\u00f3 que busca contratar dise\u00f1adores gr\u00e1ficos \u00abexperimentados y muy conocedores\u00bb.<\/p>\n<p><strong>Al-Qaeda en la Pen\u00ednsula Ar\u00e1biga (AQPA) lamenta la muerte de ex-muft\u00ed en Yemen<\/strong><\/p>\n<p><img decoding=\"async\" class=\"half-size-image\" src=\"https:\/\/www.memri.org\/sites\/default\/files\/2021\/jttmweekly07162113.jpg\" alt=\"\" \/><\/p>\n<p>El 13 de julio, 2021 Al-Qaeda en la Pen\u00ednsula Ar\u00e1biga (AQPA) public\u00f3 un mensaje de condolencia en conmemoraci\u00f3n a la muerte del jeque Muhammad bin Ismail Al-&#8216;Amrani, quien falleci\u00f3 el d\u00eda anterior a los 99 a\u00f1os de edad.<\/p>\n<p><strong>Video del Grupo de Apoyo al Islam y los Musulmanes (GAIM) documenta ataques a las fuerzas francesas de Barkhane en Mali<\/strong><\/p>\n<p><img decoding=\"async\" class=\"half-size-image\" src=\"https:\/\/www.memri.org\/sites\/default\/files\/2021\/jttmweekly07162114.jpg\" alt=\"\" \/><\/p>\n<p>El 9 de julio, 2021 el brazo medi\u00e1tico de la filial de Al-Qaeda en Mali, Grupo de Apoyo al Islam y los Musulmanes (GAIM), public\u00f3 un video que documenta los recientes ataques del grupo perpetrados en Mal\u00ed.<\/p>\n<p><strong>Publicaci\u00f3n por un funcionario religioso del grupo Hay&#8217;at Tahrir Al-Sham (HTS) sobre &#8216;firmeza&#8217; de los talibanes afganos genera cr\u00edticas por parte de partidarios de Al-Qaeda<\/strong><\/p>\n<p><img decoding=\"async\" class=\"half-size-image\" src=\"https:\/\/www.memri.org\/sites\/default\/files\/2021\/jttmweekly07162115.jpg\" alt=\"\" \/><\/p>\n<p>El 5 de julio, 2021 un alto funcionario religioso del grupo yihadista sirio Hay&#8217;at Tahrir Al-Sham (HTS), que controla Idlib, comparti\u00f3 una publicaci\u00f3n en el que destaca los factores que han contribuido a la firmeza de los talibanes.<\/p>\n<p><strong>Tras muerte de Ahmad Jibril en Damasco, el FPLP elogia su papel en la lucha contra Israel y apoya al \u00abeje de la resistencia\u00bb y figuras salafistas-yihadistas le apodan el &#8216;mercenario&#8217; del r\u00e9gimen sirio<\/strong><\/p>\n<p><img decoding=\"async\" class=\"half-size-image\" src=\"https:\/\/www.memri.org\/sites\/default\/files\/2021\/jttmweekly07162116.jpg\" alt=\"\" \/><\/p>\n<p><strong><em>El siguiente informe es ahora complemento sin costo alguno del Proyecto Supervisi\u00f3n a la Amenaza Terrorista y Yihad de MEMRI (PSATY). Para informaci\u00f3n sobre como suscribirse al PSATY, pulse aqu\u00ed.<\/em><\/strong><\/p>\n<p>El 7 de julio, 2021 Ahmad Jibril, l\u00edder del grupo Al-Jabhah Al-Sha&#8217;biyyah Li-Ta?rir Filastin, o el Frente Popular para la Liberaci\u00f3n de Palestina (FPLP), designado por los Estados Unidos, la Uni\u00f3n Europea e Israel como grupo terrorista, seg\u00fan informes, muri\u00f3 a la edad de 83 a\u00f1os en un hospital de la capital siria de Damasco.<\/p>\n<p><strong>Art\u00edculo publicado en un medio de comunicaci\u00f3n pro-Al-Qaeda pide por el asesinato de figuras en los medios de comunicaci\u00f3n \u00abherejes\u00bb saud\u00edes y emirat\u00edes pro-gobierno<\/strong><\/p>\n<p><img decoding=\"async\" class=\"half-size-image\" src=\"https:\/\/www.memri.org\/sites\/default\/files\/2021\/jttmweekly07162117.jpg\" alt=\"\" \/><\/p>\n<p>El 6 de julio, 2021 un medio pro-Al-Qaeda public\u00f3 un art\u00edculo en el que ped\u00eda el asesinato de cualquiera que insulte al islam o al profeta Mahoma.<\/p>\n<p><strong>Medio de comunicaci\u00f3n pro-Al-Qaeda publica art\u00edculo que acusa al primer presidente de Turqu\u00eda Kemal Atat\u00fcrk de implementar un plan occidental en Turqu\u00eda, alejando a los turcos del islam<\/strong><\/p>\n<p><img decoding=\"async\" class=\"half-size-image\" src=\"https:\/\/www.memri.org\/sites\/default\/files\/2021\/jttmweekly07162118.jpg\" alt=\"\" \/><\/p>\n<p>El 8 de julio, 2021 un medio de comunicaci\u00f3n pro-Al-Qaeda public\u00f3 un art\u00edculo acusando al primer presidente de Turqu\u00eda Mustafa Kemal Atat\u00fcrk de implementar un esquema tipo occidental, alejar a los turcos del islam y reemplazar el sharia de Al\u00e1 con leyes creadas por el hombre.<\/p>\n<p><strong>Semanario pro-Al-Qaeda se centra en ataques contra objetivos alemanes y franceses<\/strong><\/p>\n<p><img decoding=\"async\" class=\"half-size-image\" src=\"https:\/\/www.memri.org\/sites\/default\/files\/2021\/jttmweekly07162119.jpg\" alt=\"\" \/><\/p>\n<p>El \u00faltimo n\u00famero de un semanario pro-Al-Qaeda, publicado el 9 de julio, 2021 incluy\u00f3 dos art\u00edculos breves y un p\u00f3ster infogr\u00e1fico centrado en ataques por parte de filiales de Al-Qaeda contra fuerzas francesas y alemanas, espec\u00edficamente en Mali.<\/p>\n<p><strong>Revista pro-Al-Qaeda &#8216;Lobos de Manhattan&#8217; publica declaraci\u00f3n elogiando el ataque &#8216;bendito&#8217; llevado a cabo por un &#8216;h\u00e9roe&#8217; somal\u00ed en Alemania e insta a los j\u00f3venes musulmanes a llevar a cabo ataques similares adem\u00e1s de advertirle a Alemania: &#8216;No crean que pueden derrotar a los musulmanes&#8217;<\/strong><\/p>\n<p><img decoding=\"async\" class=\"half-size-image\" src=\"https:\/\/www.memri.org\/sites\/default\/files\/2021\/jttmweekly07162120.jpg\" alt=\"\" \/><\/p>\n<p>El 9 de julio, 2021, un grupo de agentes de los medios de comunicaci\u00f3n de Al-Qaeda rese\u00f1o una declaraci\u00f3n de los editores de una revista pro-Al-Qaeda elogiando un acuchillamiento perpetrado por un inmigrante somal\u00ed en Alemania.<\/p>\n<p><strong>Escritor pro-HTS dirigi\u00e9ndose a los combatientes extranjeros en Idlib: Al igual que el Partido Isl\u00e1mico de Turkest\u00e1n (PIT), ustedes deben respetar la autoridad militar y civil del grupo HTS<\/strong><\/p>\n<p><img decoding=\"async\" class=\"half-size-image\" src=\"https:\/\/www.memri.org\/sites\/default\/files\/2021\/jttmweekly07162121.jpg\" alt=\"\" \/><\/p>\n<p>El 14 de julio, 2021 un canal pro-Hayat Tahrir Al-Sham (HTS) en la aplicaci\u00f3n Telegram comparti\u00f3 un art\u00edculo en el que abordaba las crecientes tensiones presente entre los combatientes extranjeros yihadistas y el grupo HTS tras advertencia de este \u00faltimo de que los miembros de grupos yihadistas extranjeros deber\u00edan unirse a sus filas o abandonar Idlib.<\/p>\n<p><strong>Milicias chiitas respaldadas por Ir\u00e1n contin\u00faan desafiando el llamado de Estados Unidos con el fin de detener el ataque a sus fuerzas en Irak y dice: El llamado revela la &#8216;debilidad&#8217; de Estados Unidos y sus aliados<\/strong><\/p>\n<p><img decoding=\"async\" class=\"half-size-image\" src=\"https:\/\/www.memri.org\/sites\/default\/files\/2021\/jttmweekly07162122.jpg\" alt=\"\" \/><\/p>\n<p>El 11 de julio, 2021 una milicia chiita public\u00f3 una declaraci\u00f3n en respuesta al llamado hecho por el subsecretario de Estado interino para Asuntos del Cercano Oriente de los Estados Unidos Joey Hood a las milicias chiitas para que detengan los ataques a las fuerzas estadounidenses en Irak.<\/p>\n<p><strong>Miembro del consejo pol\u00edtico de una milicia chiita respaldada por Ir\u00e1n acusa a los Estados Unidos y al Reino Unido de desestabilizar las provincias chiitas con la esperanza de posponer las elecciones y retrasar la retirada de las fuerzas estadounidenses<\/strong><\/p>\n<p><img decoding=\"async\" class=\"half-size-image\" src=\"https:\/\/www.memri.org\/sites\/default\/files\/2021\/jttmweekly07162123.jpg\" alt=\"\" \/><\/p>\n<p>El 13 de julio, 2021 un miembro del consejo pol\u00edtico de una milicia chiita apoyada por Ir\u00e1n en Irak tuite\u00f3 un mensaje acusando a Estados Unidos y al Reino Unido de actuar para desestabilizar la situaci\u00f3n en las provincias chiitas en el sur de Irak.<\/p>\n<p><strong>En Telegram, milicias respaldadas por Ir\u00e1n afirman que la retirada de Estados Unidos de Afganist\u00e1n justifica su presencia en Irak para defender a los chiitas<\/strong><\/p>\n<p><img decoding=\"async\" class=\"half-size-image\" src=\"https:\/\/www.memri.org\/sites\/default\/files\/2021\/jttmweekly07162124.jpg\" alt=\"\" \/><\/p>\n<p>El 6 de julio, 2021 un canal en la aplicaci\u00f3n Telegram afiliado a las milicias respaldadas por Ir\u00e1n en Irak, public\u00f3 un p\u00f3ster virtual que abordaba la pol\u00edtica exterior estadounidense en Irak, el L\u00edbano y Afganist\u00e1n.<\/p>\n<p><strong>Hassan Nasrallah destaca la importancia de los medios de comunicaci\u00f3n en la campa\u00f1a contra la hegemon\u00eda estadounidense e Israel<\/strong><\/p>\n<p><img decoding=\"async\" class=\"half-size-image\" src=\"https:\/\/www.memri.org\/sites\/default\/files\/2021\/jttmweekly07162125.jpg\" alt=\"\" \/><\/p>\n<p>El 5 de julio, 2021 el secretario general de Hezbol\u00e1 Hassan Nasrallah abri\u00f3 las actas de una conferencia en Beirut con un discurso pronunciado, tal como ha sido su costumbre en los \u00faltimos a\u00f1os, a trav\u00e9s de una videoconferencia.<\/p>\n<p><strong>Editor de diario pro-Hezbol\u00e1: Las embajadoras francesa y estadounidense en el L\u00edbano representan a las &#8216;potencias ocupantes&#8217; y deber\u00edan ser expulsadas, incluso por la fuerza<\/strong><\/p>\n<p><img decoding=\"async\" class=\"half-size-image\" src=\"https:\/\/www.memri.org\/sites\/default\/files\/2021\/jttmweekly07162126.jpg\" alt=\"\" \/><\/p>\n<p>En un art\u00edculo publicado el 10 de julio, 2021 el editor de un diario pro-Hezbol\u00e1 pidi\u00f3 a los libaneses boicotear y expulsar a la embajadora de los Estados Unidos en el L\u00edbano Dorothy Shea y a la embajadora de Francia en el L\u00edbano Anne Grillo, \u00abas\u00ed sea utilizando la fuerza\u00bb.<\/p>\n<p><strong>Talibanes afganos descartan informes sobre la guerra civil en Afganist\u00e1n: &#8216;Aquellos que fantasean con perpetuar el conflicto en nuestro pa\u00eds deben estudiar muy de cerca esta situaci\u00f3n&#8217;<\/strong><\/p>\n<p><img decoding=\"async\" class=\"half-size-image\" src=\"https:\/\/www.memri.org\/sites\/default\/files\/2021\/jttmweekly07162127_0.jpg\" alt=\"\" \/><\/p>\n<p>Mientras las fuerzas yihadistas talibanes y las tropas afganas contin\u00faan combatiendo en varias regiones de Afganist\u00e1n, los talibanes han rechazado los informes de los medios de comunicaci\u00f3n extranjeros que hablan de que el pa\u00eds est\u00e1 cayendo en una guerra civil.<\/p>\n","protected":false},"excerpt":{"rendered":"<p>Lo siguiente son algunos de los informes de esta semana del Proyecto Supervisi\u00f3n a la Amenaza Terrorista y Yihad (PSATY) en MEMRI, que traduce y analiza el contenido de fuentes monitoreadas y supervisadas las 24 horas del d\u00eda, 7 d\u00edas a la semana, entre estos los portales y blogs yihadistas m\u00e1s importantes. (Para ver estos [&hellip;]<\/p>\n","protected":false},"author":1,"featured_media":59945,"comment_status":"open","ping_status":"open","sticky":false,"template":"","format":"standard","meta":{"footnotes":""},"categories":[4,10,9,7,2],"tags":[],"class_list":["post-59944","post","type-post","status-publish","format-standard","has-post-thumbnail","hentry","category-archivos","category-estudios-sobre-terrorismo-y-yihad","category-temas","category-reportes-especiales","category-featured"],"_links":{"self":[{"href":"https:\/\/www2.memri.org\/espanol\/wp-json\/wp\/v2\/posts\/59944","targetHints":{"allow":["GET"]}}],"collection":[{"href":"https:\/\/www2.memri.org\/espanol\/wp-json\/wp\/v2\/posts"}],"about":[{"href":"https:\/\/www2.memri.org\/espanol\/wp-json\/wp\/v2\/types\/post"}],"author":[{"embeddable":true,"href":"https:\/\/www2.memri.org\/espanol\/wp-json\/wp\/v2\/users\/1"}],"replies":[{"embeddable":true,"href":"https:\/\/www2.memri.org\/espanol\/wp-json\/wp\/v2\/comments?post=59944"}],"version-history":[{"count":0,"href":"https:\/\/www2.memri.org\/espanol\/wp-json\/wp\/v2\/posts\/59944\/revisions"}],"wp:featuredmedia":[{"embeddable":true,"href":"https:\/\/www2.memri.org\/espanol\/wp-json\/wp\/v2\/media\/59945"}],"wp:attachment":[{"href":"https:\/\/www2.memri.org\/espanol\/wp-json\/wp\/v2\/media?parent=59944"}],"wp:term":[{"taxonomy":"category","embeddable":true,"href":"https:\/\/www2.memri.org\/espanol\/wp-json\/wp\/v2\/categories?post=59944"},{"taxonomy":"post_tag","embeddable":true,"href":"https:\/\/www2.memri.org\/espanol\/wp-json\/wp\/v2\/tags?post=59944"}],"curies":[{"name":"wp","href":"https:\/\/api.w.org\/{rel}","templated":true}]}}