{"id":59890,"date":"2021-07-01T14:18:29","date_gmt":"2021-07-01T18:18:29","guid":{"rendered":"https:\/\/www2.memri.org\/espanol\/?p=59890"},"modified":"2021-07-05T14:27:35","modified_gmt":"2021-07-05T18:27:35","slug":"resumen-del-fin-de-semana-del-proyecto-supervision-a-la-amenaza-terrorista-y-yihad-psaty-semana-del-26-de-junio-3-de-julio-2021","status":"publish","type":"post","link":"https:\/\/www2.memri.org\/espanol\/resumen-del-fin-de-semana-del-proyecto-supervision-a-la-amenaza-terrorista-y-yihad-psaty-semana-del-26-de-junio-3-de-julio-2021\/59890","title":{"rendered":"Resumen del fin de semana del Proyecto Supervisi\u00f3n a la Amenaza Terrorista y Yihad (PSATY) &#8211; Semana del 26 de junio &#8211; 3 de julio, 2021"},"content":{"rendered":"<p><em>Lo siguiente son algunos de los informes de esta semana del Proyecto Supervisi\u00f3n a la Amenaza Terrorista y Yihad (PSATY) en MEMRI, que traduce y analiza el contenido de fuentes monitoreadas y supervisadas las 24 horas del d\u00eda, 7 d\u00edas a la semana, entre estos los portales y blogs yihadistas m\u00e1s importantes. (Para ver estos informes en su totalidad, usted debe ser miembro del PSATY; para obtener informaci\u00f3n sobre c\u00f3mo obtener la membrec\u00eda, env\u00ede un correo electr\u00f3nico a la siguiente direcci\u00f3n jttmsubs@memri.org junto al texto \u00abMembership &#8211; Membrec\u00eda\u00bb en el p\u00e1rrafo del tema).<\/em><\/p>\n<p><strong><em>Nota a los medios de comunicaci\u00f3n y del gobierno: Para obtener una copia completa de estos informes, env\u00ede un correo electr\u00f3nico con el t\u00edtulo del informe en la l\u00ednea del tema a la siguiente direcci\u00f3n: media@memri.org. Por favor incluya su nombre, t\u00edtulo y organizaci\u00f3n a la que pertenece en su correo electr\u00f3nico.<\/em><\/strong><\/p>\n<p><strong>EXCLUSIVO: Informes en los medios de comunicaci\u00f3n houties: Las facciones palestinas reciben m\u00e1s de $2 millones provenientes de una campa\u00f1a de recaudaci\u00f3n de fondos<\/strong><\/p>\n<p><img decoding=\"async\" src=\"https:\/\/www.memri.org\/sites\/default\/files\/2021\/jttmweekly070321.jpg\" \/><\/p>\n<p>El 30 de junio, 2021 el portal de una revista semanal publicada por el departamento de relaciones p\u00fablicas de las fuerzas armadas del movimiento Houtie Ansar Al\u00e1 en Yemen, incluy\u00f3 un art\u00edculo en el que afirma que la estaci\u00f3n de radio del movimiento le dio a las facciones de la resistencia palestina un donativo bastante sustancioso.<\/p>\n<p><strong>EXCLUSIVO: Nueva edici\u00f3n de la revista de Al-Qaeda en la Pen\u00ednsula Ar\u00e1biga (AQPA) &#8216;<em>Inspire<\/em>&#8216;, la primera desde el mes abril, 2017 &#8211; llama &#8216;muyahid&#8217; al atacante con arma de fuego en Colorado Ahmad Al-Issa e insta a los musulmanes a seguir su camino y tener en la mira &#8216;al enemigo estadounidense&#8217; dentro y fuera de los Estados Unidos<\/strong><\/p>\n<p><img decoding=\"async\" src=\"https:\/\/www.memri.org\/sites\/default\/files\/2021\/jttmweekly0703211.jpg\" \/><\/p>\n<p><strong><em>El siguiente informe es ahora complemento sin costo alguno del Proyecto Supervisi\u00f3n a la Amenaza Terrorista y Yihad de MEMRI (PSATY). Para informaci\u00f3n sobre como suscribirse al PSATY, pulse aqu\u00ed.<\/em><\/strong><\/p>\n<p>El 29 de junio, 2021 el brazo medi\u00e1tico de Al-Qaeda en la Pen\u00ednsula Ar\u00e1biga (AQPA) en Yemen public\u00f3 la primera edici\u00f3n de la revista <em>Inspire<\/em> desde el a\u00f1o 2017.<\/p>\n<p><strong>EXCLUSIVO: Al-Qaeda en la Pen\u00ednsula Ar\u00e1biga (AQPA) aconseja a sus agentes en solitario que maximicen los efectos de los ataques terroristas enfoc\u00e1ndose en los medios de comunicaci\u00f3n<\/strong><\/p>\n<p><img decoding=\"async\" src=\"https:\/\/www.memri.org\/sites\/default\/files\/2021\/jttmweekly0703212.jpg\" \/><\/p>\n<p>El 29 de junio, 2021 el medio de comunicaci\u00f3n oficial de Al-Qaeda en la Pen\u00ednsula Ar\u00e1biga (AQPA) public\u00f3 la edici\u00f3n especial No. 6 de la revista en ingl\u00e9s de AQPA <em>Inspire<\/em>.<\/p>\n<p><strong>EXCLUSIVO: Humillando al l\u00edder principal del EIIS por no declarar desde su nombramiento, canal pro-Al-Qaeda en la aplicaci\u00f3n Telegram ridiculiza el reciente discurso del portavoz del EIIS de &#8216;disco rayado&#8217;<\/strong><\/p>\n<p><img decoding=\"async\" src=\"https:\/\/www.memri.org\/sites\/default\/files\/2021\/jttmweekly0703213.jpg\" \/><\/p>\n<p>Un canal pro-Al-Qaeda en la aplicaci\u00f3n Telegram comparti\u00f3 un publicado originalmente colocado por otro canal anti-EIIS tambi\u00e9n en Telegram comentando el reciente discurso del vocero del Estado Isl\u00e1mico (EIIS) Abu Hamza Al-Qurashi.<\/p>\n<p><strong>EXCLUSIVO: Medio de comunicaci\u00f3n pro-Al-Qaeda publica gu\u00eda MANPADS<\/strong><\/p>\n<p><img decoding=\"async\" src=\"https:\/\/www.memri.org\/sites\/default\/files\/2021\/jttmweekly0703214.jpg\" \/><\/p>\n<p>Grupo editorial pro-Al-Qaeda (AQ) dio a conocer una nueva publicaci\u00f3n en la red dedicada a los Sistemas Port\u00e1tiles de Defensa A\u00e9rea (MANPADS\/siglas en ingl\u00e9s).<\/p>\n<p><strong>EXCLUSIVO: Canal afiliado a las milicias respaldadas por Ir\u00e1n en Irak en Telegram publica supuesto n\u00famero de tel\u00e9fono personal de alto funcionario estadounidense<\/strong><\/p>\n<p><img decoding=\"async\" src=\"https:\/\/www.memri.org\/sites\/default\/files\/2021\/jttmweekly0703215.jpg\" \/><\/p>\n<p>El 25 de junio, 2021 un canal afiliado a las milicias respaldadas por Ir\u00e1n en Irak en la aplicaci\u00f3n Telegram, que a menudo se responsabiliza por ataques piratas, dio a conocer un publicado con el supuesto n\u00famero de tel\u00e9fono personal de un alto funcionario estadounidense.<\/p>\n<p><strong>En nuevo video, el EIIS en Nigeria clama victoria sobre Boko Haram y muestra a los combatientes jurando lealtad al EIIS<\/strong><\/p>\n<p><img decoding=\"async\" src=\"https:\/\/www.memri.org\/sites\/default\/files\/2021\/jttmweekly0703216.jpg\" \/><\/p>\n<p>El 25 de junio, 2021 el grupo Provincia \u00c1frica Occidental del Estado Isl\u00e1mico (EIIS) (ISWAP\/siglas en ingl\u00e9s) public\u00f3 un video en el que afirma que los combatientes yihadistas en el \u00e1rea han unido filas y han prometido lealtad al califa del Estado Isl\u00e1mico.<\/p>\n<p><strong>El grupo Provincia \u00c1frica Occidental del Estado Isl\u00e1mico (ISWAP) confirma su tercer ataque en Camer\u00fan cerca de la frontera con Nigeria, asesinando a 26 soldados<\/strong><\/p>\n<p><img decoding=\"async\" src=\"https:\/\/www.memri.org\/sites\/default\/files\/2021\/jttmweekly0703217.jpg\" \/><\/p>\n<p>El 30 de junio, 2021 el grupo Provincia \u00c1frica Occidental del Estado Isl\u00e1mico (ISWAP\/siglas en ingl\u00e9s) se responsabiliz\u00f3 por un ataque perpetrado el 27 de junio contra un puesto de avanzada de las Fuerzas Armadas de Camer\u00fan cerca de la frontera con Nigeria el cual acab\u00f3 con la vida de m\u00e1s de 26 soldados.<\/p>\n<p><strong>Semanario del EIIS confirma asesinato de nueve combatientes de Al-Qaeda en la regi\u00f3n del Sahel y revela &#8216;fuertes desacuerdos&#8217; dentro del grupo Al-Qaeda para el Apoyo al Islam y los Musulmanes (GAIM) por no confirmar la masacre de Solhan en Burkina Faso<\/strong><\/p>\n<p><img decoding=\"async\" src=\"https:\/\/www.memri.org\/sites\/default\/files\/2021\/jttmweekly0703218.jpg\" \/><\/p>\n<p>El 24 de junio, 2021 la edici\u00f3n No. 292 del semanario del Estado Isl\u00e1mico (EIIS) public\u00f3 un informe \u00abexclusivo\u00bb celebrando los exitosos ataques del grupo Provincia \u00c1frica Occidental del Estado Isl\u00e1mico (ISWAP\/siglas en ingl\u00e9s) en la regi\u00f3n de \u00c1frica Occidental.<\/p>\n<p><strong>Grupo Provincia Somalia del Estado Isl\u00e1mico (ISSP) confirma siete bajas entre las fuerzas especiales de Puntlandia en ataque &#8216;<em>inghimasi<\/em>&#8216;, luego de un ataque contra funcionarios somal\u00edes<\/strong><\/p>\n<p><img decoding=\"async\" src=\"https:\/\/www.memri.org\/sites\/default\/files\/2021\/jttmweekly0703219.jpg\" \/><\/p>\n<p>El 29 de junio, 2021 el grupo Wilayat Al-Sumal o Provincia Somalia del Estado Isl\u00e1mico (EIIS) (ISSP\/siglas en ingl\u00e9s) se responsabiliz\u00f3 por un ataque <em>inghimasi<\/em> (incursi\u00f3n estilo comando detr\u00e1s de las l\u00edneas enemigas) contra un convoy de fuerzas especiales en el estado aut\u00f3nomo de Puntlandia en Somalia.<\/p>\n<p><strong>El EIIS confirma haber realizado un ataque utilizando artefactos explosivos improvisados ??contra el ministro de Seguridad de Puntlandia en Somalia y contra otros altos funcionarios<\/strong><\/p>\n<p><img decoding=\"async\" src=\"https:\/\/www.memri.org\/sites\/default\/files\/2021\/jttmweekly07032110.jpg\" \/><\/p>\n<p>El 27 de junio, 2021 el Estado Isl\u00e1mico (EIIS) se responsabiliz\u00f3 por un ataque utilizando artefactos explosivos improvisados ??contra un convoy de altos funcionarios del estado de Puntlandia en Somalia.<\/p>\n<p><strong>El EIIS confirma operaci\u00f3n de &#8216;martirio&#8217; que apunt\u00f3 a una tienda de licores hiriendo a varios cristianos en la Rep\u00fablica Democr\u00e1tica del Congo<\/strong><\/p>\n<p><img decoding=\"async\" src=\"https:\/\/www.memri.org\/sites\/default\/files\/2021\/jttmweekly07032111.jpg\" \/><\/p>\n<p>El 29 de junio, 2021 el Estado Isl\u00e1mico (EIIS) confirm\u00f3 que sus combatientes llevaron a cabo un ataque suicida contra cristianos quienes se encontraban reunidos en una licorer\u00eda en Beni, Rep\u00fablica Democr\u00e1tica del Congo (RDC).<\/p>\n<p><strong>Grupo Provincia Juras\u00e1n del Estado Isl\u00e1mico (ISKP) sea responsabiliz\u00f3 por herir a 10 afganos chiitas &#8216;polite\u00edstas&#8217; en un ataque perpetrado contra un autob\u00fas en la provincia Parwan<\/strong><\/p>\n<p><img decoding=\"async\" src=\"https:\/\/www.memri.org\/sites\/default\/files\/2021\/jttmweekly07032112.jpg\" \/><\/p>\n<p>El 28 de junio, 2021 el Grupo Provincia Joras\u00e1n del Estado Isl\u00e1mico (ISKP\/siglas en ingl\u00e9s) se responsabiliz\u00f3 por un ataque con dispositivos explosivos improvisados el d\u00eda 27 de junio contra un bus que transportaba a chiitas en Parwan hiriendo a m\u00e1s de 10 personas.<\/p>\n<p><strong>Fotograf\u00edas publicadas por el EIIS muestran a chicos guerreros participando en un ataque contra el ej\u00e9rcito congole\u00f1o<\/strong><\/p>\n<p><img decoding=\"async\" src=\"https:\/\/www.memri.org\/sites\/default\/files\/2021\/jttmweekly07032113.jpg\" \/><\/p>\n<p>El 28 de junio, 2021 el EIIS en \u00c1frica Central (ISCAP\/siglas en ingl\u00e9s) se responsabiliz\u00f3 por un ataque a una base del ej\u00e9rcito congole\u00f1o en la Rep\u00fablica Democr\u00e1tica del Congo (RDC). Las fotograf\u00edas del ataque publicadas por ISCAP al d\u00eda siguiente muestran a adolescentes entre los combatientes del EIIS.<\/p>\n<p><strong>Canal pro-EIIS en Telegram condena a partidarios del EIIS quienes se presentan como individuos pasivos en las plataformas de las redes sociales<\/strong><\/p>\n<p><img decoding=\"async\" src=\"https:\/\/www.memri.org\/sites\/default\/files\/2021\/jttmweekly07032114.jpg\" \/><\/p>\n<p>El 24 de junio, 2021 un canal pro-Estado Isl\u00e1mico (EIIS) en la aplicaci\u00f3n Telegram dio a conocer una publicaci\u00f3n arremetiendo contra aquellos partidarios del EIIS quienes son pasivos en las plataformas de las redes sociales y no promueven activamente al EIIS.<\/p>\n<p><strong>En campamento de verano para j\u00f3venes de Ham\u00e1s, chicos aprenden a manejar armamento y disparan contra soldados israel\u00edes virtuales<\/strong><\/p>\n<p><img decoding=\"async\" src=\"https:\/\/www.memri.org\/sites\/default\/files\/2021\/jttmweekly07032115.jpg\" \/><\/p>\n<p>El 25 de junio, 2021 el ala militar de Ham\u00e1s public\u00f3 un breve video promocionando sus campamentos de verano anuales para chicos y adolescentes en la Franja de Gaza.<\/p>\n<p><strong>El ala militar del grupo Yihad Isl\u00e1mico palestino realiza desfile en Rafah<\/strong><\/p>\n<p><img decoding=\"async\" src=\"https:\/\/www.memri.org\/sites\/default\/files\/2021\/jttmweekly07032116.jpg\" \/><\/p>\n<p>El grupo Yihad Isl\u00e1mico palestino (YIP), realiz\u00f3 un desfile en Rafah en la Franja de Gaza, en honor al difunto secretario general de la organizaci\u00f3n y en honor a \u00ablas familias de los m\u00e1rtires\u00bb que murieron en la \u00faltima ronda de enfrentamientos con Israel sucedidos en mayo, 2021.<\/p>\n<p><strong>Represi\u00f3n del grupo Hay&#8217;at Tahrir Al-Sham (HTS) contra reporteros locales desacredita su esfuerzo por proyectarse como alternativa viable al r\u00e9gimen sirio y amenaza con rupturas en sus filas: El caso del reportero nacido en Estados Unidos Bilal Abdul Kareem<\/strong><\/p>\n<p><img decoding=\"async\" src=\"https:\/\/www.memri.org\/sites\/default\/files\/2021\/jttmweekly07032117.jpg\" \/><\/p>\n<p>En los \u00faltimos a\u00f1os, Hay&#8217;at Tahrir Al-Sham (HTS), el grupo yihadista sunita que controla la provincia de Idlib, Siria desde el a\u00f1o 2017, se ha promocionado ante el mundo como la faz m\u00e1s moderada de la militancia islamista en el basti\u00f3n de la oposici\u00f3n Idlib y como grupo que apoya la libertad de prensa y alienta a los periodistas rebeldes a informar la verdad y a apoyar la revoluci\u00f3n.<\/p>\n<p><strong>Opositores de Hay&#8217;at Tahrir Al-Sham (HTS): HTS amenaza con expulsar al comandante checheno Junud Al-Sham de Siria como parte de su represi\u00f3n contra los inmigrantes yihadistas<\/strong><\/p>\n<p><img decoding=\"async\" src=\"https:\/\/www.memri.org\/sites\/default\/files\/2021\/jttmweekly07032118.jpg\" \/><\/p>\n<p>En los \u00faltimos d\u00edas, opositores al grupo Hayat Tahrir Al-Sham (HTS) afirman que este \u00faltimo le ha dado un ultim\u00e1tum al comandante checheno a un grupo de muyahidines sunitas chechenos y libaneses que combaten en Siria.<\/p>\n<p><strong>Ide\u00f3logo salafista-yihadista jordano denuncia llamado de cl\u00e9rigo saudita en Siria a reforzar la `hermandad&#8217; entre Turqu\u00eda y los talibanes<\/strong><\/p>\n<p><img decoding=\"async\" src=\"https:\/\/www.memri.org\/sites\/default\/files\/2021\/jttmweekly07032119.jpg\" \/><\/p>\n<p>El 27 de junio, 2021 un cl\u00e9rigo yihadista saudita en Siria tuite\u00f3 un llamado a reforzar los lazos entre Turqu\u00eda y los talibanes en Afganist\u00e1n.<\/p>\n<p><strong>Al-Shabab confirma toma de una ciudad en el centro de Somalia<\/strong><\/p>\n<p><img decoding=\"async\" src=\"https:\/\/www.memri.org\/sites\/default\/files\/2021\/jttmweekly07032120.jpg\" \/><\/p>\n<p>El 27 de junio, 2021 Harakat Al-Shabab Al-Mujahideen (Al-Shabab), una filial de Al-Qaeda en Somalia, afirm\u00f3 que la organizaci\u00f3n lanz\u00f3 un asalto ese d\u00eda en el centro de Somalia, lo que permiti\u00f3 a Al-Shabab asumir el control total de una de sus ciudades.<\/p>\n<p><strong>Al-Shabab condena a muerte a 15 hombres y una mujer acusados ??de espionaje para los servicios de inteligencia estadounidenses y del Reino Unido<\/strong><\/p>\n<p><img decoding=\"async\" src=\"https:\/\/www.memri.org\/sites\/default\/files\/2021\/jttmweekly07032121.jpg\" \/><\/p>\n<p>El 27 y 28 de junio, 2021 el grupo Harakat Al-Shabab Al-Mujahideen (Al-Shabab), filial de Al-Qaeda en Somalia, public\u00f3 informes a trav\u00e9s de su medio de comunicaci\u00f3n anunciando que el grupo hab\u00eda condenado a muerte a 16 personas acusadas de espiar para los servicios de inteligencia de los Estados Unidos y de Gran Breta\u00f1a.<\/p>\n<p><strong>Un medio de comunicaci\u00f3n pro-Al-Qaeda publica corto video en el que insta a los muyahidines a no abandonar el yihad<\/strong><\/p>\n<p><img decoding=\"async\" src=\"https:\/\/www.memri.org\/sites\/default\/files\/2021\/jttmweekly07032122.jpg\" \/><\/p>\n<p>El 30 de junio, 2021 un medio de comunicaci\u00f3n pro-Al-Qaeda public\u00f3 un video montaje de un minuto de duraci\u00f3n en la aplicaci\u00f3n Telegram que alentaba a los combatientes del grupo a nunca darse por vencidos con el yihad, a pesar de las dificultades que estos pod\u00edan enfrentar.<\/p>\n<p><strong>Portal de la oposici\u00f3n siria: Las brigadas de Hezbol\u00e1 operaron un dron de vigilancia iran\u00ed en la zona este de Siria<\/strong><\/p>\n<p><img decoding=\"async\" src=\"https:\/\/www.memri.org\/sites\/default\/files\/2021\/jttmweekly07032123.jpg\" \/><\/p>\n<p>El 24 de junio, 2021 un portal perteneciente a la oposici\u00f3n siria inform\u00f3 que ese mismo d\u00eda, una milicia leal a Ir\u00e1n oper\u00f3 un dron de vigilancia iran\u00ed en la zona este de Siria.<\/p>\n<p><strong>En reacci\u00f3n a la incautaci\u00f3n de portales pro-Ir\u00e1n realizada por los Estados Unidos, las milicias iraqu\u00edes difunden video que destaca a un alto oficial militar iraqu\u00ed que acusa a Estados Unidos por permitir que los medios de comunicaci\u00f3n del EIIS contin\u00faen operando<\/strong><\/p>\n<p><img decoding=\"async\" src=\"https:\/\/www.memri.org\/sites\/default\/files\/2021\/jttmweekly07032124.jpg\" \/><\/p>\n<p>El 25 de junio, cuentas en las redes sociales afiliadas a las milicias respaldadas por Ir\u00e1n en Irak hicieron circular un video que mostraba a un oficial militar iraqu\u00ed acusando a los Estados Unidos de colaborar con el EIIS al permitir que los medios de comunicaci\u00f3n del grupo difundieran contenido yihadista.<\/p>\n<p><strong>Tras ataque a sus posiciones, milicia chiita declara guerra abierta a las fuerzas estadounidenses<\/strong><\/p>\n<p><img decoding=\"async\" src=\"https:\/\/www.memri.org\/sites\/default\/files\/2021\/jttmweekly07032125.jpg\" \/><\/p>\n<p>El 28 de junio, 2021 aviones de combate estadounidenses atacaron tres instalaciones en la frontera Siria-Irak &#8211; dos en Siria y una en territorio iraqu\u00ed &#8211; que, seg\u00fan un comunicado del Pent\u00e1gono, fueron utilizadas como \u00abinstalaciones operativas y de almacenamiento de armas\u00bb por varias milicias chiitas.<\/p>\n<p><strong>Milicias chiitas pro-iran\u00edes en Irak contin\u00faan amenazando con realizar ataques contra las fuerzas estadounidenses y cumplir con ello<\/strong><\/p>\n<p><img decoding=\"async\" src=\"https:\/\/www.memri.org\/sites\/default\/files\/2021\/jttmweekly07032126.jpg\" \/><\/p>\n<p>El 28 de junio, 2021 a las 02:00 horas, aviones estadounidenses bombardearon tres puestos de avanzada pertenecientes a las milicias chiitas iraqu\u00edes pro-iran\u00edes a lo largo de la frontera entre Siria e Irak.<\/p>\n<p><strong>Grupo reci\u00e9n creado se compromete a silenciar a aquellos opositores de las milicias respaldadas por Ir\u00e1n en Irak<\/strong><\/p>\n<p><img decoding=\"async\" src=\"https:\/\/www.memri.org\/sites\/default\/files\/2021\/jttmweekly07032127.jpg\" \/><\/p>\n<p>El 29 de junio, 2021 partidarios de las milicias respaldadas por Ir\u00e1n en Irak anunciaron en la aplicaci\u00f3n Telegram el establecimiento de un grupo que se compromete a defender a las facciones chiitas iraqu\u00edes contra lo que describi\u00f3 como una \u00abcampa\u00f1a medi\u00e1tica patrocinada por los Estados Unidos\u00bb.<\/p>\n<p><strong>Portal yihadista informa sobre ataques terroristas del grupo Tehreek-e-Taliban Pakistan (TTP) a puestos de control militares paquistan\u00edes en junio de este a\u00f1o 2021<\/strong><\/p>\n<p><img decoding=\"async\" src=\"https:\/\/www.memri.org\/sites\/default\/files\/2021\/jttmweekly07032128.jpg\" \/><\/p>\n<p>En junio, 2021 el portal oficial del grupo Tehreek-e-Taliban Pakistan (el Movimiento de los talibanes en Pakist\u00e1n, TTP) public\u00f3 varios informes sobre ataques terroristas llevados a cabo por sus combatientes en la regi\u00f3n tribal de Pakist\u00e1n.<\/p>\n<p><strong>Sintiendo ya la victoria en Afganist\u00e1n, el l\u00edder adjunto de los talibanes en Qatar Mullah Baradar, escribe lo siguiente: &#8216;Instamos a la comunidad internacional a que deje que los afganos decidan su destino&#8217;<\/strong><\/p>\n<p><img decoding=\"async\" src=\"https:\/\/www.memri.org\/sites\/default\/files\/2021\/jttmweekly07032129.jpg\" \/><\/p>\n<p><strong><em>El siguiente informe es ahora complemento sin costo alguno del Proyecto Supervisi\u00f3n a la Amenaza Terrorista y Yihad de MEMRI (PSATY). Para informaci\u00f3n sobre como suscribirse al PSATY, pulse aqu\u00ed.<\/em><\/strong><\/p>\n<p><strong><em>\u00a0<\/em><\/strong><\/p>\n<p>Mul\u00e1 Abdul Ghani Baradar, el emir adjunto para los temas pol\u00edticos del Emirato Isl\u00e1mico de Afganist\u00e1n (la organizaci\u00f3n de los talibanes afganos), ha escrito un art\u00edculo sin precedentes publicado por un portal oficial de los talibanes.<\/p>\n<p><strong>El jefe de operaciones de los talibanes afganos Sirajuddin Haqqani, emite instrucciones a oficiales militares del Taliban: &#8216;La situaci\u00f3n era militar y yihadista, pero ahora se est\u00e1 convirtiendo en una situaci\u00f3n civil&#8217;<\/strong><\/p>\n<p><img decoding=\"async\" src=\"https:\/\/www.memri.org\/sites\/default\/files\/2021\/jttmweekly07032130.jpg\" \/><\/p>\n<p><strong><em>El siguiente informe es ahora complemento sin costo alguno del Proyecto Supervisi\u00f3n a la Amenaza Terrorista y Yihad de MEMRI (PSATY). Para informaci\u00f3n sobre como suscribirse al PSATY, pulse aqu\u00ed.<\/em><\/strong><\/p>\n<p>D\u00edas despu\u00e9s de que el Mul\u00e1 Abdul Ghani Baradar, el emir adjunto de los talibanes afganos en Qatar escribiera, anticip\u00e1ndose a la victoria, un art\u00edculo sin precedentes que justificaba el yihad e instaba a la comunidad internacional a mantenerse alejada del conflicto afgano, el jefe de operaciones de los talibanes Sirajuddin Haqqani, ha emiti\u00f3 nuevas instrucciones a los muyahidines.<\/p>\n<p><strong>Autor talib\u00e1n afgano: &#8216;Distrito tras distrito est\u00e1 cayendo en manos de los muyahidines&#8217;; &#8216;Afganist\u00e1n&#8230; ser\u00e1 gobernado por un sistema isl\u00e1mico puro&#8217;<\/strong><\/p>\n<p><img decoding=\"async\" src=\"https:\/\/www.memri.org\/sites\/default\/files\/2021\/jttmweekly07032131.jpg\" \/><\/p>\n<p><strong><em>El siguiente informe es ahora complemento sin costo alguno del Proyecto Supervisi\u00f3n a la Amenaza Terrorista y Yihad de MEMRI (PSATY). Para informaci\u00f3n sobre como suscribirse al PSATY, pulse aqu\u00ed.<\/em><\/strong><\/p>\n<p>Desde el 1 de junio, 2021 el Emirato Isl\u00e1mico de Afganist\u00e1n (la organizaci\u00f3n de los talibanes afganos) ha estado publicando informes, basados ??en sus propias fuentes, diciendo que distrito tras distrito en Afganist\u00e1n est\u00e1 cayendo en manos de la organizaci\u00f3n yihadista.<\/p>\n<p>&nbsp;<\/p>\n","protected":false},"excerpt":{"rendered":"<p>Lo siguiente son algunos de los informes de esta semana del Proyecto Supervisi\u00f3n a la Amenaza Terrorista y Yihad (PSATY) en MEMRI, que traduce y analiza el contenido de fuentes monitoreadas y supervisadas las 24 horas del d\u00eda, 7 d\u00edas a la semana, entre estos los portales y blogs yihadistas m\u00e1s importantes. (Para ver estos [&hellip;]<\/p>\n","protected":false},"author":1,"featured_media":59891,"comment_status":"open","ping_status":"open","sticky":false,"template":"","format":"standard","meta":{"footnotes":""},"categories":[4,10,9,7,2],"tags":[],"class_list":["post-59890","post","type-post","status-publish","format-standard","has-post-thumbnail","hentry","category-archivos","category-estudios-sobre-terrorismo-y-yihad","category-temas","category-reportes-especiales","category-featured"],"_links":{"self":[{"href":"https:\/\/www2.memri.org\/espanol\/wp-json\/wp\/v2\/posts\/59890","targetHints":{"allow":["GET"]}}],"collection":[{"href":"https:\/\/www2.memri.org\/espanol\/wp-json\/wp\/v2\/posts"}],"about":[{"href":"https:\/\/www2.memri.org\/espanol\/wp-json\/wp\/v2\/types\/post"}],"author":[{"embeddable":true,"href":"https:\/\/www2.memri.org\/espanol\/wp-json\/wp\/v2\/users\/1"}],"replies":[{"embeddable":true,"href":"https:\/\/www2.memri.org\/espanol\/wp-json\/wp\/v2\/comments?post=59890"}],"version-history":[{"count":0,"href":"https:\/\/www2.memri.org\/espanol\/wp-json\/wp\/v2\/posts\/59890\/revisions"}],"wp:featuredmedia":[{"embeddable":true,"href":"https:\/\/www2.memri.org\/espanol\/wp-json\/wp\/v2\/media\/59891"}],"wp:attachment":[{"href":"https:\/\/www2.memri.org\/espanol\/wp-json\/wp\/v2\/media?parent=59890"}],"wp:term":[{"taxonomy":"category","embeddable":true,"href":"https:\/\/www2.memri.org\/espanol\/wp-json\/wp\/v2\/categories?post=59890"},{"taxonomy":"post_tag","embeddable":true,"href":"https:\/\/www2.memri.org\/espanol\/wp-json\/wp\/v2\/tags?post=59890"}],"curies":[{"name":"wp","href":"https:\/\/api.w.org\/{rel}","templated":true}]}}