{"id":59888,"date":"2021-07-02T14:48:16","date_gmt":"2021-07-02T18:48:16","guid":{"rendered":"https:\/\/www2.memri.org\/espanol\/?p=59888"},"modified":"2021-07-02T14:48:16","modified_gmt":"2021-07-02T18:48:16","slug":"lider-de-hamas-ismail-haniyeh-blande-espada-durante-su-visita-a-mauritania-la-espada-de-jerusalen-no-sera-envainada-hasta-que-se-libere-la-bendita-mezquita-al-aqsa","status":"publish","type":"post","link":"https:\/\/www2.memri.org\/espanol\/lider-de-hamas-ismail-haniyeh-blande-espada-durante-su-visita-a-mauritania-la-espada-de-jerusalen-no-sera-envainada-hasta-que-se-libere-la-bendita-mezquita-al-aqsa\/59888","title":{"rendered":"L\u00edder de Ham\u00e1s Ismail Haniyeh blande espada durante su visita a Mauritania: &#8216;La espada de Jerusal\u00e9n no ser\u00e1 envainada hasta que se libere la bendita mezquita Al-Aqsa&#8217;"},"content":{"rendered":"<p><em>Ismail Haniyeh, presidente del Bur\u00f3 Pol\u00edtico de Ham\u00e1s recibi\u00f3 una espada tomada como bot\u00edn en una batalla contra los colonialistas en Mauritania en el a\u00f1o de 1932. Este dijo: \u00abEsta espada se entrelazar\u00e1 con la espada de Jerusal\u00e9n\u00bb. Haniyeh habl\u00f3 en una recepci\u00f3n celebrada en honor a su visita a Mauritania y public\u00f3 en la p\u00e1gina web BellewarMedia en la aplicaci\u00f3n YouTube el 23 de junio, 2021. Haniyeh agreg\u00f3 que la espada \u00abafirm\u00f3 que esta naci\u00f3n es una naci\u00f3n de yihad y martirio\u00bb. Haniyeh luego dijo: \u00abLa espada de Jerusal\u00e9n no ser\u00e1 envainada hasta que la bendita mezquita Al-Aqsa sea liberada\u00bb.<\/em><\/p>\n<p><strong>Para ver el video del l\u00edder de Ham\u00e1s Ismail Haniyeh en el portal MEMRI TV, <a href=\"https:\/\/www.memri.org\/tv\/hamas-leader-ismail-haniyeh-sword-jerusalem-al-aqsa-liberated\">pulse aqu\u00ed<\/a> o debajo.<\/strong><\/p>\n<p><iframe src=\"https:\/\/www.memri.org\/player\/clip\/52762\/780,440\/1\" width=\"780\" height=\"440\" frameborder=\"0\"><\/iframe><\/p>\n<p><strong>Esta espada \u00abfue arrebatada como bot\u00edn por la resistencia mauritana y los muyahidines en el a\u00f1o 1932&#8230; Esto confirm\u00f3 que Mauritania es una naci\u00f3n de yihad y martirio\u00bb<\/strong><strong>\u00a0<\/strong><\/p>\n<p><strong>Ismail Haniyeh<\/strong>: \u00abEl presidente del Partido Uni\u00f3n y Cambio de Mauritania Saleh Hanenna me dio un regalo muy valioso. Me entrego una p\u00e1gina gloriosa de la historia de Mauritania y de su heroica resistencia. Me dio la espada de Jerusal\u00e9n. Por la &#8216;Batalla de la Espada de Jerusal\u00e9n \u00e9l me \u00abentreg\u00f3 la espada de la Batalla de Um Tounsi del a\u00f1o 1932\u00bb.<\/p>\n<p><img decoding=\"async\" class=\"three-quarter-size-image\" src=\"https:\/\/www.memri.org\/sites\/default\/files\/2021\/07\/m8949.JPG\" alt=\"\" \/><\/p>\n<p><strong>Audiencia<\/strong>: \u00ab\u00a1Al\u00e1 Akbar!\u00bb<\/p>\n<p><strong>Ismail Haniyeh<\/strong>: \u00abEsta fue tomada como bot\u00edn por la resistencia mauritana y los muyahidines en el a\u00f1o de 1932.<\/p>\n<p><strong>Audiencia<\/strong>: \u00ab\u00a1Al\u00e1 Akbar!\u00bb<\/p>\n<p><strong>Haniyeh<\/strong>: \u00abEsto es un bot\u00edn. Les digo a mis hermanos y hermanas: Esta espada registr\u00f3 una p\u00e1gina gloriosa en la historia y afirm\u00f3 que esta naci\u00f3n es una naci\u00f3n de yihad y martirio. Esta espada estar\u00e1 interconectada con la espada de Jerusal\u00e9n\u00bb.<\/p>\n<p><img decoding=\"async\" class=\"three-quarter-size-image\" src=\"https:\/\/www.memri.org\/sites\/default\/files\/2021\/07\/m8949a.JPG\" alt=\"\" \/><\/p>\n<p><strong>La espada de Jerusal\u00e9n no ser\u00e1 envainada hasta que la bendita mezquita Al-Aqsa sea liberada\u00bb<\/strong><\/p>\n<p><strong>Audiencia<\/strong>: \u00ab\u00a1Al\u00e1 Akbar!\u00bb<\/p>\n<p><strong>Haniyeh<\/strong>: \u00abPerm\u00edtanme decirles, mis hermanos y hermanas: La espada de Jerusal\u00e9n no ser\u00e1 envainada hasta que la bendita mezquita Al-Aqsa sea liberada\u00bb.<\/p>\n<p><img decoding=\"async\" class=\"three-quarter-size-image\" src=\"https:\/\/www.memri.org\/sites\/default\/files\/2021\/07\/m8949b.JPG\" alt=\"\" \/><\/p>\n<p><strong>Audiencia<\/strong>: \u00ab\u00a1Al\u00e1 Akbar!\u00bb<\/p>\n<p><img decoding=\"async\" class=\"three-quarter-size-image\" src=\"https:\/\/www.memri.org\/sites\/default\/files\/2021\/07\/m8949c.pnG\" alt=\"\" \/><\/p>\n","protected":false},"excerpt":{"rendered":"<p>Ismail Haniyeh, presidente del Bur\u00f3 Pol\u00edtico de Ham\u00e1s recibi\u00f3 una espada tomada como bot\u00edn en una batalla contra los colonialistas en Mauritania en el a\u00f1o de 1932. Este dijo: \u00abEsta espada se entrelazar\u00e1 con la espada de Jerusal\u00e9n\u00bb. Haniyeh habl\u00f3 en una recepci\u00f3n celebrada en honor a su visita a Mauritania y public\u00f3 en la [&hellip;]<\/p>\n","protected":false},"author":1,"featured_media":59889,"comment_status":"open","ping_status":"open","sticky":false,"template":"","format":"standard","meta":{"footnotes":""},"categories":[4,6,18,2,23],"tags":[],"class_list":["post-59888","post","type-post","status-publish","format-standard","has-post-thumbnail","hentry","category-archivos","category-comunicados-especiales","category-paises","category-featured","category-autoridad-palestina"],"_links":{"self":[{"href":"https:\/\/www2.memri.org\/espanol\/wp-json\/wp\/v2\/posts\/59888","targetHints":{"allow":["GET"]}}],"collection":[{"href":"https:\/\/www2.memri.org\/espanol\/wp-json\/wp\/v2\/posts"}],"about":[{"href":"https:\/\/www2.memri.org\/espanol\/wp-json\/wp\/v2\/types\/post"}],"author":[{"embeddable":true,"href":"https:\/\/www2.memri.org\/espanol\/wp-json\/wp\/v2\/users\/1"}],"replies":[{"embeddable":true,"href":"https:\/\/www2.memri.org\/espanol\/wp-json\/wp\/v2\/comments?post=59888"}],"version-history":[{"count":0,"href":"https:\/\/www2.memri.org\/espanol\/wp-json\/wp\/v2\/posts\/59888\/revisions"}],"wp:featuredmedia":[{"embeddable":true,"href":"https:\/\/www2.memri.org\/espanol\/wp-json\/wp\/v2\/media\/59889"}],"wp:attachment":[{"href":"https:\/\/www2.memri.org\/espanol\/wp-json\/wp\/v2\/media?parent=59888"}],"wp:term":[{"taxonomy":"category","embeddable":true,"href":"https:\/\/www2.memri.org\/espanol\/wp-json\/wp\/v2\/categories?post=59888"},{"taxonomy":"post_tag","embeddable":true,"href":"https:\/\/www2.memri.org\/espanol\/wp-json\/wp\/v2\/tags?post=59888"}],"curies":[{"name":"wp","href":"https:\/\/api.w.org\/{rel}","templated":true}]}}