{"id":59880,"date":"2021-07-01T12:30:11","date_gmt":"2021-07-01T16:30:11","guid":{"rendered":"https:\/\/www2.memri.org\/espanol\/?p=59880"},"modified":"2021-07-01T12:30:40","modified_gmt":"2021-07-01T16:30:40","slug":"comandante-del-cgri-salami-somos-tan-grandiosos-como-nuestros-objetivos-poseemos-vehiculos-aereos-no-tripulados-que-sobrevuelan-los-7-000-kilometros","status":"publish","type":"post","link":"https:\/\/www2.memri.org\/espanol\/comandante-del-cgri-salami-somos-tan-grandiosos-como-nuestros-objetivos-poseemos-vehiculos-aereos-no-tripulados-que-sobrevuelan-los-7-000-kilometros\/59880","title":{"rendered":"Comandante del CGRI Salami: &#8216;Somos tan grandiosos como nuestros objetivos&#8217;; &#8216;poseemos veh\u00edculos a\u00e9reos no-tripulados&#8230; que sobrevuelan los 7.000 kil\u00f3metros&#8217;"},"content":{"rendered":"<p><em>En una ceremonia dedicada a la presentaci\u00f3n de la vacuna para el Covid-19 de fabricaci\u00f3n iran\u00ed, Hossein Salami, comandante del Cuerpo de la Guardia Revolucionaria Isl\u00e1mica de Ir\u00e1n (CGRI), dijo que Ir\u00e1n hab\u00eda elegido estar entre los pa\u00edses l\u00edderes del mundo en todos los pormenores y en todos los temas. Este hizo hincapi\u00e9 en la determinaci\u00f3n del r\u00e9gimen revolucionario iran\u00ed de conquistar muchas monta\u00f1as, particularmente en lo que respecta a las ciencias y la tecnolog\u00eda y se\u00f1al\u00f3 el alcance de 7.000 kil\u00f3metros realizado por los veh\u00edculos a\u00e9reos no-tripulados del CGRI los cuales pueden llegar hasta m\u00e1s all\u00e1 de Europa.<\/em><em>\u00a0<\/em><\/p>\n<p><img loading=\"lazy\" decoding=\"async\" class=\"alignnone wp-image-59881\" src=\"https:\/\/www2.memri.org\/espanol\/wp-content\/uploads\/2021\/07\/SD9424.jpg\" alt=\"\" width=\"702\" height=\"379\" srcset=\"https:\/\/www2.memri.org\/espanol\/wp-content\/uploads\/2021\/07\/SD9424.jpg 578w, https:\/\/www2.memri.org\/espanol\/wp-content\/uploads\/2021\/07\/SD9424-300x162.jpg 300w\" sizes=\"auto, (max-width: 702px) 100vw, 702px\" \/><\/p>\n<p><em>Lo siguiente son sus declaraciones en la ceremonia:<\/em><\/p>\n<p><strong>\u00abLa grandeza de cada pueblo y el car\u00e1cter de cada sociedad depende de la amplitud de sus aspiraciones y de la grandeza de sus hech<\/strong>os\u00bb<\/p>\n<p>\u201cAlcanzar la cima siempre es un trabajo arduo. Es dif\u00edcil ascender a las alturas, pero ning\u00fan pa\u00eds ni ning\u00fan pueblo alcanzar\u00e1n las cimas del progreso y del prestigio sin tomar caminos dif\u00edciles.<\/p>\n<p>\u00abUna naci\u00f3n no crecer\u00e1 hasta que adopte grandes aspiraciones. La grandeza de cada pueblo y el car\u00e1cter de cada sociedad dependen de la amplitud de sus aspiraciones y de la grandeza de sus hechos&#8230;<\/p>\n<p>\u00abEstamos combatiendo por nuestra independencia y estamos en medio de una gran batalla. El mundo poderoso decidi\u00f3 impedirnos alcanzar la independencia nacional y decidimos revestir a nuestro pa\u00eds y a nuestra naci\u00f3n con este significado sagrado, es decir, la independencia a cualquier precio\u2026 por ejemplo, creando nuestra propia vacuna.<\/p>\n<p>\u00abEllos es decir, Occidente, que hablan de democracia y de progreso en el mundo, quieren que nuestros hijos enfermos mueran en los brazos de sus madres. Su plan para nuestra naci\u00f3n es la pobreza, la debilidad, la enfermedad y la desintegraci\u00f3n y es por ello que no nos permiten transferir fondos para obtener medicamentos y vacunas y no nos permiten interactuar con el mundo.<\/p>\n<p><strong>\u00abNosotros decidimos ser uno de los pa\u00edses l\u00edderes en el mundo en todos los fen\u00f3menos<\/strong>\u00bb<\/p>\n<p>\u00abSomos tan grandiosos como nuestros objetivos. Una naci\u00f3n que crea con \u00e9xito un respeto tan grande en las profundidades de un cerco tecnol\u00f3gico y econ\u00f3mico en su contra es una naci\u00f3n sumamente excepcional.<\/p>\n<p>\u00abCon la propagaci\u00f3n del coronavirus y el robo de mascarillas por parte de las superpotencias, no se pod\u00edan conseguir mascarillas. El mundo imagin\u00f3 que colapsar\u00edamos, para nunca volver a levantarnos, pero el islam y el mandato del jurisprudente del l\u00edder supremo iran\u00ed Ali Jamenei amanecieron y la l\u00f3gica del Cor\u00e1n apareci\u00f3 en la agenda y todos nos unimos y nos ayudamos unos a otros&#8230;<\/p>\n<p>\u201cNosotros decidimos ser uno de los pa\u00edses l\u00edderes del mundo en todos y cada uno de los fen\u00f3menos y hoy d\u00eda estamos entre los pa\u00edses l\u00edderes del mundo en muchas \u00e1reas. Poseemos veh\u00edculos a\u00e9reos no-tripulados de fuselaje ancho que vuelan a 7.000 km y aterrizan en cualquier lugar.<\/p>\n<p>\u00abEstamos muy orgullosos de que hoy sea un d\u00eda divino y el d\u00eda de nuestra voluntad. Somos los hombres de los lugares de batalla dif\u00edciles y le decimos al mundo entero que no abandonaremos estas plazas. Sabemos que finalmente romperemos todas las barreras s\u00f3lidas del cerco a trav\u00e9s de medios tecnol\u00f3gicos y cient\u00edficos. Estamos entregando estas vacunas a aquellos pobres de otros pa\u00edses y nuestros queridos pueblos pueden estar seguros de que hoy m\u00e1s que nunca ver\u00e1n izadas las estandartes de la esperanza\u00bb.<a href=\"#_edn1\" name=\"_ednref1\">[1]<\/a><\/p>\n<hr \/>\n<p><a href=\"#_ednref1\" name=\"_edn1\">[1]<\/a> Tasnim (Ir\u00e1n), 27 de junio, 2021.<\/p>\n<p>&nbsp;<\/p>\n","protected":false},"excerpt":{"rendered":"<p>En una ceremonia dedicada a la presentaci\u00f3n de la vacuna para el Covid-19 de fabricaci\u00f3n iran\u00ed, Hossein Salami, comandante del Cuerpo de la Guardia Revolucionaria Isl\u00e1mica de Ir\u00e1n (CGRI), dijo que Ir\u00e1n hab\u00eda elegido estar entre los pa\u00edses l\u00edderes del mundo en todos los pormenores y en todos los temas. Este hizo hincapi\u00e9 en la [&hellip;]<\/p>\n","protected":false},"author":1,"featured_media":59881,"comment_status":"open","ping_status":"open","sticky":false,"template":"","format":"standard","meta":{"footnotes":""},"categories":[4,6,20,18,2],"tags":[],"class_list":["post-59880","post","type-post","status-publish","format-standard","has-post-thumbnail","hentry","category-archivos","category-comunicados-especiales","category-iran","category-paises","category-featured"],"_links":{"self":[{"href":"https:\/\/www2.memri.org\/espanol\/wp-json\/wp\/v2\/posts\/59880","targetHints":{"allow":["GET"]}}],"collection":[{"href":"https:\/\/www2.memri.org\/espanol\/wp-json\/wp\/v2\/posts"}],"about":[{"href":"https:\/\/www2.memri.org\/espanol\/wp-json\/wp\/v2\/types\/post"}],"author":[{"embeddable":true,"href":"https:\/\/www2.memri.org\/espanol\/wp-json\/wp\/v2\/users\/1"}],"replies":[{"embeddable":true,"href":"https:\/\/www2.memri.org\/espanol\/wp-json\/wp\/v2\/comments?post=59880"}],"version-history":[{"count":0,"href":"https:\/\/www2.memri.org\/espanol\/wp-json\/wp\/v2\/posts\/59880\/revisions"}],"wp:featuredmedia":[{"embeddable":true,"href":"https:\/\/www2.memri.org\/espanol\/wp-json\/wp\/v2\/media\/59881"}],"wp:attachment":[{"href":"https:\/\/www2.memri.org\/espanol\/wp-json\/wp\/v2\/media?parent=59880"}],"wp:term":[{"taxonomy":"category","embeddable":true,"href":"https:\/\/www2.memri.org\/espanol\/wp-json\/wp\/v2\/categories?post=59880"},{"taxonomy":"post_tag","embeddable":true,"href":"https:\/\/www2.memri.org\/espanol\/wp-json\/wp\/v2\/tags?post=59880"}],"curies":[{"name":"wp","href":"https:\/\/api.w.org\/{rel}","templated":true}]}}