{"id":59869,"date":"2021-06-29T14:06:20","date_gmt":"2021-06-29T18:06:20","guid":{"rendered":"https:\/\/www2.memri.org\/espanol\/?p=59869"},"modified":"2021-06-29T14:06:20","modified_gmt":"2021-06-29T18:06:20","slug":"periodista-jordano-a-los-palestinos-olvidense-del-engano-de-un-estado-palestino-desde-el-rio-hasta-el-mar-y-aprovechen-la-oportunidad-historica-de-realizar-la-solucion-de-dos-estados","status":"publish","type":"post","link":"https:\/\/www2.memri.org\/espanol\/periodista-jordano-a-los-palestinos-olvidense-del-engano-de-un-estado-palestino-desde-el-rio-hasta-el-mar-y-aprovechen-la-oportunidad-historica-de-realizar-la-solucion-de-dos-estados\/59869","title":{"rendered":"Periodista jordano a los palestinos: Olv\u00eddense del enga\u00f1o de un estado palestino desde el r\u00edo hasta el mar y aprovechen la oportunidad hist\u00f3rica de realizar la soluci\u00f3n de dos estados"},"content":{"rendered":"<p><em>En un art\u00edculo publicado el 26 de mayo, 2021 en el portal liberal Elaph.com, el periodista jordano y ex-ministro de cultura e informaci\u00f3n Saleh Al-Qallab inst\u00f3 a la Autoridad Palestina a adherirse a la soluci\u00f3n de dos estados, es decir, un estado palestino en las fronteras de 1967 junto a Israel, en lugar de las ya cansadas consignas proferidas por elementos populistas y por aquellos que viven en varios estados \u00e1rabes y son leales a Ir\u00e1n. Al-Qallab agreg\u00f3 que hoy existe una oportunidad de oro para realizar la soluci\u00f3n de dos estados porque los Estados Unidos y otras potencias mundiales se han tomado muy en serio promoverlo. \u00abCuando llega un momento hist\u00f3rico como este\u00bb, escribi\u00f3, \u00ablos palestinos deben dejar de perseguir enga\u00f1os hermosos\u00bb tales como la noci\u00f3n de un estado palestino desde el r\u00edo hasta el mar, que solo ha provocado que muchos palestinos pierdan la vida o se conviertan en refugiados durante las ultimas d\u00e9cadas.<\/em><\/p>\n<figure style=\"width: 660px\" class=\"wp-caption alignnone\"><img loading=\"lazy\" decoding=\"async\" src=\"https:\/\/www.memri.org\/sites\/default\/files\/2021\/SD9420.jpg\" alt=\"Saleh Al-Qallab (Fuente: Tamus-net.net)\" width=\"660\" height=\"440\" \/><figcaption class=\"wp-caption-text\">Saleh Al-Qallab (Fuente: Tamus-net.net)<\/figcaption><\/figure>\n<p><em>Lo siguiente son extractos traducidos de su art\u00edculo<\/em>.<a href=\"#_edn1\" name=\"_ednref1\">[1]<\/a><\/p>\n<p>\u00abLos palestinos deben adherirse a lo que el secretario de Estado estadounidense Antony Blinken le dijo al presidente palestino Mahmoud &#8216;Abbas (Abu Mazen) durante su reuni\u00f3n con \u00e9l en Ramala, es decir, a &#8216;la soluci\u00f3n de dos estados, es decir, un estado palestino junto al estado de Israel&#8217; y no deben perder otra oportunidad hist\u00f3rica que tal vez nunca vuelva a ocurrir si contin\u00faan adhiri\u00e9ndose a consignas tales como &#8216;desde el r\u00edo hasta el mar&#8217;, que a los populistas les gusta tanto blandir. Est\u00e1 del todo claro y seguro que los estadounidenses y tambi\u00e9n la mayor\u00eda si no todos los pa\u00edses influyentes en Occidente y en el Medio Oriente, se toman en muy serio la resoluci\u00f3n de este problema, que ha estado colgando de un hilo durante todos estos largos a\u00f1os, durante los cuales los palestinos sacrificaron un flujo constante de m\u00e1rtires justos y continuaron produciendo ola tras ola de refugiados que se asentaron en los pa\u00edses \u00e1rabes, lejanos y cercanos y en todo el mundo.<\/p>\n<p>\u201cUn proverbio \u00e1rabe y quiz\u00e1s universal, dice, &#8216;Agarra todo, pierde todo&#8217;. Cierto que toda Palestina, desde el r\u00edo hasta el mar es altamente apreciado por los palestinos y por la mayor parte de la naci\u00f3n \u00e1rabe. Pero cuando llega un momento hist\u00f3rico como este, los palestinos deben dejar de perseguir hermosos enga\u00f1os, tal como lo han hecho hasta ahora todos estos a\u00f1os desde que sucedi\u00f3 la Nakba del a\u00f1o 1948, mientras los israel\u00edes han seguido echando ra\u00edces en lo que queda de Palestina y en los territorios pertenecientes a los estados \u00e1rabes, tales como la zona de los Altos del Gol\u00e1n sirios.<\/p>\n<p>\u00abEl liderazgo palestino, es decir, los dirigentes de la Autoridad Palestina, encabezados por el presidente Mahmoud &#8216;Abbas (Abu Mazen), seguramente encontrar\u00e1n oposici\u00f3n ante toda una procesi\u00f3n de populistas que pronuncian las ya cansadas consignas y por quienes viven una vida de lujo en las capitales de varios pa\u00edses \u00e1rabes y en el estado del jurisprudente iran\u00ed. Sin embargo, el liderazgo palestino, incluyendo el liderazgo de Fatah y de las otras facciones palestinas que lo apoyan, est\u00e1 ahora claramente decidido sobre este tema a implementar la soluci\u00f3n de dos estados y muy seguramente aprovechar\u00e1 este momento en lugar de perderlo, porque esta vez est\u00e1 claro que los Estados Unidos habla muy en serio, al igual que todos los estados europeos y todos los pa\u00edses influyentes del mundo.<\/p>\n<p>\u00abDurante m\u00e1s de 70 a\u00f1os, Israel ha seguido &#8216;obteniendo beneficios pol\u00edticos&#8217; del populismo de los estados \u00e1rabes y de las organizaciones palestinas, mientras que la revoluci\u00f3n lanzada por Fatah en 1965 continu\u00f3 llevando su equipo de una capital \u00e1rabe a la otra, ya sea en Asia o en \u00c1frica. Supongo que algunos todav\u00eda recuerdan la forma como Yasser Arafat se vio obligado a abandonar Beirut en 1982 luego de un doloroso cerco y se traslad\u00f3 a T\u00fanez, que en ese momento era la sede de la Liga \u00c1rabe.<\/p>\n<p>\u00abPor lo tanto, est\u00e1 del todo claro y seguro que el liderazgo palestino, que ha manejado este candente tema durante todos estos largos a\u00f1os, no perder\u00e1 esta oportunidad de oro y no se dejar\u00e1 llevar por las consignas de los populistas. Perm\u00edtanme enfatizar que la Franja de Gaza tambi\u00e9n, no seguir\u00e1 colgando de un hilo y estar\u00e1 virtualmente subordinada al jurisprudente iran\u00ed, porque cuando la soluci\u00f3n de dos estados, es decir la soluci\u00f3n de un estado palestino con Jerusal\u00e9n Oriental como su capital y un estado israel\u00ed en las fronteras de 1967 comience a ser implementada, Gaza se unir\u00e1 al estado palestino, con lo que el pueblo palestino ha estado so\u00f1ando durante todos estos largos a\u00f1os, es decir, durante m\u00e1s de 70 a\u00f1os\u00bb.<\/p>\n<hr \/>\n<p><a href=\"#_ednref1\" name=\"_edn1\">[1]<\/a> Elaph.com, 26 de mayo, 2021.<\/p>\n","protected":false},"excerpt":{"rendered":"<p>En un art\u00edculo publicado el 26 de mayo, 2021 en el portal liberal Elaph.com, el periodista jordano y ex-ministro de cultura e informaci\u00f3n Saleh Al-Qallab inst\u00f3 a la Autoridad Palestina a adherirse a la soluci\u00f3n de dos estados, es decir, un estado palestino en las fronteras de 1967 junto a Israel, en lugar de las [&hellip;]<\/p>\n","protected":false},"author":1,"featured_media":59870,"comment_status":"open","ping_status":"open","sticky":false,"template":"","format":"standard","meta":{"footnotes":""},"categories":[4,6,18,22,2],"tags":[],"class_list":["post-59869","post","type-post","status-publish","format-standard","has-post-thumbnail","hentry","category-archivos","category-comunicados-especiales","category-paises","category-jordania","category-featured"],"_links":{"self":[{"href":"https:\/\/www2.memri.org\/espanol\/wp-json\/wp\/v2\/posts\/59869","targetHints":{"allow":["GET"]}}],"collection":[{"href":"https:\/\/www2.memri.org\/espanol\/wp-json\/wp\/v2\/posts"}],"about":[{"href":"https:\/\/www2.memri.org\/espanol\/wp-json\/wp\/v2\/types\/post"}],"author":[{"embeddable":true,"href":"https:\/\/www2.memri.org\/espanol\/wp-json\/wp\/v2\/users\/1"}],"replies":[{"embeddable":true,"href":"https:\/\/www2.memri.org\/espanol\/wp-json\/wp\/v2\/comments?post=59869"}],"version-history":[{"count":0,"href":"https:\/\/www2.memri.org\/espanol\/wp-json\/wp\/v2\/posts\/59869\/revisions"}],"wp:featuredmedia":[{"embeddable":true,"href":"https:\/\/www2.memri.org\/espanol\/wp-json\/wp\/v2\/media\/59870"}],"wp:attachment":[{"href":"https:\/\/www2.memri.org\/espanol\/wp-json\/wp\/v2\/media?parent=59869"}],"wp:term":[{"taxonomy":"category","embeddable":true,"href":"https:\/\/www2.memri.org\/espanol\/wp-json\/wp\/v2\/categories?post=59869"},{"taxonomy":"post_tag","embeddable":true,"href":"https:\/\/www2.memri.org\/espanol\/wp-json\/wp\/v2\/tags?post=59869"}],"curies":[{"name":"wp","href":"https:\/\/api.w.org\/{rel}","templated":true}]}}