{"id":59758,"date":"2021-06-04T15:08:35","date_gmt":"2021-06-04T19:08:35","guid":{"rendered":"https:\/\/www2.memri.org\/espanol\/?p=59758"},"modified":"2021-06-07T15:15:34","modified_gmt":"2021-06-07T19:15:34","slug":"resumen-del-fin-de-semana-del-proyecto-supervision-a-la-amenaza-terrorista-y-yihad-psaty-semana-del-29-de-mayo-5-de-junio-2021","status":"publish","type":"post","link":"https:\/\/www2.memri.org\/espanol\/resumen-del-fin-de-semana-del-proyecto-supervision-a-la-amenaza-terrorista-y-yihad-psaty-semana-del-29-de-mayo-5-de-junio-2021\/59758","title":{"rendered":"Resumen del fin de semana del Proyecto Supervisi\u00f3n a la Amenaza Terrorista y Yihad (PSATY) &#8211; Semana del 29 de mayo &#8211; 5 de junio, 2021"},"content":{"rendered":"<p><em>Lo siguiente son algunos de los informes de esta semana del Proyecto Supervisi\u00f3n a la Amenaza Terrorista y Yihad (PSATY) en MEMRI, que traduce y analiza el contenido de fuentes monitoreadas y supervisadas las 24 horas del d\u00eda, 7 d\u00edas a la semana, entre estos los portales y blogs yihadistas m\u00e1s importantes. (Para ver estos informes en su totalidad, usted debe ser miembro del PSATY; para obtener informaci\u00f3n sobre c\u00f3mo obtener la membrec\u00eda, env\u00ede un correo electr\u00f3nico a la siguiente direcci\u00f3n jttmsubs@memri.org junto al texto \u00abMembership &#8211; Membrec\u00eda\u00bb en el p\u00e1rrafo del tema).<\/em><\/p>\n<p><strong><em>Nota a los medios de comunicaci\u00f3n y del gobierno: Para obtener una copia completa de estos informes, env\u00ede un correo electr\u00f3nico con el t\u00edtulo del informe en la l\u00ednea del tema a la siguiente direcci\u00f3n: media@memri.org. Por favor incluya su nombre, t\u00edtulo y organizaci\u00f3n a la que pertenece en su correo electr\u00f3nico.<\/em><\/strong><\/p>\n<p><strong>EXCLUSIVO: En mensaje desde una prisi\u00f3n en los Estados Unidos, agente de medios de comunicaci\u00f3n pro-EIIS insta a otros a continuar con su pr\u00e9dica y dice que ayud\u00f3 a convertir al islam a un compa\u00f1ero de prisi\u00f3n<\/strong><\/p>\n<p><img decoding=\"async\" class=\"half-size-image\" src=\"https:\/\/www.memri.org\/sites\/default\/files\/2021\/jw63.png\" alt=\"\" \/><\/p>\n<p>El 23 de mayo, 2021 una cuenta pro-Estado Isl\u00e1mico (EIIS) tuite\u00f3 un mensaje que supuestamente es de un individuo estadounidense quien se encuentra en prisi\u00f3n bajo cargos de intentar proveer apoyo material y recursos al EIIS.<\/p>\n<p><strong>EXCLUSIVO: Medio de comunicaci\u00f3n noticioso de la oposici\u00f3n siria: Hezbol\u00e1 est\u00e1 plantando y cultivando cannabis al este de Siria con el prop\u00f3sito de ayudar a financiar sus operaciones<\/strong><\/p>\n<p><img decoding=\"async\" src=\"https:\/\/www.memri.org\/sites\/default\/files\/2021\/jw63a.png\" \/><\/p>\n<p><strong><em>El siguiente informe es ahora complemento sin costo alguno del Proyecto Supervisi\u00f3n a la Amenaza Terrorista y Yihad de MEMRI (PSATY). Para informaci\u00f3n sobre como suscribirse al PSATY, pulse aqu\u00ed.<\/em><\/strong><\/p>\n<p>Un medio de comunicaci\u00f3n noticioso pro-rebelde inform\u00f3 el 24 de mayo, 2021 que el grupo militante liban\u00e9s chiita respaldado por Ir\u00e1n-Hezbol\u00e1 ha comenzado recientemente a plantar y cultivar cannabis en la zona este de Siria, cercana a la frontera iraqu\u00ed.<\/p>\n<p><strong>EXCLUSIVO: Talibanes afganos advierten a Pakist\u00e1n ante el suministro de bases militares a los Estados Unidos y dicen: &#8216;La naci\u00f3n musulmana y los muyahid\u00edn en Afganist\u00e1n no permanecer\u00e1n en silencio&#8217;<\/strong><\/p>\n<p><img decoding=\"async\" src=\"https:\/\/www.memri.org\/sites\/default\/files\/2021\/jw63b.png\" \/><\/p>\n<p><strong><em>El siguiente informe es ahora complemento sin costo alguno del Proyecto Supervisi\u00f3n a la Amenaza Terrorista y Yihad de MEMRI (PSATY). Para informaci\u00f3n sobre como suscribirse al PSATY, pulse aqu\u00ed.<\/em><\/strong><\/p>\n<p>El 26 de mayo, 2021 el Emirato Isl\u00e1mico de Afganist\u00e1n (la organizaci\u00f3n de los talibanes afganos) emiti\u00f3 un comunicado advirtiendo a los pa\u00edses vecinos de Afganist\u00e1n, especialmente Pakist\u00e1n, que no le proporcionen bases militares a las fuerzas estadounidenses.<\/p>\n<p><strong>EXCLUSIVO: Partidario de Al-Qaeda elogia la revista <em>Lobos de Manhattan<\/em> por incitar ataque al estilo lobo solitario en Par\u00eds, agotando los recursos de seguridad en Occidente y pide a los medios de comunicaci\u00f3n pro-Al-Qaeda que sigan tras su ejemplo<\/strong><\/p>\n<p><img decoding=\"async\" src=\"https:\/\/www.memri.org\/sites\/default\/files\/2021\/jw63d.png\" \/><\/p>\n<p>El 29 de mayo, 2021 un partidario de Al-Qaeda dio a conocer una extensa publicaci\u00f3n en la aplicaci\u00f3n Telegram elogiando a los editores de un medio de comunicaci\u00f3n pro-Al-Qaeda por producir contenido medi\u00e1tico altamente efectivo.<\/p>\n<p><strong>EXCLUSIVO: Nuevo video del EIIS muestra ataques en todo Irak, incluyendo ejecuciones sumarias y una decapitaci\u00f3n &#8211; ADVERTENCIA &#8211; MATERIAL MUY GR\u00c1FICO<\/strong><\/p>\n<p><img decoding=\"async\" src=\"https:\/\/www.memri.org\/sites\/default\/files\/2021\/jw63e.png\" \/><\/p>\n<p>El 28 de mayo, 2021 el Estado Isl\u00e1mico (EIIS) dio a conocer un tercer video de una serie, esta vez desde Irak. Los dos videos anteriores de la serie pertenec\u00edan a Pakist\u00e1n y al Sina\u00ed.<\/p>\n<p><strong>Art\u00edculo en la edici\u00f3n No. 16 de la revista del EIIS <em>&#8216;Sawt Al-Hind&#8217;<\/em> dice que el Covid-19 es la maldici\u00f3n de Al\u00e1 sobre India: Los &#8216;<em>mushrikeen<\/em> (polite\u00edstas) gritan y lloran mientras un ligero l\u00e1tigo de la ira de Al\u00e1 impacta sobre ellos&#8217;<\/strong><\/p>\n<p><img decoding=\"async\" src=\"https:\/\/www.memri.org\/sites\/default\/files\/2021\/jw63f.png\" \/><\/p>\n<p>Un art\u00edculo publicado en la edici\u00f3n No. 16 de la revista del EIIS \u00ab<em>Sawt Al-Hind<\/em>\u00bb sostiene que el virus del Covid-19 es uno de los castigos m\u00e1s leves de Al\u00e1.<\/p>\n<p><strong>El EIIS en el Sina\u00ed confirma haber asesinado a comandante del ej\u00e9rcito egipcio y ejecuta a dos presuntos esp\u00edas en una campa\u00f1a de represalia<\/strong><\/p>\n<p><img decoding=\"async\" src=\"https:\/\/www.memri.org\/sites\/default\/files\/2021\/jw63g.png\" \/><\/p>\n<p>El 31 de mayo, 2021 Wilayat Sina&#8217;, o Provincia Sina\u00ed del Estado Isl\u00e1mico (EIIS), public\u00f3 en la aplicaci\u00f3n Telegram una declaraci\u00f3n en la que se responsabiliz\u00f3 por un ataque utilizando francotiradores al norte del Sina\u00ed, el cual result\u00f3 en la muerte de un comandante de campo egipcio.<\/p>\n<p><strong>Editorial del EIIS describe a cl\u00e9rigos pro-gobierno como &#8216;predicadores de la falsedad&#8217; y dice que su peligro para el islam es mucho mayor que el peligro que representan los &#8216;tiranos&#8217;<\/strong><\/p>\n<p><img decoding=\"async\" src=\"https:\/\/www.memri.org\/sites\/default\/files\/2021\/jw63h.png\" \/><\/p>\n<p>El 27 de mayo, 2021 el Estado Isl\u00e1mico (EIIS) public\u00f3 una nueva edici\u00f3n de su diario semanal, que incluy\u00f3 un editorial en el que condenaba a los cl\u00e9rigos y acad\u00e9micos musulmanes pro-gobierno.<\/p>\n<p><strong>El EIIS confirma haber atacado a las fuerzas armadas congole\u00f1as y a las &#8216;fuerzas africanas aliadas&#8217; al este de la Rep\u00fablica Democr\u00e1tica del Congo<\/strong><\/p>\n<p><img decoding=\"async\" src=\"https:\/\/www.memri.org\/sites\/default\/files\/2021\/jw63i.png\" \/><\/p>\n<p>El 31 de mayo, 2021 el grupo Provincia \u00c1frica Central (ISCAP\/siglas en ingl\u00e9s) del Estado Isl\u00e1mico se responsabiliz\u00f3 a trav\u00e9s de un medio de comunicaci\u00f3n oficial del EIIS por una redada perpetrada el 30 de mayo sobre una base militar en la Rep\u00fablica Democr\u00e1tica del Congo (RDC).<\/p>\n<p><strong>Emir del grupo Provincia \u00c1frica Occidental (ISWAP\/siglas en ingl\u00e9s) Departamento Zakat del Estado Isl\u00e1mico habla sobre recaudaci\u00f3n y distribuci\u00f3n de m\u00e1s de $150.000 en fondos zakat<\/strong><\/p>\n<p><img decoding=\"async\" src=\"https:\/\/www.memri.org\/sites\/default\/files\/2021\/jw63j.png\" \/><\/p>\n<p>La revista semanal del Estado Isl\u00e1mico (EIIS), publicada el 27 de mayo, 2021 inform\u00f3 sobre las actividades del departamento zakat del grupo Provincia \u00c1frica Occidental (ISWAP\/siglas en ingl\u00e9s) del Estado Isl\u00e1mico.<\/p>\n<p><strong>Publicaciones contradictorias por parte de partidarios del Estado Isl\u00e1mico (EIIS) sobre el alcance de las actividades del EIIS en el desierto sirio<\/strong><\/p>\n<p><img decoding=\"async\" src=\"https:\/\/www.memri.org\/sites\/default\/files\/2021\/jw63k.png\" \/><\/p>\n<p>El desierto sirio, o Badiyah, que comprende alrededor del 55% del \u00e1rea del pa\u00eds y consiste en las regiones al sur del \u00c9ufrates y al este de las principales ciudades de Hama, Homs y Damasco, se ha convertido en uno de los principales escenarios de las actividades del Estado Isl\u00e1mico (EIIS).<\/p>\n<p><strong>Grupo de medios pro-Estado Isl\u00e1mico (EIIS) defiende pr\u00e1ctica de publicar material escrito por mujeres<\/strong><\/p>\n<p><img decoding=\"async\" src=\"https:\/\/www.memri.org\/sites\/default\/files\/2021\/jw63l.png\" \/><\/p>\n<p>Un medio de comunicaci\u00f3n pro-EIIS public\u00f3 una declaraci\u00f3n en la aplicaci\u00f3n Telegram defendiendo su publicaci\u00f3n de material escrito por una prominente mujer poetisa y propagandista pro-Estado Isl\u00e1mico (EIIS).<\/p>\n<p><strong>P\u00f3ster pro-EIIS llama \u2018hip\u00f3crita\u2019 al embajador emirat\u00ed en Israel de por reunirse con el principal rabino israel\u00ed tras la guerra en Gaza: Pueda Al\u00e1 empoderar a los muyahidines para que le agarren el cuello a los tiranos de los Emiratos \u00c1rabes Unidos<\/strong><\/p>\n<p><img decoding=\"async\" src=\"https:\/\/www.memri.org\/sites\/default\/files\/2021\/jw63m.png\" \/><\/p>\n<p>El 2 de junio, 2021 un medio de comunicaci\u00f3n pro-Estado Isl\u00e1mico (EIIS) public\u00f3 un p\u00f3ster en el que condenaba al embajador de los Emiratos \u00c1rabes Unidos en Israel Mohammed Mahmoud Al-Khaja por reunirse con el l\u00edder espiritual de un partido pol\u00edtico ultra-ortodoxo israel\u00ed en Jerusal\u00e9n el d\u00eda 31 de mayo, 2021.<\/p>\n<p><strong>Ministerio de Sanidad de Hay&#8217;at Tahrir Al-Sham (HTS) &#8211; vinculado al gobierno de salvaci\u00f3n condena la elecci\u00f3n de Siria al Consejo Ejecutivo de la Organizaci\u00f3n Mundial de la Salud (OMS)<\/strong><\/p>\n<p><img decoding=\"async\" src=\"https:\/\/www.memri.org\/sites\/default\/files\/2021\/jw63n.png\" \/><\/p>\n<p>El 28 de mayo, 2021 durante su 74ava Asamblea Mundial de la Salud, la Organizaci\u00f3n Mundial de la Salud (OMS) de las Naciones Unidas (ONU) vot\u00f3 para elegir a Siria como miembro de su Junta Ejecutiva para los pr\u00f3ximos tres a\u00f1os.<\/p>\n<p><strong>Grupo de Apoyo al Islam y los Musulmanes (GAIM) afirma haber atacado camiones de la ONU al norte de Mal\u00ed<\/strong><\/p>\n<p><img decoding=\"async\" src=\"https:\/\/www.memri.org\/sites\/default\/files\/2021\/jw63o.png\" \/><\/p>\n<p>El 2 de junio, 2021 el brazo medi\u00e1tico de la filial de Al-Qaeda en Mali, Jama&#8217;at Nusrat Al-Islam Wal-Muslimeen (Grupo de Apoyo al Islam y Musulmanes &#8211; GAIM), emiti\u00f3 un comunicado diciendo que el 24 de mayo, 2021 sus combatientes atacaron dos veh\u00edculos pertenecientes a la Misi\u00f3n Multidimensional Integrada de Estabilizaci\u00f3n de las Naciones Unidas en Mal\u00ed (MINUSMA\/siglas en ingl\u00e9s).<\/p>\n<p><strong>En Twitter, cuenta yihadista pro-talib\u00e1n tuitea fotograf\u00edas y videos de las actividades de los muyahidines talibanes afganos en Afganist\u00e1n<\/strong><\/p>\n<p><img decoding=\"async\" src=\"https:\/\/www.memri.org\/sites\/default\/files\/2021\/jw63p.png\" \/><\/p>\n<p>Una serie de tuits, im\u00e1genes y videoclips publicados por una cuenta pro-talib\u00e1n en Twitter arroja luz sobre la forma en que el Emirato Isl\u00e1mico de Afganist\u00e1n (la organizaci\u00f3n de los talibanes) se encuentra operando en Afganist\u00e1n.<\/p>\n<p><strong>Filial de Al-Qaeda expresa su apoyo a los palestinos y dice: \u00abSomos sus guardianes y todo musulm\u00e1n en la tierra de Cachemira e India es su guar<\/strong>di\u00e1n\u00bb<\/p>\n<p><img decoding=\"async\" src=\"https:\/\/www.memri.org\/sites\/default\/files\/2021\/jw63q.png\" \/><\/p>\n<p>Una filial de Al-Qaeda activa principalmente en el valle de Cachemira les ha hecho un llamado a los musulmanes de todo el mundo para que apoyen a los palestinos en su lucha contra Israel.<\/p>\n<p><strong>Art\u00edculo de los talibanes afganos rinde homenaje a un emir fallecido y dice: &#8216;Los afganos pronto tendr\u00e1n independencia, soberan\u00eda y un sistema isl\u00e1mico&#8217;<\/strong><\/p>\n<p><img decoding=\"async\" src=\"https:\/\/www.memri.org\/sites\/default\/files\/2021\/jw63r.png\" \/><\/p>\n<p>Un portal de los talibanes ha publicado un art\u00edculo en el que le rinde homenaje al difunto emir de la organizaci\u00f3n.<\/p>\n","protected":false},"excerpt":{"rendered":"<p>Lo siguiente son algunos de los informes de esta semana del Proyecto Supervisi\u00f3n a la Amenaza Terrorista y Yihad (PSATY) en MEMRI, que traduce y analiza el contenido de fuentes monitoreadas y supervisadas las 24 horas del d\u00eda, 7 d\u00edas a la semana, entre estos los portales y blogs yihadistas m\u00e1s importantes. (Para ver estos [&hellip;]<\/p>\n","protected":false},"author":1,"featured_media":59759,"comment_status":"open","ping_status":"open","sticky":false,"template":"","format":"standard","meta":{"footnotes":""},"categories":[4,10,9,7,2],"tags":[],"class_list":["post-59758","post","type-post","status-publish","format-standard","has-post-thumbnail","hentry","category-archivos","category-estudios-sobre-terrorismo-y-yihad","category-temas","category-reportes-especiales","category-featured"],"_links":{"self":[{"href":"https:\/\/www2.memri.org\/espanol\/wp-json\/wp\/v2\/posts\/59758","targetHints":{"allow":["GET"]}}],"collection":[{"href":"https:\/\/www2.memri.org\/espanol\/wp-json\/wp\/v2\/posts"}],"about":[{"href":"https:\/\/www2.memri.org\/espanol\/wp-json\/wp\/v2\/types\/post"}],"author":[{"embeddable":true,"href":"https:\/\/www2.memri.org\/espanol\/wp-json\/wp\/v2\/users\/1"}],"replies":[{"embeddable":true,"href":"https:\/\/www2.memri.org\/espanol\/wp-json\/wp\/v2\/comments?post=59758"}],"version-history":[{"count":0,"href":"https:\/\/www2.memri.org\/espanol\/wp-json\/wp\/v2\/posts\/59758\/revisions"}],"wp:featuredmedia":[{"embeddable":true,"href":"https:\/\/www2.memri.org\/espanol\/wp-json\/wp\/v2\/media\/59759"}],"wp:attachment":[{"href":"https:\/\/www2.memri.org\/espanol\/wp-json\/wp\/v2\/media?parent=59758"}],"wp:term":[{"taxonomy":"category","embeddable":true,"href":"https:\/\/www2.memri.org\/espanol\/wp-json\/wp\/v2\/categories?post=59758"},{"taxonomy":"post_tag","embeddable":true,"href":"https:\/\/www2.memri.org\/espanol\/wp-json\/wp\/v2\/tags?post=59758"}],"curies":[{"name":"wp","href":"https:\/\/api.w.org\/{rel}","templated":true}]}}