{"id":5965,"date":"2013-03-20T00:00:00","date_gmt":"2013-03-20T00:00:00","guid":{"rendered":"http:\/\/www2.memri.org\/espanol\/2013\/03\/20\/presidente-de-la-autoridad-palestina-mahmoud-abbas-la-union-europea-puede-remover-a-hamas-de-la-lista-de-paises-terroristas-no-hay-diferencia-entre-nuestras-politicas-y-las-de-ellos\/"},"modified":"2013-03-20T00:00:00","modified_gmt":"2013-03-20T00:00:00","slug":"presidente-de-la-autoridad-palestina-mahmoud-abbas-la-union-europea-puede-remover-a-hamas-de-la-lista-de-paises-terroristas-no-hay-diferencia-entre-nuestras-politicas-y-las-de-ellos","status":"publish","type":"post","link":"https:\/\/www2.memri.org\/espanol\/presidente-de-la-autoridad-palestina-mahmoud-abbas-la-union-europea-puede-remover-a-hamas-de-la-lista-de-paises-terroristas-no-hay-diferencia-entre-nuestras-politicas-y-las-de-ellos\/5965","title":{"rendered":"Presidente de la Autoridad Palestina Mahmoud &#8216;Abbas: La Uni\u00f3n Europea puede remover a Hamas de la lista de pa\u00edses terroristas, no hay diferencia entre nuestras pol\u00edticas y las de ellos"},"content":{"rendered":"<div class=\"bodytext c1\">\n<p><em>Lo siguiente son extractos de una entrevista con el Presidente de la Autoridad Palestina Mahmoud &#8216;Abbas, transmitida en Russia Today TV el 15 de marzo, 2013.<\/em><\/p>\n<p><em><a href=\"http:\/\/www.memritv.org\/clip\/en\/0\/0\/0\/0\/0\/0\/3774.htm\">Haga clic aqu\u00ed para ver este video en MEMRI TV<\/a>.<\/em><\/p>\n<p><iframe width=\"404\" height=\"356\" src=\"http:\/\/www.memritv.org\/embedded_player\/index.php?clip_id=3774\" frameborder=\"0\"><\/iframe><\/p>\n<p><strong>Entrevistador<\/strong>: \u00abSe dice que la Uni\u00f3n Europea planea eliminar a Hamas de la lista de organizaciones terroristas \u00bfVe usted esto como un paso hacia el pleno reconocimiento de la legitimidad del gobierno de [Hamas]?\u00bb<\/p>\n<p><strong>Mahmoud &#8216;Abbas<\/strong>: \u00abNo creo que reconocer\u00e1n la legitimidad del gobierno de Hamas. Despu\u00e9s de lo ocurrido, y dado que Hamas ha respetado la tregua, y ha declarado que apoya la resistencia popular pac\u00edfica&#8230; En lo que a m\u00ed respecta, no hay diferencia entre nuestras pol\u00edticas y las de Hamas. Entonces \u00bfpor qu\u00e9 est\u00e1n etiquetados como terroristas? En mi opini\u00f3n, [la Uni\u00f3n Europea] puede remover a Hamas de [la lista], \u00bfpor qu\u00e9 no?\u00bb<\/p>\n<p><strong>Entrevistador<\/strong>: \u00abPero ustedes no disparan misiles contra Israel\u00bb.<\/p>\n<p><strong>Mahmoud &lsquo;Abbas<\/strong>: \u00abNi nosotros ni Hamas dispara misiles. Desde el final de la segunda Intifada, nos hemos comprometido a abstenernos de utilizar armas. Decimos esto abiertamente. No es ning\u00fan secreto. No lo ocultamos. Lo decimos de una manera clara y fuerte de que no tenemos ninguna intenci\u00f3n o deseo de violar&#8230; o mejor dicho, participar en una Intifada armada con Israel. Lo digo fuerte y claro.<\/p>\n<p>\u00abHamas declar\u00f3 [lo mismo], pero luego hubo escaramuzas una vez o dos veces. Esperamos que eso haya sido el final de la misma.<\/p>\n<p>[&#8230;]<\/p>\n<p>\u00abNadie quiere admitir a los palestinos que abandonaron Siria. Vinieron a Siria como refugiados, y deben permanecer en Siria o regresar a su propio pa\u00eds. Eso es todo. Es por eso que la situaci\u00f3n es dif\u00edcil. Espero que la crisis se alivie o se resuelva\u00bb.<\/p>\n<p><strong>Entrevistador<\/strong>: \u00abEstos [refugiados] no pueden regresar a Palestina&#8230;\u00bb<\/p>\n<p><strong>Mahmoud &#8216;Abbas<\/strong>: \u00abExactamente. Ahora no pueden. Muchos ya han regresado. Si te dijera las cifras, se sorprender\u00eda. Por el retorno de la Autoridad Palestina a nuestra patria en 1994 hasta el 2000, medio mill\u00f3n de palestinos retornaron\u00bb.<\/p>\n<p>[&#8230;]<\/p>\n<\/div>\n","protected":false},"excerpt":{"rendered":"<p>Lo siguiente son extractos de una entrevista con el Presidente de la Autoridad Palestina Mahmoud &#8216;Abbas, transmitida en Russia Today TV el 15 de marzo, 2013. Haga clic aqu\u00ed para ver este video en MEMRI TV. Entrevistador: \u00abSe dice que la Uni\u00f3n Europea planea eliminar a Hamas de la lista de organizaciones terroristas \u00bfVe usted [&hellip;]<\/p>\n","protected":false},"author":1,"featured_media":0,"comment_status":"open","ping_status":"open","sticky":false,"template":"","format":"standard","meta":{"footnotes":""},"categories":[6,23],"tags":[],"class_list":["post-5965","post","type-post","status-publish","format-standard","hentry","category-comunicados-especiales","category-autoridad-palestina"],"_links":{"self":[{"href":"https:\/\/www2.memri.org\/espanol\/wp-json\/wp\/v2\/posts\/5965","targetHints":{"allow":["GET"]}}],"collection":[{"href":"https:\/\/www2.memri.org\/espanol\/wp-json\/wp\/v2\/posts"}],"about":[{"href":"https:\/\/www2.memri.org\/espanol\/wp-json\/wp\/v2\/types\/post"}],"author":[{"embeddable":true,"href":"https:\/\/www2.memri.org\/espanol\/wp-json\/wp\/v2\/users\/1"}],"replies":[{"embeddable":true,"href":"https:\/\/www2.memri.org\/espanol\/wp-json\/wp\/v2\/comments?post=5965"}],"version-history":[{"count":0,"href":"https:\/\/www2.memri.org\/espanol\/wp-json\/wp\/v2\/posts\/5965\/revisions"}],"wp:attachment":[{"href":"https:\/\/www2.memri.org\/espanol\/wp-json\/wp\/v2\/media?parent=5965"}],"wp:term":[{"taxonomy":"category","embeddable":true,"href":"https:\/\/www2.memri.org\/espanol\/wp-json\/wp\/v2\/categories?post=5965"},{"taxonomy":"post_tag","embeddable":true,"href":"https:\/\/www2.memri.org\/espanol\/wp-json\/wp\/v2\/tags?post=5965"}],"curies":[{"name":"wp","href":"https:\/\/api.w.org\/{rel}","templated":true}]}}