{"id":5960,"date":"2013-04-03T00:00:00","date_gmt":"2013-04-03T00:00:00","guid":{"rendered":"http:\/\/www2.memri.org\/espanol\/2013\/04\/03\/columnista-liberal-hagan-secar-las-fuentes-del-extremismo-islamico\/"},"modified":"2013-04-03T00:00:00","modified_gmt":"2013-04-03T00:00:00","slug":"columnista-liberal-hagan-secar-las-fuentes-del-extremismo-islamico","status":"publish","type":"post","link":"https:\/\/www2.memri.org\/espanol\/columnista-liberal-hagan-secar-las-fuentes-del-extremismo-islamico\/5960","title":{"rendered":"Columnista liberal: Hagan secar las fuentes del extremismo isl\u00e1mico"},"content":{"rendered":"<div class=\"bodytext c7\">\n<p><em>En un art\u00edculo publicado en el portal liberal Elaph.com, el columnista iraqu\u00ed Aziz Al-Hajj conden\u00f3 la acci\u00f3n de apoderarse del Islam por las tendencias extremistas y la eliminaci\u00f3n de sus caracter\u00edsticas moderadas y abiertas. Seg\u00fan Al-Hajj, desde la d\u00e9cada de 1970, el Islam moderado de \u00e9pocas pasadas ha sido gradualmente reemplazado por una especie ignorante del Islam caracterizado por la intolerancia, la violencia y las reprobables decisiones religiosas emitidas por jeques dudosos. Este argument\u00f3 que esta es la fuente de los sentimientos islamofobicos que han surgido en Occidente en las \u00faltimas d\u00e9cadas, y llama a los musulmanes a secar las fuentes del extremismo fundamentalista, que s\u00f3lo conducen al atraso.<\/em><\/p>\n<p><em>Lo siguiente son extractos del art\u00edculo:<a name=\"_ednref1\" title=\"\" class=\"c1\" href=\"http:\/\/www2.memri.org\/bin\/main_admin.cgi#_edn1\"><!--[if !supportFootnotes]-->[1]<!--[endif]--><\/a><\/em><\/p>\n<p>\u00abAlgo que ha venido sucediendo desde la d\u00e9cada de los 70 que se inici\u00f3 en Egipto: La radio y la televisi\u00f3n se est\u00e1n convirtiendo gradualmente en entes religiosos; fatuas que proh\u00edben o permiten diversos [fen\u00f3menos] se est\u00e1n multiplicando, y jeques que [emiten] decisiones que no tienen fundamento en estudios profundos se han convertido en un [fen\u00f3meno] recurrente. Esto necesariamente ha tenido un efecto negativo en la mente de la gente, [no s\u00f3lo] en gente sencilla y analfabeta [sino incluso] en otros, y ha creado un terreno f\u00e9rtil para el surgimiento del extremismo isl\u00e1mico.<\/p>\n<p>\u00abCuando los musulmanes se quejan hoy d\u00eda acerca de la as\u00ed llamada islamofobia en Occidente &#8211; una nueva demanda [que ha sido presentada] en los \u00faltimos a\u00f1os &#8211; seguramente saben que, junto [al fen\u00f3meno de] los grupos racistas occidentales, que son combatidos por los reg\u00edmenes democr\u00e1ticos occidentales y por la sociedad occidental, han surgido temores en los \u00faltimos a\u00f1os [en Occidente] respecto a las di\u00e1sporas isl\u00e1micas e incluso respecto al propio Islam. Estos [temores] no se derivan de algunos complejos [psicol\u00f3gicos] contra el Islam y los musulmanes, sino m\u00e1s bien de los horribles cr\u00edmenes que son cometidos por musulmanes en nombre de la religi\u00f3n, [del Profeta] Mahoma y el Cor\u00e1n.<\/p>\n<p>\u00abCuando cabezas son decapitadas en nombre del Islam y las [organizaciones] terroristas se apodan nombres tales como &#8216;Ansar Al-Din&#8217; [Partidarios de la Fe] y se refieren a s\u00ed mismos como [combatientes] del jihad &#8211; queriendo decir [combatientes] por la causa del Islam, cuando vuelan por los aires iglesias e incluso mezquitas con personas en su interior, y cuando alg\u00fan cl\u00e9rigo u otro emite fatuas acusando a los no musulmanes de herej\u00eda, o les proh\u00edben felicitarlos el d\u00eda de Navidad, cuando el Talib\u00e1n paquistan\u00ed le dispara a una chica, Malala [Yousafzai], en un bus [escolar] s\u00f3lo porque pidi\u00f3 le permitieran a las muchachas estudiar<a name=\"_ednref2\" title=\"\" class=\"c2\" href=\"http:\/\/www2.memri.org\/bin\/main_admin.cgi#_edn2\"><!--[if !supportFootnotes]-->[2]<!--[endif]--><\/a>, cuando una madre pakistan\u00ed en Gran Breta\u00f1a asesina a su hijo de siete a\u00f1os, porque le costaba memorizar algunos suras del Cor\u00e1n<a name=\"_ednref3\" title=\"\" class=\"c3\" href=\"http:\/\/www2.memri.org\/bin\/main_admin.cgi#_edn3\"><!--[if !supportFootnotes]-->[3]<!--[endif]--><\/a>, cuando las escuelas isl\u00e1micas, incluso en Occidente, predican castigos cor\u00e1nicos [tales como] el cortar manos y la lapidaci\u00f3n, [y le ense\u00f1an a los alumnos] a odiar a los cristianos, jud\u00edos y a otros no musulmanes, y cuando escuchamos a alguien tan distinguido como [el Presidente egipcio Muhammad] Mursi describiendo a los jud\u00edos como monos y cerdos<a name=\"_ednref4\" title=\"\" class=\"c4\" href=\"http:\/\/www2.memri.org\/bin\/main_admin.cgi#_edn4\"><!--[if !supportFootnotes]-->[4]<!--[endif]--><\/a> y llama a educar a los ni\u00f1os a que los odien, cuando [un cl\u00e9rigo] emite un fallo en YouTube permitiendo el asesinato de cualquier persona que salga de [la mezquita] durante los rezos, [y llama] a asarlo y com\u00e9rselo&#8230; Cuando [todo] esto y m\u00e1s ha estado sucediendo a diario desde el aumento de la influencia de la Hermandad Musulmana y el aumento de las actividades jomeinistas y salafistas&#8230; no es de extra\u00f1ar que los pensamientos y sentimientos negativos [respecto a los musulmanes y el Islam] surgen en los pa\u00edses occidentales &#8211; [pa\u00edses] que le otorgan a los musulmanes plenas libertades, les brindan cuidado, y les dan asistencia?<\/p>\n<p>\u00abHemos tratado este asunto [antes]&#8230; pero sigue siendo [pertinente] ante los atentados y el terrorismo en nombre del Islam que atestiguamos en todo el mundo &#8211; ocurridos reciente en Mal\u00ed y Argelia &#8211; y ante las oscuras sentencias religiosas y vac\u00edas que leemos, emitidas por aquellos que se llaman a s\u00ed mismos jurisprudentes.<\/p>\n<p>\u00abLa religi\u00f3n es un asunto entre Al\u00e1 y el individuo. Esta tiene el prop\u00f3sito de difundir el amor entre las personas, combatir el odio, y unir a la gente. Sin embargo, este campo se ha abierto a [todos] los que predican el odio, [llaman] a degradar a las mujeres y a los no musulmanes, e incitan el extremismo y la violencia en nombre del jihad por la causa de Al\u00e1.<\/p>\n<p>\u00abTodo esto est\u00e1 en completo desacuerdo [con la situaci\u00f3n que exist\u00eda] en las generaciones anteriores antes de la d\u00e9cada de los a\u00f1os 70, que minimizaron tales tendencias. Fueron [impropios] musulmanes aquellos musulmanes de esas \u00e9pocas? \u00bfFue su Islam cuestionable? El musulm\u00e1n com\u00fan que es testigo de esta cantidad de enga\u00f1os asqueroso, y la incitaci\u00f3n de decisiones religiosas a diario, y oye noticias sobre los &#8216;[combatientes] jihad&#8217;, algunos de los cuales son ingenieros, doctores y profesores universitarios, cuando la radio, la televisi\u00f3n, YouTube y similares est\u00e1n llenos de esta mercanc\u00eda podrida, y cuando existe una guerra en contra de la m\u00fasica y las pel\u00edculas rom\u00e1nticas &#8211; \u00bfes de extra\u00f1ar que muchos de los musulmanes de hoy se inclinen hacia el extremismo, que conduce al terrorismo y permiten la sangre de otros&#8230;<\/p>\n<p>\u00ab[Nosotros] tenemos ahora la obligaci\u00f3n de secar las fuentes del extremismo fundamentalista, comenzando con las escuelas, los medios de comunicaci\u00f3n y la familia&#8230; tal como dijo el [liberal tunecino] Sr. Latif Akhdar.<a name=\"_ednref5\" title=\"\" class=\"c5\" href=\"http:\/\/www2.memri.org\/bin\/main_admin.cgi#_edn5\"><!--[if !supportFootnotes]-->[5]<!--[endif]--><\/a> Una cultura basada en esta d\u00e9bil y oscura plataforma s\u00f3lo nos conducir\u00e1 [de regreso] a las cavernas\u00bb.<\/p>\n<p><!--[if !supportEndnotes]--><\/p>\n<hr class=\"c6\" width=\"33%\" size=\"1\" \/><!--[endif]--><\/p>\n<p><a name=\"_edn1\" title=\"\" class=\"c1\" href=\"http:\/\/www2.memri.org\/bin\/main_admin.cgi#_ednref1\"><!--[if !supportFootnotes]-->[1]<!--[endif]--><\/a> Elaph.com, 18 de enero, 2013.<\/p>\n<p><a name=\"_edn2\" title=\"\" class=\"c2\" href=\"http:\/\/www2.memri.org\/bin\/main_admin.cgi#_ednref2\"><!--[if !supportFootnotes]-->[2]<!--[endif]--><\/a> Yousafzai de 14 a\u00f1os de edad, activista pakistan\u00ed de los derechos de la mujer y educaci\u00f3n, recibi\u00f3 un disparo en la cabeza en octubre, 2012 por hombres armados talibanes mientras regresaba a casa en un bus escolar.<\/p>\n<p><a name=\"_edn3\" title=\"\" class=\"c3\" href=\"http:\/\/www2.memri.org\/bin\/main_admin.cgi#_ednref3\"><!--[if !supportFootnotes]-->[3]<!--[endif]--><\/a> En enero del 2013, Sara Ege de 33 a\u00f1os oriunda de Cardiff fue condenada a un m\u00ednimo de 17 a\u00f1os de prisi\u00f3n por asesinar a su hijo Yaseen y quemar su cuerpo para destruir la evidencia.<\/p>\n<p><a name=\"_edn4\" title=\"\" class=\"c4\" href=\"http:\/\/www2.memri.org\/bin\/main_admin.cgi#_ednref4\"><!--[if !supportFootnotes]-->[4]<!--[endif]--><\/a> V\u00e9ase MEMRI TV Clip No. 3702, Morsi en el 2010: No a las negociaciones con los chupa-sangre, belicistas \u00abdescendientes de monos y cerdos\u00bb y llama a boicotear los productos estadounidenses, 20 de marzo y 23 de septiembre, 2010.<\/p>\n<p><a name=\"_edn5\" title=\"\" class=\"c5\" href=\"http:\/\/www2.memri.org\/bin\/main_admin.cgi#_ednref5\"><!--[if !supportFootnotes]-->[5]<!--[endif]--><\/a> V\u00e9ase MEMRI Despacho Especial No. 2173, Renombrado pensador \u00e1rabe Latif Akhdar: Hamas le est\u00e1 trayendo desastres a los palestinos, 4 de enero, 2009.<\/p>\n<\/div>\n","protected":false},"excerpt":{"rendered":"<p>En un art\u00edculo publicado en el portal liberal Elaph.com, el columnista iraqu\u00ed Aziz Al-Hajj conden\u00f3 la acci\u00f3n de apoderarse del Islam por las tendencias extremistas y la eliminaci\u00f3n de sus caracter\u00edsticas moderadas y abiertas. Seg\u00fan Al-Hajj, desde la d\u00e9cada de 1970, el Islam moderado de \u00e9pocas pasadas ha sido gradualmente reemplazado por una especie ignorante [&hellip;]<\/p>\n","protected":false},"author":1,"featured_media":0,"comment_status":"open","ping_status":"open","sticky":false,"template":"","format":"standard","meta":{"footnotes":""},"categories":[6,12],"tags":[],"class_list":["post-5960","post","type-post","status-publish","format-standard","hentry","category-comunicados-especiales","category-reforma-en-el-mundo-arabe-y-musulman"],"_links":{"self":[{"href":"https:\/\/www2.memri.org\/espanol\/wp-json\/wp\/v2\/posts\/5960","targetHints":{"allow":["GET"]}}],"collection":[{"href":"https:\/\/www2.memri.org\/espanol\/wp-json\/wp\/v2\/posts"}],"about":[{"href":"https:\/\/www2.memri.org\/espanol\/wp-json\/wp\/v2\/types\/post"}],"author":[{"embeddable":true,"href":"https:\/\/www2.memri.org\/espanol\/wp-json\/wp\/v2\/users\/1"}],"replies":[{"embeddable":true,"href":"https:\/\/www2.memri.org\/espanol\/wp-json\/wp\/v2\/comments?post=5960"}],"version-history":[{"count":0,"href":"https:\/\/www2.memri.org\/espanol\/wp-json\/wp\/v2\/posts\/5960\/revisions"}],"wp:attachment":[{"href":"https:\/\/www2.memri.org\/espanol\/wp-json\/wp\/v2\/media?parent=5960"}],"wp:term":[{"taxonomy":"category","embeddable":true,"href":"https:\/\/www2.memri.org\/espanol\/wp-json\/wp\/v2\/categories?post=5960"},{"taxonomy":"post_tag","embeddable":true,"href":"https:\/\/www2.memri.org\/espanol\/wp-json\/wp\/v2\/tags?post=5960"}],"curies":[{"name":"wp","href":"https:\/\/api.w.org\/{rel}","templated":true}]}}