{"id":59533,"date":"2021-05-03T16:10:08","date_gmt":"2021-05-03T20:10:08","guid":{"rendered":"https:\/\/www2.memri.org\/espanol\/?p=59533"},"modified":"2021-05-03T16:10:08","modified_gmt":"2021-05-03T20:10:08","slug":"resumen-del-fin-de-semana-del-proyecto-supervision-a-la-amenaza-terrorista-y-yihad-psaty-semana-del-24-de-abril-1-de-mayo-2021","status":"publish","type":"post","link":"https:\/\/www2.memri.org\/espanol\/resumen-del-fin-de-semana-del-proyecto-supervision-a-la-amenaza-terrorista-y-yihad-psaty-semana-del-24-de-abril-1-de-mayo-2021\/59533","title":{"rendered":"Resumen del fin de semana del Proyecto Supervisi\u00f3n a la Amenaza Terrorista y Yihad (PSATY) &#8211; Semana del 24 de abril &#8211; 1 de mayo, 2021"},"content":{"rendered":"<p><em>Lo siguiente son algunos de los informes de esta semana del Proyecto Supervisi\u00f3n a la Amenaza Terrorista y Yihad (PSATY) en MEMRI, que traduce y analiza el contenido de fuentes monitoreadas y supervisadas las 24 horas del d\u00eda, 7 d\u00edas a la semana, entre estos los portales y blogs yihadistas m\u00e1s importantes. (Para ver estos informes en su totalidad, usted debe ser miembro del PSATY; para obtener informaci\u00f3n sobre c\u00f3mo obtener la membrec\u00eda, env\u00ede un correo electr\u00f3nico a la siguiente direcci\u00f3n jttmsubs@memri.org junto al texto \u00abMembership &#8211; Membrec\u00eda\u00bb en el p\u00e1rrafo del tema).<\/em><\/p>\n<p><strong><em>Nota a los medios de comunicaci\u00f3n y del gobierno: Para obtener una copia completa de estos informes, env\u00ede un correo electr\u00f3nico con el t\u00edtulo del informe en la l\u00ednea del tema a la siguiente direcci\u00f3n: media@memri.org. Por favor incluya su nombre, t\u00edtulo y organizaci\u00f3n a la que pertenece en su correo electr\u00f3nico.<\/em><\/strong><\/p>\n<p><strong>EXCLUSIVO: Alto cl\u00e9rigo del grupo Hay&#8217;at Tahrir Al-Sham (HTS) felicita a los talibanes afganos por lograr la retirada de los Estados Unidos de Afganist\u00e1n y afirma que el grupo HTS de Siria y el Partido Isl\u00e1mico de Turkest\u00e1n siguen tras el modelo de los talibanes<\/strong><\/p>\n<p><img loading=\"lazy\" decoding=\"async\" class=\"alignnone size-full wp-image-59534\" src=\"https:\/\/www2.memri.org\/espanol\/wp-content\/uploads\/2021\/05\/jttmweekly050121.jpg\" alt=\"\" width=\"386\" height=\"270\" srcset=\"https:\/\/www2.memri.org\/espanol\/wp-content\/uploads\/2021\/05\/jttmweekly050121.jpg 386w, https:\/\/www2.memri.org\/espanol\/wp-content\/uploads\/2021\/05\/jttmweekly050121-300x210.jpg 300w, https:\/\/www2.memri.org\/espanol\/wp-content\/uploads\/2021\/05\/jttmweekly050121-100x70.jpg 100w\" sizes=\"auto, (max-width: 386px) 100vw, 386px\" \/><\/p>\n<p><strong><em>El siguiente informe es ahora complemento sin costo alguno del Proyecto Supervisi\u00f3n a la Amenaza Terrorista y Yihad de MEMRI (PSATY). Para informaci\u00f3n sobre como suscribirse al PSATY, pulse aqu\u00ed.<\/em><\/strong><\/p>\n<p>El 28 de abril, 2021 el funcionario religioso del grupo Hay&#8217;at Tahrir Al-Sham (HTS) dio a conocer una publicaci\u00f3n en su canal de la aplicaci\u00f3n Telegram en la que comenta el tema de la retirada de las fuerzas militares estadounidenses de Afganist\u00e1n.<\/p>\n<p><strong>EXCLUSIVO: Partidario del EIIS dice que el EIIS llevar\u00e1 a cabo ahora operaciones de secuestro<\/strong><\/p>\n<p><img loading=\"lazy\" decoding=\"async\" class=\"alignnone size-full wp-image-59535\" src=\"https:\/\/www2.memri.org\/espanol\/wp-content\/uploads\/2021\/05\/jttmweekly0501211.jpg\" alt=\"\" width=\"384\" height=\"347\" srcset=\"https:\/\/www2.memri.org\/espanol\/wp-content\/uploads\/2021\/05\/jttmweekly0501211.jpg 384w, https:\/\/www2.memri.org\/espanol\/wp-content\/uploads\/2021\/05\/jttmweekly0501211-300x271.jpg 300w\" sizes=\"auto, (max-width: 384px) 100vw, 384px\" \/><\/p>\n<p>El 29 de abril, 2021 un partidario del EIIS en la aplicaci\u00f3n Rocket.Chat public\u00f3 un p\u00f3ster virtual el cual afirmaba que el EIIS llevar\u00e1 a cabo operaciones de secuestro adem\u00e1s de los atentados y ataques con armas de fuego que este utiliza contra sus enemigos.<\/p>\n<p><strong>EXCLUSIVO: Revisi\u00f3n de Cuenta en los Medios Sociales Yihadistas (RC-MSY): En Facebook, un individuo estadounidense pro-EIIS ora por la liberaci\u00f3n de prisi\u00f3n del individuo que deton\u00f3 una bomba en Times Square y elogia a aquellos individuos armados de Al-Qaeda que atacaron las oficinas de la revista francesa <em>Charlie Hebdo<\/em><\/strong><\/p>\n<p><img loading=\"lazy\" decoding=\"async\" class=\"alignnone size-full wp-image-59537\" src=\"https:\/\/www2.memri.org\/espanol\/wp-content\/uploads\/2021\/05\/jttmweekly0501212.jpg\" alt=\"\" width=\"386\" height=\"385\" srcset=\"https:\/\/www2.memri.org\/espanol\/wp-content\/uploads\/2021\/05\/jttmweekly0501212.jpg 386w, https:\/\/www2.memri.org\/espanol\/wp-content\/uploads\/2021\/05\/jttmweekly0501212-300x300.jpg 300w, https:\/\/www2.memri.org\/espanol\/wp-content\/uploads\/2021\/05\/jttmweekly0501212-150x150.jpg 150w\" sizes=\"auto, (max-width: 386px) 100vw, 386px\" \/><\/p>\n<p>Un yihadista en los Estados Unidos expresa sus opiniones a favor del Estado Isl\u00e1mico (EIIS) y elogia a aquellos yihadistas que perpetraron ataques en los Estados Unidos y Francia.<\/p>\n<p><strong>La demolici\u00f3n de una torre el\u00e9ctrica perpetrada por el EIIS en Irak se une a las operaciones en N\u00edger e India como parte de la &#8216;guerra econ\u00f3mica&#8217; contra los enemigos de la organizaci\u00f3n<\/strong><\/p>\n<p><img loading=\"lazy\" decoding=\"async\" class=\"alignnone wp-image-59538\" src=\"https:\/\/www2.memri.org\/espanol\/wp-content\/uploads\/2021\/05\/jttmweekly0501213.jpg\" alt=\"\" width=\"520\" height=\"127\" srcset=\"https:\/\/www2.memri.org\/espanol\/wp-content\/uploads\/2021\/05\/jttmweekly0501213.jpg 384w, https:\/\/www2.memri.org\/espanol\/wp-content\/uploads\/2021\/05\/jttmweekly0501213-300x73.jpg 300w\" sizes=\"auto, (max-width: 520px) 100vw, 520px\" \/><\/p>\n<p>El 26 de abril, 2021 el grupo Provincia del Estado Isl\u00e1mico (EIIS) en Irak afirm\u00f3 que sus combatientes colocaron explosivos y los detonaron en una torre de transmisi\u00f3n el\u00e9ctrica en Irak.<\/p>\n<p><strong>Grupo Provincia del EIIS en India confirma haber atacado los &#8216;infieles&#8217; cuarteles policiales en India<\/strong><\/p>\n<p><img loading=\"lazy\" decoding=\"async\" class=\"alignnone wp-image-59539\" src=\"https:\/\/www2.memri.org\/espanol\/wp-content\/uploads\/2021\/05\/jttmweekly0501214.jpg\" alt=\"\" width=\"520\" height=\"131\" srcset=\"https:\/\/www2.memri.org\/espanol\/wp-content\/uploads\/2021\/05\/jttmweekly0501214.jpg 384w, https:\/\/www2.memri.org\/espanol\/wp-content\/uploads\/2021\/05\/jttmweekly0501214-300x76.jpg 300w\" sizes=\"auto, (max-width: 520px) 100vw, 520px\" \/><\/p>\n<p>El 24 de abril, 2021 Wilayat Al-Hind, o Provincia de India, grupo perteneciente a las filas del Estado Isl\u00e1mico, se responsabiliz\u00f3 de un ataque perpetrado el 23 de abril contra un cuartel de la polic\u00eda hind\u00fa en Jammu y Cachemira.<\/p>\n<p><strong>Informe semanal del EIIS detalla asesinato de comandante talib\u00e1n afgano en Pakist\u00e1n<\/strong><\/p>\n<p><img loading=\"lazy\" decoding=\"async\" class=\"alignnone wp-image-59540\" src=\"https:\/\/www2.memri.org\/espanol\/wp-content\/uploads\/2021\/05\/jttmweekly0501215.jpg\" alt=\"\" width=\"520\" height=\"333\" srcset=\"https:\/\/www2.memri.org\/espanol\/wp-content\/uploads\/2021\/05\/jttmweekly0501215.jpg 386w, https:\/\/www2.memri.org\/espanol\/wp-content\/uploads\/2021\/05\/jttmweekly0501215-300x192.jpg 300w\" sizes=\"auto, (max-width: 520px) 100vw, 520px\" \/><\/p>\n<p>Un art\u00edculo publicado en la edici\u00f3n No. 283 del semanario del Estado Isl\u00e1mico (EIIS) detalla el reciente asesinato perpetrado por el EIIS contra un alto comandante talib\u00e1n afgano en Pakist\u00e1n.<\/p>\n<p><strong>El EIIS confirma ataque en la provincia de Alepo<\/strong><\/p>\n<p><img loading=\"lazy\" decoding=\"async\" class=\"alignnone wp-image-59541\" src=\"https:\/\/www2.memri.org\/espanol\/wp-content\/uploads\/2021\/05\/jttmweekly0501216.jpg\" alt=\"\" width=\"520\" height=\"295\" srcset=\"https:\/\/www2.memri.org\/espanol\/wp-content\/uploads\/2021\/05\/jttmweekly0501216.jpg 386w, https:\/\/www2.memri.org\/espanol\/wp-content\/uploads\/2021\/05\/jttmweekly0501216-300x170.jpg 300w\" sizes=\"auto, (max-width: 520px) 100vw, 520px\" \/><\/p>\n<p>El 24 de abril, 2021 el Estado Isl\u00e1mico (EIIS) se atribuy\u00f3 responsabilidad por una redada a una posici\u00f3n del Ej\u00e9rcito \u00c1rabe Sirio (EAS) en la provincia de Alepo, Siria.<\/p>\n<p><strong>Semanario del EIIS: La afirmaci\u00f3n hecha por el Ministerio de Defensa ruso de haber realizado una ofensiva exitosa en el desierto sirio es una falaz mentira<\/strong><\/p>\n<p><img loading=\"lazy\" decoding=\"async\" class=\"alignnone wp-image-59542\" src=\"https:\/\/www2.memri.org\/espanol\/wp-content\/uploads\/2021\/05\/jttmweekly0501217.jpg\" alt=\"\" width=\"520\" height=\"449\" srcset=\"https:\/\/www2.memri.org\/espanol\/wp-content\/uploads\/2021\/05\/jttmweekly0501217.jpg 386w, https:\/\/www2.memri.org\/espanol\/wp-content\/uploads\/2021\/05\/jttmweekly0501217-300x259.jpg 300w\" sizes=\"auto, (max-width: 520px) 100vw, 520px\" \/><\/p>\n<p>La edici\u00f3n No. 283 del semanario del Estado Isl\u00e1mico (EIIS) incluy\u00f3 un art\u00edculo que describe el c\u00f3mo los combatientes del EIIS repelieron un asalto a\u00e9reo ruso en el desierto de la gobernaci\u00f3n de Homs en Siria.<\/p>\n<p><strong>El EIIS en Nigeria afirma que en una redada realizada a gran escala sobre una base del ej\u00e9rcito nigeriano, acab\u00f3 con la vida de 33 soldados apoder\u00e1ndose tambi\u00e9n de veh\u00edculos blindados<\/strong><\/p>\n<p><img loading=\"lazy\" decoding=\"async\" class=\"alignnone wp-image-59543\" src=\"https:\/\/www2.memri.org\/espanol\/wp-content\/uploads\/2021\/05\/0.jpg\" alt=\"\" width=\"520\" height=\"294\" srcset=\"https:\/\/www2.memri.org\/espanol\/wp-content\/uploads\/2021\/05\/0.jpg 384w, https:\/\/www2.memri.org\/espanol\/wp-content\/uploads\/2021\/05\/0-300x170.jpg 300w\" sizes=\"auto, (max-width: 520px) 100vw, 520px\" \/><\/p>\n<p>El 27 de abril, 2021 el grupo Provincia de \u00c1frica Occidental (ISWAP\/siglas en ingl\u00e9s) del Estado Isl\u00e1mico (EIIS) public\u00f3 un informe a trav\u00e9s de la agencia oficial de noticias del EIIS indicando que el domingo 25 de abril, 2021 el grupo realiz\u00f3 una redada a gran escala sobre posiciones del ej\u00e9rcito nigeriano.<\/p>\n<p><strong>El EIIS en Nigeria publica im\u00e1genes que documentan una redada a gran escala sobre una base militar<\/strong><\/p>\n<p><img loading=\"lazy\" decoding=\"async\" class=\"alignnone wp-image-59544\" src=\"https:\/\/www2.memri.org\/espanol\/wp-content\/uploads\/2021\/05\/jttmweekly0501219.jpg\" alt=\"\" width=\"520\" height=\"183\" srcset=\"https:\/\/www2.memri.org\/espanol\/wp-content\/uploads\/2021\/05\/jttmweekly0501219.jpg 384w, https:\/\/www2.memri.org\/espanol\/wp-content\/uploads\/2021\/05\/jttmweekly0501219-300x105.jpg 300w\" sizes=\"auto, (max-width: 520px) 100vw, 520px\" \/><\/p>\n<p>El 27 de abril, 2021 el grupo Provincia \u00c1frica Occidental del Estado Isl\u00e1mico (EIIS) (ISWAP\/siglas en ingl\u00e9s) public\u00f3 un conjunto de im\u00e1genes que documentan una redada a gran escala efectuada el domingo 25 de abril, 2021 contra el ej\u00e9rcito nigeriano.<\/p>\n<p><strong>El EIIS en Nigeria confirma toma de una ciudad en el estado de Yobe<\/strong><\/p>\n<p><img loading=\"lazy\" decoding=\"async\" class=\"alignnone wp-image-59546\" src=\"https:\/\/www2.memri.org\/espanol\/wp-content\/uploads\/2021\/05\/jttmweekly05012110.jpg\" alt=\"\" width=\"520\" height=\"695\" srcset=\"https:\/\/www2.memri.org\/espanol\/wp-content\/uploads\/2021\/05\/jttmweekly05012110.jpg 386w, https:\/\/www2.memri.org\/espanol\/wp-content\/uploads\/2021\/05\/jttmweekly05012110-224x300.jpg 224w, https:\/\/www2.memri.org\/espanol\/wp-content\/uploads\/2021\/05\/jttmweekly05012110-314x420.jpg 314w\" sizes=\"auto, (max-width: 520px) 100vw, 520px\" \/><\/p>\n<p>El 25 de abril, 2021 el grupo Provincia \u00c1frica Occidental del Estado Isl\u00e1mico (EIIS) (ISWAP\/siglas en ingl\u00e9s) public\u00f3 un comunicado en el que informaba que los combatientes de la organizaci\u00f3n atacaron y tomaron el control de una ciudad en el estado de Yobe, Nigeria.<\/p>\n<p><strong>Grupo Provincia \u00c1frica Central del Estado Isl\u00e1mico (ISCAP\/siglas en ingl\u00e9s) publica im\u00e1genes que documentan ataque a tres cuarteles militares congole\u00f1os en la Rep\u00fablica Democr\u00e1tica del Congo<\/strong><\/p>\n<p><img loading=\"lazy\" decoding=\"async\" class=\"alignnone wp-image-59545\" src=\"https:\/\/www2.memri.org\/espanol\/wp-content\/uploads\/2021\/05\/jttmweekly05012111.jpg\" alt=\"\" width=\"520\" height=\"288\" srcset=\"https:\/\/www2.memri.org\/espanol\/wp-content\/uploads\/2021\/05\/jttmweekly05012111.jpg 384w, https:\/\/www2.memri.org\/espanol\/wp-content\/uploads\/2021\/05\/jttmweekly05012111-300x166.jpg 300w\" sizes=\"auto, (max-width: 520px) 100vw, 520px\" \/><\/p>\n<p>El 25 de abril, 2021 el grupo Provincia \u00c1frica Central del Estado Isl\u00e1mico (ISCAP\/s.e.i.) public\u00f3 varias im\u00e1genes en la aplicaci\u00f3n Telegram que documentan su ataque a tres cuarteles del ej\u00e9rcito congole\u00f1o perpetrado el d\u00eda 24 de abril.<\/p>\n<p><strong>Editorial del EIIS: Ataques recientes en \u00c1frica demuestran que el califato se est\u00e1 expandiendo; los combatientes en Irak no dar\u00e1n marcha atr\u00e1s en lo absoluto<\/strong><\/p>\n<p><img loading=\"lazy\" decoding=\"async\" class=\"alignnone wp-image-59547\" src=\"https:\/\/www2.memri.org\/espanol\/wp-content\/uploads\/2021\/05\/jttmweekly05012112.jpg\" alt=\"\" width=\"520\" height=\"322\" srcset=\"https:\/\/www2.memri.org\/espanol\/wp-content\/uploads\/2021\/05\/jttmweekly05012112.jpg 386w, https:\/\/www2.memri.org\/espanol\/wp-content\/uploads\/2021\/05\/jttmweekly05012112-300x186.jpg 300w, https:\/\/www2.memri.org\/espanol\/wp-content\/uploads\/2021\/05\/jttmweekly05012112-356x220.jpg 356w\" sizes=\"auto, (max-width: 520px) 100vw, 520px\" \/><\/p>\n<p>El 23 de abril, 2021 el Estado Isl\u00e1mico (EIIS) public\u00f3 la edici\u00f3n No. 283 de su diario, el cual incluy\u00f3 un editorial titulado \u00abDe Bagdad a \u00c1frica\u00bb, destacando las recientes actividades de los combatientes del EIIS en \u00c1frica y la expansi\u00f3n del califato m\u00e1s all\u00e1 de Irak.<\/p>\n<p><strong>Grupo Provincia Joras\u00e1n del EIIS afirma haber asesinado a un &#8216;hechicero polite\u00edsta&#8217; afgano<\/strong><\/p>\n<p><img loading=\"lazy\" decoding=\"async\" class=\"alignnone wp-image-59548\" src=\"https:\/\/www2.memri.org\/espanol\/wp-content\/uploads\/2021\/05\/jttmweekly05012113.jpg\" alt=\"\" width=\"520\" height=\"138\" srcset=\"https:\/\/www2.memri.org\/espanol\/wp-content\/uploads\/2021\/05\/jttmweekly05012113.jpg 384w, https:\/\/www2.memri.org\/espanol\/wp-content\/uploads\/2021\/05\/jttmweekly05012113-300x80.jpg 300w\" sizes=\"auto, (max-width: 520px) 100vw, 520px\" \/><\/p>\n<p>El 25 de abril, 2021 el grupo Provincia Joras\u00e1n del Estado Isl\u00e1mico (EIIS) se responsabiliz\u00f3 por el asesinato de un \u00abhechicero polite\u00edsta\u00bb afgano en su hogar en la provincia Nangarhar, al este de Afganist\u00e1n.<\/p>\n<p><strong>Grupo Provincia Joras\u00e1n del EIIS confirma haber asesinado a cuatro chiitas &#8216;polite\u00edstas&#8217; y atentar contra el veh\u00edculo de un miembro del Parlamento en Jalalabad<\/strong><\/p>\n<p><img loading=\"lazy\" decoding=\"async\" class=\"alignnone wp-image-59549\" src=\"https:\/\/www2.memri.org\/espanol\/wp-content\/uploads\/2021\/05\/jttmweekly05012114-1.jpg\" alt=\"\" width=\"520\" height=\"135\" srcset=\"https:\/\/www2.memri.org\/espanol\/wp-content\/uploads\/2021\/05\/jttmweekly05012114-1.jpg 384w, https:\/\/www2.memri.org\/espanol\/wp-content\/uploads\/2021\/05\/jttmweekly05012114-1-300x78.jpg 300w\" sizes=\"auto, (max-width: 520px) 100vw, 520px\" \/><\/p>\n<p>El 21 de abril, 2021 el grupo Provincia Joras\u00e1n del Estado Isl\u00e1mico (ISKP\/siglas en ingl\u00e9s) se responsabiliz\u00f3 del asesinato de cuatro chiitas afganos en una carretera al oeste de Afganist\u00e1n y tambi\u00e9n por el atentado contra un veh\u00edculo perteneciente a un miembro del Parlamento afgano en la ciudad de Jalalabad.<\/p>\n<p><strong>Partidarios especulan de que el EIIS es responsable por la ejecuci\u00f3n de tres individuos europeos en Burkina Faso diciendo: &#8216;Francia est\u00e1 perdiendo a \u00c1frica&#8217;<\/strong><\/p>\n<p><img loading=\"lazy\" decoding=\"async\" class=\"alignnone wp-image-59550\" src=\"https:\/\/www2.memri.org\/espanol\/wp-content\/uploads\/2021\/05\/jttmweekly05012115.jpg\" alt=\"\" width=\"520\" height=\"511\" srcset=\"https:\/\/www2.memri.org\/espanol\/wp-content\/uploads\/2021\/05\/jttmweekly05012115.jpg 386w, https:\/\/www2.memri.org\/espanol\/wp-content\/uploads\/2021\/05\/jttmweekly05012115-300x295.jpg 300w\" sizes=\"auto, (max-width: 520px) 100vw, 520px\" \/><\/p>\n<p>El 27 de abril, 2021 partidarios del Estado Isl\u00e1mico (EIIS) en la aplicaci\u00f3n Telegram celebraron informes publicados en los medios de comunicaci\u00f3n de que una emboscada armada perpetrada el 26 de abril puso fin a la vida de dos periodistas espa\u00f1oles y de un ciudadano irland\u00e9s en Burkina Faso.<\/p>\n<p><strong>Recordando las redadas en prisiones en Irak y Siria, un medio de comunicaci\u00f3n pro-EIIS publica video en el que insta a combatientes a liberar a musulmanes en prisi\u00f3n<\/strong><\/p>\n<p><img loading=\"lazy\" decoding=\"async\" class=\"alignnone wp-image-59551\" src=\"https:\/\/www2.memri.org\/espanol\/wp-content\/uploads\/2021\/05\/jttmweekly05012116.jpg\" alt=\"\" width=\"520\" height=\"334\" srcset=\"https:\/\/www2.memri.org\/espanol\/wp-content\/uploads\/2021\/05\/jttmweekly05012116.jpg 384w, https:\/\/www2.memri.org\/espanol\/wp-content\/uploads\/2021\/05\/jttmweekly05012116-300x193.jpg 300w\" sizes=\"auto, (max-width: 520px) 100vw, 520px\" \/><\/p>\n<p>El 28 de abril, 2021 un medio de comunicaci\u00f3n pro-Estado Isl\u00e1mico (EIIS) public\u00f3 un video instando a sus partidarios y combatientes a liberar a las prisioneras detenidas en los campos de refugiados en Siria.<\/p>\n<p><strong>Art\u00edculo en la edici\u00f3n No. 15 de la revista del EIIS <em>&#8216;Sawt Al-Hind&#8217;<\/em> critica al ej\u00e9rcito de Maldivas por sus lazos con los Estados Unidos e India<\/strong><\/p>\n<p><img loading=\"lazy\" decoding=\"async\" class=\"alignnone wp-image-59552\" src=\"https:\/\/www2.memri.org\/espanol\/wp-content\/uploads\/2021\/05\/jttmweekly05012117.jpg\" alt=\"\" width=\"520\" height=\"268\" srcset=\"https:\/\/www2.memri.org\/espanol\/wp-content\/uploads\/2021\/05\/jttmweekly05012117.jpg 384w, https:\/\/www2.memri.org\/espanol\/wp-content\/uploads\/2021\/05\/jttmweekly05012117-300x155.jpg 300w\" sizes=\"auto, (max-width: 520px) 100vw, 520px\" \/><\/p>\n<p>Un art\u00edculo en la edici\u00f3n No 15 de la revista yihadista en idioma ingl\u00e9s <em>Sawt Al-Hind<\/em> (\u00abLa Voz de India\u00bb) critica las relaciones del ej\u00e9rcito de Maldivas con los Estados Unidos e India.<\/p>\n<p><strong>Edici\u00f3n No. 15 de la revista del EIIS <em>&#8216;Sawt Al-Hind&#8217;<\/em> se enfoca en la relaci\u00f3n del ej\u00e9rcito de Maldivas con el ej\u00e9rcito &#8216;cruzado&#8217; estadounidense y le rinde homenaje a terrorista asesinado perteneciente al EIIS<\/strong><\/p>\n<p><img loading=\"lazy\" decoding=\"async\" class=\"alignnone size-full wp-image-59553\" src=\"https:\/\/www2.memri.org\/espanol\/wp-content\/uploads\/2021\/05\/jttmweekly05012118.jpg\" alt=\"\" width=\"384\" height=\"499\" srcset=\"https:\/\/www2.memri.org\/espanol\/wp-content\/uploads\/2021\/05\/jttmweekly05012118.jpg 384w, https:\/\/www2.memri.org\/espanol\/wp-content\/uploads\/2021\/05\/jttmweekly05012118-231x300.jpg 231w, https:\/\/www2.memri.org\/espanol\/wp-content\/uploads\/2021\/05\/jttmweekly05012118-323x420.jpg 323w\" sizes=\"auto, (max-width: 384px) 100vw, 384px\" \/><\/p>\n<p>La \u00faltima edici\u00f3n de la revista yihadista <em>Sawt Al-Hind<\/em> (\u00abLa Voz de India\u00bb), publicada por partidarios del EIIS en India, apunta a la relaci\u00f3n que existe entre el ej\u00e9rcito estadounidense con las fuerzas de seguridad de Maldivas y declara ap\u00f3stata a todo el gobierno de las Maldivas.<\/p>\n<p><strong>Revisi\u00f3n de Cuenta en los Medios Sociales Yihadistas (RC-MSY): Un individuo estadounidense promueve el yihad y el martirio en Facebook adem\u00e1s de compartir contenido de destacados cl\u00e9rigos pertenecientes a Al-Qaeda<\/strong><\/p>\n<p><img loading=\"lazy\" decoding=\"async\" class=\"alignnone size-full wp-image-59554\" src=\"https:\/\/www2.memri.org\/espanol\/wp-content\/uploads\/2021\/05\/jttmweekly05012119.jpg\" alt=\"\" width=\"386\" height=\"174\" srcset=\"https:\/\/www2.memri.org\/espanol\/wp-content\/uploads\/2021\/05\/jttmweekly05012119.jpg 386w, https:\/\/www2.memri.org\/espanol\/wp-content\/uploads\/2021\/05\/jttmweekly05012119-300x135.jpg 300w\" sizes=\"auto, (max-width: 386px) 100vw, 386px\" \/><\/p>\n<p>Un usuario en Facebook en los Estados Unidos da a conocer publicaciones yihadistas que glorifican el martirio y comparte contenido de destacados cl\u00e9rigos de Al-Qaeda.<\/p>\n<p><strong>Revisi\u00f3n de Cuenta en los Medios Sociales Yihadistas (RC-MSY): Yihadista estadounidense en Facebook elogia al EIIS y celebra los recientes ataques perpetrados por musulmanes estadounidenses<\/strong><\/p>\n<p><img loading=\"lazy\" decoding=\"async\" class=\"alignnone size-full wp-image-59555\" src=\"https:\/\/www2.memri.org\/espanol\/wp-content\/uploads\/2021\/05\/jttmweekly05012120.jpg\" alt=\"\" width=\"386\" height=\"179\" srcset=\"https:\/\/www2.memri.org\/espanol\/wp-content\/uploads\/2021\/05\/jttmweekly05012120.jpg 386w, https:\/\/www2.memri.org\/espanol\/wp-content\/uploads\/2021\/05\/jttmweekly05012120-300x139.jpg 300w\" sizes=\"auto, (max-width: 386px) 100vw, 386px\" \/><\/p>\n<p>Un usuario en Facebook en los Estados Unidos con m\u00e1s de 3.000 amigos en el portal celebra los recientes ataques perpetrados por musulmanes en los Estados Unidos y apoya el llamado emitido por un imam yihadista radicado en los Estados Unidos al establecimiento de un califato.<\/p>\n<p><strong>Intensificando los ataques suicidas, el grupo filial de Al-Qaeda Al-Shabab confirma haber realizado un ataque suicida contra el cuartel general del cuerpo de custodia somal\u00ed<\/strong><\/p>\n<p><img loading=\"lazy\" decoding=\"async\" class=\"alignnone wp-image-59556\" src=\"https:\/\/www2.memri.org\/espanol\/wp-content\/uploads\/2021\/05\/jttmweekly05012121.jpg\" alt=\"\" width=\"520\" height=\"93\" srcset=\"https:\/\/www2.memri.org\/espanol\/wp-content\/uploads\/2021\/05\/jttmweekly05012121.jpg 386w, https:\/\/www2.memri.org\/espanol\/wp-content\/uploads\/2021\/05\/jttmweekly05012121-300x54.jpg 300w\" sizes=\"auto, (max-width: 520px) 100vw, 520px\" \/><\/p>\n<p>El 28 de abril, 2021 Harakat Al-Shabab Al-Mujahideen (Al-Shabab), grupo filial de Al-Qaeda en Somalia, se atribuy\u00f3 responsabilidad por un ataque suicida perpetrado contra la sede del Cuerpo de Custodia de Somalia en la capital, Mogadiscio.<\/p>\n<p><strong>Revista pro-Al-Qaeda <em>Lobos de Manhattan<\/em> ofrece descripci\u00f3n general de los m\u00e9todos tradicionales de criptograf\u00eda<\/strong><\/p>\n<p><img loading=\"lazy\" decoding=\"async\" class=\"alignnone size-full wp-image-59557\" src=\"https:\/\/www2.memri.org\/espanol\/wp-content\/uploads\/2021\/05\/jttmweekly05012122.jpg\" alt=\"\" width=\"386\" height=\"334\" srcset=\"https:\/\/www2.memri.org\/espanol\/wp-content\/uploads\/2021\/05\/jttmweekly05012122.jpg 386w, https:\/\/www2.memri.org\/espanol\/wp-content\/uploads\/2021\/05\/jttmweekly05012122-300x260.jpg 300w\" sizes=\"auto, (max-width: 386px) 100vw, 386px\" \/><\/p>\n<p>El 14 de abril, 2021 un medio de comunicaci\u00f3n pro-Al-Qaeda public\u00f3 la segunda edici\u00f3n de su revista \u00ab<em>Lobos de Manhattan<\/em>\u00ab, que incluy\u00f3 varios art\u00edculos, entre los que se encontraba la segunda parte de \u00abWolf Wishes for Encryption &#8211; Deseos del lobo al cifrado\u00bb, una serie de art\u00edculos sobre los m\u00e9todos de cifrado tradicionales que pueden utilizar los agentes que act\u00faan como lobos solitarios.<\/p>\n<p><strong>Revista pro-Al-Qaeda para la mujer pide apoyar a los musulmanes rohingya durante Ramad\u00e1n y condena el laicismo como medio &#8216;diab\u00f3lico&#8217; para frustrar el sharia, adem\u00e1s de afirmar que la prohibici\u00f3n al uso del hiyab propuesta por Francia y el &#8216;desfile de faraones&#8217; de Egipto son parte de la guerra contra el islam<\/strong><\/p>\n<p><img loading=\"lazy\" decoding=\"async\" class=\"alignnone size-full wp-image-59558\" src=\"https:\/\/www2.memri.org\/espanol\/wp-content\/uploads\/2021\/05\/jttmweekly05012123.jpg\" alt=\"\" width=\"386\" height=\"455\" srcset=\"https:\/\/www2.memri.org\/espanol\/wp-content\/uploads\/2021\/05\/jttmweekly05012123.jpg 386w, https:\/\/www2.memri.org\/espanol\/wp-content\/uploads\/2021\/05\/jttmweekly05012123-255x300.jpg 255w, https:\/\/www2.memri.org\/espanol\/wp-content\/uploads\/2021\/05\/jttmweekly05012123-356x420.jpg 356w\" sizes=\"auto, (max-width: 386px) 100vw, 386px\" \/><\/p>\n<p>El 27 de abril, 2021 un editor pro-Al-Qaeda public\u00f3 la edici\u00f3n No. 19 de <em>Ibnat Al-Islam<\/em> (\u00abHija del Islam\u00bb), una revista femenina.<\/p>\n<p><strong>Grupo yihadista an\u00f3nimo confirma intento de asesinato al jefe de seguridad del grupo Hay&#8217;at Tahrir Al-Sham (HTS), para vengar as\u00ed los ataques cometidos por HTS contra mujeres<\/strong><\/p>\n<p><img loading=\"lazy\" decoding=\"async\" class=\"alignnone size-full wp-image-59559\" src=\"https:\/\/www2.memri.org\/espanol\/wp-content\/uploads\/2021\/05\/jttmweekly05012124.jpg\" alt=\"\" width=\"290\" height=\"544\" srcset=\"https:\/\/www2.memri.org\/espanol\/wp-content\/uploads\/2021\/05\/jttmweekly05012124.jpg 290w, https:\/\/www2.memri.org\/espanol\/wp-content\/uploads\/2021\/05\/jttmweekly05012124-160x300.jpg 160w, https:\/\/www2.memri.org\/espanol\/wp-content\/uploads\/2021\/05\/jttmweekly05012124-224x420.jpg 224w\" sizes=\"auto, (max-width: 290px) 100vw, 290px\" \/><\/p>\n<p>A \u00faltima hora de la noche del 21 al 22 de abril, 2021 agentes de seguridad del grupo Hay&#8217;at Tahrir Al-Sham (HTS) asesinaron a tiros a un hombre en Idlib, Siria.<\/p>\n<p><strong>Luego que combatientes uzbecos de Hay&#8217;at Tahrir Al-Sham (HTS) llevaran a cabo una redada no-autorizada contra las fuerzas del r\u00e9gimen, opositores condenan al grupo HTS por presuntamente prohibir tales operaciones<\/strong><\/p>\n<p><img loading=\"lazy\" decoding=\"async\" class=\"alignnone size-full wp-image-59560\" src=\"https:\/\/www2.memri.org\/espanol\/wp-content\/uploads\/2021\/05\/jttmweekly05012125.jpg\" alt=\"\" width=\"384\" height=\"215\" srcset=\"https:\/\/www2.memri.org\/espanol\/wp-content\/uploads\/2021\/05\/jttmweekly05012125.jpg 384w, https:\/\/www2.memri.org\/espanol\/wp-content\/uploads\/2021\/05\/jttmweekly05012125-300x168.jpg 300w\" sizes=\"auto, (max-width: 384px) 100vw, 384px\" \/><\/p>\n<p>El 21 de abril, 2021 varios canales pro-rebeldes sirios en la aplicaci\u00f3n Telegram informaron que muyahidines llevaron a cabo un ataque <em>inghimasi<\/em> (incursi\u00f3n estilo comando detr\u00e1s de las l\u00edneas enemigas) contra las fuerzas del r\u00e9gimen en la zona sur de Idlib.<\/p>\n<p><strong>Servicio de Seguridad General vinculado al grupo Hay&#8217;at Tahrir Al-Sham (HTS) da a conocer video con confesiones de presuntos secuestradores y asesinos de un ministro en el gobierno de salvaci\u00f3n vinculado al grupo HTS<\/strong><\/p>\n<p><img loading=\"lazy\" decoding=\"async\" class=\"alignnone size-full wp-image-59561\" src=\"https:\/\/www2.memri.org\/espanol\/wp-content\/uploads\/2021\/05\/jttmweekly05012126.jpg\" alt=\"\" width=\"384\" height=\"255\" srcset=\"https:\/\/www2.memri.org\/espanol\/wp-content\/uploads\/2021\/05\/jttmweekly05012126.jpg 384w, https:\/\/www2.memri.org\/espanol\/wp-content\/uploads\/2021\/05\/jttmweekly05012126-300x199.jpg 300w\" sizes=\"auto, (max-width: 384px) 100vw, 384px\" \/><\/p>\n<p>El 21 de abril, 2021 el Servicio de Seguridad General (GSS) vinculado al grupo Hay&#8217;at Tahrir Al-Sham (HTS) public\u00f3 un video en el que aparec\u00edan miembros de una c\u00e9lula detenidos por el Gobierno de Salvaci\u00f3n Sirio (GSS) en el que confiesan su participaci\u00f3n en el reciente secuestro y asesinato de un ministro del GSS el cual est\u00e1 vinculado al grupo HTS.<\/p>\n<p><strong>Guardia fronteriza del grupo Hay&#8217;at Tahrir Al-Sham (HTS) pide por solicitantes entre 18 y 30 a\u00f1os y enumera detalles de contacto de las aplicaciones WhatsApp y Telegram<\/strong><\/p>\n<p><img loading=\"lazy\" decoding=\"async\" class=\"alignnone size-full wp-image-59562\" src=\"https:\/\/www2.memri.org\/espanol\/wp-content\/uploads\/2021\/05\/jttmweekly05012127.jpg\" alt=\"\" width=\"384\" height=\"544\" srcset=\"https:\/\/www2.memri.org\/espanol\/wp-content\/uploads\/2021\/05\/jttmweekly05012127.jpg 384w, https:\/\/www2.memri.org\/espanol\/wp-content\/uploads\/2021\/05\/jttmweekly05012127-212x300.jpg 212w, https:\/\/www2.memri.org\/espanol\/wp-content\/uploads\/2021\/05\/jttmweekly05012127-296x420.jpg 296w\" sizes=\"auto, (max-width: 384px) 100vw, 384px\" \/><\/p>\n<p>El 26 de abril, 2021 un canal pro-Hay&#8217;at Tahrir Al-Sham (HTS) en la plataforma Telegram public\u00f3 un p\u00f3ster virtual anunciando que el registro se encontraba abierto para personas entre 18 y 30 a\u00f1os con el fin de unirse a la Administraci\u00f3n General de Guardias Fronterizos. Seg\u00fan el anuncio, adem\u00e1s del requisito de edad, los solicitantes tambi\u00e9n deben encontrarse en perfectas condiciones de salud, en buena forma f\u00edsica, ser totalmente dedicados al trabajo y deben aprobar las pruebas del curso.<\/p>\n<p><strong>Grupo yihadista confirma ataque utilizando artefactos explosivos improvisados ??contra un convoy militar turco en Idlib, Siria<\/strong><\/p>\n<p><img loading=\"lazy\" decoding=\"async\" class=\"alignnone size-full wp-image-59563\" src=\"https:\/\/www2.memri.org\/espanol\/wp-content\/uploads\/2021\/05\/jttmweekly05012128.jpg\" alt=\"\" width=\"384\" height=\"449\" srcset=\"https:\/\/www2.memri.org\/espanol\/wp-content\/uploads\/2021\/05\/jttmweekly05012128.jpg 384w, https:\/\/www2.memri.org\/espanol\/wp-content\/uploads\/2021\/05\/jttmweekly05012128-257x300.jpg 257w, https:\/\/www2.memri.org\/espanol\/wp-content\/uploads\/2021\/05\/jttmweekly05012128-359x420.jpg 359w\" sizes=\"auto, (max-width: 384px) 100vw, 384px\" \/><\/p>\n<p>El 27 de abril, 2021 un grupo yihadista confirm\u00f3 que deton\u00f3 artefactos explosivos improvisados contra un convoy militar turco en los alrededores al sur de Idlib.<\/p>\n<p><strong>Grupo yihadista Ansar Al-Islam publica un segundo video que documenta ataques en Siria destacando varios tipos de armamento<\/strong><\/p>\n<p><img loading=\"lazy\" decoding=\"async\" class=\"alignnone size-full wp-image-59564\" src=\"https:\/\/www2.memri.org\/espanol\/wp-content\/uploads\/2021\/05\/jttmweekly05012129.jpg\" alt=\"\" width=\"384\" height=\"179\" srcset=\"https:\/\/www2.memri.org\/espanol\/wp-content\/uploads\/2021\/05\/jttmweekly05012129.jpg 384w, https:\/\/www2.memri.org\/espanol\/wp-content\/uploads\/2021\/05\/jttmweekly05012129-300x140.jpg 300w\" sizes=\"auto, (max-width: 384px) 100vw, 384px\" \/><\/p>\n<p>El 22 de abril, 2021 el brazo medi\u00e1tico del grupo yihadista Ansar Al-Islam, que opera en Siria e Irak public\u00f3 en la aplicaci\u00f3n Telegram, la segunda parte de una serie de videos que documentan los ataques del grupo contra el r\u00e9gimen sirio.<\/p>\n<p><strong>Dos grupos desconocidos &#8211; uno kurdo y otro chiita &#8211; se responsabilizan por el lanzamiento de cohetes contra el aeropuerto de Bagdad<\/strong><\/p>\n<p><img loading=\"lazy\" decoding=\"async\" class=\"alignnone size-full wp-image-59565\" src=\"https:\/\/www2.memri.org\/espanol\/wp-content\/uploads\/2021\/05\/jttmweekly05012130.jpg\" alt=\"\" width=\"384\" height=\"214\" srcset=\"https:\/\/www2.memri.org\/espanol\/wp-content\/uploads\/2021\/05\/jttmweekly05012130.jpg 384w, https:\/\/www2.memri.org\/espanol\/wp-content\/uploads\/2021\/05\/jttmweekly05012130-300x167.jpg 300w\" sizes=\"auto, (max-width: 384px) 100vw, 384px\" \/><\/p>\n<p>A altas horas de la noche del d\u00eda 22 de abril, 2021 tres cohetes cayeron muy cerca del Aeropuerto Internacional de Bagdad.<\/p>\n<p><strong>Tras un incendio en el hospital de Bagdad, un grupo afiliado a las milicias pro-iran\u00edes en Irak pide venganza contra el primer ministro iraqu\u00ed<\/strong><\/p>\n<p><img loading=\"lazy\" decoding=\"async\" class=\"alignnone size-full wp-image-59566\" src=\"https:\/\/www2.memri.org\/espanol\/wp-content\/uploads\/2021\/05\/jttmweekly05012131.jpg\" alt=\"\" width=\"384\" height=\"240\" srcset=\"https:\/\/www2.memri.org\/espanol\/wp-content\/uploads\/2021\/05\/jttmweekly05012131.jpg 384w, https:\/\/www2.memri.org\/espanol\/wp-content\/uploads\/2021\/05\/jttmweekly05012131-300x188.jpg 300w\" sizes=\"auto, (max-width: 384px) 100vw, 384px\" \/><\/p>\n<p>El 24 de abril, 2021 se produjo un incendio en un hospital de Bagdad debido a una explosi\u00f3n en los tanques de ox\u00edgeno utilizados para el tratamiento de pacientes con coronavirus.<\/p>\n<p><strong>Grupo afiliado a las milicias respaldadas por Ir\u00e1n ofrece condolencias a las v\u00edctimas de un reciente incendio ocurrido en un hospital y acusa a los Estados Unidos de estar detr\u00e1s del &#8216;caos&#8217; en Irak<\/strong><\/p>\n<p><img loading=\"lazy\" decoding=\"async\" class=\"alignnone size-full wp-image-59567\" src=\"https:\/\/www2.memri.org\/espanol\/wp-content\/uploads\/2021\/05\/jttmweekly05012132.jpg\" alt=\"\" width=\"386\" height=\"549\" srcset=\"https:\/\/www2.memri.org\/espanol\/wp-content\/uploads\/2021\/05\/jttmweekly05012132.jpg 386w, https:\/\/www2.memri.org\/espanol\/wp-content\/uploads\/2021\/05\/jttmweekly05012132-211x300.jpg 211w, https:\/\/www2.memri.org\/espanol\/wp-content\/uploads\/2021\/05\/jttmweekly05012132-295x420.jpg 295w\" sizes=\"auto, (max-width: 386px) 100vw, 386px\" \/><\/p>\n<p>El 27 de abril, 2021 un grupo afiliado a las milicias respaldadas por Ir\u00e1n en Irak emiti\u00f3 un comunicado en la aplicaci\u00f3n Telegram ofreciendo sus condolencias a las decenas de v\u00edctimas de un reciente incendio ocurrido en un hospital de Bagdad.<\/p>\n","protected":false},"excerpt":{"rendered":"<p>Lo siguiente son algunos de los informes de esta semana del Proyecto Supervisi\u00f3n a la Amenaza Terrorista y Yihad (PSATY) en MEMRI, que traduce y analiza el contenido de fuentes monitoreadas y supervisadas las 24 horas del d\u00eda, 7 d\u00edas a la semana, entre estos los portales y blogs yihadistas m\u00e1s importantes. (Para ver estos [&hellip;]<\/p>\n","protected":false},"author":1,"featured_media":59544,"comment_status":"open","ping_status":"open","sticky":false,"template":"","format":"standard","meta":{"footnotes":""},"categories":[4,10,9,7],"tags":[],"class_list":["post-59533","post","type-post","status-publish","format-standard","has-post-thumbnail","hentry","category-archivos","category-estudios-sobre-terrorismo-y-yihad","category-temas","category-reportes-especiales"],"_links":{"self":[{"href":"https:\/\/www2.memri.org\/espanol\/wp-json\/wp\/v2\/posts\/59533","targetHints":{"allow":["GET"]}}],"collection":[{"href":"https:\/\/www2.memri.org\/espanol\/wp-json\/wp\/v2\/posts"}],"about":[{"href":"https:\/\/www2.memri.org\/espanol\/wp-json\/wp\/v2\/types\/post"}],"author":[{"embeddable":true,"href":"https:\/\/www2.memri.org\/espanol\/wp-json\/wp\/v2\/users\/1"}],"replies":[{"embeddable":true,"href":"https:\/\/www2.memri.org\/espanol\/wp-json\/wp\/v2\/comments?post=59533"}],"version-history":[{"count":0,"href":"https:\/\/www2.memri.org\/espanol\/wp-json\/wp\/v2\/posts\/59533\/revisions"}],"wp:featuredmedia":[{"embeddable":true,"href":"https:\/\/www2.memri.org\/espanol\/wp-json\/wp\/v2\/media\/59544"}],"wp:attachment":[{"href":"https:\/\/www2.memri.org\/espanol\/wp-json\/wp\/v2\/media?parent=59533"}],"wp:term":[{"taxonomy":"category","embeddable":true,"href":"https:\/\/www2.memri.org\/espanol\/wp-json\/wp\/v2\/categories?post=59533"},{"taxonomy":"post_tag","embeddable":true,"href":"https:\/\/www2.memri.org\/espanol\/wp-json\/wp\/v2\/tags?post=59533"}],"curies":[{"name":"wp","href":"https:\/\/api.w.org\/{rel}","templated":true}]}}