{"id":59174,"date":"2021-03-17T17:09:35","date_gmt":"2021-03-17T21:09:35","guid":{"rendered":"https:\/\/www2.memri.org\/espanol\/?p=59174"},"modified":"2021-03-17T17:09:35","modified_gmt":"2021-03-17T21:09:35","slug":"periodista-iraqui-quien-vive-en-el-exilio-arremete-contra-jamenei-diciendo-que-es-el-peor-dictador-de-la-historia-incluso-mas-cruel-que-saddam-hussein","status":"publish","type":"post","link":"https:\/\/www2.memri.org\/espanol\/periodista-iraqui-quien-vive-en-el-exilio-arremete-contra-jamenei-diciendo-que-es-el-peor-dictador-de-la-historia-incluso-mas-cruel-que-saddam-hussein\/59174","title":{"rendered":"Periodista iraqu\u00ed quien vive en el exilio arremete contra Jamenei diciendo que es el &#8216;peor dictador de la historia&#8217;, incluso m\u00e1s cruel que Saddam Hussein"},"content":{"rendered":"<p><em>En su columna publicada en el portal de noticias saudita Elaph, el periodista iraqu\u00ed &#8216;Udai Hatem, quien fue perseguido por el r\u00e9gimen iran\u00ed e incluso obligado a abandonar Irak luego de criticar la presencia de Ir\u00e1n y sus pol\u00edticas en el lugar, public\u00f3 una carta abierta dirigida al l\u00edder supremo iran\u00ed Ali Jamenei, llam\u00e1ndolo \u00abel peor dictador que la raza humana haya conocido jam\u00e1s\u00bb. Mientras este relata la persecuci\u00f3n que \u00e9l y su familia sufrieron a manos de las milicias pro-iran\u00edes en Irak, Hatem acusa a dichas milicias y a su patr\u00f3n, el r\u00e9gimen iran\u00ed, de perpetrar cr\u00edmenes contra el pueblo iraqu\u00ed incluso mucho peores que los del difunto dictador iraqu\u00ed Saddam Hussein. Hatem agrega que las protestas contra Ir\u00e1n que se desataron en Irak, lideradas por elementos chiitas, han expuesto el verdadero rostro del r\u00e9gimen iran\u00ed y han vuelto en su contra el tenso clima que vive el pa\u00eds. Este concluye prediciendo que se acerca el d\u00eda en que el propio pueblo iran\u00ed se sublevar\u00e1 y derrocar\u00e1 a su propio r\u00e9gimen.<\/em><\/p>\n<p><em> <img decoding=\"async\" src=\"https:\/\/www.memri.org\/sites\/default\/files\/2021\/SD9237.jpg\" \/><\/em><\/p>\n<p><em>&#8216;Udai Hatem (Fuente: Elaph.com)<\/em><\/p>\n<p><em>Lo siguiente son extractos traducidos de su columna:<\/em><a href=\"#_edn1\" name=\"_ednref1\">[1]<\/a><\/p>\n<p>\u00abPuede que no me conozca, al igual que no necesariamente conoce a todo el resto de v\u00edctimas de las milicias terroristas que usted despliega en Irak y en los otros desafortunados pa\u00edses que se han convertido en teatros de sus ajustes de cuentas con el Medio Oriente y Occidente y por las barricadas que mantienen alejadas las amenazas a su trono y a su pa\u00eds&#8230;<\/p>\n<p>\u00abDirigirme a usted me llena de verg\u00fcenza, incluso si es solo para exponer algunos de sus cr\u00edmenes y su terrorismo. Pero ninguna desgracia que haya ca\u00eddo sobre Irak y los iraqu\u00edes a lo largo de la historia de su civilizaci\u00f3n puede compararse con la desgracia que les est\u00e1 sucedido ahora mismo, cuando su condado se ha convertido en una peque\u00f1a granja m\u00e1s del jurisprudente gobernante iran\u00ed (es decir, Jamenei). Mi \u00fanico consuelo es que usted nunca hubiese profanado la Tierra de los Dos R\u00edos (Irak) si las fuerzas estadounidenses no le hubiesen llevado all\u00ed en el a\u00f1o 2003 y hubiesen permitido que sus milicias y partidos tomaran el control de Irak con hierro y fuego.<\/p>\n<p>\u00abYo ahora estoy cumpliendo mi sexto a\u00f1o en el exilio, luego que sus milicias me obligaron a que me marchara de mi tierra, de mi casa y verme alejado de mi familia, no por cometer ning\u00fan crimen sino por oponerme clara y abiertamente a su influencia y a su intento de imponer una versi\u00f3n contempor\u00e1nea del Mandato del Jurisprudente en Irak. Hoy todo lo que puedo hacer es gritar a todo pulm\u00f3n las consignas de \u00abAbajo Jamenei y larga vida a Irak&#8230; Abajo Jamenei y viva la libertad de expresi\u00f3n\u00bb para as\u00ed luchar contra los asesinatos y la intimidaci\u00f3n que emplean sus milicias contra periodistas, activistas e incluso contra ciudadanos comunes que hablaron en contra de su influencia en el a\u00f1o 2013 y comienzos del a\u00f1o 2014. Para ese entonces, la mayor\u00eda de los iraqu\u00edes y \u00e1rabes muy probablemente a\u00fan no hab\u00edan escuchado hablar de la milicia de las Brigadas Hezbol\u00e1 iraqu\u00edes o incluso del grupo Thar Allah y Asaib [las Milicias Ahl Al-Haqq], aunque estas ya derramaban mucha sangre iraqu\u00ed. Esto se debe a que dichas milicias perpetraron sus cr\u00edmenes en silencio y el ex-primer ministro iraqu\u00ed Nouri Al-Maliki los cubri\u00f3 proporcion\u00e1ndoles con insignias e identific\u00e1ndolos como parte del Servicio de Seguridad Nacional iraqu\u00ed, las fuerzas del servicio de inteligencia u otros aparatos de seguridad.<\/p>\n<p>\u00abSoy uno de los cientos y quiz\u00e1s miles de iraqu\u00edes que sufrieron los cr\u00edmenes sangrientos de estas milicias desde el propio comienzo. La verdad es que nunca, en mis peores pesadillas, so\u00f1\u00e9 que usted, Jamenei y sus milicias ser\u00edan peores, m\u00e1s crueles y m\u00e1s criminales incluso que Saddam Hussein. \u00c9l al menos se abstuvo de secuestrar o arrestar chicos, tal como lo hicieron sus milicias con mi hija cuando a\u00fan no ten\u00eda ni 10 a\u00f1os. Invadieron mi hogar buscando secuestrarme y asesinarme, pero al no encontrarme, secuestraron en cambio a mi hija, sin tener en cuenta su corta edad, su miedo y sus gritos. Estas milicias perpetraron el mismo crimen cobarde con los hijos de muchos otros periodistas y activistas, utiliz\u00e1ndolos para negociar con periodistas y activistas, presionarlos, silenciarlos o hacerles cambiar de opini\u00f3n y postura.<\/p>\n<p>\u00abNo me puedo olvidar de esos d\u00edas miserables y amargos en los que me qued\u00e9 solo, sin ning\u00fan apoyo, luego de que elementos leales a Ir\u00e1n emitieron una fatua que ped\u00eda mi asesinato. Para aquellos que no lo saben, los cl\u00e9rigos de las milicias &#8211; similar a la variedad de jurisprudentes empleados por el EIIS y Al-Qaeda &#8211; emiten estos fatuas antes de que sus milicias asesinen a alguien que consideran enemigo, alguien que maldijo a Jamenei o a Jomeini o se pronunci\u00f3 en contra del Mandato del Jurisprudente del r\u00e9gimen iran\u00ed.<\/p>\n<p>\u00abEn el transcurso del a\u00f1o 2013 y comienzos del a\u00f1o 2014 logr\u00e9 salir de Irak y escapar de estas milicias criminales, que no tuvieron piedad ni siquiera para con mis hijos. Si no fuera por la intervenci\u00f3n de un alto cl\u00e9rigo en Nayaf, los hubiese podido perder. Inclusive hoy, cuando llevo a\u00f1os en un exilio forzado, estas milicias terroristas no han dejado de advertirme y amenazarme. Incluso estas milicias amenazan a aquellos que han salido de Irak amenazando tambi\u00e9n a sus familiares, amigos o incluso a colegas quienes todav\u00eda se encuentran en el pa\u00eds, para chantajearlos u obligarlos a permanecer en silencio&#8230; Por lo tanto, uno se ve obligado a mantenerse alejado&#8230; a fin de salvar su vida de aquellos en las milicias de la muerte que los quieren silenciar. Pero esta es una vida sin esencia ni esperanzas y uno la vive sin realmente experimentarla y luego uno se pregunta c\u00f3mo es que ha pasado el tiempo tan r\u00e1pido&#8230; Uno sigue la noticia de la familia, tanto feliz como tristemente, desde lejos&#8230; su coraz\u00f3n se estremece con el temor de perder a los seres queridos que a uno le quedan mientras uno se encuentra muy lejos de ellos&#8230;<\/p>\n<p>\u00ab\u00bfEntiende usted Jamenei la magnitud de la tragedia de una sola persona a la que se le impide regresar a su tierra natal para ver a su madre en su lecho de muerte, todo debido a un demente es decir, Jamenei quien clama su autoridad sobre todos los musulmanes y pretende representar al Mahdi, el Imam Oculto y defender el Islam y a los musulmanes, mientras que en la pr\u00e1ctica es \u00e9l quien destruy\u00f3 Irak, Siria y Yemen y antes que estos el L\u00edbano, expuls\u00f3 a sus poblaciones y lleg\u00f3 a amenazarlos de muerte si regresan a su tierra natal, incluso de visita. \u00bfExisten desastres que se comparen a los desastres de los iraqu\u00edes?<\/p>\n<p>\u00abJamenei, mientras usted intenta distraer a los iraqu\u00edes y \u00e1rabes que han sido exiliados de sus pa\u00edses con su sectarismo y falsas consignas, usted contin\u00faa rob\u00e1ndole los recursos a Irak y rob\u00e1ndose el sustento de los iraqu\u00edes y de otros pueblos y pa\u00edses para aumentar as\u00ed su riqueza y las cuentas bancarias de sus hijos en Suiza, Rusia, China, Gran Breta\u00f1a y Sud\u00e1frica. Seg\u00fan lo m\u00e1s bajo estimado y publicado por la oficina del ex-presidente iran\u00ed Akbar Hashemi Rafsanjani antes de su muerte, que tambi\u00e9n han sido confirmadas por los medios de comunicaci\u00f3n en Occidente, su hijo Mojtaba vale m\u00e1s de $60 billones.<\/p>\n<p>\u00abA pesar de todos sus intentos y los intentos de sus portavoces en los medios de comunicaci\u00f3n, de asociarle a usted con el poder, con la santidad, el ser prudente y con la piedad, los iraqu\u00edes han expuesto su verdadero rostro y han entendido muy bien que usted es el peor dictador que la humanidad haya conocido y el mayor criminal entre todos los tiranos en la historia del mundo. Usted ha perpetrado masacres y exterminios masivos contra j\u00f3venes desarmados en Irak que no hicieron nada m\u00e1s que tomar las calles para exigir empleo y fuentes de sustento. Usted emite fatuas para sus milicias y les permite asesinar incluso a chiquillos y destruir a familias enteras solo porque un padre, un hijo o una hija se atrevieron a protestar contra sus partidos y milicias o tuite\u00f3 algo en su contra. Cuando sus aparatos de opresi\u00f3n lograron traer de regreso al periodista iran\u00ed Ruhollah Zam al Medio Oriente utilizando un se\u00f1uelo y lo ejecutaron,<a href=\"#_edn2\" name=\"_ednref2\">[2]<\/a> esto no fue m\u00e1s que un intento de intimidar y alarmar incluso a aquellos que viven lejos de su r\u00e9gimen y de su influencia y evitar as\u00ed que expongan sus cr\u00edmenes y los cr\u00edmenes de su r\u00e9gimen y de sus milicias incluso con unas pocas palabras en las redes sociales.<\/p>\n<p>\u00abQuiz\u00e1s en el 2013-2014 solo unos cuantos iraqu\u00edes se opon\u00edan a sus partidos y milicias y por ende era posible reprimirlos. Pero hoy d\u00eda los iraqu\u00edes desde Bagdad a Basora est\u00e1n gritando todo pulm\u00f3n: &#8216;Abajo Jamenei&#8217;&#8230; No importa lo que usted haga, usted no podr\u00e1 regresar a la situaci\u00f3n anterior, por lo que no tiene usted m\u00e1s remedio que huir de Irak e intentar preservar su r\u00e9gimen en Ir\u00e1n. Pero si su poder le lleva a perpetrar cr\u00edmenes y la arrogancia le deja ciego, usted est\u00e1 destinado a perder Ir\u00e1n tambi\u00e9n y mucho antes de lo que usted piensa, ya que la poblaci\u00f3n que protesta hoy d\u00eda en Irak son \u200b\u200blos chiitas, que han declarado p\u00fablicamente que no creen en el Mandato del Jurisprudente, lo cual contraviene los reglamentos de conducta impuestos por las leyes del Islam chiita. Pronto los iran\u00edes tambi\u00e9n se dar\u00e1n cuenta de ello y luego usted ser\u00e1 derrocado y huir\u00e1 del pa\u00eds incluso m\u00e1s r\u00e1pido que lo hizo el Shah en 1979\u00bb.<\/p>\n<hr \/>\n<p><a href=\"#_ednref1\" name=\"_edn1\">[1]<\/a> Elaph.com, 29 de diciembre de 2020.<a href=\"#_ednref2\" name=\"_edn2\"><\/a><\/p>\n<p>[2] Ruhollah Zam fue un disidente iran\u00ed quien fue ejecutado en diciembre del a\u00f1o 2020 por inspirar protestas contra el r\u00e9gimen a trav\u00e9s de su canal en la aplicaci\u00f3n Telegram. Zam viv\u00eda en Francia para el momento de su arresto. Los medios de comunicaci\u00f3n iran\u00edes afirmaron que agentes del Cuerpo de la Guardia Revolucionaria Isl\u00e1mica (CGRI) lo sedujeron para que regrese a la regi\u00f3n en una \u00aboperaci\u00f3n muy compleja\u00bb. News.sky.com, 12 de diciembre, 2020. Seg\u00fan colegas de Zam, a este le dijeron que el ayatol\u00e1 chiita m\u00e1s prominente de Irak &#8216;Ali Sistani, quer\u00eda reunirse con \u00e9l y ayudarlo a recaudar fondos para establecer una estaci\u00f3n de televisi\u00f3n. Ante la insistencia de un colega, que aparentemente tambi\u00e9n actuaba bajo presi\u00f3n del CGRI, Zam vol\u00f3 a Irak y dos d\u00edas despu\u00e9s, el CGRI inform\u00f3 que este hab\u00eda sido arrestado. La oficina de Sistani neg\u00f3 cualquier participaci\u00f3n en el asunto. Bbc.com\/Arabic, 12 de diciembre, 18 de noviembre, 2020.<\/p>\n","protected":false},"excerpt":{"rendered":"<p>En su columna publicada en el portal de noticias saudita Elaph, el periodista iraqu\u00ed &#8216;Udai Hatem, quien fue perseguido por el r\u00e9gimen iran\u00ed e incluso obligado a abandonar Irak luego de criticar la presencia de Ir\u00e1n y sus pol\u00edticas en el lugar, public\u00f3 una carta abierta dirigida al l\u00edder supremo iran\u00ed Ali Jamenei, llam\u00e1ndolo \u00abel [&hellip;]<\/p>\n","protected":false},"author":1,"featured_media":59175,"comment_status":"open","ping_status":"open","sticky":false,"template":"","format":"standard","meta":{"footnotes":""},"categories":[4,6,9,20,18,21,2,14],"tags":[],"class_list":["post-59174","post","type-post","status-publish","format-standard","has-post-thumbnail","hentry","category-archivos","category-comunicados-especiales","category-temas","category-iran","category-paises","category-irak","category-featured","category-relaciones-inter-arabes"],"_links":{"self":[{"href":"https:\/\/www2.memri.org\/espanol\/wp-json\/wp\/v2\/posts\/59174","targetHints":{"allow":["GET"]}}],"collection":[{"href":"https:\/\/www2.memri.org\/espanol\/wp-json\/wp\/v2\/posts"}],"about":[{"href":"https:\/\/www2.memri.org\/espanol\/wp-json\/wp\/v2\/types\/post"}],"author":[{"embeddable":true,"href":"https:\/\/www2.memri.org\/espanol\/wp-json\/wp\/v2\/users\/1"}],"replies":[{"embeddable":true,"href":"https:\/\/www2.memri.org\/espanol\/wp-json\/wp\/v2\/comments?post=59174"}],"version-history":[{"count":0,"href":"https:\/\/www2.memri.org\/espanol\/wp-json\/wp\/v2\/posts\/59174\/revisions"}],"wp:featuredmedia":[{"embeddable":true,"href":"https:\/\/www2.memri.org\/espanol\/wp-json\/wp\/v2\/media\/59175"}],"wp:attachment":[{"href":"https:\/\/www2.memri.org\/espanol\/wp-json\/wp\/v2\/media?parent=59174"}],"wp:term":[{"taxonomy":"category","embeddable":true,"href":"https:\/\/www2.memri.org\/espanol\/wp-json\/wp\/v2\/categories?post=59174"},{"taxonomy":"post_tag","embeddable":true,"href":"https:\/\/www2.memri.org\/espanol\/wp-json\/wp\/v2\/tags?post=59174"}],"curies":[{"name":"wp","href":"https:\/\/api.w.org\/{rel}","templated":true}]}}