{"id":59065,"date":"2021-02-16T15:01:34","date_gmt":"2021-02-16T19:01:34","guid":{"rendered":"http:\/\/www2.memri.org\/espanol\/?p=59065"},"modified":"2021-02-17T15:05:03","modified_gmt":"2021-02-17T19:05:03","slug":"columnistas-qataries-celebrar-el-dia-de-san-valentin-y-adoptar-otras-costumbres-de-occidente-pone-en-peligro-nuestros-valores","status":"publish","type":"post","link":"https:\/\/www2.memri.org\/espanol\/columnistas-qataries-celebrar-el-dia-de-san-valentin-y-adoptar-otras-costumbres-de-occidente-pone-en-peligro-nuestros-valores\/59065","title":{"rendered":"Columnistas qatar\u00edes: Celebrar el d\u00eda de San Valent\u00edn y adoptar otras costumbres de Occidente pone en peligro nuestros valores"},"content":{"rendered":"<p><em>En ocasi\u00f3n a la celebraci\u00f3n del D\u00eda de San Valent\u00edn &#8211; el cual tuvo su origen como festividad cristiana y ahora se celebra en todo el mundo &#8211; inclusive en el mundo musulm\u00e1n &#8211; fueron publicadas dos columnas en el diario institucional qatar\u00ed Al-Sharq que degradan y menosprecian la costumbre de celebrar tal festividad dentro de la sociedad qatar\u00ed.<\/em><\/p>\n<p><em>La asesora de medios de comunicaci\u00f3n de la canciller\u00eda de Qatar Na&#8217;ima &#8216;Abd Al-Wahhab Al-Mutawa&#8217;a, escribi\u00f3 una columna en la edici\u00f3n del diario Al-Sharq publicado el d\u00eda 14 de febrero, 2021, titulada \u00abMantengan las innovaciones lejos de la sociedad\u00bb, en la que dirigi\u00f3 su protesta contra el adoptar las festividades y costumbres occidentales, incluyendo el D\u00eda de San Valent\u00edn, la festividad de Halloween, las celebraciones de A\u00f1o Nuevo y el poseer mascotas advirtiendo adem\u00e1s que estos fen\u00f3menos pueden socavar los iluminados principios y valores del Islam. Al-Mutawa&#8217;a inst\u00f3 a las familias, a los medios de comunicaci\u00f3n y a las instituciones educativas a crear conciencia sobre los severos peligros de estas costumbres.<\/em><\/p>\n<p><em>Otra de las periodistas del diario, Ibtisam Aal Sa&#8217;d, public\u00f3 un art\u00edculo en donde afirma que, en lugar de regocijarse por el D\u00eda de San Valent\u00edn, los musulmanes de hoy d\u00eda deber\u00edan lamentarse por el hecho de que no pueden realizar el hajj debido a la pandemia del coronavirus y deber\u00edan sentirse avergonzados por la deplorable situaci\u00f3n en que se encuentran varios pa\u00edses \u00e1rabes.<\/em><\/p>\n<p><em>Cabe se\u00f1alar que hace dos a\u00f1os Aal Sa&#8217;d public\u00f3 un art\u00edculo titulado \u00abAcaben de una buena vez con el D\u00eda de San Valent\u00edn\u00bb, el cual atacaba enf\u00e1ticamente la celebraci\u00f3n del D\u00eda de San Valent\u00edn junto a adoptar otras costumbres de Occidente.<\/em><a href=\"#_edn1\" name=\"_ednref1\">[1]<\/a><\/p>\n<p><em>Lo siguiente son extractos traducidos de las dos columnas:<\/em><\/p>\n<p><em><img decoding=\"async\" src=\"https:\/\/www.memri.org\/sites\/default\/files\/2021\/SD9182.jpg\" \/>Tienda de regalos decorada para la celebraci\u00f3n del d\u00eda de San Valent\u00edn (Fuente: Watania.net, 3 de febrero, 2020)<\/em><\/p>\n<p><strong>Asesora de medios de la canciller\u00eda de Qatar: Adoptar las costumbres de Occidente perjudica los valores de nuestra sociedad<\/strong><\/p>\n<p>Na&#8217;ima &#8216;Abd Al-Wahhab Al-Mutawa&#8217;a escribi\u00f3: \u201cMuchos de nosotros hemos comenzado a adoptar costumbres, comportamientos y motivos occidentales que no tienen nada que ver con nosotros. Los adoptamos e incluso alentamos a nuestros hijos a que lo hagan. Me refiero a costumbres tales como celebrar el A\u00f1o Nuevo cristiano realizando fiestas bailables en casa y esperando la medianoche para gritar de emoci\u00f3n a todo pulm\u00f3n y solamente luego de ello cenar; o celebrar Halloween en octubre haciendo todo lo que los occidentales hacen: utilizar disfraces extra\u00f1os y m\u00e1scaras siniestras, realizar competencias aterradoras y decorar nuestras casas con im\u00e1genes de demonios, calaveras y cosas por el estilo.<\/p>\n<p>\u00abY aqu\u00ed estamos hoy, preparando rosas rojas y regalos envueltos en color rojo para celebrar la Festividad del Amor (San Valent\u00edn), que no tiene nada que ver con el amor sino solo con los reprensibles comportamientos del hombre y de la mujer. Las tiendas se engalanan todas en color rojo y las tiendas que venden flores puede que traten de superarse entre s\u00ed al exhibir lo mejor de sus productos. La costumbre de invitar a algunos amigos a cenar en este d\u00eda e intercambiar regalos con im\u00e1genes de corazones rojos y similares es cada vez m\u00e1s com\u00fan.<\/p>\n<p>\u00abNada de esto es parte de nuestra religi\u00f3n y tradiciones, sin embargo, las adoptamos con confianza e incluso alardeamos de ellas sin verg\u00fcenza. Hemos adoptado incluso sus costumbres m\u00e1s extra\u00f1as: estamos comenzando a ver mujeres paseando perros y a hombres caminando el barrio llevando consigo dos perros. Algunas jovencitas cr\u00edan gatos y perros dentro de sus casas y gastan dinero en su cuidado, provocando que otras personas abran tiendas dedicadas exclusivamente a las necesidades de estas mascotas\u2026<\/p>\n<p>\u00abSi tan solo pudi\u00e9ramos ignorar estos problemas y no relacionarnos con ellos y prohibirlos &#8211; especialmente ante el hecho de que estos son transmitidos f\u00e1cilmente a las generaciones venideras a trav\u00e9s de la familia y las escuelas &#8211; entonces descubriremos que hemos criado una generaci\u00f3n que no aporta ning\u00fan beneficio al estado y no se conduce por el camino del crecimiento y el renacimiento. No debemos permitir que unas pocas personas da\u00f1en y perjudiquen los valores de la sociedad sin que nadie se los impida. Debemos condenar muchos de los fen\u00f3menos que amenazan con socavar los nobles valores y principios consagrados por la fe isl\u00e1mica&#8230;<\/p>\n<p>\u00abNosotros &#8211; nuestras familias y nuestras instituciones sociales, educativas y de los medios de comunicaci\u00f3n, debemos prestarle mucha atenci\u00f3n a nuestro entorno. Debemos tratar de mejorar el comportamiento de nuestros hijos y cultivar la conciencia social sobre los peligros que amenazan a nuestros valores, a la moral y principios y no permitir que otros agujereen nuestro barco y lo hundan\u00bb.<a href=\"#_edn2\" name=\"_ednref2\">[2]<\/a><\/p>\n<p><strong><em>Al-Sharq<\/em><\/strong><strong>: Mejor es que celebremos nuestras festividades con la alegr\u00eda apropiada<\/strong><\/p>\n<p>Ibtisam Aal Sa&#8217;d escribi\u00f3: \u00abA pesar de la obstinada pandemia del Covid-19 que contin\u00faa sopesando infelizmente sobre nuestros corazones, hoy el mundo se pintar\u00e1 de rojo, el color de las rosas y de los corazones, con motivo del llamado Festival del Amor [d\u00eda de San Valent\u00edn]. Hoy todo el mundo habla de rojo. El 14 de febrero llega una vez al a\u00f1o para ahogarnos a todos en rojo y revivir el comercio de las rosas, corazones y ositos de peluche, mientras el mundo se preocupa por intercambiar salutaciones y tarjetas que expresan el amor.<\/p>\n<p>\u00abEsos (no-musulmanes), que no practican ning\u00fan tipo de restricciones religiosas, celebran esta festividad y eso es asunto suyo. Pero, \u00bfqu\u00e9 podemos decir de nosotros mismos, la mejor naci\u00f3n que le ha sido dada a la humanidad?<a href=\"#_edn3\" name=\"_ednref3\">[3]<\/a> \u00bfQu\u00e9 podemos decir sobre la naci\u00f3n de Mahoma, que ahora est\u00e1 inmersa, al igual que todas las naciones ignorantes, en esta festividad que no significa m\u00e1s que pensamientos vac\u00edos y sentimientos hastiados que surgen s\u00f3lo una vez al a\u00f1o? Es como el D\u00eda de la Madre, que refleja, con aterradora claridad, que en Occidente las madres son personas desatendidas y olvidadas cuyos hijos las recuerdan s\u00f3lo una vez al a\u00f1o, el 21 de marzo. \u00a1\u00bfPuede ser que nuestra falta de juicio independiente haya alcanzado realmente tales niveles?!&#8230;<\/p>\n<p>\u201cAlgunos pudieran decir: &#8216;\u00bfQu\u00e9 hay de malo en celebrar solo un d\u00eda y ver esto como un d\u00eda festivo en el que todos tienen derecho a ser felices y hacer que el dolor de sus corazones se disipe?&#8217; Responder\u00e9 a eso con una pregunta m\u00eda: &#8216;\u00bfPor qu\u00e9 no deber\u00edamos celebrar nosotros todos los d\u00edas, pero de maneras que no vayan en contra nuestra, sino a nuestro favor en el D\u00eda del Juicio Final? \u00bfPor qu\u00e9 no dedicamos tanta alegr\u00eda y atenci\u00f3n a nuestros verdaderos festivales isl\u00e1micos, que, por Al\u00e1, se lo merecen m\u00e1s que el D\u00eda de San Valent\u00edn? Es una verdadera verg\u00fcenza que celebremos un d\u00eda festivo que no tiene nada que ver con nosotros, cuando en cambio deber\u00edamos estar lamentando que no podamos realizar nuestra peregrinaci\u00f3n a Meca debido a esta espantosa pandemia. Es una verg\u00fcenza que deber\u00edamos estar sintiendo, porque mientras nos sumergimos en este rojo motivado a San Valent\u00edn, existen \u00e1rabes cuya sangre roja est\u00e1 siendo derramada, sin embargo, no levantamos ni un solo dedo excepto para pronunciar algunas banales palabras de condena&#8230; La mente \u00e1rabe est\u00e1 preocupada por los placeres y no s\u00e9 si esto deber\u00eda continuar cuando Jerusal\u00e9n se haya convertido en la capital eterna de Israel y mientras las ya empapadas guerras de sangre sigan desestabilizando a Libia, Siria y Yemen&#8230;<\/p>\n<p>\u00abYo no necesito celebrar estas festividades las cuales son ajenas a mi tierra, a mi fe y a mi herencia s\u00f3lo para aparentar ser civilizado y que la gente me llame moderno. Me basta con apegarme a mis ideales los cuales est\u00e1n anclados en mi fe, que me proh\u00edbe dejar influenciarme por Occidente y todas sus distorsionadas costumbres ajenas a mi persona. Ya he tenido m\u00e1s que suficiente sobre este tipo de comportamiento civilizado\u00bb.<a href=\"#_edn4\" name=\"_ednref4\">[4]<\/a><\/p>\n<hr \/>\n<p><a href=\"#_ednref1\" name=\"_edn1\">[1]<\/a> V\u00e9ase la serie de MEMRI Despacho Especial No. 7891: Art\u00edculo en Diario de Qatar: &#8216;Acaben de una buena vez con el D\u00eda de San Valent\u00edn&#8217;, 14 de febrero, 2019.<\/p>\n<p><a href=\"#_ednref2\" name=\"_edn2\">[2]<\/a> <em>Al-Sharq<\/em> (Qatar), 14 de febrero, 2021.<\/p>\n<p><a href=\"#_ednref3\" name=\"_edn3\">[3]<\/a> Esto tiene su origen en parafrasear un verso del Cor\u00e1n: Ustedes son el mejor \u2018ummah que jam\u00e1s haya sido criado para la humanidad\u2026 (Cor\u00e1n 3:110)<\/p>\n<p><a href=\"#_ednref4\" name=\"_edn4\">[4]<\/a> <em>Al-Sharq<\/em> (Qatar), 14 de febrero, 2021.<\/p>\n","protected":false},"excerpt":{"rendered":"<p>En ocasi\u00f3n a la celebraci\u00f3n del D\u00eda de San Valent\u00edn &#8211; el cual tuvo su origen como festividad cristiana y ahora se celebra en todo el mundo &#8211; inclusive en el mundo musulm\u00e1n &#8211; fueron publicadas dos columnas en el diario institucional qatar\u00ed Al-Sharq que degradan y menosprecian la costumbre de celebrar tal festividad dentro [&hellip;]<\/p>\n","protected":false},"author":1,"featured_media":59066,"comment_status":"open","ping_status":"open","sticky":false,"template":"","format":"standard","meta":{"footnotes":""},"categories":[4,6,9,2,14,17],"tags":[],"class_list":["post-59065","post","type-post","status-publish","format-standard","has-post-thumbnail","hentry","category-archivos","category-comunicados-especiales","category-temas","category-featured","category-relaciones-inter-arabes","category-supervision-de-portales-islamistas"],"_links":{"self":[{"href":"https:\/\/www2.memri.org\/espanol\/wp-json\/wp\/v2\/posts\/59065","targetHints":{"allow":["GET"]}}],"collection":[{"href":"https:\/\/www2.memri.org\/espanol\/wp-json\/wp\/v2\/posts"}],"about":[{"href":"https:\/\/www2.memri.org\/espanol\/wp-json\/wp\/v2\/types\/post"}],"author":[{"embeddable":true,"href":"https:\/\/www2.memri.org\/espanol\/wp-json\/wp\/v2\/users\/1"}],"replies":[{"embeddable":true,"href":"https:\/\/www2.memri.org\/espanol\/wp-json\/wp\/v2\/comments?post=59065"}],"version-history":[{"count":0,"href":"https:\/\/www2.memri.org\/espanol\/wp-json\/wp\/v2\/posts\/59065\/revisions"}],"wp:featuredmedia":[{"embeddable":true,"href":"https:\/\/www2.memri.org\/espanol\/wp-json\/wp\/v2\/media\/59066"}],"wp:attachment":[{"href":"https:\/\/www2.memri.org\/espanol\/wp-json\/wp\/v2\/media?parent=59065"}],"wp:term":[{"taxonomy":"category","embeddable":true,"href":"https:\/\/www2.memri.org\/espanol\/wp-json\/wp\/v2\/categories?post=59065"},{"taxonomy":"post_tag","embeddable":true,"href":"https:\/\/www2.memri.org\/espanol\/wp-json\/wp\/v2\/tags?post=59065"}],"curies":[{"name":"wp","href":"https:\/\/api.w.org\/{rel}","templated":true}]}}