{"id":58909,"date":"2020-12-30T14:58:00","date_gmt":"2020-12-30T18:58:00","guid":{"rendered":"http:\/\/www2.memri.org\/espanol\/?p=58909"},"modified":"2020-12-30T14:58:00","modified_gmt":"2020-12-30T18:58:00","slug":"experto-irani-sadeq-maleki-el-antiguo-otomanismo-busco-expandirse-hasta-las-puertas-de-viena-y-hacia-occidente-el-nuevo-otomanismo-de-erdogan-tiene-en-la-mira-a-oriente","status":"publish","type":"post","link":"https:\/\/www2.memri.org\/espanol\/experto-irani-sadeq-maleki-el-antiguo-otomanismo-busco-expandirse-hasta-las-puertas-de-viena-y-hacia-occidente-el-nuevo-otomanismo-de-erdogan-tiene-en-la-mira-a-oriente\/58909","title":{"rendered":"Experto iran\u00ed Sadeq Maleki: &#8216;El antiguo otomanismo busc\u00f3 expandirse hasta las puertas de Viena y hacia Occidente, el nuevo-otomanismo de Erdo\u011fan tiene en la mira a Oriente&#8217;"},"content":{"rendered":"<p><em>El 15 de diciembre, 2020 el diario reformista iran\u00ed Shargh public\u00f3 una entrevista titulada \u00abEstrat\u00e9gicamente Turqu\u00eda dice que Ir\u00e1n es su rival m\u00e1s importante\u00bb, con Sadeq Maleki, experto iran\u00ed en temas turcos.<\/em><\/p>\n<p><em>En la entrevista Maleki declar\u00f3 que el Presidente turco Recep Tayyip Erdogan quiere dividir Ir\u00e1n y anexarle Azerbaiy\u00e1n a Turqu\u00eda para de esta manera formar el as\u00ed llamado Gran Turkest\u00e1n. Maleki tambi\u00e9n afirm\u00f3 que Erdogan est\u00e1 tratando de \u00abestablecer el nuevo-otomanismo\u00bb, que se diferencia del otomanismo en su percepci\u00f3n geopol\u00edtica. Seg\u00fan Maleki, el antiguo otomanismo busc\u00f3 expandirse hasta las puertas de Viena y en direcci\u00f3n a Occidente, mientras que el nuevo-otomanismo de Erdogan tiene su visi\u00f3n puesta hacia Oriente. Maleki explic\u00f3 adem\u00e1s que Ir\u00e1n se opone al expansionismo de Turqu\u00eda en direcci\u00f3n este y esa es la raz\u00f3n por la cual Ir\u00e1n es el principal rival de Turqu\u00eda.<\/em><\/p>\n<p><em>Seg\u00fan Maleki, Turqu\u00eda no puede revivir el Imperio Otomano, \u00abpero tiene el poder de causar estragos\u00bb. \u00abQuiz\u00e1s Turqu\u00eda no pueda establecer el nuevo-otomanismo moldeado a la medida del Imperio Otomano, pero puede tener un papel muy disruptivo en el Medio Oriente y hemos visto a Erdogan desempe\u00f1ar este papel. Algunos no creen que Turqu\u00eda pueda lograr estos objetivos\u00bb, pero somos testigos al hecho de que ha determinado algunos de sus objetivos en la zona \u00ab, escribi\u00f3 Maleki.<\/em><\/p>\n<p><em>Vale la pena se\u00f1alar que, el 10 de diciembre, 2020 Erdogan se march\u00f3 a Bak\u00fa para presidir un desfile militar organizado para celebrar la victoria de Azerbaiy\u00e1n sobre Armenia en Nagorno-Karabaj. En esa ocasi\u00f3n, dirigi\u00e9ndose al Desfile de la Victoria, Erdogan recit\u00f3 un poema que Ir\u00e1n consider\u00f3 de apoyo a la secesi\u00f3n de partes de Ir\u00e1n que hoy est\u00e1n siendo pobladas por la etnia azer\u00ede. \u00abEllos separaron el r\u00edo Aras y lo llenaron de rocas y de varas. Yo no me separar\u00e9 de ustedes. Ellos nos han separado por la fuerza\u00bb, dice el poema. La recitaci\u00f3n del poema por Erdogan enfureci\u00f3 a Teher\u00e1n y este recibi\u00f3 fuertes condenas por parte del gobierno y de los medios de comunicaci\u00f3n iran\u00edes.<\/em><a href=\"#_edn1\" name=\"_ednref1\">[1]<\/a><\/p>\n<p><em>En d\u00edas recientes, la tensi\u00f3n en las relaciones de Ir\u00e1n con Turqu\u00eda fue expresada p\u00fablicamente en los medios de comunicaci\u00f3n iran\u00edes. El r\u00e9gimen iran\u00ed est\u00e1 alarmado por las ambiciones expansionistas del gobierno islamista sunita de Erdogan, que se producen a expensas del Ir\u00e1n islamista chiita y su eje de la resistencia.<\/em><a href=\"#_edn2\" name=\"_ednref2\">[2]<\/a><\/p>\n<p><em><img decoding=\"async\" src=\"https:\/\/www.memri.org\/sites\/default\/files\/2020_Q3\/SD9111.jpg\" \/>Una pintura del siglo 19 que representa la batalla de Chaldiran. La batalla tuvo lugar el 23 de agosto, 1514 y termin\u00f3 con una victoria decisiva del Imperio Otomano sobre el Imperio Safavid.<\/em><\/p>\n<p><em><img decoding=\"async\" src=\"https:\/\/www.memri.org\/sites\/default\/files\/2020_Q3\/SD91111a_1.jpg\" \/>(fuente: Sharghdaily.com)<\/em><\/p>\n<p><em>A continuaci\u00f3n puede leerse la entrevista con Sadeq Maleki:<\/em><a href=\"#_edn3\" name=\"_ednref3\">[3]<\/a><\/p>\n<p><strong>La \u00abpol\u00edtica no-oficial\u00bb del partido de gobierno AKP es \u00abdividir a Ir\u00e1n y anexarle Azerbaiy\u00e1n a Turqu\u00eda para de esta manera formar el Gran Turkest\u00e1n\u00bb<\/strong><\/p>\n<p><strong>Zeynab Esmaeli Seiveri (ZES)<\/strong>: \u00abEsta semana, los desvelos de Ir\u00e1n alcanzaron nuevos topes, tal como se refleja en los medios de comunicaci\u00f3n sociales e iran\u00edes, debido al comportamiento separatista de Erdogan. La causa de esta mayor ansiedad fue lo recitado en Bak\u00fa por Recep Tayyip Erdo\u011fan, el presidente de Turqu\u00eda, acerca del eterno r\u00edo Aras iran\u00ed. Este tema es similar a abrir una caja de Pandora que contiene las diversas tensiones \u00e9tnicas y raciales de la regi\u00f3n. Si bien existen infinidad de grandes desaf\u00edos en la zona del conflicto en el Medio Oriente, sigue existiendo un conflicto internacional con los Estados Unidos. Todos estos problemas pueden aumentar las ansiedades. En una entrevista con Sadeq Maleki, analista pol\u00edtico s\u00e9nior que ha dedicado muchos a\u00f1os a analizar los problemas turcos, nosotros comenzamos con las motivaciones de Erdogan y procedimos a tomar acciones ante los numerosos desaf\u00edos que produc\u00edan tal ansiedad a Ir\u00e1n. La entrevista puede ser le\u00edda a continuaci\u00f3n.<\/p>\n<p>\u00abDebido a lo recitado por Erdo\u011fan en Bak\u00fa, hubo muchas reacciones diferentes en Ir\u00e1n. A pesar de esta \u00faltima declaraci\u00f3n que produjo ansiedad, deber\u00edamos dedicarle tiempo a analizar qu\u00e9 camino tom\u00f3 Erdogan para llegar a esta coyuntura en su relaci\u00f3n con Ir\u00e1n donde lo recitado de un poema preocupa a Ir\u00e1n en su integridad territorial, aunque en los \u00faltimos a\u00f1os a los expertos se les ve\u00eda m\u00e1s preocupados por una vulnerabilidad mucho m\u00e1s suave de Ir\u00e1n en sus relaciones con Turqu\u00eda\u00bb.<\/p>\n<p><strong>Sadeq Maleki (SM)<\/strong>: \u00abLa pol\u00edtica hacia Oriente y el fortalecimiento del pan-turquismo, nunca ha sido una pol\u00edtica exclusiva de Erdogan o de su Partido Justicia y Desarrollo (AKP). Todos los partidos pol\u00edticos turcos, excepto los partidos kurdos, est\u00e1n cimentados sobre el nacionalismo turco y poseen algunas relaciones con el pan-turquismo y apoyan en cierto modo esta pol\u00edtica. Estos partidos pol\u00edticos incluyen partidos actuales y difuntos, tales como el Partido Republicano del Pueblo, el Partido del Movimiento Nacionalista, incluso el partido del difunto ex-primer ministro turco B\u00fclent Ecevit Partido Dem\u00f3crata del Pueblo y el Partido Bienestar del fallecido ex-primer ministro turco Necmettin Erbakan.<\/p>\n<p>\u00abLa visi\u00f3n actual del pan-turquismo, con la excepci\u00f3n del enfoque hacia los kurdos, ha mostrado la coalici\u00f3n no-oficial que existe entre el partido de gobierno AKP y el Partido del Movimiento Nacionalista. En el pasado, estos partidos junto al partido AKP de hoy tal vez ten\u00edan, no en su pol\u00edtica oficial, pero si en su pol\u00edtica no-oficial, el deseo de dividir a Ir\u00e1n y anexarle Azerbaiy\u00e1n a Turqu\u00eda para de esta manera formar el Gran Turkest\u00e1n. A principios del siglo 20, los j\u00f3venes turcos tambi\u00e9n se movieron hacia esa direcci\u00f3n; pero fueron poderosamente derrotados.<\/p>\n<p>\u00abEntonces, \u00bfpor qu\u00e9 los deseos internos de Erdo\u011fan son m\u00e1s evidentes hoy d\u00eda? La raz\u00f3n es que el Erdo\u011fan de hoy es muy diferente del Erdo\u011fan de ayer. El Erdo\u011fan de ayer era d\u00e9bil y no ten\u00eda control sobre las fuerzas armadas o el poder judicial y ten\u00eda una econom\u00eda relativamente d\u00e9bil. Hoy d\u00eda, con Los cambios en el sistema parlamentario relacionados al poder del presidente, Erdogan pr\u00e1cticamente se ha ganado el poder absoluto sobre Turqu\u00eda. Aunque hoy Turqu\u00eda se encuentra envuelto en una crisis econ\u00f3mica y la lira turca ha perdido su valor, la econom\u00eda es m\u00e1s fuerte y es mayor de lo que fue a comienzos de la d\u00e9cada del a\u00f1o 2000. Los poderes econ\u00f3micos, militares y pol\u00edticos le han permitido a Erdogan emprender estas iniciativas y perseguir los intereses de Turqu\u00eda no solo en un frente sino en muchos frentes diferentes.<\/p>\n<p>\u00abEn este momento, Erdo\u011fan se encuentra activo en una amplia regi\u00f3n geogr\u00e1fica que se extiende desde el Mediterr\u00e1neo Oriental, Libia, Siria e Irak e incluso en una disputa con Grecia. A veces desaf\u00eda a Europa y a Estados Unidos. Este Erdogan sigue una pol\u00edtica de crear un nuevo otomanismo. Pero este nuevo-otomanismo es diferente del antiguo otomanismo. El viejo otomanismo busc\u00f3 expandirse hasta las puertas de Viena y hacia Occidente. Este nuevo-otomanismo tiene puesta su mirada hacia Oriente. \u00bfQu\u00e9 pa\u00eds del Medio Oriente puede resistir y oponerse a Turqu\u00eda? Ese pa\u00eds es Ir\u00e1n; por lo tanto, en cualquier estrategia turca, Ir\u00e1n siempre ha sido el principal rival de Turqu\u00eda. A veces, esta rivalidad result\u00f3 en una interacci\u00f3n positiva que trajo resultados positivos; otras veces, la interacci\u00f3n fue negativa y gener\u00f3 animosidad. Nosotros podemos decir que la guerra de poderes en Siria fue la causa de que la rivalidad se transformara en enemistad.<\/p>\n<p>\u00abEl poema que Erdogan recit\u00f3 sobre el r\u00edo Aras muestra su verdadera motivaci\u00f3n. Incluso en las reuniones oficiales, los turcos plantean que, despu\u00e9s de Estambul, Teher\u00e1n tiene la mayor poblaci\u00f3n turca, a pesar de que los turcos iran\u00edes son la base del Ir\u00e1n moderno. Su punto de vista se basa en las similitudes f\u00edsicas y el lenguaje id\u00e9ntico. Erdogan y personas de ideas afines no han entendido, o pretenden no saber o entender, que los turcos iran\u00edes se identifican a s\u00ed mismos como iran\u00edes. Este concepto ha creado una falsa ilusi\u00f3n en las mentes de Erdogan y en otros similares a \u00e9l. Este enfoque ilusorio del pan-turquismo, que se deriva de una pol\u00edtica t\u00e1cita, se hace evidente en eventos tales como el desfile de la victoria en Bak\u00fa. Los eventos que presenciamos en Bak\u00fa muestran el pensamiento atrasado de Erdogan que busca dividir Ir\u00e1n. Aunque Erdogan nunca pronuncia estas ideas, pero el poema que recit\u00f3 es su hoja de ruta, en un futuro cercano o lejano que este perseguir\u00e1 para lograr de esta manera sus objetivos\u00bb.<\/p>\n<p><em>Para ver el despacho en su totalidad en ingl\u00e9s copie por favor el siguiente enlace en su ordenador<\/em>: <a href=\"https:\/\/www.memri.org\/reports\/iranian-expert-sadeq-maleki-old-ottomanism-was-looking-expand-gates-vienna-and-west-erdo%C4%9Fans\">https:\/\/www.memri.org\/reports\/iranian-expert-sadeq-maleki-old-ottomanism-was-looking-expand-gates-vienna-and-west-erdo%C4%9Fans<\/a><\/p>\n<hr \/>\n<p><a href=\"#_ednref1\" name=\"_edn1\">[1]<\/a> V\u00e9ase la serie de MEMRI Despacho Especial No. 9105 &#8211; Diario <em>Javan<\/em> afiliado al CGRI: Erdogan &#8216;est\u00e1 en busca de crear su estado delirante,&#8217; su &#8216;nuevo imperio otomano imaginario&#8217;, 23 de diciembre, 2020; segmento de video del portal MEMRI TV No. 8530 &#8211; El Presidente turco Recep Tayyip Erdogan en un desfile en Bak\u00fa, Azerbaiy\u00e1n: Somos dos estados, pero una sola naci\u00f3n; debemos responsabilizar a quienes violaron el honor de la humanidad en la guerra Nagorno-Karabaj, 10 de diciembre, 2020.<\/p>\n<p><a href=\"#_ednref2\" name=\"_edn2\">[2]<\/a> V\u00e9ase la serie de MEMRI Despacho Especial No. 9065 &#8211; Declaraciones anti-turcas en Ir\u00e1n &#8211; Parte I: Diario iran\u00ed: Erdogan est\u00e1 siguiendo una pol\u00edtica de guerra ideol\u00f3gica y religiosa, ocultando su hostil pol\u00edtica regional detr\u00e1s de una careta isl\u00e1mica, 2 de diciembre, 2020; serie de MEMRI Despacho Especial No. 9078 &#8211; Declaraciones anti-turcas en Ir\u00e1n &#8211; Parte II: Diario iran\u00ed sobre el &#8216;Sult\u00e1n Recep Tayyip Erdogan&#8217;, quien &#8216;fantasea que es igual a los sultanes otomanos y puede decirle al mundo qu\u00e9 hacer y qu\u00e9 no hacer, &#8216;9 de diciembre, 2020; serie de MEMRI Despacho Especial No. 9099 &#8211; Experto ruso Mirzayan: Erdogan est\u00e1 tratando de aprovecharse del nacionalismo azerbaiyano con el prop\u00f3sito de socavar a Ir\u00e1n, 21 de diciembre, 2020.<\/p>\n<p><a href=\"#_ednref3\" name=\"_edn3\">[3]<\/a> Sharghdaily.com, 15 de diciembre, 2020.<\/p>\n","protected":false},"excerpt":{"rendered":"<p>El 15 de diciembre, 2020 el diario reformista iran\u00ed Shargh public\u00f3 una entrevista titulada \u00abEstrat\u00e9gicamente Turqu\u00eda dice que Ir\u00e1n es su rival m\u00e1s importante\u00bb, con Sadeq Maleki, experto iran\u00ed en temas turcos. En la entrevista Maleki declar\u00f3 que el Presidente turco Recep Tayyip Erdogan quiere dividir Ir\u00e1n y anexarle Azerbaiy\u00e1n a Turqu\u00eda para de esta [&hellip;]<\/p>\n","protected":false},"author":1,"featured_media":58910,"comment_status":"open","ping_status":"open","sticky":false,"template":"","format":"standard","meta":{"footnotes":""},"categories":[4,6,9,20,18,2,14,28],"tags":[],"class_list":["post-58909","post","type-post","status-publish","format-standard","has-post-thumbnail","hentry","category-archivos","category-comunicados-especiales","category-temas","category-iran","category-paises","category-featured","category-relaciones-inter-arabes","category-turquia"],"_links":{"self":[{"href":"https:\/\/www2.memri.org\/espanol\/wp-json\/wp\/v2\/posts\/58909","targetHints":{"allow":["GET"]}}],"collection":[{"href":"https:\/\/www2.memri.org\/espanol\/wp-json\/wp\/v2\/posts"}],"about":[{"href":"https:\/\/www2.memri.org\/espanol\/wp-json\/wp\/v2\/types\/post"}],"author":[{"embeddable":true,"href":"https:\/\/www2.memri.org\/espanol\/wp-json\/wp\/v2\/users\/1"}],"replies":[{"embeddable":true,"href":"https:\/\/www2.memri.org\/espanol\/wp-json\/wp\/v2\/comments?post=58909"}],"version-history":[{"count":0,"href":"https:\/\/www2.memri.org\/espanol\/wp-json\/wp\/v2\/posts\/58909\/revisions"}],"wp:featuredmedia":[{"embeddable":true,"href":"https:\/\/www2.memri.org\/espanol\/wp-json\/wp\/v2\/media\/58910"}],"wp:attachment":[{"href":"https:\/\/www2.memri.org\/espanol\/wp-json\/wp\/v2\/media?parent=58909"}],"wp:term":[{"taxonomy":"category","embeddable":true,"href":"https:\/\/www2.memri.org\/espanol\/wp-json\/wp\/v2\/categories?post=58909"},{"taxonomy":"post_tag","embeddable":true,"href":"https:\/\/www2.memri.org\/espanol\/wp-json\/wp\/v2\/tags?post=58909"}],"curies":[{"name":"wp","href":"https:\/\/api.w.org\/{rel}","templated":true}]}}