{"id":58861,"date":"2020-12-16T18:34:14","date_gmt":"2020-12-16T22:34:14","guid":{"rendered":"http:\/\/www2.memri.org\/espanol\/?p=58861"},"modified":"2020-12-17T18:39:11","modified_gmt":"2020-12-17T22:39:11","slug":"conferencias-en-la-red-patrocinadas-por-turquia-llaman-a-consolidar-la-presencia-turca-en-jerusalen-junto-a-los-derechos-del-pueblo-turco-en-el-lugar-e-incitar-el-yihad-contra-israel","status":"publish","type":"post","link":"https:\/\/www2.memri.org\/espanol\/conferencias-en-la-red-patrocinadas-por-turquia-llaman-a-consolidar-la-presencia-turca-en-jerusalen-junto-a-los-derechos-del-pueblo-turco-en-el-lugar-e-incitar-el-yihad-contra-israel\/58861","title":{"rendered":"Conferencias en la red patrocinadas por Turqu\u00eda llaman a consolidar la presencia turca en Jerusal\u00e9n junto a los \u00abderechos\u00bb del pueblo turco en el lugar e incitar el yihad contra Israel"},"content":{"rendered":"<p><em>A comienzos del mes de noviembre, 2020 se llevaron a cabo dos conferencias en la red todas patrocinadas por Turqu\u00eda sobre el tema de Jerusal\u00e9n y Palestina. Las conferencias fueron asistidas por cl\u00e9rigos y pol\u00edticos musulmanes, muchos de ellos miembros palestinos y turcos de la Hermandad Musulmana y de Hamas. Si bien estos enfatizaron la importancia del yihad y la lucha armada de los palestinos contra Israel, los participantes tambi\u00e9n destacaron el apoyo que provee Turqu\u00eda a la causa palestina y enfatizaron que el pueblo turco, en ning\u00fan grado menor que el de los palestinos, tiene derecho y potestad a los lugares sagrados de Jerusal\u00e9n.<\/em><\/p>\n<p><em>Una conferencia celebrada por el Foro de Estudiosos Musulmanes Turcos de Jerusal\u00e9n a la que asistieron cl\u00e9rigos y pol\u00edticos de Turqu\u00eda y del mundo musulm\u00e1n tuvo lugar el d\u00eda 7 de noviembre. Esta conferencia destac\u00f3 notablemente lo que fue descrito como el papel hist\u00f3rico m\u00e1s importante de Turqu\u00eda en Jerusal\u00e9n y Palestina y la necesidad de mejorar su presencia en el lugar. Estos puntos tambi\u00e9n fueron subrayados en la declaraci\u00f3n de clausura de la conferencia, en la que anunci\u00f3 que Palestina es \u00abotomana\u00bb y que el pueblo turco tiene pleno \u00abderecho\u00bb a Jerusal\u00e9n, al igual que los palestinos. La declaraci\u00f3n llam\u00f3 a reforzar la presencia turca en Jerusal\u00e9n de varias maneras, tales como el renovar las propiedades del waqf otomano en la ciudad y el promover programas en ciudades y mezquitas gemelas. Este tambi\u00e9n conden\u00f3 a los pa\u00edses que han normalizado sus relaciones con Israel y expres\u00f3 la esperanza de que Al-Aqsa pronto sea purgado de su \u00abprofana\u00bb presencia.<\/em><\/p>\n<p><em>La conferencia fue reconocida por el Presidente turco Recep Tayyip Erdogan, quien envi\u00f3 un mensaje a sus participantes en el que destac\u00f3 su apoyo a la \u00abgloriosa resistencia librada por nuestros hermanos palestinos\u00bb y se\u00f1al\u00f3 que Turqu\u00eda sirvi\u00f3 a Jerusal\u00e9n durante 400 a\u00f1os. El ex-jefe del bur\u00f3 pol\u00edtico de Hamas Khaled Mash&#8217;al, quien habl\u00f3 en la conferencia, elogi\u00f3 a Turqu\u00eda bajo el liderazgo de Erdogan, calific\u00e1ndolo de \u00absocio fundamental\u00bb de los palestinos y lo felicit\u00f3 por recuperar el estatus regional que este tuvo en los d\u00edas del califato otomano.<\/em><\/p>\n<p><em>Los comentarios de Mash&#8217;al y la declaraci\u00f3n de clausura de la conferencia muy claramente buscan legitimar la creciente influencia y presencia de Turqu\u00eda en la regi\u00f3n y especialmente en Jerusal\u00e9n a cambio del apoyo de Turqu\u00eda a los movimientos de resistencia palestinos, tales como Hamas. Los esfuerzos de Turqu\u00eda para aumentar su influencia en Jerusal\u00e9n, siendo estos parte de su expansi\u00f3n regional, tambi\u00e9n pueden ser un intento por contrarrestar la influencia de los Emiratos \u00c1rabes Unidos y de Bahr\u00e9in, cuyo reciente acuerdo de normalizaci\u00f3n de relaciones con Israel les permitir\u00e1 promover varios proyectos en Jerusal\u00e9n. Cabe mencionar que entre los participantes a la conferencia tambi\u00e9n se encontraba el predicador de Al-Aqsa Ikrima Sabri, quien luego se reuni\u00f3 con Erdogan en su palacio en Ankara;<\/em><a href=\"#_edn1\" name=\"_ednref1\">[1]<\/a><em> esto tambi\u00e9n puede ser parte de los esfuerzos realizados por Turqu\u00eda para consolidar su presencia en Jerusal\u00e9n.<\/em><\/p>\n<p><em>La segunda conferencia, llamada \u00abLa Primera Conferencia en La Red de Hombres y Mujeres Pioneros de Jerusal\u00e9n\u00bb, fue celebrada entre los d\u00edas 7-8 de noviembre por elementos afiliados a la Hermandad Musulmana y Turqu\u00eda. A esta conferencia asistieron el director del bur\u00f3 pol\u00edtico de Hamas Ismail Haniya y Ahmad Al-Raissouni, director de la Uni\u00f3n Internacional de Acad\u00e9micos Musulmanes (UIAM),<\/em><a href=\"#_edn2\" name=\"_ednref2\">[2]<\/a><em> as\u00ed como tambi\u00e9n el predicador de Al-Aqsa Ikrama Sabri. Los oradores llamaron a apoyar el yihad de los palestinos y su lucha armada contra Israel \u00abcon dinero y armas\u00bb e incluso describieron tales acciones como deberes religiosos.<\/em><\/p>\n<p><em> <img decoding=\"async\" src=\"https:\/\/www.memri.org\/sites\/default\/files\/2020_Q3\/SD9092b.jpg\" \/><\/em><\/p>\n<p><em>Invitaci\u00f3n a la conferencia en la red del Foro de Estudiosos Musulmanes Turcos para Jerusal\u00e9n (Twitter.com\/trabzonkudus, 7 de noviembre, 2011)<\/em><\/p>\n<p><em>Este informe dar\u00e1 un repaso a las dos conferencias y las declaraciones realizadas en estas.<\/em><\/p>\n<p><strong>El Foro de Estudiosos Musulmanes Turcos para Jerusal\u00e9n destaca la necesidad de consolidar la presencia de Turqu\u00eda en Palestina<\/strong><\/p>\n<p>A la conferencia en la red del Foro de Estudiosos Musulmanes Turcos para Jerusal\u00e9n, celebrada el 7 de noviembre, 2020, asistieron cl\u00e9rigos y acad\u00e9micos de todo el mundo que defienden las ideolog\u00edas extremistas tolerantes de la violencia y el terrorismo. Entre ellos se destacaron el ex-jefe del bur\u00f3 pol\u00edtico de Hamas Khaled Mash&#8217;al; &#8216;Ali Al-Qaradaghi, secretario general de la Uni\u00f3n Internacional de Acad\u00e9micos Musulmanes (UIAM); Nawwaf Al-Takrouri, presidente del Consejo Palestino de Acad\u00e9micos Musulmanes en el Exterior, quien se identifica con la Hermandad Musulmana y ha sancionado las operaciones yihadistas y suicidas \u00aben todas partes\u00bb<a href=\"#_edn3\" name=\"_ednref3\">[3]<\/a> y el predicador de Al-Aqsa y ex-muft\u00ed de Jerusal\u00e9n Ikrima Sabri, quien tambi\u00e9n le dio el visto bueno a los atentados suicidas.<a href=\"#_edn4\" name=\"_ednref4\">[4]<\/a><\/p>\n<p>Junto a las habituales declaraciones de apoyo hacia los palestinos, la oposici\u00f3n a la normalizaci\u00f3n de relaciones y el elogio a los \u00abcombatientes yihadistas\u00bb, hubo un conspicuo intento de destacar el papel de Turqu\u00eda como actor importante en Jerusal\u00e9n y Palestina, e incluso en presentar a Palestina como \u00abotomana\u00bb y a Turqu\u00eda con derecho a Jerusal\u00e9n. Tambi\u00e9n fue prominente el elogio por el apoyo de Turqu\u00eda a la causa palestina.<\/p>\n<p>El Presidente turco Recep Tayyip Erdogan dijo, en una declaraci\u00f3n a los participantes de la conferencia, que \u00abcomo pa\u00eds y naci\u00f3n, nosotros hemos tenido el honor de servir a Jerusal\u00e9n durante 400 a\u00f1os\u00bb y agreg\u00f3: \u00abAprovecho esta oportunidad para enfatizar nuestro firme apoyo a la gloriosa resistencia librada por nuestros hermanos palestinos contra la ocupaci\u00f3n, opresi\u00f3n y destrucci\u00f3n&#8230; Al\u00e1 que lega, Jerusal\u00e9n ser\u00e1 liberada gracias a la lucha de nuestros hermanos palestinos, el apoyo de los musulmanes y los esfuerzos de gente como ustedes, nuestros estudiosos religiosos&#8230;\u00bb<a href=\"#_edn5\" name=\"_ednref5\">[5]<\/a><\/p>\n<p><strong>Khaled Mash&#8217;al: Estamos orgullosos de Turqu\u00eda, que retoma su papel hist\u00f3rico<\/strong><\/p>\n<p>En su discurso en la conferencia, el ex-jefe del bur\u00f3 pol\u00edtico de Hamas Khaled Mash&#8217;al elogi\u00f3 a Turqu\u00eda y al Presidente Erdogan, diciendo: \u00abEl apoyo extendido por Turqu\u00eda y todos sus sectores a los mejores de la naci\u00f3n musulmana fortalecer\u00e1 su firme postura contra la normalizaci\u00f3n de relaciones y la hegemon\u00eda sionista&#8230; Ustedes, el pueblo de Turqu\u00eda mostraron habilidades considerables a lo largo de la historia&#8230; Hoy Turqu\u00eda, con su pueblo bien arraigado y su valiente liderazgo, est\u00e1 restaurando su estatus y su papel en la regi\u00f3n. Este papel se est\u00e1 fortaleciendo y estamos orgullosos del ascenso de Turqu\u00eda y su retorno a su identidad y estatus de origen&#8230; Turqu\u00eda posee grandes capacidades, especialmente gracias a su larga historia en la era del Sult\u00e1n &#8216;Abdul Hamid\u00bb.<a href=\"#_edn6\" name=\"_ednref6\">[6]<\/a><\/p>\n<p>Mash&#8217;al agreg\u00f3 que \u00abla causa palestina es diferente de cualquier otra, ya que esta es una medida b\u00e1sica de la existencia, ascenso y ca\u00edda de la naci\u00f3n isl\u00e1mica&#8230; Desde la ca\u00edda del califato otomano, Palestina ha estado expuesta a problemas internos y a amenazas externas&#8230; Todos somos miembros de una sola naci\u00f3n y debemos apoyarnos unos a otros. La Turqu\u00eda de hoy no solo nos apoya, sino que es un socio importante, que se encuentra restaurando su estatus e incrementando su papel regional bajo el liderazgo de su Presidente Recep Tayyip Erdogan, de quien estamos muy orgullosos&#8230;\u00bb<a href=\"#_edn7\" name=\"_ednref7\">[7]<\/a><\/p>\n<p><em>Para ver el despacho en su totalidad en ingl\u00e9s junto a las im\u00e1genes y videos copie por favor el siguiente enlace en su ordenador<\/em>: <a href=\"https:\/\/www.memri.org\/reports\/online-conferences-sponsored-turkey-call-consolidate-turkish-presence-jerusalem-say-turkish\">https:\/\/www.memri.org\/reports\/online-conferences-sponsored-turkey-call-consolidate-turkish-presence-jerusalem-say-turkish<\/a><\/p>\n<hr \/>\n<p><a href=\"#_ednref1\" name=\"_edn1\">[1]<\/a> Tccb.gov.tr, 1 de diciembre, 2020.<\/p>\n<p><a href=\"#_ednref2\" name=\"_edn2\">[2]<\/a> La Uni\u00f3n Internacional de Acad\u00e9micos Musulmanes UIAM tiene su sede en Doha y ha sido apoyado desde su fundaci\u00f3n por el r\u00e9gimen de Qatar y por Turqu\u00eda. La organizaci\u00f3n fue establecida en el a\u00f1o 2004 por el ide\u00f3logo de la Hermandad Musulmana, el Jeque Yousuf Al-Qaradawi, quien tambi\u00e9n la dirigi\u00f3 hasta finales del 2018 y que ha residido en Qatar y ha contado con el respaldo de su r\u00e9gimen desde la d\u00e9cada de los a\u00f1os 1960. El portal de la UIAM ha estado promoviendo durante a\u00f1os el discurso extremista, incluyendo incitaci\u00f3n e instigaci\u00f3n al yihad, terrorismo y al odio hacia los jud\u00edos y cristianos. El secretario general de la organizaci\u00f3n &#8216;Ali Al-Qaradaghi, afirm\u00f3 recientemente que el asesinato del maestro de escuela franc\u00e9s Samuel Paty hab\u00eda sido organizado por las autoridades francesas y que el verdadero asesino a\u00fan estaba vivo. V\u00e9ase la serie Despacho Especial de MEMRI No. 8974 &#8211; El Secretario General de la Uni\u00f3n Internacional de Acad\u00e9micos Musulmanes &#8216;Ali Al-Qaradaghi reanuda su incitaci\u00f3n yihadista: Afirma que el asesinato de un profesor franc\u00e9s fue organizado por las autoridades francesas y el verdadero asesino aun sigue vivo &#8211; 20 de octubre, 2020. Para obtener m\u00e1s informaci\u00f3n sobre el discurso extremista y el apoyo a los terroristas de la UIAM y sus miembros, consulte los informes de MEMRI: Despacho Especial No. 8974 &#8211; Secretario General de la Uni\u00f3n Internacional de Acad\u00e9micos Musulmanes &#8216;Ali Al-Qaradaghi resume la instigaci\u00f3n yihadista: Afirma que el asesinato del profesor franc\u00e9s fue organizado por las autoridades francesas y el verdadero asesino aun sigue vivo &#8211; 20 de octubre, 2020; Despacho Especial No. 542 &#8211; Al-Qaradhawi habla a favor de las operaciones suicidas en una Conferencia Isl\u00e1mica en Suecia, 24 de julio, 2003; Despacho Especial No. 828 &#8211; Jeque Yousuf Al-Qaradhawi: La resistencia en Irak es un deber de todo musulm\u00e1n &#8211; 14 de diciembre, 2004; Despacho Especial No. 7308 &#8211; Antiguo periodista saudita Al-Rashed: La Uni\u00f3n Internacional de Acad\u00e9micos Musulmanes de Al-Qaradawi fomenta el discurso yihadista, apoya a los terroristas, combate contra el Islam moderado, 31 de enero, 2018; Despacho Especial No. 7984 &#8211; Uni\u00f3n Internacional de Acad\u00e9micos Musulmanes insta a los imames a predicar el yihad armado contra Israel para salvar a Al-Aqsa &#8211; 4 de abril, 2019; Despacho Especial No. 8000 &#8211; La Uni\u00f3n Internacional de Acad\u00e9micos Musulmanes, que durante a\u00f1os ha incitado el yihad, pide a Occidente que proh\u00edba el discurso del odio &#8211; 15 de abril, 2019; Despacho Especial No. 8083 &#8211; Dr. Ahmed Al-Raissouni, director de la Uni\u00f3n Internacional de Acad\u00e9micos Musulmanes, fundada por el Jeque Yousef Al-Qaradawi en Dubl\u00edn: Cuestionar el Holocausto no es solo un derecho sino una obligaci\u00f3n &#8211; 23 de mayo, 2019; Despacho Especial No. 8135 &#8211; Uni\u00f3n Internacional de Acad\u00e9micos Musulmanes, asistido de Qatar, llama a boicotear la conferencia en Bahr\u00e9in sobre el Acuerdo del Siglo y apoyar el yihad de los palestinos &#8211; 24 de junio, 2019; Despacho Especial No. 8295 &#8211; Dr. Ahmed Al-Raissouni, director de la UIAM, que promueve el discurso extremista, antisemita y anti-Occidente, se une a la facultad de la Universidad de Qatar &#8211; 29 de septiembre, 2019; Despacho Especial No. 8830 &#8211; Uni\u00f3n Internacional de Acad\u00e9micos Musulmanes, respaldada por Qatar y Turqu\u00eda, pide por el yihad y el auto-sacrificio para frustrar el plan de Israel de anexarse partes de Cisjordania &#8211; 7 de junio, 2020.<\/p>\n<p><a href=\"#_ednref3\" name=\"_edn3\">[3]<\/a> V\u00e9ase la serie de MEMRI Despacho Especial No. 8807 &#8211; El doble discurso de Qatar: Pretender combatir el terrorismo mientras realiza una conferencia con jeques que apoyan al EIIS y los atentados suicidas &#8211; 18 de junio, 2020.<\/p>\n<p><a href=\"#_ednref4\" name=\"_edn4\">[4]<\/a> V\u00e9ase la serie de MEMRI Despacho Especial No. 151, \u00abLa Autoridad Palestina y el &#8216;muft\u00ed de Jerusal\u00e9n y Palestina&#8217; discuten la Intifada\u00bb, 9 de noviembre, 2000; serie de MEMRI Investigaci\u00f3n y An\u00e1lisis No. 61, \u00abLa alegr\u00eda de las madres de los &#8216;m\u00e1rtires&#8217; palestinos\u00bb, 27 de junio, 2001.<\/p>\n<p><a href=\"#_ednref5\" name=\"_edn5\">[5]<\/a> Facebook.com\/palscholars, 8 de noviembre, 2020.<\/p>\n<p><a href=\"#_ednref6\" name=\"_edn6\">[6]<\/a> La referencia es al Sult\u00e1n Abdul Hamid II (quien gobern\u00f3 entre los a\u00f1os de 1876-1909), quien rechaz\u00f3 la solicitud de Herzl de establecer una patria jud\u00eda en Palestina y se opuso a la inmigraci\u00f3n jud\u00eda all\u00ed, principalmente por su enfoque pan-isl\u00e1mico. En consecuencia, impuso numerosas restricciones a los inmigrantes, incluyendo restricciones sobre la compra y construcci\u00f3n de terrenos, as\u00ed como tambi\u00e9n fuertes impuestos.<\/p>\n<p><a href=\"#_ednref7\" name=\"_edn7\">[7]<\/a> Palinfo.com, 7 de noviembre, 2020.<\/p>\n","protected":false},"excerpt":{"rendered":"<p>A comienzos del mes de noviembre, 2020 se llevaron a cabo dos conferencias en la red todas patrocinadas por Turqu\u00eda sobre el tema de Jerusal\u00e9n y Palestina. Las conferencias fueron asistidas por cl\u00e9rigos y pol\u00edticos musulmanes, muchos de ellos miembros palestinos y turcos de la Hermandad Musulmana y de Hamas. Si bien estos enfatizaron la [&hellip;]<\/p>\n","protected":false},"author":1,"featured_media":58862,"comment_status":"open","ping_status":"open","sticky":false,"template":"","format":"standard","meta":{"footnotes":""},"categories":[4,10,6,9,18,2,23,28],"tags":[],"class_list":["post-58861","post","type-post","status-publish","format-standard","has-post-thumbnail","hentry","category-archivos","category-estudios-sobre-terrorismo-y-yihad","category-comunicados-especiales","category-temas","category-paises","category-featured","category-autoridad-palestina","category-turquia"],"_links":{"self":[{"href":"https:\/\/www2.memri.org\/espanol\/wp-json\/wp\/v2\/posts\/58861","targetHints":{"allow":["GET"]}}],"collection":[{"href":"https:\/\/www2.memri.org\/espanol\/wp-json\/wp\/v2\/posts"}],"about":[{"href":"https:\/\/www2.memri.org\/espanol\/wp-json\/wp\/v2\/types\/post"}],"author":[{"embeddable":true,"href":"https:\/\/www2.memri.org\/espanol\/wp-json\/wp\/v2\/users\/1"}],"replies":[{"embeddable":true,"href":"https:\/\/www2.memri.org\/espanol\/wp-json\/wp\/v2\/comments?post=58861"}],"version-history":[{"count":0,"href":"https:\/\/www2.memri.org\/espanol\/wp-json\/wp\/v2\/posts\/58861\/revisions"}],"wp:featuredmedia":[{"embeddable":true,"href":"https:\/\/www2.memri.org\/espanol\/wp-json\/wp\/v2\/media\/58862"}],"wp:attachment":[{"href":"https:\/\/www2.memri.org\/espanol\/wp-json\/wp\/v2\/media?parent=58861"}],"wp:term":[{"taxonomy":"category","embeddable":true,"href":"https:\/\/www2.memri.org\/espanol\/wp-json\/wp\/v2\/categories?post=58861"},{"taxonomy":"post_tag","embeddable":true,"href":"https:\/\/www2.memri.org\/espanol\/wp-json\/wp\/v2\/tags?post=58861"}],"curies":[{"name":"wp","href":"https:\/\/api.w.org\/{rel}","templated":true}]}}