{"id":58845,"date":"2020-12-14T14:58:52","date_gmt":"2020-12-14T18:58:52","guid":{"rendered":"http:\/\/www2.memri.org\/espanol\/?p=58845"},"modified":"2020-12-14T14:58:52","modified_gmt":"2020-12-14T18:58:52","slug":"resumen-del-fin-de-semana-del-proyecto-supervision-a-la-amenaza-terrorista-y-yihad-psaty-semana-del-5-12-de-diciembre-2020","status":"publish","type":"post","link":"https:\/\/www2.memri.org\/espanol\/resumen-del-fin-de-semana-del-proyecto-supervision-a-la-amenaza-terrorista-y-yihad-psaty-semana-del-5-12-de-diciembre-2020\/58845","title":{"rendered":"Resumen del fin de semana del Proyecto Supervisi\u00f3n a la Amenaza Terrorista y Yihad (PSATY) &#8211; Semana del 5-12 de diciembre, 2020"},"content":{"rendered":"<p><em>Lo siguiente son algunos de los informes de esta semana del Proyecto Supervisi\u00f3n a la Amenaza Terrorista y Yihad (PSATY) en MEMRI, que traduce y analiza el contenido de fuentes monitoreadas y supervisadas las 24 horas del d\u00eda, 7 d\u00edas a la semana, entre estos los portales y blogs yihadistas m\u00e1s importantes. (Para ver estos informes en su totalidad, usted debe ser miembro del PSATY; para obtener informaci\u00f3n sobre c\u00f3mo obtener la membrec\u00eda, env\u00ede un correo electr\u00f3nico a la siguiente direcci\u00f3n jttmsubs@memri.org junto al texto \u00abMembership &#8211; Membrec\u00eda\u00bb en el p\u00e1rrafo del tema).<\/em><\/p>\n<p><strong><em>Nota a los medios de comunicaci\u00f3n y del gobierno: Para obtener una copia completa de estos informes, env\u00ede un correo electr\u00f3nico con el t\u00edtulo del informe en la l\u00ednea del tema a la siguiente direcci\u00f3n: media@memri.org. Por favor incluya su nombre, t\u00edtulo y organizaci\u00f3n a la que pertenece en su correo electr\u00f3nico.<\/em><\/strong><\/p>\n<p><strong>EXCLUSIVO: Grupos respaldados por Ir\u00e1n se responsabilizan por ataques a dos convoyes del ej\u00e9rcito de los Estados Unidos en Bagdad y amenazan con atacar las bases estadounidenses<\/strong><\/p>\n<p><img decoding=\"async\" src=\"https:\/\/www.memri.org\/sites\/default\/files\/2020_Q3\/jttmweekly121120c.jpg\" \/><\/p>\n<p>El 10 de diciembre, 2020 un canal afiliado a las facciones chiitas respaldadas por Ir\u00e1n en Irak en la aplicaci\u00f3n Telegram, public\u00f3 un escrito en el cual afirm\u00f3 que un grupo llamado Qasem Al-Jabareen llev\u00f3 a cabo ataques contra dos convoyes del ej\u00e9rcito estadounidense al sur de Bagdad cerca de Al-Samawah.<\/p>\n<p><strong>EXCLUSIVO: La provincia Joras\u00e1n del Estado Isl\u00e1mico denuncia el asesinato de una periodista afgana en Afganist\u00e1n<\/strong><\/p>\n<p><img decoding=\"async\" src=\"https:\/\/www.memri.org\/sites\/default\/files\/2020_Q3\/jttmweekly121120a.jpg\" \/><\/p>\n<p>El 10 de diciembre, 2020 la provincia Joras\u00e1n del Estado Isl\u00e1mico (EIIS) se atribuy\u00f3 responsabilidad por el asesinato de una periodista afgana.<\/p>\n<p><strong>EXCLUSIVO: El EIIS presenta su propia narrativa en video de la batalla de Mosul con el prop\u00f3sito de contrarrestar film de Netflix<\/strong><\/p>\n<p><strong> <img decoding=\"async\" src=\"https:\/\/www.memri.org\/sites\/default\/files\/2020_Q3\/jttmweekly1211201_0.jpg\" \/><\/strong><\/p>\n<p><strong><em>El siguiente informe es ahora complemento sin costo alguno del Proyecto Supervisi\u00f3n a la Amenaza Terrorista y Yihad de MEMRI (PSATY). Para informaci\u00f3n sobre como suscribirse al PSATY, <a href=\"http:\/\/memri.convio.net\/site\/R?i=_bJ3vqPE-oDtjXEjsXjR3Q\">pulse aqu\u00ed<\/a>.<\/em><\/strong><\/p>\n<p>Activistas de los medios de comunicaci\u00f3n que apoyan al Estado Isl\u00e1mico (EIIS) se aprovecharon del lanzamiento de la altamente publicitada pel\u00edcula Mosul en Netflix el 26 de noviembre, 2020, para propagar su propia narrativa sobre la guerra por el control de la ciudad.<\/p>\n<p><strong>EXCLUSIVO: Art\u00edculo en revista yihadista: La fotograf\u00eda de Mike Pompeo junto a l\u00edderes talibanes afganos muestra que los talibanes son &#8216;socios iguales con una superpotencia como los Estados Unidos&#8217;<\/strong><\/p>\n<p><strong> <img decoding=\"async\" src=\"https:\/\/www.memri.org\/sites\/default\/files\/2020_Q3\/jttmweekly1211202_0.jpg\" \/><\/strong><\/p>\n<p>Un art\u00edculo publicado en una revista yihadista en idioma urdu por los talibanes afirma que una fotograf\u00eda del secretario de Estado estadounidense Mike Pompeo y el l\u00edder adjunto de los talibanes afganos Mullah Abdul Ghani Baradar compartiendo el escenario en Doha, Qatar muestra que los talibanes son \u00absocios por igual con una superpotencia como lo es Estados Unidos\u00bb.<\/p>\n<p><strong>EXCLUSIVO: Grupo chiita iraqu\u00ed publica im\u00e1genes que muestran las sedes de las compa\u00f1\u00edas petroleras estadounidenses en Irak, las listas de los nombres de su personal y se comprometen a vengar a Soleimani y a Al-Muhandis<\/strong><\/p>\n<p><img decoding=\"async\" src=\"https:\/\/www.memri.org\/sites\/default\/files\/2020_Q3\/jttmweekly1211203_0.jpg\" \/><\/p>\n<p>El 28 de noviembre, 2020 una nueva milicia chiita en Irak public\u00f3 im\u00e1genes en su canal en la aplicaci\u00f3n Telegram que, seg\u00fan este afirm\u00f3, muestra el cuartel general de las \u00abempresas estadounidenses\u00bb que operan en Irak.<\/p>\n<p><strong>EXCLUSIVO: Redes sociales yihadistas &#8211; Revisi\u00f3n de la cuenta (JSM-AR): Usuario iraqu\u00ed de Facebook en Virginia es amigo de simpatizantes estadounidenses del EIIS arrestados y publica contenido yihadista<\/strong><\/p>\n<p><strong> <img decoding=\"async\" src=\"https:\/\/www.memri.org\/sites\/default\/files\/2020_Q3\/jttmweekly1211204_0.jpg\" \/><\/strong><\/p>\n<p>Un usuario en Facebook parece poseer una relaci\u00f3n cercana con dos hombres arrestados bajo sospecha de apoyar materialmente al Estado Isl\u00e1mico (EIIS) y planear ataques terroristas en suelo estadounidense.<\/p>\n<p><strong>EXCLUSIVO: Informe en diario de Qatar: Milicias pro-iran\u00edes contin\u00faan cavando una extensa red de t\u00faneles a lo largo de la frontera entre Siria e Irak<\/strong><\/p>\n<p><img decoding=\"async\" src=\"https:\/\/www.memri.org\/sites\/default\/files\/2020_Q3\/jttmweekly1211205_0.jpg\" \/><\/p>\n<p>El 3 de diciembre, 2020 un diario qatar\u00ed en Londres public\u00f3 un art\u00edculo en el que informaba que, para evadir ataques a\u00e9reos, Ir\u00e1n y sus milicias aliadas han desarrollado a\u00fan m\u00e1s las redes de t\u00faneles que fueron utilizadas por el Estado Isl\u00e1mico (EIIS).<\/p>\n<p><strong>EXCLUSIVO: Art\u00edculo en revista de Tehreek-e-Taliban Pakistan (TTP) culpa a los jud\u00edos por el coronavirus y dice que este fue &#8216;escondido para que pudiera ser utilizado como una bomba at\u00f3mica, en especial contra los musulmanes&#8217;<\/strong><\/p>\n<p><strong> <img decoding=\"async\" src=\"https:\/\/www.memri.org\/sites\/default\/files\/2020_Q3\/jttmweekly1211206_0.jpg\" \/><\/strong><\/p>\n<p><strong><em>El siguiente informe es ahora complemento sin costo alguno del Proyecto Supervisi\u00f3n a la Amenaza Terrorista y Yihad de MEMRI (PSATY). Para informaci\u00f3n sobre como suscribirse al PSATY, <a href=\"http:\/\/memri.convio.net\/site\/R?i=_bJ3vqPE-oDtjXEjsXjR3Q\">pulse aqu\u00ed<\/a>.<\/em><\/strong><\/p>\n<p>Un art\u00edculo en la \u00faltima edici\u00f3n de una revista yihadista en urdu publicada por Tehreek-e-Taliban Pakistan (TTP) culpa a \u00ablos jud\u00edos y a sus t\u00edteres\u00bb por la pandemia del coronavirus y de acosar a los musulmanes durante la pandemia.<\/p>\n<p><strong>El EIIS se responsabiliza por los ataques realizados con artefactos explosivos improvisados \u200b\u200ba barcos del ej\u00e9rcito de Chad en el lago Chad, asesinando a decenas de personas<\/strong><\/p>\n<p><img decoding=\"async\" src=\"https:\/\/www.memri.org\/sites\/default\/files\/2020_Q3\/jttmweekly1211207_0.jpg\" \/><\/p>\n<p>El 8 de diciembre, 2020 el Estado Isl\u00e1mico (EIIS) emiti\u00f3 un comunicado en el que afirmaba que sus combatientes llevaron a cabo ataques con artefactos explosivos improvisados contra barcos del ej\u00e9rcito de Chad en el lago Chad.<\/p>\n<p><strong>Pancarta pro-EIIS pide por ataques contra Francia y empresas francesas en los pa\u00edses &#8216;musulmanes&#8217; hasta que cesen las &#8216;burlas&#8217; contra el Islam y contra el Profeta Mahoma<\/strong><\/p>\n<p><img decoding=\"async\" src=\"https:\/\/www.memri.org\/sites\/default\/files\/2020_Q3\/jttmweekly1211208_0.jpg\" \/><\/p>\n<p>El 3 de diciembre, 2020 un medio de comunicaci\u00f3n pro-Estado Isl\u00e1mico (EIIS) en la aplicaci\u00f3n Telegram public\u00f3 una p\u00f3ster que mostraba a un combatiente del EIIS fuertemente armado parado en una calle de Par\u00eds observando la Torre Eiffel.<\/p>\n<p><strong>Campa\u00f1a pro-EIIS en las redes sociales aprovecha el aniversario de la demolici\u00f3n de una mezquita en India para incitar a los musulmanes hind\u00faes a que emprendan el yihad<\/strong><\/p>\n<p><img decoding=\"async\" src=\"https:\/\/www.memri.org\/sites\/default\/files\/2020_Q3\/jttmweekly1211209_0.jpg\" \/><\/p>\n<p>El 4 de diciembre, 2020 un canal pro-Estado Isl\u00e1mico (EIIS) en la aplicaci\u00f3n Telegram lanz\u00f3 una campa\u00f1a en las redes sociales destinada a incitar a los musulmanes en India a que sigan el camino del yihad bajo el liderazgo del EIIS.<\/p>\n<p><strong>Revisi\u00f3n de Cuenta en los Medios Sociales Yihadistas (RC-MSY): Usuario australiano en Instagram ora por la liberaci\u00f3n de un partidario del EIIS encarcelado por cargos de planear ataques en Sydney adem\u00e1s de amenazar a Francia<\/strong><\/p>\n<p><img decoding=\"async\" src=\"https:\/\/www.memri.org\/sites\/default\/files\/2020_Q3\/jttmweekly12112010_0.jpg\" \/><\/p>\n<p>Un usuario en Instagram quien vive en Australia ha publicado muchas fotograf\u00edas de s\u00ed mismo junto a un partidario del EIIS quien fue arrestado en Sydney por cargos de planear actos terroristas.<\/p>\n<p><strong>Revisi\u00f3n de Cuenta en los Medios Sociales Yihadistas (RC-MSY): Un individuo en Washington, D.C. publica contenido pro-EIIS en urdu en Facebook<\/strong><\/p>\n<p><img decoding=\"async\" src=\"https:\/\/www.memri.org\/sites\/default\/files\/2020_Q3\/jttmweekly12112011_0.jpg\" \/><\/p>\n<p>Un usuario pro-Estado Isl\u00e1mico (EIIS) en Facebook escribe que ahora vive en Washington, D.C. y que asisti\u00f3 a la Universidad all\u00ed.<\/p>\n<p><strong>Revisi\u00f3n de Cuenta en los Medios Sociales Yihadistas (RC-MSY): Un usuario en Twitter en Holanda comparte sermones de prominentes predicadores yihadistas y alienta a sus seguidores a traducirle a ellos escritos, conferencias y &#8216;material spam en las redes sociales de acad\u00e9micos que han sido encarcelados&#8217;<\/strong><\/p>\n<p><img decoding=\"async\" src=\"https:\/\/www.memri.org\/sites\/default\/files\/2020_Q3\/jttmweekly121120b.jpg\" \/><\/p>\n<p>Un usuario en Facebook cuyo perfil indica que reside en Holanda comparte con regularidad sermones y videos de audio de acad\u00e9micos y de l\u00edderes yihadistas.<\/p>\n<p><strong>Grupo yihadista se responsabiliza por el bombardeo a la base del ej\u00e9rcito turco en Idlib, Siria<\/strong><\/p>\n<p><img decoding=\"async\" src=\"https:\/\/www.memri.org\/sites\/default\/files\/2020_Q3\/jttmweekly12112012_0.jpg\" \/><\/p>\n<p>El 7 de diciembre, 2020 un grupo en Siria que dice ser \u00abindependiente\u00bb emiti\u00f3 un comunicado en el que afirma que uno de sus destacamentos ha bombardeado una base del ej\u00e9rcito turco situada en Idlib.<\/p>\n<p><strong>L\u00edder de filial de Al-Qaeda en Siria insta a sus seguidores a permanecer firmes y seguir el camino del Profeta y de los &#8216;justos&#8217; ante las dificultades<\/strong><\/p>\n<p><img decoding=\"async\" src=\"https:\/\/www.memri.org\/sites\/default\/files\/2020_Q3\/jttmweekly12112013_0.jpg\" \/><\/p>\n<p>El 3 de diciembre, 2020 un medio de comunicaci\u00f3n pro-Al-Qaeda public\u00f3 una carta escrita por el l\u00edder de una filial de Al-Qaeda en Siria.<\/p>\n<p><strong>Grupo yihadista en Siria Ansar Al-Tawhid publica video que documenta el entrenamiento y las operaciones militares del grupo e insta a los muyahidines a permanecer firmes en su lucha<\/strong><\/p>\n<p><img decoding=\"async\" src=\"https:\/\/www.memri.org\/sites\/default\/files\/2020_Q3\/jttmweekly12112014_0.jpg\" \/><\/p>\n<p>El 8 de diciembre, 2020 un grupo yihadista que estuvo vinculado a Al-Qaeda antes de declarar su independencia comparti\u00f3 un video en la aplicaci\u00f3n Telegram que documenta el entrenamiento militar y las operaciones de sus combatientes contra el r\u00e9gimen sirio y contra Rusia.<\/p>\n<p><strong>Equipo cibern\u00e9tico chiita iraqu\u00ed respaldado por Ir\u00e1n se aprovecha de las pol\u00edticas de informes sobre contenido en Twitter, Facebook e Instagram y tiene en la mira las cuentas de activistas, periodistas y de pol\u00edticos<\/strong><\/p>\n<p><img decoding=\"async\" src=\"https:\/\/www.memri.org\/sites\/default\/files\/2020_Q3\/jttmweekly12112015_0.jpg\" \/><\/p>\n<p>Los \u00faltimos meses han sido testigos de un incremento en las actividades en varios de los canales Telegram afiliados a grupos respaldados por Ir\u00e1n en Irak, incluyendo un equipo que apunta a las cuentas en las redes sociales pertenecientes a activistas iraqu\u00edes que se oponen a las milicias respaldadas por Ir\u00e1n en Irak, incluyendo a periodistas e investigadores que se encuentran fuera del pa\u00eds.<\/p>\n<p><strong>Tras una divisi\u00f3n, grupo chiita iraqu\u00ed cambia de nombre y niega su participaci\u00f3n en un vandalismo en Bagdad<\/strong><\/p>\n<p><img decoding=\"async\" src=\"https:\/\/www.memri.org\/sites\/default\/files\/2020_Q3\/jttmweekly12112016_0.jpg\" \/><\/p>\n<p>El 7 de diciembre, 2020 un grupo chiita iraqu\u00ed emiti\u00f3 un comunicado anunciando que fue cambiado el nombre del grupo. La decisi\u00f3n fue tomada unas semanas despu\u00e9s de que el grupo anunciara que sus miembros decidieron dividirse en dos grupos.<\/p>\n<p><strong>Filial de Al-Qaeda GAIM afirma haber perpetrado varios ataques contra las fuerzas francesas y de la ONU en Mali en venganza por los insultos de Francia hacia el Profeta Mahoma<\/strong><\/p>\n<p><img decoding=\"async\" src=\"https:\/\/www.memri.org\/sites\/default\/files\/2020_Q3\/jttmweekly12112017_0.jpg\" \/><\/p>\n<p>El 5 de diciembre, 2020 un medio de comunicaci\u00f3n oficial de una filial de Al-Qaeda emiti\u00f3 un comunicado en el que se atribu\u00eda responsabilidad por los ataques simult\u00e1neos con cohetes contra tres bases de las fuerzas francesas de Barkhane en Mali, que tuvieron lugar el 30 de noviembre.<\/p>\n<p><strong>El Partido Isl\u00e1mico de Turquest\u00e1n (PIT) afirma que la designaci\u00f3n de organizaci\u00f3n terrorista dada por los Estados Unidos, ahora revocada, se bas\u00f3 en un &#8216;enga\u00f1o&#8217; chino y pide a otros pa\u00edses que sigan el ejemplo estadounidense<\/strong><\/p>\n<p><strong> <img decoding=\"async\" src=\"https:\/\/www.memri.org\/sites\/default\/files\/2020_Q3\/jttmweekly12112018_0.jpg\" \/><\/strong><\/p>\n<p>El 5 de noviembre, 2020 el Departamento de Estado estadounidense anul\u00f3 la designaci\u00f3n terrorista dada al Movimiento Isl\u00e1mico de Turkest\u00e1n Oriental (ETIM\/siglas en ingl\u00e9s), un grupo yihadista uigur que se cree se encuentra activo en la provincia china de Xinjiang, tambi\u00e9n conocida como el Turkest\u00e1n Oriental.<\/p>\n<p><strong>Talibanes afganos critican al jefe en pol\u00edtica exterior de la Uni\u00f3n Europea Josep Borrell, por oponerse a la exigencia de los talibanes por un gobierno isl\u00e1mico en Afganist\u00e1n<\/strong><\/p>\n<p><img decoding=\"async\" src=\"https:\/\/www.memri.org\/sites\/default\/files\/2020_Q3\/jttmweekly12112019_1.jpg\" \/><\/p>\n<p>En una conferencia multilateral sobre el tema Afganist\u00e1n en Ginebra el 24 de noviembre, 2020 Josep Borrell, el Alto Representante de la Uni\u00f3n Europea para Asuntos Externos y Pol\u00edtica de Seguridad y vicepresidente de la Comisi\u00f3n Europea dijo: \u00abUn alto el fuego no deber\u00eda ser el resultado del proceso de paz. Este deber\u00eda acompa\u00f1ar el proceso a partir de hoy&#8230; Cualquier intento de restaurar un emirato isl\u00e1mico tendr\u00eda un impacto sobre nuestro compromiso pol\u00edtico y financiero\u00bb.<\/p>\n<p><strong>Tehreek-e-Taliban Pakistan (TTP) publica la m\u00e1s reciente edici\u00f3n de su revista en urdu y enfatiza la unidad en sus filas junto a librar el yihad contra las fuerzas armadas<\/strong><\/p>\n<p><img decoding=\"async\" src=\"https:\/\/www.memri.org\/sites\/default\/files\/2020_Q3\/jttmweekly12112020_0.jpg\" \/><\/p>\n<p>Tehreek-e-Taliban Pakistan (TTP), que ha reforzado sus filas en los \u00faltimos meses al unir varias facciones anteriores, ha publicado la edici\u00f3n No. 8 de su revista en urdu.<\/p>\n","protected":false},"excerpt":{"rendered":"<p>Lo siguiente son algunos de los informes de esta semana del Proyecto Supervisi\u00f3n a la Amenaza Terrorista y Yihad (PSATY) en MEMRI, que traduce y analiza el contenido de fuentes monitoreadas y supervisadas las 24 horas del d\u00eda, 7 d\u00edas a la semana, entre estos los portales y blogs yihadistas m\u00e1s importantes. (Para ver estos [&hellip;]<\/p>\n","protected":false},"author":1,"featured_media":58846,"comment_status":"open","ping_status":"open","sticky":false,"template":"","format":"standard","meta":{"footnotes":""},"categories":[1],"tags":[],"class_list":["post-58845","post","type-post","status-publish","format-standard","has-post-thumbnail","hentry","category-uncategorized"],"_links":{"self":[{"href":"https:\/\/www2.memri.org\/espanol\/wp-json\/wp\/v2\/posts\/58845","targetHints":{"allow":["GET"]}}],"collection":[{"href":"https:\/\/www2.memri.org\/espanol\/wp-json\/wp\/v2\/posts"}],"about":[{"href":"https:\/\/www2.memri.org\/espanol\/wp-json\/wp\/v2\/types\/post"}],"author":[{"embeddable":true,"href":"https:\/\/www2.memri.org\/espanol\/wp-json\/wp\/v2\/users\/1"}],"replies":[{"embeddable":true,"href":"https:\/\/www2.memri.org\/espanol\/wp-json\/wp\/v2\/comments?post=58845"}],"version-history":[{"count":0,"href":"https:\/\/www2.memri.org\/espanol\/wp-json\/wp\/v2\/posts\/58845\/revisions"}],"wp:featuredmedia":[{"embeddable":true,"href":"https:\/\/www2.memri.org\/espanol\/wp-json\/wp\/v2\/media\/58846"}],"wp:attachment":[{"href":"https:\/\/www2.memri.org\/espanol\/wp-json\/wp\/v2\/media?parent=58845"}],"wp:term":[{"taxonomy":"category","embeddable":true,"href":"https:\/\/www2.memri.org\/espanol\/wp-json\/wp\/v2\/categories?post=58845"},{"taxonomy":"post_tag","embeddable":true,"href":"https:\/\/www2.memri.org\/espanol\/wp-json\/wp\/v2\/tags?post=58845"}],"curies":[{"name":"wp","href":"https:\/\/api.w.org\/{rel}","templated":true}]}}