{"id":58565,"date":"2020-09-08T15:59:27","date_gmt":"2020-09-08T19:59:27","guid":{"rendered":"http:\/\/www2.memri.org\/espanol\/?p=58565"},"modified":"2020-09-08T15:59:27","modified_gmt":"2020-09-08T19:59:27","slug":"presidente-turco-recep-tayyip-erdogan-no-existe-poder-alguno-que-pueda-interponerse-en-el-camino-de-este-pais-no-dudaremos-en-sacrificar-martires-en-esta-lucha-estan-preparados-los-puebl","status":"publish","type":"post","link":"https:\/\/www2.memri.org\/espanol\/presidente-turco-recep-tayyip-erdogan-no-existe-poder-alguno-que-pueda-interponerse-en-el-camino-de-este-pais-no-dudaremos-en-sacrificar-martires-en-esta-lucha-estan-preparados-los-puebl\/58565","title":{"rendered":"Presidente turco Recep Tayyip Erdogan: \u00abNo existe poder alguno que pueda interponerse en el camino de este pa\u00eds\u00bb; no dudaremos en sacrificar m\u00e1rtires en esta lucha &#8211; \u00bfEst\u00e1n preparados los pueblos de Grecia, Francia, ciertos pa\u00edses de \u00c1frica del norte y del Golfo para hacer tales sacrificios?"},"content":{"rendered":"<p><em>El Presidente turco Recep Tayyip Erdo\u011fan dijo en un discurso publicado el 30 de agosto, 2020 en Ankara el cual fue subido a su canal oficial YouTube de que Turqu\u00eda no es una sociedad con un ej\u00e9rcito, sino una \u00abnaci\u00f3n ej\u00e9rcito en s\u00ed misma, [&#8230;] no existe poder alguno que pueda interponerse en el camino de este pa\u00eds\u00bb. Erdo\u011fan dijo que Turqu\u00eda no dudar\u00e1 en sacrificar m\u00e1rtires en la lucha contra sus enemigos. Erdogan pregunt\u00f3 si los pueblos de Grecia, Francia y ciertos pa\u00edses del norte de \u00c1frica y el Golfo P\u00e9rsico estar\u00edan dispuestos a hacer los mismos sacrificios debido a sus \u00abcodiciosos e incompetentes l\u00edderes\u00bb. Este afirm\u00f3 que Turqu\u00eda nunca ha sido un pa\u00eds colonizador sino m\u00e1s bien es una civilizaci\u00f3n que conquista corazones. Erdogan agreg\u00f3 que el hecho de que Turqu\u00eda sea llevada a la vanguardia de los temas negativos es una se\u00f1al del fascismo y la animosidad de sus oponentes.<\/em><\/p>\n<p><strong>Para ver el video del Presidente turco Erdogan en el portal MEMRI TV, pulse <a href=\"https:\/\/www.memri.org\/Tv\/turkish-president-erdogan-no-power-can-stand-\">aqu\u00ed<\/a> o debajo.<\/strong><\/p>\n<p><iframe src=\"https:\/\/www.memri.org\/player\/clip\/49509\/780,440\/1\" width=\"780\" height=\"440\" frameborder=\"0\"><\/iframe><\/p>\n<p><strong>\u00abNo somos una sociedad que posee un ej\u00e9rcito, somos una naci\u00f3n que es en s\u00ed misma un ej\u00e9rcito\u00bb<\/strong><\/p>\n<p><strong>\u00a0<\/strong><\/p>\n<p><strong>Presidente Recep Tayyip Erdogan<\/strong>: \u00abTal como han dicho algunos historiadores, no somos una sociedad que posea un ej\u00e9rcito, somos una naci\u00f3n que es en s\u00ed misma un ej\u00e9rcito.<\/p>\n<p>[&#8230;]<\/p>\n<p>\u00abCuando combinamos nuestra superioridad tecnol\u00f3gica, nuestros recursos humanos plenamente desarrollados y nuestro poder espiritual&#8230; con el permiso de Al\u00e1, no existe poder alguno que pueda interponerse en el camino de este pa\u00eds.<\/p>\n<p><img decoding=\"async\" src=\"https:\/\/www.memri.org\/sites\/default\/files\/2020_Q2\/MTV8260.JPG\" \/><\/p>\n<p><img decoding=\"async\" src=\"https:\/\/www.memri.org\/sites\/default\/files\/2020_Q2\/MTV82601.jpg\" \/><\/p>\n<p>[&#8230;]<\/p>\n<p><strong>\u00abNo le huimos a ning\u00fan combate; no dudaremos en sacrificar m\u00e1rtires&#8230;\u00bb<\/strong><\/p>\n<p>\u201cAhora, con voz m\u00e1s retumbante, con una fe m\u00e1s sincera y con m\u00e1s confianza que ayer en nosotros mismos, les decimos a nuestros enemigos: &#8216;Adelante&#8217;. Todos aquellos que se opongan a nosotros por tierra, mar y aire han visto la legitimidad de Turqu\u00eda y su determinaci\u00f3n de proteger sus derechos, sus intereses y capacidades basados en las leyes del derecho internacional. Aseg\u00farese de que quienes no lo hayan visto confronten esta realidad en el terreno, en la mesa diplom\u00e1tica y en las plataformas internacionales. No le huimos a ning\u00fan combate. No dudaremos en sacrificar m\u00e1rtires y heridos en esta lucha. Por nuestra independencia y nuestro futuro, no nos quedaremos inertes rugiendo todos juntos como 83 millones de personas y corriendo sobre las represas que se interponen en nuestro camino, como en una inundaci\u00f3n.<\/p>\n<p><img decoding=\"async\" src=\"https:\/\/www.memri.org\/sites\/default\/files\/2020_Q2\/MTV82602.JPG\" \/><\/p>\n<p><img decoding=\"async\" src=\"https:\/\/www.memri.org\/sites\/default\/files\/2020_Q2\/MTV82603.jpg\" \/><\/p>\n<p>[&#8230;]<\/p>\n<p>\u00abLa verdadera pregunta es esta: \u00bfPueden aquellos que se oponen a nosotros en el Mar Mediterr\u00e1neo y sus alrededores aceptar el riesgo de los mismos sacrificios? \u00bfAcepta el pueblo de Grecia lo que les suceder\u00e1 debido a las acciones de sus codiciosos e incompetentes l\u00edderes?<\/p>\n<p><img decoding=\"async\" src=\"https:\/\/www.memri.org\/sites\/default\/files\/2020_Q2\/MTV82604.JPG\" \/><\/p>\n<p>\u00ab\u00bfAcepta el pueblo de Francia el precio que tendr\u00e1 que pagar por la actitud de sus codiciosos e incompetentes l\u00edderes?<\/p>\n<p><img decoding=\"async\" src=\"https:\/\/www.memri.org\/sites\/default\/files\/2020_Q2\/MTV82605.JPG\" \/><\/p>\n<p>\u00ab\u00bfEst\u00e1n contentos los pueblos hermanos de algunos pa\u00edses del norte de \u00c1frica y del Golfo con su cada vez m\u00e1s oscuro futuro como resultado de sus codiciosos e incompetentes l\u00edderes? Los ciudadanos de pa\u00edses que est\u00e1n a decenas de miles de kil\u00f3metros de distancia y dirigen su mirada hacia la democracia y el estado constitucional de Turqu\u00eda e intereses regionales &#8211; \u00bfse dan estos cuenta de que este proceso cambiar\u00e1 y les perjudicar\u00e1?<\/p>\n<p><img decoding=\"async\" src=\"https:\/\/www.memri.org\/sites\/default\/files\/2020_Q2\/MTV82606.JPG\" \/><\/p>\n<p>[&#8230;]<\/p>\n<p>\u00abEstamos conscientes de que nos encontramos sitiados y si estos pudieran, no le dar\u00edan a esta naci\u00f3n ni siquiera un soplo de aire, ni un sorbo de agua o un bocado de pan. Todo lo que hacemos, lo hemos hecho a pesar de ellos y continuaremos haci\u00e9ndolo.<\/p>\n<p>[&#8230;]<\/p>\n<p><strong>\u00abAlrededor de todo el mundo y en particular en Europa&#8230; la xenofobia, islamofobia, todo lo anti-Turqu\u00eda y la discriminaci\u00f3n van en aumento; El hecho de que Turqu\u00eda est\u00e1 siendo puesto en primer plano&#8230; es una se\u00f1al del fascismo y animosidad en el fondo de sus mentes\u00bb<\/strong><\/p>\n<p>\u00abA lo largo de su historia, Turqu\u00eda nunca ha sido un pa\u00eds agresivo. La naci\u00f3n turca es uno de los pocos pueblos que no posee la mancha del colonialismo en su pasado. Ciertamente, nuestra civilizaci\u00f3n es una de conquista, pero nuestra comprensi\u00f3n de la conquista no est\u00e1 basada en tomar el control de las riquezas subterr\u00e1neas y en tierra. Al contrario, nuestra comprensi\u00f3n de la conquista es primero conquistar corazones.<\/p>\n<p>[&#8230;]<\/p>\n<p>\u00abAlrededor del mundo y en particular en Europa, nos encontramos en un per\u00edodo en el que la xenofobia, islamofobia, todo lo anti-Turqu\u00eda y la discriminaci\u00f3n van en aumento. A pesar de ello, el hecho de que Turqu\u00eda est\u00e9 pasando al primer plano de todos los temas negativos no es por vulnerabilidad de nuestra naci\u00f3n. M\u00e1s bien, es un signo del propio fascismo y animosidad en el trasfondo de sus mentes\u00bb.<\/p>\n","protected":false},"excerpt":{"rendered":"<p>El Presidente turco Recep Tayyip Erdo\u011fan dijo en un discurso publicado el 30 de agosto, 2020 en Ankara el cual fue subido a su canal oficial YouTube de que Turqu\u00eda no es una sociedad con un ej\u00e9rcito, sino una \u00abnaci\u00f3n ej\u00e9rcito en s\u00ed misma, [&#8230;] no existe poder alguno que pueda interponerse en el camino [&hellip;]<\/p>\n","protected":false},"author":1,"featured_media":58566,"comment_status":"open","ping_status":"open","sticky":false,"template":"","format":"standard","meta":{"footnotes":""},"categories":[4,6,9,18,2,14,28],"tags":[],"class_list":["post-58565","post","type-post","status-publish","format-standard","has-post-thumbnail","hentry","category-archivos","category-comunicados-especiales","category-temas","category-paises","category-featured","category-relaciones-inter-arabes","category-turquia"],"_links":{"self":[{"href":"https:\/\/www2.memri.org\/espanol\/wp-json\/wp\/v2\/posts\/58565","targetHints":{"allow":["GET"]}}],"collection":[{"href":"https:\/\/www2.memri.org\/espanol\/wp-json\/wp\/v2\/posts"}],"about":[{"href":"https:\/\/www2.memri.org\/espanol\/wp-json\/wp\/v2\/types\/post"}],"author":[{"embeddable":true,"href":"https:\/\/www2.memri.org\/espanol\/wp-json\/wp\/v2\/users\/1"}],"replies":[{"embeddable":true,"href":"https:\/\/www2.memri.org\/espanol\/wp-json\/wp\/v2\/comments?post=58565"}],"version-history":[{"count":0,"href":"https:\/\/www2.memri.org\/espanol\/wp-json\/wp\/v2\/posts\/58565\/revisions"}],"wp:featuredmedia":[{"embeddable":true,"href":"https:\/\/www2.memri.org\/espanol\/wp-json\/wp\/v2\/media\/58566"}],"wp:attachment":[{"href":"https:\/\/www2.memri.org\/espanol\/wp-json\/wp\/v2\/media?parent=58565"}],"wp:term":[{"taxonomy":"category","embeddable":true,"href":"https:\/\/www2.memri.org\/espanol\/wp-json\/wp\/v2\/categories?post=58565"},{"taxonomy":"post_tag","embeddable":true,"href":"https:\/\/www2.memri.org\/espanol\/wp-json\/wp\/v2\/tags?post=58565"}],"curies":[{"name":"wp","href":"https:\/\/api.w.org\/{rel}","templated":true}]}}