{"id":58324,"date":"2020-06-25T15:41:12","date_gmt":"2020-06-25T19:41:12","guid":{"rendered":"http:\/\/www2.memri.org\/espanol\/?p=58324"},"modified":"2020-06-26T15:45:21","modified_gmt":"2020-06-26T19:45:21","slug":"parlamentario-jordano-yahya-al-saud-un-conflicto-militar-con-israel-deberia-ser-una-opcion-estrategica-si-no-morimos-por-palestina-y-jerusalen-entonces-para-que-vivir","status":"publish","type":"post","link":"https:\/\/www2.memri.org\/espanol\/parlamentario-jordano-yahya-al-saud-un-conflicto-militar-con-israel-deberia-ser-una-opcion-estrategica-si-no-morimos-por-palestina-y-jerusalen-entonces-para-que-vivir\/58324","title":{"rendered":"Parlamentario jordano Yahya Al-Saud: Un conflicto militar con Israel deber\u00eda ser una opci\u00f3n estrat\u00e9gica; si no morimos por Palestina y Jerusal\u00e9n, entonces \u00bfpara qu\u00e9 vivir?"},"content":{"rendered":"<p><em>El parlamentario jordano Yahya Al-Saud, jefe del Comit\u00e9 Palestino del Parlamento jordano, dijo en una entrevista publicada el 16 de junio, 2020 en el canal de televisi\u00f3n jordano Roya que cree que todos los ciudadanos jordanos estar\u00e1n listos para combatir contra Israel. Este dijo que Jordania deber\u00eda tener como prioridad la opci\u00f3n de una confrontaci\u00f3n militar con Israel y que deber\u00eda apoyar y \u00abdesatar\u00bb la opci\u00f3n de la resistencia en contra de Israel. Adem\u00e1s, Al-Saud se refiri\u00f3 a Estados Unidos como el Gran Satan\u00e1s y dijo que los israel\u00edes son unos mentirosos, pillos, delincuentes y punks. Pidiendo la expulsi\u00f3n del embajador israel\u00ed en Jordania, la retirada del embajador jordano en Israel y la anulaci\u00f3n del acuerdo de paz de Jordania con Israel, este agreg\u00f3: \u00abSi no morimos por Palestina y por Jerusal\u00e9n&#8230; entonces \u00bfpara qu\u00e9 vivir? Al-Saud tambi\u00e9n dijo que, dado que Jordania defiende su frontera de 365 kil\u00f3metros de extensi\u00f3n con Israel, es Jordania que protege a Israel y no al contrario.<\/em><\/p>\n<p><strong><em>Para ver el video del parlamentario jordano Yahya Al-Saud en el portal MEMRI TV, pulse <a href=\"https:\/\/www.memri.org\/tv\/jordanian-mp-yahya-saud-military-resistance-against-israel-annul-agreements-fight-die-palestine\">aqu\u00ed<\/a> o debajo.<\/em><\/strong><\/p>\n<p><iframe src=\"https:\/\/www.memri.org\/player\/clip\/48762\/780,440\/1\" width=\"780\" height=\"440\" frameborder=\"0\"><\/iframe><\/p>\n<p><strong>&#8216;\u00bfPor qu\u00e9 ponemos en prisi\u00f3n a los hombres de la resistencia? Deber\u00edamos liberar la opci\u00f3n de la resistencia y convertirla en una opci\u00f3n estrat\u00e9gica&#8217;.<\/strong><\/p>\n<p><strong>Yahya Al-Saud<\/strong>: \u00abSi se declara que estamos listos para combatir contra este enemigo [Israel], juro que ning\u00fan ciudadano jordano se abstendr\u00e1 de unirse. Juro por Al\u00e1 porque veo las reacciones de la poblaci\u00f3n.<\/p>\n<p><img decoding=\"async\" src=\"https:\/\/www.memri.org\/sites\/default\/files\/2020_Q2\/m8095.JPG\" \/><\/p>\n<p>[&#8230;]<\/p>\n<p>\u00abLo que fue tomado por la fuerza solo ser\u00e1 restaurado por la fuerza. Hoy d\u00eda, debemos tener la opci\u00f3n militar como opci\u00f3n estrat\u00e9gica. Tambi\u00e9n debemos [apoyar] la opci\u00f3n de la resistencia. \u00bfPor qu\u00e9 deber\u00edamos nosotros abandonar esta opci\u00f3n? Perm\u00edtanme darle un ejemplo. Supongamos que alguien ocupa su casa y por la ma\u00f1ana, usted le da agua, Pepsi y unos emparedados. Este querr\u00e1 continuar ocupando su casa. Pero si usted se mete con su auto hoy, le rompe las ventanas de su casa ma\u00f1ana y golpea a su hijo en la cabeza, este tendr\u00e1 que responder. Si puedo, \u00bfpor qu\u00e9 ponemos a los hombres de la resistencia en prisi\u00f3n? Deber\u00edamos liberar la opci\u00f3n de la resistencia y convertirla en una opci\u00f3n estrat\u00e9gica\u00bb.<\/p>\n<p><img decoding=\"async\" src=\"https:\/\/www.memri.org\/sites\/default\/files\/2020_Q2\/m8095a.JPG\" \/><\/p>\n<p><img decoding=\"async\" src=\"https:\/\/www.memri.org\/sites\/default\/files\/2020_Q2\/m8095b.JPG\" \/><\/p>\n<p>[&#8230;]<\/p>\n<p><strong>\u00abSabemos que si nos morimos vamos directo al Para\u00edso, pero si ellos mueren, se van al Infierno\u00bb; los israel\u00edes son unos mentirosos, pillos, delincuentes apoyados por el \u00abGran Satan\u00e1s\u00bb<\/strong><\/p>\n<p><strong>Anfitri\u00f3n<\/strong>: \u00abUsted dice que la opci\u00f3n militar es una opci\u00f3n estrat\u00e9gica hoy d\u00eda&#8230;\u00bb<\/p>\n<p><strong>Al-Saud<\/strong>: \u00abDeber\u00eda ser una opci\u00f3n estrat\u00e9gica. S\u00ed. \u00bfQu\u00e9 quiso decir Su Majestad cuando les dijo a los periodistas que habr\u00e1 un conflicto? A mi modo de ver, conflicto es una palabra de mayor peso. Conflicto puede ser un conflicto militar y por qu\u00e9 no deber\u00eda serlo \u00bfNo es as\u00ed? No nos falta nada. Tenemos determinaci\u00f3n y poder\u00edo. Sabemos que si morimos nos vamos al Para\u00edso, pero si ellos mueren, van directo al Infierno.<\/p>\n<p><img decoding=\"async\" src=\"https:\/\/www.memri.org\/sites\/default\/files\/2020_Q2\/m8095h.JPG\" \/><\/p>\n<p>[&#8230;]<\/p>\n<p>\u00ab\u00bfRespetan los [israel\u00edes] los acuerdos? Son unos mentirosos. Nos enga\u00f1an a todos. Son pillos. Son punks. Est\u00e1n respaldados por Estados Unidos. El Gran Satan\u00e1s los apoya.<\/p>\n<p>[&#8230;]<\/p>\n<p><img decoding=\"async\" src=\"https:\/\/www.memri.org\/sites\/default\/files\/2020_Q2\/m8095e.JPG\" \/><\/p>\n<p>\u00abCuando el Rey habl\u00f3 sobre el conflicto &#8211; yo espero que se haya referido a un conflicto militar\u00bb.<\/p>\n<p>[&#8230;]<\/p>\n<p>\u00abSi no morimos por Palestina y por Jerusal\u00e9n y en defensa de nuestro honor y el honor de nuestras mujeres, \u00bfqu\u00e9 sentido tiene la vida?<\/p>\n<p>[&#8230;]<\/p>\n<p><strong>&#8216;Israel posee inter\u00e9s en una paz con Jordania porque nosotros protegemos una frontera de 365 kil\u00f3metros de extensi\u00f3n. Nosotros somos los que los protegemos a ellos&#8230;&#8217;<\/strong><\/p>\n<p>\u00ab[El primer ministro deber\u00eda declarar:] &#8216;He decidido expulsar al embajador israel\u00ed de Amm\u00e1n&#8217;. Todos los jordanos le saludar\u00e1n. Yo ser\u00e9 el primero en saludarlo con ambas manos. Yo lo har\u00eda como ciudadano jordano. Llamar a consulta a nuestro embajador en Tel Aviv. \u00bfQu\u00e9 espera? \u00a1Anule este vergonzoso acuerdo! \u00bfPara qu\u00e9 lo necesitamos? \u00bfDe qu\u00e9 nos sirve, de todos modos? \u00bfPuede usted decirme, como ciudadano jordano, qu\u00e9 hemos obtenido con este falso acuerdo enga\u00f1oso? \u00bfNos ha protegido de Israel? Nosotros somos los que defendemos a Israel y no al rev\u00e9s. Israel tiene inter\u00e9s en la paz con Jordania porque protegemos una frontera de 365 kil\u00f3metros de extensi\u00f3n. Nosotros somos los que los protegemos y no al contrario\u00bb.<\/p>\n<p><img decoding=\"async\" src=\"https:\/\/www.memri.org\/sites\/default\/files\/2020_Q2\/m8095g.JPG\" \/><\/p>\n","protected":false},"excerpt":{"rendered":"<p>El parlamentario jordano Yahya Al-Saud, jefe del Comit\u00e9 Palestino del Parlamento jordano, dijo en una entrevista publicada el 16 de junio, 2020 en el canal de televisi\u00f3n jordano Roya que cree que todos los ciudadanos jordanos estar\u00e1n listos para combatir contra Israel. Este dijo que Jordania deber\u00eda tener como prioridad la opci\u00f3n de una confrontaci\u00f3n [&hellip;]<\/p>\n","protected":false},"author":1,"featured_media":58325,"comment_status":"open","ping_status":"open","sticky":false,"template":"","format":"standard","meta":{"footnotes":""},"categories":[4,6,9,18,13,22,2,23],"tags":[],"class_list":["post-58324","post","type-post","status-publish","format-standard","has-post-thumbnail","hentry","category-archivos","category-comunicados-especiales","category-temas","category-paises","category-conflicto-arabe-israeli","category-jordania","category-featured","category-autoridad-palestina"],"_links":{"self":[{"href":"https:\/\/www2.memri.org\/espanol\/wp-json\/wp\/v2\/posts\/58324","targetHints":{"allow":["GET"]}}],"collection":[{"href":"https:\/\/www2.memri.org\/espanol\/wp-json\/wp\/v2\/posts"}],"about":[{"href":"https:\/\/www2.memri.org\/espanol\/wp-json\/wp\/v2\/types\/post"}],"author":[{"embeddable":true,"href":"https:\/\/www2.memri.org\/espanol\/wp-json\/wp\/v2\/users\/1"}],"replies":[{"embeddable":true,"href":"https:\/\/www2.memri.org\/espanol\/wp-json\/wp\/v2\/comments?post=58324"}],"version-history":[{"count":0,"href":"https:\/\/www2.memri.org\/espanol\/wp-json\/wp\/v2\/posts\/58324\/revisions"}],"wp:featuredmedia":[{"embeddable":true,"href":"https:\/\/www2.memri.org\/espanol\/wp-json\/wp\/v2\/media\/58325"}],"wp:attachment":[{"href":"https:\/\/www2.memri.org\/espanol\/wp-json\/wp\/v2\/media?parent=58324"}],"wp:term":[{"taxonomy":"category","embeddable":true,"href":"https:\/\/www2.memri.org\/espanol\/wp-json\/wp\/v2\/categories?post=58324"},{"taxonomy":"post_tag","embeddable":true,"href":"https:\/\/www2.memri.org\/espanol\/wp-json\/wp\/v2\/tags?post=58324"}],"curies":[{"name":"wp","href":"https:\/\/api.w.org\/{rel}","templated":true}]}}