{"id":58314,"date":"2020-06-23T15:10:55","date_gmt":"2020-06-23T19:10:55","guid":{"rendered":"http:\/\/www2.memri.org\/espanol\/?p=58314"},"modified":"2020-06-24T15:13:52","modified_gmt":"2020-06-24T19:13:52","slug":"talibanes-celebran-union-del-personal-de-gobierno-afgano-a-su-bando-junto-al-discurso-del-presidente-trump-en-west-point-prometiendo-poner-fin-a-las-guerras-interminables","status":"publish","type":"post","link":"https:\/\/www2.memri.org\/espanol\/talibanes-celebran-union-del-personal-de-gobierno-afgano-a-su-bando-junto-al-discurso-del-presidente-trump-en-west-point-prometiendo-poner-fin-a-las-guerras-interminables\/58314","title":{"rendered":"Talibanes celebran uni\u00f3n del personal de gobierno afgano a su bando junto al discurso del Presidente Trump en West Point prometiendo poner fin a las \u00abguerras interminables\u00bb"},"content":{"rendered":"<p><strong><em>El siguiente informe es ahora complemento sin costo alguno del Proyecto Supervisi\u00f3n a la Amenaza Terrorista y Yihad de MEMRI (PSATY). Para informaci\u00f3n sobre como suscribirse al PSATY, <a href=\"http:\/\/memri.convio.net\/site\/R?i=_bJ3vqPE-oDtjXEjsXjR3Q\">pulse aqu\u00ed<\/a>.<\/em><\/strong><em>\u00a0<\/em><\/p>\n<p><em>Dos declaraciones emitidas por el Emirato Isl\u00e1mico de Afganist\u00e1n (la organizaci\u00f3n de los talibanes afgana) los d\u00edas 21 y 22 de junio, analizan el papel de Estados Unidos en Afganist\u00e1n y el proceso de retirada de las tropas estadounidenses del pa\u00eds.<\/em><a href=\"#_edn1\" name=\"_ednref1\">[1]<\/a><\/p>\n<p><em> <img decoding=\"async\" src=\"https:\/\/www.memri.org\/sites\/default\/files\/2020_Q2\/jttm0623201_0.jpg\" \/><\/em><\/p>\n<p><em>Las declaraciones revelan la manera en que el acuerdo entre Estados Unidos y los talibanes firmado en Doha el 29 de febrero, 2020 ha envalentonado a los talibanes afganos, quienes se encuentran reclutando sangre nueva a las filas del personal de seguridad afgano. Las declaraciones afirman que gran parte del personal de seguridad afgano se est\u00e1 uniendo a los talibanes en varias provincias de Afganist\u00e1n.<\/em><\/p>\n<p><em>Una de las declaraciones saluda el reciente discurso dado por el Presidente de los Estados Unidos Donald Trump, en la Academia Militar West Point en los Estados Unidos, en el que dijo: \u00abEstamos poniendo fin a la era de guerras interminables. En su lugar existe un enfoque renovado y muy claro de defender los intereses vitales estadounidenses. No es deber de las tropas estadounidenses resolver conflictos antiguos en tierras lejanas de las que mucha gente nunca ha escuchado hablar. No somos los polic\u00edas del mundo\u00bb.<\/em><a href=\"#_edn2\" name=\"_ednref2\">[2]<\/a><\/p>\n<p><em>El siguiente es el texto de la declaraci\u00f3n de los talibanes publicada el 22 de junio:<\/em><\/p>\n<p><strong>\u00abLa interminable guerra de Afganist\u00e1n no solo ha perjudicado la postura internacional de Estados Unidos sino que tambi\u00e9n ha agravado sus problemas financieros\u00bb<\/strong><\/p>\n<p>\u00abHace unos d\u00edas, el Presidente estadounidense Donald Trump coment\u00f3 durante una ceremonia de graduaci\u00f3n de cadetes en una academia militar estadounidense: &#8216;Ustedes ya no combatir\u00e1n en guerras interminables. Ya no combatir\u00e1n en pa\u00edses cuyos nombres son desconocidos para la mayor\u00eda de los estadounidenses. Ustedes ya no participar\u00e1n en las guerras de pa\u00edses antiguos\u00bb.<\/p>\n<p>\u00abEs obvio que por estas guerras, Trump se refer\u00eda a la larga guerra en Afganist\u00e1n en la que Estados Unidos ha estado involucrado durante las \u00faltimas dos d\u00e9cadas, una guerra en la que ha sufrido grandes p\u00e9rdidas humanas y financieras y en la que altos funcionarios estadounidenses han admitido hasta al cansancio de que es una guerra que no se puede ganar.<\/p>\n<p>\u00abTrump ha dicho con mucha raz\u00f3n que sus soldados ya no participar\u00e1n en las guerras de los pa\u00edses antiguos porque la interminable guerra en Afganist\u00e1n no solo ha perjudicado la posici\u00f3n internacional de Estados Unidos sino que tambi\u00e9n ha agravado sus problemas financieros. Una reciente encuesta de opini\u00f3n mostr\u00f3 que el apoyo estadounidense a esta guerra ya perdida ha alcanzado nuevos m\u00ednimos ya que la gente ha comenzado a entender que funcionarios estadounidenses les enga\u00f1aron con falsas promesas acerca de la guerra\u00bb.<\/p>\n<p><strong>\u00abHace veinte a\u00f1os&#8230; [el l\u00edder talib\u00e1n] mul\u00e1 Mohammad Omar&#8230; le advirti\u00f3 a los estadounidenses a que abandonen su intenci\u00f3n de ocupar Afganist\u00e1n porque ning\u00fan invasor ha tenido \u00e9xito en esta tierra\u00bb<\/strong><\/p>\n<p>\u00abHace ya veinte a\u00f1os, el difunto comandante de los creyentes mul\u00e1 Mohammad Omar Mujahid, fundador del Emirato Isl\u00e1mico de Afganist\u00e1n, le advirti\u00f3 a los estadounidenses a que abandonen la intenci\u00f3n de ocupar Afganist\u00e1n porque ning\u00fan invasor ha tenido \u00e9xito en esta tierra; por lo tanto, no deber\u00edan probar suerte en este suelo; de lo contrario, se ver\u00e1n enredados en una guerra de la que no podr\u00e1n salir.<\/p>\n<p>\u00abLa predicci\u00f3n del fallecido mul\u00e1&#8230; [Omar] se cumpli\u00f3 y Estados Unidos se enred\u00f3 en una guerra interminable. Trump deber\u00eda actuar de acuerdo a sus promesas, retirar sus tropas de Afganist\u00e1n lo m\u00e1s r\u00e1pido posible y dejar que los afganos decidan su propio futuro.<\/p>\n<p>\u00abEl acuerdo firmado entre el Emirato Isl\u00e1mico y los Estados Unidos&#8230; [el 29] de febrero, 2020 en Doha es la mejor y m\u00e1s corta salida para Estados Unidos del complejo atolladero afgano actual en el que se encuentra. La total implementaci\u00f3n del acuerdo es beneficiosa tanto para pueblo afgano y estadounidense. La naci\u00f3n afgana recuperar\u00e1 su libertad y soberan\u00eda y construir\u00e1 un gobierno isl\u00e1mico fuerte, mientras que el pueblo estadounidense se ahorrar\u00e1 m\u00e1s p\u00e9rdidas financieras y personales y una mayor ruina de su ya agotada y perdida posici\u00f3n internacional\u00bb.<\/p>\n<p>El siguiente es el texto de la declaraci\u00f3n de los talibanes del 21 de junio:<\/p>\n<p>\u00abGrandes grupos de tropas, milicianos [pro-gobierno] y trabajadores de otras \u00e1reas militares&#8230; se unieron en los \u00faltimos d\u00edas a los muyahidines del Emirato Isl\u00e1mico\u00bb<\/p>\n<p>\u00abA medida que el acuerdo en Doha para poner fin a la ocupaci\u00f3n y la guerra que ya lleva 20 a\u00f1os se est\u00e1 implementando secuencialmente y el proceso de liberaci\u00f3n de prisioneros contin\u00faa, otra buena noticia que puede ser beneficiosa para prevenir conflictos internos y a futuro es la uni\u00f3n de tropas y otros oficiales militares de la oposici\u00f3n [es decir, el gobierno afgano] con el Emirato Isl\u00e1mico, un proceso que recientemente se ha ido acelerando mucho.<\/p>\n<p><strong>\u00abGrandes grupos de tropas, milicianos [pro-gobierno] y trabajadores de otras \u00e1reas militares abandonaron su oposici\u00f3n y se unieron a los muyahidines del Emirato Isl\u00e1mico durante los \u00faltimos d\u00edas en Balkh, Paktia, Logar, Baghlan y en otras provincias.<\/strong><\/p>\n<p>\u00abEl Emirato Isl\u00e1mico, que ya ha anunciado una amnist\u00eda general a quienes pongan fin a su oposici\u00f3n, le dio una calurosa bienvenida a estos individuos, trat\u00e1ndolos de hermanos, les llovieron con flores, pasaron por alto toda enemistad anterior, proporcionaron todo a su disposici\u00f3n para su honorable y seguro retorno a una vida normal en sus hogares, aldeas y regiones.<\/p>\n<p>\u00abEste es un desarrollo excelente porque una condici\u00f3n importante para lograr un Afganist\u00e1n isl\u00e1mico y pac\u00edfico es que esta gente que trabaja a instancias de otros renuncien a su enemistad hacia sus hermanos musulmanes, un acto que no solo est\u00e1 en conflicto con los principios del Islam, sino que tampoco tiene justificaci\u00f3n intelectual o moral\u00bb.<\/p>\n<p><strong>\u00abNuestra naci\u00f3n musulmana ha comenzado a dar pasos hacia un gobierno isl\u00e1mico soberano y pac\u00edfico tras una orgullosa lucha hist\u00f3rica\u00bb<\/strong><\/p>\n<p>\u00abDesafortunadamente, algunos de nuestros j\u00f3venes fueron enga\u00f1ados por la propaganda y las falsas promesas de los invasores extranjeros en los \u00faltimos veinte a\u00f1os. Estos jugaron el papel de auxiliares en la ocupaci\u00f3n de su tierra natal y apoyaron a los extranjeros en la destrucci\u00f3n de sus propias casas y en el asesinato de su propio pueblo, incluso mientras el Emirato Isl\u00e1mico dejaba siempre abiertas las puertas de la amnist\u00eda para ellos anim\u00e1ndolos a dejar de combatir por el inter\u00e9s ilegal de los dem\u00e1s.<\/p>\n<p>\u00abPero despu\u00e9s de veinte a\u00f1os, la realidad ha comenzado a revelarse a\u00fan m\u00e1s en los \u00faltimos meses a medida que la verdad del Emirato Isl\u00e1mico ha brillado como el sol y nuestra naci\u00f3n musulmana ha comenzado a dar pasos hacia un gobierno isl\u00e1mico soberano y pac\u00edfico tras una orgullosa lucha hist\u00f3rica. Por lo tanto, la vuelta atr\u00e1s de nuestros equivocados hermanos hacia la verdad puede considerarse portadora de mucha alegr\u00eda y buenas noticias.<\/p>\n<p>\u00abEl Emirato Isl\u00e1mico ve la prosperidad, seguridad y el desarrollo de nuestra patria y nuestro pueblo en la fusi\u00f3n, unidad y reconciliaci\u00f3n de nuestro pueblo; por lo tanto, este ha creado una comisi\u00f3n especial de &#8216;Predica y Orientaci\u00f3n&#8217; que opera en todas las provincias del pa\u00eds.<\/p>\n<p>\u00abUna vez m\u00e1s, le pedimos a todas las tropas y trabajadores en la oposici\u00f3n que detengan el asesinato de sus propios compatriotas musulmanes con las armas y \u00f3rdenes de aquellos extranjeros, pongan fin a su oposici\u00f3n y se unan sinceramente al proceso de paz en curso\u00bb.<\/p>\n<hr \/>\n<p><a href=\"#_ednref1\" name=\"_edn1\">[1]<\/a> AlemarahEnglish.com (Afganist\u00e1n), 21 y 22 de junio, 2020. El ingl\u00e9s original de las declaraciones ha sido ligeramente editado para mayor claridad y comprensi\u00f3n.<\/p>\n<p><a href=\"#_ednref2\" name=\"_edn2\">[2]<\/a> Whitehouse.gov\/briefings-statements\/remarks-president-trump-2020-united-states-military-academy-west-point-graduation-ceremony, 13 de junio, 2020.<\/p>\n","protected":false},"excerpt":{"rendered":"<p>El siguiente informe es ahora complemento sin costo alguno del Proyecto Supervisi\u00f3n a la Amenaza Terrorista y Yihad de MEMRI (PSATY). Para informaci\u00f3n sobre como suscribirse al PSATY, pulse aqu\u00ed.\u00a0 Dos declaraciones emitidas por el Emirato Isl\u00e1mico de Afganist\u00e1n (la organizaci\u00f3n de los talibanes afgana) los d\u00edas 21 y 22 de junio, analizan el papel [&hellip;]<\/p>\n","protected":false},"author":1,"featured_media":58315,"comment_status":"open","ping_status":"open","sticky":false,"template":"","format":"standard","meta":{"footnotes":""},"categories":[4,6,9,11,2],"tags":[],"class_list":["post-58314","post","type-post","status-publish","format-standard","has-post-thumbnail","hentry","category-archivos","category-comunicados-especiales","category-temas","category-e-u-a-y-el-medio-oriente","category-featured"],"_links":{"self":[{"href":"https:\/\/www2.memri.org\/espanol\/wp-json\/wp\/v2\/posts\/58314","targetHints":{"allow":["GET"]}}],"collection":[{"href":"https:\/\/www2.memri.org\/espanol\/wp-json\/wp\/v2\/posts"}],"about":[{"href":"https:\/\/www2.memri.org\/espanol\/wp-json\/wp\/v2\/types\/post"}],"author":[{"embeddable":true,"href":"https:\/\/www2.memri.org\/espanol\/wp-json\/wp\/v2\/users\/1"}],"replies":[{"embeddable":true,"href":"https:\/\/www2.memri.org\/espanol\/wp-json\/wp\/v2\/comments?post=58314"}],"version-history":[{"count":0,"href":"https:\/\/www2.memri.org\/espanol\/wp-json\/wp\/v2\/posts\/58314\/revisions"}],"wp:featuredmedia":[{"embeddable":true,"href":"https:\/\/www2.memri.org\/espanol\/wp-json\/wp\/v2\/media\/58315"}],"wp:attachment":[{"href":"https:\/\/www2.memri.org\/espanol\/wp-json\/wp\/v2\/media?parent=58314"}],"wp:term":[{"taxonomy":"category","embeddable":true,"href":"https:\/\/www2.memri.org\/espanol\/wp-json\/wp\/v2\/categories?post=58314"},{"taxonomy":"post_tag","embeddable":true,"href":"https:\/\/www2.memri.org\/espanol\/wp-json\/wp\/v2\/tags?post=58314"}],"curies":[{"name":"wp","href":"https:\/\/api.w.org\/{rel}","templated":true}]}}