{"id":58096,"date":"2020-04-24T15:28:13","date_gmt":"2020-04-24T19:28:13","guid":{"rendered":"http:\/\/www2.memri.org\/espanol\/?p=58096"},"modified":"2020-04-27T15:32:36","modified_gmt":"2020-04-27T19:32:36","slug":"yihadista-britanico-uno-de-los-combatientes-del-eiis-mas-buscados-por-la-union-europea-fue-arrestado-en-espana-esta-semana-un-informe-de-memri-en-el-2014-da-un-vistazo-exclusivo-a-sus-tempranas-act","status":"publish","type":"post","link":"https:\/\/www2.memri.org\/espanol\/yihadista-britanico-uno-de-los-combatientes-del-eiis-mas-buscados-por-la-union-europea-fue-arrestado-en-espana-esta-semana-un-informe-de-memri-en-el-2014-da-un-vistazo-exclusivo-a-sus-tempranas-act\/58096","title":{"rendered":"Yihadista brit\u00e1nico, uno de los combatientes del EIIS m\u00e1s buscados por la Uni\u00f3n Europea fue arrestado en Espa\u00f1a esta semana &#8211; un informe de MEMRI en el 2014 da un vistazo exclusivo a sus tempranas actividades en las redes sociales"},"content":{"rendered":"<p><strong><em>El siguiente informe es ahora complemento sin costo alguno del Proyecto Supervisi\u00f3n a la Amenaza Terrorista y Yihad de MEMRI (PSATY). Para informaci\u00f3n sobre como suscribirse al PSATY, <a href=\"http:\/\/memri.convio.net\/site\/R?i=_bJ3vqPE-oDtjXEjsXjR3Q\">pulse aqu\u00ed<\/a>.<\/em><\/strong><\/p>\n<p>El 21 de abril, 2020 la polic\u00eda espa\u00f1ola arrest\u00f3 a Abdel Majed Abdel Bary, un yihadista brit\u00e1nico-egipcio quien se uni\u00f3 al Estado Isl\u00e1mico (EIIS) en Siria.<a href=\"#_edn1\" name=\"_ednref1\">[1]<\/a> Bary, a quien un informe de los cuerpos policiales llam\u00f3 \u00abuno de los terroristas m\u00e1s buscados en Europa\u00bb,<a href=\"#_edn2\" name=\"_ednref2\">[2]<\/a> fue arrestado en la ciudad de Almer\u00eda al sur de Espa\u00f1a con otros dos hombres como parte de una redada contra el terrorismo y puede que hace muy poco entr\u00f3 en Espa\u00f1a a trav\u00e9s de Argelia. Bary era conocido en Londres como el rapero \u00abJinny\u00bb antes de unirse al EIIS en el a\u00f1o 2013.<\/p>\n<p>En el 2014, el Proyecto Supervisi\u00f3n a la Amenaza Terrorista y Yihad en MEMRI (PSATY) inform\u00f3 sobre las actividades de Bary en las redes sociales, donde habl\u00f3 sobre su apoyo al yihad, los muyahidines y el califato del EIIS, su insatisfacci\u00f3n con su opulenta educaci\u00f3n en Occidente y algunas de sus experiencias en Siria. El siguiente informe del PSATY de MEMRI, publicado originalmente el 2 de julio, 2014 y actualizado posteriormente, ofrece un vistazo exclusivo a las tempranas actividades de Bary en las redes sociales.<a href=\"#_edn3\" name=\"_ednref3\">[3]<\/a><\/p>\n<p><strong>\u00abJinny\u00bb &#8211; Un combatiente brit\u00e1nico del EIIS muy activo en Siria<\/strong><\/p>\n<p>Abdel Majed Abdel Bary se piensa ahora que es uno de varios yihadistas brit\u00e1nicos que se encuentran bajo investigaci\u00f3n tras la decapitaci\u00f3n del fot\u00f3grafo periodista estadounidense James Wright Foley el 19 de agosto, 2014.<a href=\"#_edn4\" name=\"_ednref4\">[4]<\/a><\/p>\n<p><img decoding=\"async\" src=\"https:\/\/www.memri.org\/sites\/default\/files\/2019_Q3\/SD8714.jpg\" \/><\/p>\n<p>Un combatiente brit\u00e1nico llamado Abdel Majed Abdel Bary, quien utiliza los nombres de \u00abJinny\u00bb y \u00abAbu AK47 Al-Britani\u00bb en Twitter, ha estado combatiendo junto al EIIS en Siria desde finales del 2013. Seg\u00fan la informaci\u00f3n que proporcion\u00f3 en su cuenta Twitter, este proviene de una familia muy adinerada en Londres que aparentemente comparte sus puntos de vista extremistas y sol\u00eda ser rapero<a href=\"#_edn5\" name=\"_ednref5\">[5]<\/a> hasta que decidi\u00f3 que esa m\u00fasica era anatema para el Islam.<\/p>\n<p>Lo siguiente son m\u00e1s detalles de su cuenta Twitter:<\/p>\n<p>Jinny escribe que viv\u00eda en el \u00e1rea exclusiva de Maida Vale en Londres. El 17 de marzo, 2014 public\u00f3 una fotograf\u00eda de s\u00ed mismo junto a su padre, con el subt\u00edtulo: \u00abA\u00f1oro a mi padre, el m\u00e1s verdadero, pueda Al\u00e1 liberarte y nos una en el <em>Jannah<\/em> [cielo] <em>Inshallah<\/em> [Al\u00e1 que lega]\u00bb.<\/p>\n<p><img decoding=\"async\" src=\"https:\/\/www.memri.org\/sites\/default\/files\/2019_Q3\/SD87141.jpg\" \/><\/p>\n<p>Esta publicaci\u00f3n y algunas de las respuestas indican que el padre de Jinny se encuentra en prisi\u00f3n. El 12 de diciembre, Jinny tuite\u00f3: \u00ab\u00daltimamente he estado so\u00f1ando [frecuentemente] con la liberaci\u00f3n de mi padre. Kheir Inshallah\u00bb.<\/p>\n<p>Un tuit publicado el 13 de marzo revela que el hermano menor de Jinny est\u00e1 cumpliendo cadena perpetua. Este escribi\u00f3: \u00abMi peque\u00f1o hermano Ahmed fue sentenciado a cadena perpetua&#8230; 26 a\u00f1os como m\u00ednimo&#8230; te amo peque\u00f1o hermano, nos vemos en el m\u00e1s all\u00e1 <em>inshallah<\/em> #Kasper\u00bb.<\/p>\n<p><img decoding=\"async\" src=\"https:\/\/www.memri.org\/sites\/default\/files\/2019_Q3\/SD87142.jpg\" \/><\/p>\n<p>A finales del a\u00f1o 2013 ya era simpatizante del yihad, tal como se desprende de un tuit publicado en septiembre del 2013: \u00abNo le crean a los medios de comunicaci\u00f3n ni al gobierno cuando alteran y retocan las im\u00e1genes de los muyahidines, todo es una mentira&#8230; Estos <em>kuffs<\/em> [<em>kuffar<\/em>, incr\u00e9dulos] est\u00e1n aterrorizados de que se establezca un estado isl\u00e1mico\/califa [califato] porque ya no podr\u00e1n oprimir a los musulmanes\u00bb. Sin embargo, en ese momento todav\u00eda era fan\u00e1tico de la m\u00fasica popular. El 10 de septiembre tuite\u00f3 la letra de la canci\u00f3n \u00abPour It Up\u00bb de Rihanna, una provocativa estrella del pop: \u00abTodo lo que veo son se\u00f1ales, todo lo que veo son se\u00f1ales del d\u00f3lar, dinero en mi mente, dinero en mi mente. Cuando aterrizo es todo una locura\u00bb.<\/p>\n<p>Consciente de que su ideolog\u00eda yihadista entraba en conflicto con sus ambiciones musicales, Jinny dej\u00f3 el mundo del rap y elimin\u00f3 todos los rastros en la red de su antigua personalidad. Este lo revela en un tuit publicado el 9 de octubre: \u00abPara todos aquellos que todav\u00eda me preguntan d\u00f3nde quedaron mis videos, tal como dije hace alg\u00fan tiempo, dej\u00e9 la m\u00fasica y elimin\u00e9 todos los videos que pude\u00bb.<\/p>\n<p><img decoding=\"async\" src=\"https:\/\/www.memri.org\/sites\/default\/files\/2019_Q3\/SD87143.jpg\" \/><\/p>\n<p>Un tuit del 6 de octubre muestra que ya este pensaba irse del Reino Unido: \u00abEl encarcelamiento para m\u00ed es una oportunidad de estar solo con mi Se\u00f1or. Ser asesinado es lograr el martirio y ser exiliado de mi tierra es un viaje espiritual\u00bb.<\/p>\n<p><img decoding=\"async\" src=\"https:\/\/www.memri.org\/sites\/default\/files\/2019_Q3\/SD87144.jpg\" \/><\/p>\n<p>Sus primeros tuits desde Siria surgen el 8 de diciembre, 2014: \u00ab<em>Alhamdulilah<\/em> [gracias a Al\u00e1] por la bendici\u00f3n del Islam y por el yihad. El hombre piensa que viven en el &#8216;infierno&#8217; en el Reino Unido, vengan aqu\u00ed y apreciar\u00e1n lo que tienen noche y d\u00eda ja,ja,ja [r\u00ede a carcajadas]\u00bb.<\/p>\n<p><img decoding=\"async\" src=\"https:\/\/www.memri.org\/sites\/default\/files\/2019_Q3\/SD87145.jpg\" \/><\/p>\n<p>Luego que varios tabloides brit\u00e1nicos informaron sobre las haza\u00f1as de Jinny en Siria, este arremeti\u00f3 contra sus descripciones de \u00e9l como terrorista y se burl\u00f3 de \u00e9l y se\u00f1al\u00f3 los errores en sus informes. Respondiendo a un periodista del <em>Daily Mail<\/em> que afirm\u00f3 que este ten\u00eda v\u00ednculos con el infame y odioso predicador brit\u00e1nico Anjem Choudary,<a href=\"#_edn6\" name=\"_ednref6\">[6]<\/a> Jinny tuite\u00f3: \u00abY, por cierto, no tengo nada que ver con anjem choudry, el es solo un micr\u00f3fono y parlante yihadista, as\u00ed que, que hay con ustedes \u00bfracistas enga\u00f1ados?\u00bb<\/p>\n<p>El 12 de enero coment\u00f3 sobre lo que este ve como un doble discurso en Occidente para aquellos que combaten en Siria: \u00abEs curioso c\u00f3mo el Reino Unido y los Estados Unidos deseaban la llamada intervenci\u00f3n en Siria antes de que cualquiera que vaya a combatir sea etiquetado de &#8216;terrorista'\u00bb.<\/p>\n<p><img decoding=\"async\" src=\"https:\/\/www.memri.org\/sites\/default\/files\/2019_Q3\/SD87145.jpg\" \/><\/p>\n<p>El 12 de febrero escribi\u00f3 que \u00e9l y un compa\u00f1ero <em>muyahid<\/em> fueron secuestrados y robados por combatientes de un grupo rebelde rival: \u00abAbu Hussein al britani y yo fuimos secuestrados y torturados por la escoria del ELS [Ej\u00e9rcito de Liberaci\u00f3n Sirio\/FI [Frente Isl\u00e1mico] quienes se robaron nuestros 4ak y una 7 mm, mi veh\u00edculo y nuestros tel\u00e9fonos celulares y dinero en efectivo\u00bb.<\/p>\n<p><img decoding=\"async\" src=\"https:\/\/www.memri.org\/sites\/default\/files\/2019_Q3\/SD8714a.jpg\" \/><\/p>\n<p>Once d\u00edas despu\u00e9s este escribi\u00f3 sobre una llamada privada que recibi\u00f3: \u00abhoy explot\u00f3 un enorme coche bomba justo afuera de mi casa, se despertaron con el techo [cayendo en su totalidad] ja,ja,ja. Muchos <em>shaheeds<\/em> [m\u00e1rtires]. Alhamdulilah todo est\u00e1 siendo bendecido\u00bb.<\/p>\n<p><img decoding=\"async\" src=\"https:\/\/www.memri.org\/sites\/default\/files\/2019_Q3\/SD87147_0.jpg\" \/><\/p>\n<p>Jinny es muy vocal en su condena a aquellos que pesan sobre el conflicto desde la comodidad y seguridad de estar en Occidente. En febrero del 2014, este tuite\u00f3: \u00abSi no est\u00e1s en Siria, no tienes derecho a comentar sobre las acciones e intenciones de los muyahidines, mant\u00e9n tu lengua en silencio, sr. muft\u00ed. Descansando en tu poltrona, trata de convencerte de que no es <em>fard<\/em>[obligatorio] en este momento hacerte sentir mejor descuidando tus d\u00e9biles deberes akhi [mi hermano].<\/p>\n<p><img decoding=\"async\" src=\"https:\/\/www.memri.org\/sites\/default\/files\/2019_Q3\/SD87148.jpg\" \/><\/p>\n<p>Refiri\u00e9ndose a los r\u00e1pidos avances y victorias del EIIS en Irak el 16 de junio, este public\u00f3 una serie de tuits burlones de las pol\u00edticas de Occidente respecto a Irak: \u00abVean cu\u00e1ntos billones de d\u00f3lares gastan en Irak para tratar de evitar esto y cu\u00e1ntos a\u00f1os desperdiciados. Solo para decepcionarse, nosotros todav\u00eda nos fortalecemos a cu\u00e1nto desperdiciamos tratando de entrenar al ej\u00e9rcito de Irak para que combata el &#8216;terrorismo&#8217; y cu\u00e1nto billones se gastaron en la compra de armamento. Solo para que caigan ahora en nuestras manos\u00bb.<\/p>\n<p>En un tuit publicado el 16 de junio, este amenaz\u00f3 a los \u00absucios paganos\u00bb en Occidente: \u00ab<em>Wallahi<\/em> [lo juro por Al\u00e1], los d\u00edas de la opresi\u00f3n musulmana y silenciosa han terminado, los leones vienen por ustedes, asquerosos kuffs, los decapitaremos en tu propio patio trasero muy pronto. La bandera negra del <em>tawheed<\/em> [monote\u00edsmo isl\u00e1mico] ondear\u00e1 sobre el parlamento y la Casa Blanca, se los juro, qu\u00e9dense dentro y lejos de las bombas paganos escoria\u00bb.<\/p>\n<p><img decoding=\"async\" src=\"https:\/\/www.memri.org\/sites\/default\/files\/2019_Q3\/SD871410.jpg\" \/><\/p>\n<hr \/>\n<p><a href=\"#_ednref1\" name=\"_edn1\">[1]<\/a> Diario <em>The Guardian<\/em>, 21 de abril, 2020.<\/p>\n<p><a href=\"#_ednref2\" name=\"_edn2\">[2]<\/a> I24news.tv\/en\/news\/international\/europe\/1587569052-spain-police-says-arrested-one-of-eu-s-most-wanted-islamic-state-fighters, 22 de abril, 2020.<\/p>\n<p><a href=\"#_ednref3\" name=\"_edn3\">[3]<\/a> V\u00e9ase el PSATY de MEMRI &#8216;Jinny&#8217; &#8211; Un combatiente brit\u00e1nico del EIIS muy activo en Siria, 2 de julio, 2014.<\/p>\n<p><a href=\"#_ednref4\" name=\"_edn4\">[4]<\/a> <em>The Independent<\/em>, 25 de agosto, 2014.<\/p>\n<p><a href=\"#_ednref5\" name=\"_edn5\">[5]<\/a> Dailymail.co.uk, 31 de diciembre, 2013.<\/p>\n<p><a href=\"#_ednref6\" name=\"_edn6\">[6]<\/a> Dailymail.co.uk, 31 de diciembre, 2013.<\/p>\n","protected":false},"excerpt":{"rendered":"<p>El siguiente informe es ahora complemento sin costo alguno del Proyecto Supervisi\u00f3n a la Amenaza Terrorista y Yihad de MEMRI (PSATY). Para informaci\u00f3n sobre como suscribirse al PSATY, pulse aqu\u00ed. El 21 de abril, 2020 la polic\u00eda espa\u00f1ola arrest\u00f3 a Abdel Majed Abdel Bary, un yihadista brit\u00e1nico-egipcio quien se uni\u00f3 al Estado Isl\u00e1mico (EIIS) en [&hellip;]<\/p>\n","protected":false},"author":1,"featured_media":58097,"comment_status":"open","ping_status":"open","sticky":false,"template":"","format":"standard","meta":{"footnotes":""},"categories":[4,10,6,9,2],"tags":[],"class_list":["post-58096","post","type-post","status-publish","format-standard","has-post-thumbnail","hentry","category-archivos","category-estudios-sobre-terrorismo-y-yihad","category-comunicados-especiales","category-temas","category-featured"],"_links":{"self":[{"href":"https:\/\/www2.memri.org\/espanol\/wp-json\/wp\/v2\/posts\/58096","targetHints":{"allow":["GET"]}}],"collection":[{"href":"https:\/\/www2.memri.org\/espanol\/wp-json\/wp\/v2\/posts"}],"about":[{"href":"https:\/\/www2.memri.org\/espanol\/wp-json\/wp\/v2\/types\/post"}],"author":[{"embeddable":true,"href":"https:\/\/www2.memri.org\/espanol\/wp-json\/wp\/v2\/users\/1"}],"replies":[{"embeddable":true,"href":"https:\/\/www2.memri.org\/espanol\/wp-json\/wp\/v2\/comments?post=58096"}],"version-history":[{"count":0,"href":"https:\/\/www2.memri.org\/espanol\/wp-json\/wp\/v2\/posts\/58096\/revisions"}],"wp:featuredmedia":[{"embeddable":true,"href":"https:\/\/www2.memri.org\/espanol\/wp-json\/wp\/v2\/media\/58097"}],"wp:attachment":[{"href":"https:\/\/www2.memri.org\/espanol\/wp-json\/wp\/v2\/media?parent=58096"}],"wp:term":[{"taxonomy":"category","embeddable":true,"href":"https:\/\/www2.memri.org\/espanol\/wp-json\/wp\/v2\/categories?post=58096"},{"taxonomy":"post_tag","embeddable":true,"href":"https:\/\/www2.memri.org\/espanol\/wp-json\/wp\/v2\/tags?post=58096"}],"curies":[{"name":"wp","href":"https:\/\/api.w.org\/{rel}","templated":true}]}}