{"id":58045,"date":"2020-04-14T15:57:37","date_gmt":"2020-04-14T19:57:37","guid":{"rendered":"http:\/\/www2.memri.org\/espanol\/?p=58045"},"modified":"2020-04-14T15:57:37","modified_gmt":"2020-04-14T19:57:37","slug":"lider-supremo-irani-ayatola-ali-jamenei-critica-respuesta-de-occidente-al-covid-19-altercados-por-el-papel-higienico-haciendo-fila-para-comprar-armas-resultado-natural-de-la-filosofia-atea-materia","status":"publish","type":"post","link":"https:\/\/www2.memri.org\/espanol\/lider-supremo-irani-ayatola-ali-jamenei-critica-respuesta-de-occidente-al-covid-19-altercados-por-el-papel-higienico-haciendo-fila-para-comprar-armas-resultado-natural-de-la-filosofia-atea-materia\/58045","title":{"rendered":"L\u00edder Supremo iran\u00ed Ayatol\u00e1 Ali Jamenei critica respuesta de Occidente al COVID-19: Altercados por el papel higi\u00e9nico, haciendo fila para comprar armas &#8211; resultado natural de la filosof\u00eda atea materialista de Occidente"},"content":{"rendered":"<p><em>El L\u00edder Supremo iran\u00ed, el Ayatol\u00e1 Ali Jamenei, dijo en un discurso pronunciado el 9 de abril, 2020 el cual fue transmitido en el Canal 1 de la televisi\u00f3n iran\u00ed que la pandemia del coronavirus ha sido una prueba para los gobiernos y los pueblos del mundo. Este elogi\u00f3 al pueblo iran\u00ed por haber \u00abbrillado\u00bb bajo las circunstancias y critic\u00f3 la forma en que Occidente ha reaccionado ante la pandemia. Comentando los ejemplos de gobiernos occidentales que \u00abconfiscan\u00bb m\u00e1scaras y guantes de otros gobiernos, el vaciar los estantes en las tiendas de alimentos, gente involucr\u00e1ndose en altercados por el papel higi\u00e9nico, personas haciendo fila para comprar armas y gente suicid\u00e1ndose por miedo al coronavirus, El Ayatol\u00e1 Jamenei dijo que esto es resultado natural y l\u00f3gico de la filosof\u00eda individualista, materialista y atea que rige la civilizaci\u00f3n occidental. Este agreg\u00f3 que incluso los funcionarios occidentales dicen que se est\u00e1 manifestando un \u00abesp\u00edritu de salvajismo\u00bb en Occidente.<\/em><\/p>\n<p><strong><em>Para ver el video del L\u00edder Supremo Ayatol\u00e1 Ali Jamenei en el portal MEMRI TV, pulse <a href=\"https:\/\/www.memri.org\/tv\/iranian-supreme-leader-khamenei-coronavirus-pandemic-test-governments-iran-shines-west-fails\">aqu\u00ed<\/a> o debajo.<\/em><\/strong><\/p>\n<p><iframe src=\"https:\/\/www.memri.org\/player\/clip\/48065\/780,440\/1\" width=\"780\" height=\"440\" frameborder=\"0\"><\/iframe><\/p>\n<p><strong>\u00abEn esta prueba, el pueblo iran\u00ed ha brillado enormemente\u00bb<\/strong><\/p>\n<p><strong>Ayatol\u00e1 Ali Jamenei<\/strong>: \u00abRespecto al tema m\u00e1s frecuente en nuestro pa\u00eds, el coronavirus&#8230; bueno, es una infecci\u00f3n general y una prueba para el mundo, una prueba para los gobiernos y personas por igual. En esta prueba, el pueblo iran\u00ed ha brillado enormemente. Por otra parte, la cultura y civilizaci\u00f3n Occidental han demostrado lo que han logrado. Algo de lo que ha sucedido en los pa\u00edses occidentales en Europa y Estados Unidos &#8211; ha sido mostrado en la televisi\u00f3n iran\u00ed, pero no todo ha sido dicho por nuestras (estaciones) de televisi\u00f3n y esta informaci\u00f3n que nos llega. Es algo que sabemos. Occidente ha mostrado el resultado de su educaci\u00f3n\u00bb.<\/p>\n<p><img decoding=\"async\" src=\"https:\/\/www.memri.org\/sites\/default\/files\/2019_Q3\/m7925.jpg\" \/><\/p>\n<p><strong>\u00abA la poblaci\u00f3n se la mostr\u00f3 haciendo fila para comprar armas, porque sienten inseguridad en estos d\u00edas&#8230;\u00bb<\/strong><\/p>\n<p><strong>Jamenei<\/strong>: \u00abCuando cierto gobierno confisca las m\u00e1scaras y guantes de otro gobierno&#8230; esto es algo que han hecho algunos gobiernos en Europa y Estados Unidos.<\/p>\n<p><img decoding=\"async\" src=\"https:\/\/www.memri.org\/sites\/default\/files\/2019_Q3\/m7925a.JPG\" \/><\/p>\n<p><img decoding=\"async\" src=\"https:\/\/www.memri.org\/sites\/default\/files\/2019_Q3\/m7925b.jpg\" \/><\/p>\n<p>\u00abCuando la gente vac\u00eda los supermercados todos los d\u00edas, en 2-3 horas, por codicia con el fin de comprar m\u00e1s y m\u00e1s y almacena dentro de los refrigeradores y congeladores en sus hogares&#8230; los canales de televisi\u00f3n de todo el mundo han mostrado los estantes vac\u00edos y la televisi\u00f3n iran\u00ed cit\u00f3 todo esto. Cuando la gente se involucra en altercados f\u00edsicos por el papel higi\u00e9nico, o cuando la gente hace fila para comprar armas&#8230; A la poblaci\u00f3n se la mostr\u00f3 haciendo fila para comprar armas, porque se sienten inseguros en estos d\u00edas&#8230; O cuando priorizan a aquellos enfermos y se abstienen de tratar a los mayores&#8230;\u00bb<\/p>\n<p><img decoding=\"async\" src=\"https:\/\/www.memri.org\/sites\/default\/files\/2019_Q3\/m7925c.JPG\" \/><\/p>\n<p><strong>\u00abEste es, por supuesto, es el resultado natural y l\u00f3gico de la filosof\u00eda que rige la civilizaci\u00f3n occidental, siendo esta una filosof\u00eda individualista, materialista y sobre todo, atea\u00bb<\/strong><\/p>\n<p><strong>Jamenei<\/strong>: \u00abEsto es lo que ha estado sucediendo all\u00ed. Algunos se han suicidado por miedo al coronavirus y por miedo a la muerte. Estas son algunas cosas que algunas naciones en Occidente han demostrado. Este es, por supuesto, el resultado natural y l\u00f3gico de la filosof\u00eda que rige la civilizaci\u00f3n occidental, siendo est\u00e1 la filosof\u00eda del individualismo, el materialismo y sobre todo, del ate\u00edsmo.<\/p>\n<p><img decoding=\"async\" src=\"https:\/\/www.memri.org\/sites\/default\/files\/2019_Q3\/m7925d.JPG\" \/><\/p>\n<p><img decoding=\"async\" src=\"https:\/\/www.memri.org\/sites\/default\/files\/2019_Q3\/m7925e.JPG\" \/><\/p>\n<p>\u00abUn senador en Occidente dijo hace unos d\u00edas que el Salvaje Oeste ha cobrado vida. Esto es lo que dicen. Cuando decimos que existe un esp\u00edritu de salvajismo en Occidente, y que este esp\u00edritu no contradice la apariencia limpia y perfumada de Occidente\u00bb. Algunas personas se sorprenden y lo niegan. Pero ellos [en Occidente] se lo dicen a s\u00ed mismos\u00bb.<\/p>\n<p><img decoding=\"async\" src=\"https:\/\/www.memri.org\/sites\/default\/files\/2019_Q3\/m7925f.JPG\" \/><\/p>\n","protected":false},"excerpt":{"rendered":"<p>El L\u00edder Supremo iran\u00ed, el Ayatol\u00e1 Ali Jamenei, dijo en un discurso pronunciado el 9 de abril, 2020 el cual fue transmitido en el Canal 1 de la televisi\u00f3n iran\u00ed que la pandemia del coronavirus ha sido una prueba para los gobiernos y los pueblos del mundo. Este elogi\u00f3 al pueblo iran\u00ed por haber \u00abbrillado\u00bb [&hellip;]<\/p>\n","protected":false},"author":1,"featured_media":58046,"comment_status":"open","ping_status":"open","sticky":false,"template":"","format":"standard","meta":{"footnotes":""},"categories":[4,6,9,11,20,18,2],"tags":[],"class_list":["post-58045","post","type-post","status-publish","format-standard","has-post-thumbnail","hentry","category-archivos","category-comunicados-especiales","category-temas","category-e-u-a-y-el-medio-oriente","category-iran","category-paises","category-featured"],"_links":{"self":[{"href":"https:\/\/www2.memri.org\/espanol\/wp-json\/wp\/v2\/posts\/58045","targetHints":{"allow":["GET"]}}],"collection":[{"href":"https:\/\/www2.memri.org\/espanol\/wp-json\/wp\/v2\/posts"}],"about":[{"href":"https:\/\/www2.memri.org\/espanol\/wp-json\/wp\/v2\/types\/post"}],"author":[{"embeddable":true,"href":"https:\/\/www2.memri.org\/espanol\/wp-json\/wp\/v2\/users\/1"}],"replies":[{"embeddable":true,"href":"https:\/\/www2.memri.org\/espanol\/wp-json\/wp\/v2\/comments?post=58045"}],"version-history":[{"count":0,"href":"https:\/\/www2.memri.org\/espanol\/wp-json\/wp\/v2\/posts\/58045\/revisions"}],"wp:featuredmedia":[{"embeddable":true,"href":"https:\/\/www2.memri.org\/espanol\/wp-json\/wp\/v2\/media\/58046"}],"wp:attachment":[{"href":"https:\/\/www2.memri.org\/espanol\/wp-json\/wp\/v2\/media?parent=58045"}],"wp:term":[{"taxonomy":"category","embeddable":true,"href":"https:\/\/www2.memri.org\/espanol\/wp-json\/wp\/v2\/categories?post=58045"},{"taxonomy":"post_tag","embeddable":true,"href":"https:\/\/www2.memri.org\/espanol\/wp-json\/wp\/v2\/tags?post=58045"}],"curies":[{"name":"wp","href":"https:\/\/api.w.org\/{rel}","templated":true}]}}