{"id":57087,"date":"2020-01-29T15:26:32","date_gmt":"2020-01-29T19:26:32","guid":{"rendered":"http:\/\/www2.memri.org\/espanol\/?p=57087"},"modified":"2020-01-29T15:26:32","modified_gmt":"2020-01-29T19:26:32","slug":"figura-mediatica-y-ex-diplomatico-de-qatar-llama-a-incrementar-la-tasa-de-natalidad-entre-los-ciudadanos-de-qatar-quienes-constituyen-solo-el-9-5-de-la-poblacion-del-pais","status":"publish","type":"post","link":"https:\/\/www2.memri.org\/espanol\/figura-mediatica-y-ex-diplomatico-de-qatar-llama-a-incrementar-la-tasa-de-natalidad-entre-los-ciudadanos-de-qatar-quienes-constituyen-solo-el-9-5-de-la-poblacion-del-pais\/57087","title":{"rendered":"Figura medi\u00e1tica y ex-diplom\u00e1tico de Qatar llama a incrementar la tasa de natalidad entre los ciudadanos de Qatar, quienes constituyen solo el 9.5% de la poblaci\u00f3n del pa\u00eds"},"content":{"rendered":"<p><em>En un reciente art\u00edculo publicado en el diario Al-Sharq, Mubarak bin Jaham Al-Kuwari, ex-director ejecutivo de la Corporaci\u00f3n de Medios de Qatar y ex-embajador de Qatar en Espa\u00f1a, pidi\u00f3 a las autoridades qatar\u00edes que tomen medidas para que se incremente la tasa de natalidad entre los ciudadanos del pa\u00eds, quienes constituyen menos de una d\u00e9cima parte de su poblaci\u00f3n. El resto de la poblaci\u00f3n de Qatar est\u00e1 compuesta principalmente por trabajadores extranjeros, en especial de Asia oriental. Argumentando que este desequilibrio demogr\u00e1fico amenaza la identidad, cultura y el futuro de Qatar Al-Kuwari sugiri\u00f3 aprender de Jap\u00f3n, que le ha encargado a un ministro de estado la promulgaci\u00f3n de medidas para aumentar la tasa de natalidad.<\/em><\/p>\n<p><em>Lo siguiente son extractos del art\u00edculo de Al-Kuwari:<\/em><a href=\"#_edn1\" name=\"_ednref1\">[1]<\/a><\/p>\n<p><em><img loading=\"lazy\" decoding=\"async\" class=\"alignnone size-full wp-image-57089\" src=\"https:\/\/www2.memri.org\/espanol\/wp-content\/uploads\/2020\/01\/sd8530-1.jpg\" width=\"400\" height=\"340\" srcset=\"https:\/\/www2.memri.org\/espanol\/wp-content\/uploads\/2020\/01\/sd8530-1.jpg 400w, https:\/\/www2.memri.org\/espanol\/wp-content\/uploads\/2020\/01\/sd8530-1-300x255.jpg 300w\" sizes=\"auto, (max-width: 400px) 100vw, 400px\" \/>Mubarak bin Jaham Al-Kuwari (fuente: Al-Sharq, Qatar)<\/em><\/p>\n<p>\u00abHace varios a\u00f1os, Jap\u00f3n cre\u00f3 un cargo ministerial [para tratar el tema de] aumentar la tasa de natalidad entre sus ciudadanos.<a href=\"#_edn2\" name=\"_ednref2\">[2]<\/a> En la primera declaraci\u00f3n que este emiti\u00f3, el nuevo ministro, quien tiene la tarea de encontrar formas de incrementar la tasa de natalidad y evitar que la poblaci\u00f3n disminuya por debajo de los 100 millones de habitantes, dijo: \u00abYo espero que los ciudadanos adopten mi opini\u00f3n de que tener hijos es algo muy beneficioso\u00bb.<\/p>\n<p>\u00abJap\u00f3n ha sufrido durante m\u00e1s de dos d\u00e9cadas una disminuci\u00f3n de la tasa de natalidad y se espera que esta tendencia persista. El objetivo del [nuevo] ministerio es alentar las acciones civiles [a este contexto], ante el impacto [de la tasa de natalidad] sobre el crecimiento econ\u00f3mico general. El ministerio tambi\u00e9n enfatiza que no existe necesidad de crear una inmigraci\u00f3n para ampliar la poblaci\u00f3n.<\/p>\n<p>\u00abEsta nueva noci\u00f3n [de alentar la natalidad] me llam\u00f3 mucho la atenci\u00f3n. Apliqu\u00e9 la idea a varios pa\u00edses \u00e1rabes y llegu\u00e9 a la conclusi\u00f3n de que nosotros, los qatar\u00edes y otros estados del Golfo, tenemos gran necesidad de tal noci\u00f3n, ya que los ciudadanos [de estos pa\u00edses] se han convertido en una minor\u00eda. La demograf\u00eda de Qatar se encuentra gravemente en desequilibrio hoy d\u00eda y esto amenaza la propia identidad, cultura y el futuro de la patria. Seg\u00fan las \u00faltimas estad\u00edsticas para el a\u00f1o 2019, los ciudadanos qatar\u00edes representan el 9.5% de la poblaci\u00f3n del pa\u00eds donde habitan [m\u00e1s] de tres millones de personas. Existen tres pa\u00edses asi\u00e1ticos cuyos ciudadanos representan una mayor parte de la poblaci\u00f3n [de Qatar] [que los propios ciudadanos qatar\u00edes] y uno de [estos grupos] es casi dos veces mayor [que el grupo de ciudadanos qatar\u00edes]&#8230;<\/p>\n<p>\u00abNosotros definitivamente deber\u00edamos aprender de las experiencias japonesas. No existe necesidad de formar un ministerio para incrementar la tasa de natalidad, pero si debemos alentar la natalidad utilizando m\u00e9todos probados de [apoyo] moral y material, a fin de aumentar el [n\u00famero de ciudadanos qatar\u00edes entre] la poblaci\u00f3n y para que m\u00e1s ciudadanos participen activamente en la construcci\u00f3n de la patria y que no sufran del complejo del miedo al futuro&#8230; [ya que] el construir la patria y proteger su supervivencia es responsabilidad de todos\u00bb.<\/p>\n<hr \/>\n<p><a href=\"#_ednref1\" name=\"_edn1\">[1]<\/a> <em>Al-Sharq<\/em> (Qatar), 12 de enero, 2020.<\/p>\n<p><a href=\"#_ednref2\" name=\"_edn2\">[2]<\/a> En el a\u00f1o 2005, Jap\u00f3n nombr\u00f3 a un ministro de estado para la igualdad de sexos y asuntos sociales, quien ser\u00e1 el encargado responsable de adoptar medidas para combatir la disminuci\u00f3n de la tasa de natalidad del pa\u00eds (v\u00e9ase kunikoinoguchi.jp, portal de Kuniko Inoguchi, quien fue el primero en ocupar este cargo entre los a\u00f1os 2005-2006).<\/p>\n","protected":false},"excerpt":{"rendered":"<p>En un reciente art\u00edculo publicado en el diario Al-Sharq, Mubarak bin Jaham Al-Kuwari, ex-director ejecutivo de la Corporaci\u00f3n de Medios de Qatar y ex-embajador de Qatar en Espa\u00f1a, pidi\u00f3 a las autoridades qatar\u00edes que tomen medidas para que se incremente la tasa de natalidad entre los ciudadanos del pa\u00eds, quienes constituyen menos de una d\u00e9cima [&hellip;]<\/p>\n","protected":false},"author":1,"featured_media":57089,"comment_status":"open","ping_status":"open","sticky":false,"template":"","format":"standard","meta":{"footnotes":""},"categories":[4,6,2],"tags":[],"class_list":["post-57087","post","type-post","status-publish","format-standard","has-post-thumbnail","hentry","category-archivos","category-comunicados-especiales","category-featured"],"_links":{"self":[{"href":"https:\/\/www2.memri.org\/espanol\/wp-json\/wp\/v2\/posts\/57087","targetHints":{"allow":["GET"]}}],"collection":[{"href":"https:\/\/www2.memri.org\/espanol\/wp-json\/wp\/v2\/posts"}],"about":[{"href":"https:\/\/www2.memri.org\/espanol\/wp-json\/wp\/v2\/types\/post"}],"author":[{"embeddable":true,"href":"https:\/\/www2.memri.org\/espanol\/wp-json\/wp\/v2\/users\/1"}],"replies":[{"embeddable":true,"href":"https:\/\/www2.memri.org\/espanol\/wp-json\/wp\/v2\/comments?post=57087"}],"version-history":[{"count":0,"href":"https:\/\/www2.memri.org\/espanol\/wp-json\/wp\/v2\/posts\/57087\/revisions"}],"wp:featuredmedia":[{"embeddable":true,"href":"https:\/\/www2.memri.org\/espanol\/wp-json\/wp\/v2\/media\/57089"}],"wp:attachment":[{"href":"https:\/\/www2.memri.org\/espanol\/wp-json\/wp\/v2\/media?parent=57087"}],"wp:term":[{"taxonomy":"category","embeddable":true,"href":"https:\/\/www2.memri.org\/espanol\/wp-json\/wp\/v2\/categories?post=57087"},{"taxonomy":"post_tag","embeddable":true,"href":"https:\/\/www2.memri.org\/espanol\/wp-json\/wp\/v2\/tags?post=57087"}],"curies":[{"name":"wp","href":"https:\/\/api.w.org\/{rel}","templated":true}]}}