{"id":56160,"date":"2019-08-13T15:01:21","date_gmt":"2019-08-13T19:01:21","guid":{"rendered":"http:\/\/www2.memri.org\/espanol\/?p=56160"},"modified":"2019-08-14T15:03:34","modified_gmt":"2019-08-14T19:03:34","slug":"periodista-saudita-por-que-los-arabes-y-los-musulmanes-critican-a-occidente-cuando-en-occidente-disfrutan-de-igualdad-y-de-derechos-humanos-plenos-y-logran-cargos-de-alto-nivel","status":"publish","type":"post","link":"https:\/\/www2.memri.org\/espanol\/periodista-saudita-por-que-los-arabes-y-los-musulmanes-critican-a-occidente-cuando-en-occidente-disfrutan-de-igualdad-y-de-derechos-humanos-plenos-y-logran-cargos-de-alto-nivel\/56160","title":{"rendered":"Periodista saudita: \u00bfPor qu\u00e9 los \u00e1rabes y los musulmanes critican a Occidente &#8211; cu\u00e1ndo en Occidente disfrutan de igualdad y de derechos humanos plenos y logran cargos de alto nivel?"},"content":{"rendered":"<p><em>En un art\u00edculo publicado el 1 de agosto, 2019 en el diario sede en Londres Al-Sharq Al-Awsat, el periodista saudita Mishal Al-Sudairy consider\u00f3 el por qu\u00e9 los \u00e1rabes y musulmanes fundamentalistas acusan a los pa\u00edses occidentales de racismo a pesar de que son el hogar de millones de \u00e1rabes y musulmanes que disfrutan de derechos humanos plenos e incluso ocupan cargos de alto nivel como ministros de gobierno y alcaldes. Si bien estuvo de acuerdo en que Occidente estuvo involucrado en guerras y cometi\u00f3 cr\u00edmenes graves, este agreg\u00f3 que hab\u00eda reparado sus caminos y contin\u00faa liderando a la humanidad en el camino hacia el progreso, la democracia y los derechos humanos. Este concluy\u00f3 citando a un autor iraqu\u00ed que una vez hab\u00eda insinuado que los \u00e1rabes que eligen un estado religioso para s\u00ed mismos pero que prefieren vivir en el Occidente secular son unos verdaderos hip\u00f3critas.<\/em><\/p>\n<p><em><img decoding=\"async\" src=\"https:\/\/www.memri.org\/sites\/default\/files\/2019_Q2\/8222.jpg\" \/>Periodista saudita Mishal Al-Sudairy (Fuente: Al-Sharq Al-Awsat, Londres, 1 de agosto, 2019)<\/em><\/p>\n<p><em>Lo siguiente son extractos traducidos del art\u00edculo de Al-Sudairy:<\/em><\/p>\n<p>\u00ab&#8230; Yo espero que nadie piense que este art\u00edculo m\u00edo es simplemente una burla o, que el cielo me perdone, un ataque [al mundo \u00e1rabe]. Pero me gustar\u00eda decir las cosas claramente. Occidente, as\u00ed nos guste o no, contin\u00faa liderando el curso de la humanidad hacia el progreso, luego de descartar las restricciones a la superstici\u00f3n, desde el Renacimiento hasta nuestros d\u00edas. Es cierto que estuvo involucrado en guerras muy horribles y serias, pero r\u00e1pidamente enmend\u00f3 sus caminos, utilizando la democracia y los derechos humanos para ayudar a realizarlo.<\/p>\n<p>\u00abMe vi obligado a escribir [este art\u00edculo] hoy luego de escuchar por casualidad a un fundamentalista [musulm\u00e1n] que desataba su ira hacia los pa\u00edses occidentales &#8216;colonialistas&#8217;. Este [afirm\u00f3] que estos est\u00e1n tramando complots contra los pa\u00edses \u00e1rabes y musulmanes a fin de evitar que avancen. Esto dijo, es porque &#8211; \u00a1presten atenci\u00f3n &#8211; ellos les &#8216;temen&#8217;! Este cit\u00f3 a Gran Breta\u00f1a como ejemplo y enfatiz\u00f3 su racismo, [agregando]&#8230; que es la \u00abfuente de todos los desastres&#8217;, seg\u00fan \u00e9l.<\/p>\n<p>\u00abMe sorprendi\u00f3 [su sentimiento] y me pregunt\u00e9 c\u00f3mo puede acusar a [Gran Breta\u00f1a] de racismo mientras millones de \u00e1rabes y musulmanes viven all\u00ed legalmente, posee miles de mezquitas y numerosas mujeres ataviadas en <em>hiyab<\/em> e incluso con <em>niqabs<\/em> caminan por sus calles &#8211; y los ingleses les permiten hacer esto&#8230;<\/p>\n<p>\u00abEste puede que no sepa que el actual primer ministro brit\u00e1nico [Boris Johnson] es de origen musulm\u00e1n-turco y que en una entrevista&#8230; con el canal de la televisi\u00f3n egipcia MBC habl\u00f3 sobre las ra\u00edces hist\u00f3ricas de su familia en Egipto, donde trabaj\u00f3 su abuelo como cultivador de algod\u00f3n en el Delta del [Nilo].<\/p>\n<p>\u00ab\u00bfSabe este que [el canciller brit\u00e1nico de Hacienda] Sajid Javid, quien es de origen paquistan\u00ed-isl\u00e1mico, fue ministro en varios ministerios [en Gran Breta\u00f1a], incluyendo el Ministerio del Interior?! \u00bfSabe este que el alcalde de Londres [Sadiq Khan] es musulm\u00e1n, que el alcalde de Birmingham [Mohammed Azim] es musulm\u00e1n, que el l\u00edder del Consejo Blackburn [Mohammed Khan] es musulm\u00e1n, que el [ex] lord alcalde de Sheffield [Magid Magid] es musulm\u00e1n, que el [ex] alcalde de Oxford [Mohammed Altaf-Khan, actualmente vice-alcalde] es musulm\u00e1n, el alcalde de Luton [Naseem Ayub] es musulm\u00e1n, la [alcalde de] Waltham [Forest] en Londres alcaldesa [Saima Mahmud] es una mujer musulmana, \u00bfy que el alcalde de Rochdale [Mohammed Zaman] es musulm\u00e1n?!<\/p>\n<p>\u00abEl fallecido [autor iraqu\u00ed] Dr. Ali Al-Wardi dijo: Si a los \u00e1rabes se les pidiera elegir entre un estado secular y uno religioso, votar\u00edan por un estado religioso pero se ir\u00edan a vivir en un estado secular&#8230;\u00bb<a href=\"#_edn1\" name=\"_ednref1\">[1]<\/a><\/p>\n<hr \/>\n<p><a href=\"#_ednref1\" name=\"_edn1\">[1]<\/a> <em>Al-Sharq Al-Awsat<\/em>, (Londres), 1 de agosto, 2019.<\/p>\n","protected":false},"excerpt":{"rendered":"<p>En un art\u00edculo publicado el 1 de agosto, 2019 en el diario sede en Londres Al-Sharq Al-Awsat, el periodista saudita Mishal Al-Sudairy consider\u00f3 el por qu\u00e9 los \u00e1rabes y musulmanes fundamentalistas acusan a los pa\u00edses occidentales de racismo a pesar de que son el hogar de millones de \u00e1rabes y musulmanes que disfrutan de derechos [&hellip;]<\/p>\n","protected":false},"author":1,"featured_media":56162,"comment_status":"open","ping_status":"open","sticky":false,"template":"","format":"standard","meta":{"footnotes":""},"categories":[4,6,9,12,18,2,25],"tags":[],"class_list":["post-56160","post","type-post","status-publish","format-standard","has-post-thumbnail","hentry","category-archivos","category-comunicados-especiales","category-temas","category-reforma-en-el-mundo-arabe-y-musulman","category-paises","category-featured","category-arabia-saudita"],"_links":{"self":[{"href":"https:\/\/www2.memri.org\/espanol\/wp-json\/wp\/v2\/posts\/56160","targetHints":{"allow":["GET"]}}],"collection":[{"href":"https:\/\/www2.memri.org\/espanol\/wp-json\/wp\/v2\/posts"}],"about":[{"href":"https:\/\/www2.memri.org\/espanol\/wp-json\/wp\/v2\/types\/post"}],"author":[{"embeddable":true,"href":"https:\/\/www2.memri.org\/espanol\/wp-json\/wp\/v2\/users\/1"}],"replies":[{"embeddable":true,"href":"https:\/\/www2.memri.org\/espanol\/wp-json\/wp\/v2\/comments?post=56160"}],"version-history":[{"count":0,"href":"https:\/\/www2.memri.org\/espanol\/wp-json\/wp\/v2\/posts\/56160\/revisions"}],"wp:featuredmedia":[{"embeddable":true,"href":"https:\/\/www2.memri.org\/espanol\/wp-json\/wp\/v2\/media\/56162"}],"wp:attachment":[{"href":"https:\/\/www2.memri.org\/espanol\/wp-json\/wp\/v2\/media?parent=56160"}],"wp:term":[{"taxonomy":"category","embeddable":true,"href":"https:\/\/www2.memri.org\/espanol\/wp-json\/wp\/v2\/categories?post=56160"},{"taxonomy":"post_tag","embeddable":true,"href":"https:\/\/www2.memri.org\/espanol\/wp-json\/wp\/v2\/tags?post=56160"}],"curies":[{"name":"wp","href":"https:\/\/api.w.org\/{rel}","templated":true}]}}