{"id":56012,"date":"2019-07-02T13:27:44","date_gmt":"2019-07-02T17:27:44","guid":{"rendered":"http:\/\/www2.memri.org\/espanol\/?p=56012"},"modified":"2019-07-03T13:48:27","modified_gmt":"2019-07-03T17:48:27","slug":"intelectual-saudita-los-palestinos-perdieron-una-importante-oportunidad-al-boicotear-el-taller-economico-en-bahrein","status":"publish","type":"post","link":"https:\/\/www2.memri.org\/espanol\/intelectual-saudita-los-palestinos-perdieron-una-importante-oportunidad-al-boicotear-el-taller-economico-en-bahrein\/56012","title":{"rendered":"Intelectual saudita: Los palestinos perdieron una importante oportunidad al boicotear el taller econ\u00f3mico en Bahr\u00e9in"},"content":{"rendered":"<p><em>En una serie de tuits, el intelectual, escritor y periodista saudita Turki Al-Hamad critic\u00f3 a los palestinos luego de su boicot al reciente taller econ\u00f3mico &#8216;Prosperidad para la Paz&#8217; en Bahr\u00e9in que se centr\u00f3 en las dimensiones econ\u00f3micas del plan de paz del Medio Oriente liderado por los Estados Unidos conocido como el \u00abAcuerdo del Siglo\u00bb. Al-Hamad escribi\u00f3 que al negarse a asistir al taller, los palestinos perdieron una oportunidad muy importante para promover su causa. Las consignas de los \u00faltimos 70 a\u00f1os, este agreg\u00f3, no han arrojado resultados, por lo que es necesario crear un nuevo enfoque, como el representado por el plan econ\u00f3mico descrito en la conferencia. Tambi\u00e9n insinu\u00f3 que existen elementos que se benefician del perpetuar la situaci\u00f3n existente y que el problema palestino no se resolver\u00e1 a menos que sea neutralizado.<\/em><\/p>\n<p><em>Cabe mencionar que esta no es la primera vez que Al-Hamad critica las pol\u00edticas palestinas. En noviembre del 2017, este public\u00f3 una serie de tuits que enfurecieron a muchos en Twitter &#8211; incluyendo uno que dec\u00eda que el tema palestino ya no le era de inter\u00e9s, porque ahora no era m\u00e1s que \u00abuna fuente de ingresos para algunos y una falsa marca de legitimidad para los actividades de otros\u00bb.<\/em><a href=\"#_edn1\" name=\"_ednref1\">[1]<\/a><em> Tambi\u00e9n, tuite\u00f3 en mayo del 2018: \u00abDejen que me llamen pro-sionista. El sionismo es mejor para mi pa\u00eds que el nacionalismo \u00e1rabe que nos ha causado tantas p\u00e9rdidas\u00bb.<\/em><a href=\"#_edn2\" name=\"_ednref2\">[2]<\/a><\/p>\n<p><em><img decoding=\"async\" src=\"https:\/\/www.memri.org\/sites\/default\/files\/2019_Q2\/SD8151.jpg\" alt=\"\" \/>Turki Al-Hamad (fuente: Watanserb.com, 10 de marzo, 2019)<\/em><\/p>\n<p><em>Lo siguiente son algunos de los tuits m\u00e1s recientes de Turki Al-Hamad:<\/em><\/p>\n<p><strong>Los palestinos se han metido en un callej\u00f3n sin salida y est\u00e1n perdiendo una oportunidad muy significativa<\/strong><\/p>\n<p>El 26 de junio, 2019 Al-Hamad tuite\u00f3: \u00abCreo que los palestinos est\u00e1n perdiendo una oportunidad muy importante al rechazar la iniciativa [presentada en] la conferencia de Manama [Bahr\u00e9in]. Esto se convertir\u00e1 en otra m\u00e1s de una larga serie de oportunidades que han sido perdidas durante m\u00e1s de 70 a\u00f1os. Naturalmente, se hablar\u00e1 de conspiraciones y de vender la causa palestina, [pero] eso es [precisamente] lo que ha hecho que nos veamos atrapados en un ciclo ideol\u00f3gico sin fin. Es tiempo de [poner fin a este interminable ciclo]&#8230;\u00bb<a href=\"#_edn3\" name=\"_ednref3\">[3]<\/a><\/p>\n<p><em><img decoding=\"async\" src=\"https:\/\/www.memri.org\/sites\/default\/files\/2019_Q2\/SD81511_0.jpg\" \/>El tuit de Al-Hamad del 26 de junio <\/em><\/p>\n<p><strong>Los palestinos deben abandonar sus viejas consignas; El taller de Bahr\u00e9in posee un gran potencial para ellos<\/strong><\/p>\n<p>En una serie de tuits el 29 de junio, 2019 Al-Hamad escribi\u00f3: \u00abLa verdad puede [verse] desde diferentes \u00e1ngulos y perspectivas, cada una de las cuales revela [solo] una parte de la verdad. Nadie puede ver la verdad total mir\u00e1ndola desde una \u00fanica perspectiva. Lo importante es que cada uno de nosotros acepte la perspectiva del otro y la aprecie. Por ejemplo, ahora es necesario abordar el tema palestino de una manera diferente y desde una perspectiva diferente, muy alejada de las consignas de los [\u00faltimos] 70 a\u00f1os&#8230; [durante los cuales] no lograron ni siquiera un resultado parcial. Hoy d\u00eda existe un plan que promete un resurgimiento econ\u00f3mico en Cisjordania y en la Franja [de Gaza]. Algunos lo rechazan, y ese es su privilegio, pero creo que es adecuado, desde un punto de vista pr\u00e1ctico. \u00bfEntonces cu\u00e1l es la alternativa? \u00bfContinuar [con] las mismas consignas durante otros 70 a\u00f1os?<\/p>\n<p>\u00abUna econom\u00eda fuerte es la base para exigir [que] se alcancen m\u00e1s objetivos en el mundo de hoy d\u00eda, la econom\u00eda precede a la pol\u00edtica. En \u00faltima instancia, un rechazo total de este plan significar\u00e1 [m\u00e1s] expansi\u00f3n israel\u00ed en [Cisjordania] y una disminuci\u00f3n a las demandas pol\u00edticas palestinas, junto a la continua [verborrea] de consignas, en cuyo caso los palestinos lograr\u00e1n menos que nada.<\/p>\n<p>\u00abChina logr\u00f3 por medios econ\u00f3micos lo que no logr\u00f3 por medios pol\u00edticos y militares&#8230; durante la [edad de oro de] las ideolog\u00edas, y tambi\u00e9n lo hicieron Jap\u00f3n y Alemania. Corea del Sur avanz\u00f3 a trav\u00e9s de su econom\u00eda, luego de estar en el fondo de [la lista] de naciones. Las cumbres del G-20 son un mensaje al mundo de que la econom\u00eda es ahora el par\u00e1metro m\u00e1s importante del poder\u00edo de las naciones.<\/p>\n<p>\u00abLa tragedia de los \u00e1rabes&#8230; es que le otorgan santidad a todo &#8211; en tradici\u00f3n y en pol\u00edtica y no distinguen entre constantes y variables. Por ejemplo, ante las variables actuales, enfrentar el tema palestino, necesitamos un paradigma diferente, si es que [de hecho] estamos interesados \u200b\u200ben encontrar una soluci\u00f3n. Pero si [el tema palestino] es un ganso que pone huevos de oro para algunos, entonces [olvid\u00e9monos] de una soluci\u00f3n y de aquellos que la demandan\u00bb.<a href=\"#_edn4\" name=\"_ednref4\">[4]<\/a><\/p>\n<hr \/>\n<p><a href=\"#_ednref1\" name=\"_edn1\">[1]<\/a> V\u00e9ase la serie de MEMRI Despacho Especial No. 7203 &#8211; Confrontaci\u00f3n en Twitter: Sauditas vs Palestinos en referencia a la causa palestina y la resistencia palestina, 30 de noviembre, 2017.<\/p>\n<p><a href=\"#_ednref2\" name=\"_edn2\">[2]<\/a> V\u00e9ase la serie de MEMRI Investigaci\u00f3n y An\u00e1lisis No. 1398 &#8211; Cambio en la actitud de los medios de comunicaci\u00f3n sauditas hacia Israel &#8211; Parte I: Escritores e intelectuales sauditas: Ir\u00e1n es m\u00e1s peligroso que Israel; La paz con este es vital para repeler la amenaza iran\u00ed, 29 de mayo, 2018.<\/p>\n<p><a href=\"#_ednref3\" name=\"_edn3\">[3]<\/a> Twitter.com\/TurkiAl-Hamad, 26 de junio, 2019.<\/p>\n<p><a href=\"#_ednref4\" name=\"_edn4\">[4]<\/a> Twitter.com\/TurkiAl-Hamad, 29 de junio, 2019.<\/p>\n","protected":false},"excerpt":{"rendered":"<p>En una serie de tuits, el intelectual, escritor y periodista saudita Turki Al-Hamad critic\u00f3 a los palestinos luego de su boicot al reciente taller econ\u00f3mico &#8216;Prosperidad para la Paz&#8217; en Bahr\u00e9in que se centr\u00f3 en las dimensiones econ\u00f3micas del plan de paz del Medio Oriente liderado por los Estados Unidos conocido como el \u00abAcuerdo del [&hellip;]<\/p>\n","protected":false},"author":1,"featured_media":56013,"comment_status":"open","ping_status":"open","sticky":false,"template":"","format":"standard","meta":{"footnotes":""},"categories":[4,6,9,18,13,2,23,25],"tags":[],"class_list":["post-56012","post","type-post","status-publish","format-standard","has-post-thumbnail","hentry","category-archivos","category-comunicados-especiales","category-temas","category-paises","category-conflicto-arabe-israeli","category-featured","category-autoridad-palestina","category-arabia-saudita"],"_links":{"self":[{"href":"https:\/\/www2.memri.org\/espanol\/wp-json\/wp\/v2\/posts\/56012","targetHints":{"allow":["GET"]}}],"collection":[{"href":"https:\/\/www2.memri.org\/espanol\/wp-json\/wp\/v2\/posts"}],"about":[{"href":"https:\/\/www2.memri.org\/espanol\/wp-json\/wp\/v2\/types\/post"}],"author":[{"embeddable":true,"href":"https:\/\/www2.memri.org\/espanol\/wp-json\/wp\/v2\/users\/1"}],"replies":[{"embeddable":true,"href":"https:\/\/www2.memri.org\/espanol\/wp-json\/wp\/v2\/comments?post=56012"}],"version-history":[{"count":0,"href":"https:\/\/www2.memri.org\/espanol\/wp-json\/wp\/v2\/posts\/56012\/revisions"}],"wp:featuredmedia":[{"embeddable":true,"href":"https:\/\/www2.memri.org\/espanol\/wp-json\/wp\/v2\/media\/56013"}],"wp:attachment":[{"href":"https:\/\/www2.memri.org\/espanol\/wp-json\/wp\/v2\/media?parent=56012"}],"wp:term":[{"taxonomy":"category","embeddable":true,"href":"https:\/\/www2.memri.org\/espanol\/wp-json\/wp\/v2\/categories?post=56012"},{"taxonomy":"post_tag","embeddable":true,"href":"https:\/\/www2.memri.org\/espanol\/wp-json\/wp\/v2\/tags?post=56012"}],"curies":[{"name":"wp","href":"https:\/\/api.w.org\/{rel}","templated":true}]}}