{"id":56005,"date":"2019-07-01T13:35:40","date_gmt":"2019-07-01T17:35:40","guid":{"rendered":"http:\/\/www2.memri.org\/espanol\/?p=56005"},"modified":"2019-07-02T13:39:19","modified_gmt":"2019-07-02T17:39:19","slug":"en-llamado-a-campana-de-recoleccion-de-fondos-para-la-representante-estadounidense-ilhan-omar-quien-se-reunio-con-el-presidente-turco-erdogan-medios-de-comunicacion-turcos-pro-gobierno-declaran","status":"publish","type":"post","link":"https:\/\/www2.memri.org\/espanol\/en-llamado-a-campana-de-recoleccion-de-fondos-para-la-representante-estadounidense-ilhan-omar-quien-se-reunio-con-el-presidente-turco-erdogan-medios-de-comunicacion-turcos-pro-gobierno-declaran\/56005","title":{"rendered":"En llamado a campa\u00f1a de recolecci\u00f3n de fondos para la representante estadounidense Ilhan Omar &#8211; qui\u00e9n se reuni\u00f3 con el Presidente turco Erdogan &#8211; medios de comunicaci\u00f3n turcos pro-gobierno declaran: &#8216;Ilhan Omar present\u00f3 una a una las mentiras estadounidenses en el Medio Oriente&#8217;!"},"content":{"rendered":"<p><em>En un art\u00edculo sobre la Representante estadounidense Ilhan Omar (D-MN), el gerente del canal de noticias estatal turco TRT World Research Center Dr. Tarek Cherkaoui, inst\u00f3 a los lectores a donar fondos a la campa\u00f1a de Omar. El art\u00edculo, escrito para el portal en ingl\u00e9s del diario turco pro-gobierno Yeni \u015eafak y publicado el 1 de abril, 2019 fue titulado \u00abComentarios negativos en los medios de comunicaci\u00f3n dirigidos a Ilhan Omar ninguna sorpresa en lo absoluto\u00bb.<\/em><a href=\"#_edn1\" name=\"_ednref1\">[1]<\/a> <em>Al menos otros siete medios de comunicaci\u00f3n turcos publicaron el mismo art\u00edculo, tanto en ingl\u00e9s como en turco. Cabe se\u00f1alar que las leyes federales en los Estados Unidos proh\u00edben a los ciudadanos extranjeros donar dinero a los candidatos pol\u00edticos.<\/em><\/p>\n<p><em><img decoding=\"async\" src=\"https:\/\/www.memri.org\/sites\/default\/files\/2019_Q2\/sd8149.jpg\" alt=\"\" \/>La representante Ilhan Omar (D-MN) se re\u00fane con el Presidente turco Erdo\u011fan durante la Asamblea General de la ONU en el 2017.<\/em><\/p>\n<p><strong>Los medios de comunicaci\u00f3n turcos piden por fondos para Omar<\/strong><\/p>\n<p>En su art\u00edculo, el Dr. Cherkaoui escribi\u00f3 que \u00abel donar dinero al fondo de campa\u00f1a de Omar ser\u00eda una forma adecuada de negarle a las organizaciones poderosas el poder de censurar voces alternas\u00bb.<a href=\"#_edn2\" name=\"_ednref2\">[2]<\/a> El art\u00edculo, que apareci\u00f3 originalmente en el diario oficial del gobierno turco <em>Yeni \u015eafak<\/em>, tambi\u00e9n fue publicado con la misma solicitud a los fondos, en los portales en ingl\u00e9s y turco de la agencia de noticias turca Anadolu, el portal de la agencia estatal de noticias,<a href=\"#_edn3\" name=\"_ednref3\">[3]<\/a> el portal TRT World Research Center<a href=\"#_edn4\" name=\"_ednref4\">[4]<\/a> y los portales de noticias turcos, TimeTurk,<a href=\"#_edn5\" name=\"_ednref5\">[5]<\/a> Haks\u00f6z Haber,<a href=\"#_edn6\" name=\"_ednref6\">[6]<\/a> T\u00fcrkHaber<a href=\"#_edn7\" name=\"_ednref7\">[7]<\/a> y Fikriyat.<a href=\"#_edn8\" name=\"_ednref8\">[8]<\/a><\/p>\n<p>Es dif\u00edcil calcular el alcance que ha tenido este llamado entre los lectores turcos, pero el portal Yeni \u015eafak en idioma turco es uno de los portales de noticias m\u00e1s populares de Turqu\u00eda<a href=\"#_edn9\" name=\"_ednref9\">[9]<\/a> y a partir de septiembre, 2018 su edici\u00f3n impresa en turco tuvo una distribuci\u00f3n semanal de 111.622.<a href=\"#_edn10\" name=\"_ednref10\">[10]<\/a> Dada la popularidad de Omar en Turqu\u00eda y el hecho de que el art\u00edculo fue publicado tanto en turco como en ingl\u00e9s, es muy probable que algunos turcos hayan tratado de donarle a los fondos de campa\u00f1a de la Representante Omar.<\/p>\n<p><strong>El canciller turco se comunico por tel\u00e9fono para felicitar a Omar por las elecciones ganadas; Omar se re\u00fane con Erdogan en Nueva York y con el c\u00f3nsul general de Turqu\u00eda adem\u00e1s de participar en la Conferencia de Estambul<\/strong><\/p>\n<p>Seg\u00fan fuentes diplom\u00e1ticas, el canciller de Turqu\u00eda Mevl\u00fct \u00c7avu\u015fo\u011flu, llam\u00f3 a la Representante Omar en noviembre, 2016 para felicitarla por su victoria electoral<a href=\"#_edn11\" name=\"_ednref11\">[11]<\/a> y nuevamente la felicit\u00f3 por su victoria en noviembre del 2018.<a href=\"#_edn12\" name=\"_ednref12\">[12]<\/a><\/p>\n<p><em><img decoding=\"async\" src=\"https:\/\/www.memri.org\/sites\/default\/files\/2019_Q2\/sd8149a.jpg\" \/>La prensa turca informa sobre la llamada telef\u00f3nica del canciller turco felicitando a Omar.<\/em><\/p>\n<p>En septiembre, 2017 la representante Omar se reuni\u00f3 con el Presidente turco Recep Tayyip Erdo\u011fan, cuando se encontraba en Nueva York para asistir a la Asamblea General de la ONU.<a href=\"#_edn13\" name=\"_ednref13\">[13]<\/a> El partido del Presidente Erdo\u011fan, el AKP, tuite\u00f3 sobre la reuni\u00f3n desde su cuenta oficial Twitter.<a href=\"#_edn14\" name=\"_ednref14\">[14]<\/a> El 1 de julio, 2017 Omar tuite\u00f3 de que se hab\u00eda reunido el d\u00eda anterior con el c\u00f3nsul general turco en Chicago Umut Acar para un almuerzo y una gira.<a href=\"#_edn15\" name=\"_ednref15\">[15]<\/a> El tuit vinculado a una p\u00e1gina Facebook que desde ese entonces ha sido eliminada.<\/p>\n<p><img decoding=\"async\" src=\"https:\/\/www.memri.org\/sites\/default\/files\/2019_Q2\/sd8149b.jpg\" \/><\/p>\n<p>Un a\u00f1o despu\u00e9s, el 24 de septiembre, 2018 el C\u00f3nsul General de Turqu\u00eda Umut Acar, tuite\u00f3 una foto de \u00e9l mismo, Omar y de otra mujer. Acar escribi\u00f3: \u00abRecibimos a Omar en la residencia\u00bb. Este continu\u00f3 describiendo la vida de Omar.<a href=\"#_edn16\" name=\"_ednref16\">[16]<\/a><\/p>\n<p><img decoding=\"async\" src=\"https:\/\/www.memri.org\/sites\/default\/files\/2019_Q2\/sd8149c.jpg\" \/><\/p>\n<p>El 4 de febrero, 2017 Omar habl\u00f3 en un panel en la Conferencia Internacional de Defensores de Derechos Humanos \u00ab\u00bfQui\u00e9n es un defensor?\u00bb, celebrada en el distrito \u015ei\u015fli en Estambul, Turqu\u00eda. La conferencia fue organizada por el municipio \u015ei\u015fli.<a href=\"#_edn17\" name=\"_ednref17\">[17]<\/a><\/p>\n<p><em><img decoding=\"async\" src=\"https:\/\/www.memri.org\/sites\/default\/files\/2019_Q2\/sd8149d.jpg\" \/>Omar en la Conferencia Internacional de Defensores de Derechos Humanos \u00ab\u00bfQui\u00e9n es un defensor?\u00bb en \u015ei\u015fli, febrero, 2017.<\/em><\/p>\n<p><strong>Los medios de comunicaci\u00f3n turcos elogian a la representante Omar<\/strong><\/p>\n<p>Omar se ha convertido en una de las favoritas de los medios de comunicaci\u00f3n turcos e ingleses en Turqu\u00eda. El canal TRT World en YouTube, el canal en ingl\u00e9s en la red de transmisi\u00f3n estatal turca TRT, tiene al menos una decena de videos junto a ella,<a href=\"#_edn18\" name=\"_ednref18\">[18]<\/a> que incluyen una entrevista con la propia Omar.<a href=\"#_edn19\" name=\"_ednref19\">[19]<\/a> Cientos de art\u00edculos de noticias han sido publicados en turco sobre ella, algunos de ellos en titulares tales como \u00abIlhan Omar expuso las mentiras de Estados Unidos en el Medio Oriente\u00bb<a href=\"#_edn20\" name=\"_ednref20\">[20]<\/a> y en una obra de teatro sobre una expresi\u00f3n turca, \u00abEl que dice la verdad ser\u00e1 perseguido y retirado de los nueve parlamentos\u00bb.<a href=\"#_edn21\" name=\"_ednref21\">[21]<\/a><\/p>\n<p><strong>Art\u00edculo del Dr. Cherkoui: \u00abComentarios negativos en los medios de comunicaci\u00f3n dirigidos a Ilhan Omar &#8211; ninguna sorpresa en lo absoluto\u00bb.<\/strong><\/p>\n<p>A continuaci\u00f3n se presentan extractos del art\u00edculo del Dr. Cherkaoui, \u00abComentarios negativos en los medios de comunicaci\u00f3n dirigidos a Ilhan Omar &#8211; ninguna sorpresa en lo absoluto\u00bb, tal como apareci\u00f3 por primera vez en el portal en ingl\u00e9s de <em>Yeni \u015eafak <\/em>el 1 de abril, 2019:<\/p>\n<p>\u00abRecientemente, el Comit\u00e9 de Asuntos P\u00fablicos Estados Unidos-Israel (AIPAC) celebr\u00f3 su conferencia anual en medio de disturbios pol\u00edticos tanto en los Estados Unidos como en el Medio Oriente. No es ning\u00fan secreto que AIPAC posee un papel enormemente influyente dentro de la pol\u00edtica estadounidense y sobre los eventos de la organizaci\u00f3n y en especial a la Conferencia anual de pol\u00edticas de AIPAC, generalmente asisten las principales personalidades pol\u00edticas de Washington D.C. y m\u00e1s all\u00e1.<\/p>\n<p>\u00abDurante la reuni\u00f3n de este a\u00f1o, fuertes cr\u00edticas fueron dirigidas a la congresista dem\u00f3crata Ilhan Omar. Por ejemplo, el vicepresidente estadounidense Mike Pence dijo &#8216;recientemente, un dem\u00f3crata primerizo en el Congreso trafic\u00f3 con el uso figurativo de un antisemitismo repetido&#8217; y agreg\u00f3 que &#8216;cualquiera que calumnie a quienes apoyan esta alianza hist\u00f3rica entre los Estados Unidos e Israel nunca deber\u00eda tener un asiento en el Comit\u00e9 de Asuntos Exteriores de la C\u00e1mara de Representantes de los Estados Unidos\u00bb.<a href=\"#_edn22\" name=\"_ednref22\">[22]<\/a><\/p>\n<p>\u00abEs interesante observar que la Rep. Omar no expres\u00f3 declaraciones antisemitas per se. Ella realizo comentarios<a href=\"#_edn23\" name=\"_ednref23\">[23]<\/a> en Twitter sobre la naturaleza de la influencia de AIPAC en Washington. Sin embargo, sus comentarios fueron distorsionados y sacados fuera de contexto.<\/p>\n<p>\u00abLa campa\u00f1a de desprestigio dirigida contra Omar es simplemente un intento de sofocar esta nueva ola de activismo pol\u00edtico juvenil, que allan\u00f3 el camino para una mayor representaci\u00f3n de grupos minoritarios y de mujeres. Esta creciente influencia de las minor\u00edas en la esfera pol\u00edtica seguramente no es del agrado de la base de apoyo del Partido Republicano. Este \u00faltimo ve con sospecha la p\u00e9rdida de centros urbanos y suburbanos frente a candidatos minoritarios. Las nuevas din\u00e1micas est\u00e1n dispuestas a alterar el equilibrio de poder a largo plazo desde la demograf\u00eda actual que trajo la victoria electoral al Partido Republicano se basa principalmente en una poblaci\u00f3n ya envejecida de individuos blancos conservadores.<\/p>\n<p>\u00abEsta transformaci\u00f3n ya afecta el comportamiento electoral. Por ejemplo, luego del 7 de noviembre, 2018 los dem\u00f3cratas lograron obtener una mayor\u00eda de 223 esca\u00f1os en la C\u00e1mara de Representantes. En este contexto, Ilhan Omar (siendo ella una refugiada somal\u00ed) y Rashida Tlaib se convirtieron en las primeras mujeres musulmanas en ser elegidas al Congreso.<\/p>\n<p>\u00abCuriosamente, ambas Omar como Tlaib se destacaron en la controversia actual de AIPAC. Por ejemplo, Adam Milstein, uno de los mayores donantes de AIPAC, las acus\u00f3 de ser representantes de la Hermandad Musulmana,<a href=\"#_edn24\" name=\"_ednref24\">[24]<\/a> diciendo que sus valores chocan contra los valores estadounidenses.<a href=\"#_edn25\" name=\"_ednref25\">[25]<\/a><\/p>\n<p><em>Para ver el resto del despacho en ingl\u00e9s copie por favor el siguiente enlace en su ordenador<\/em>: <a href=\"https:\/\/www.memri.org\/reports\/call-campaign-funds-us-rep-ilhan-omar-%E2%80%93-who-has-met-turkish-president-erdogan-%E2%80%93-turkish-pro\">https:\/\/www.memri.org\/reports\/call-campaign-funds-us-rep-ilhan-omar-%E2%80%93-who-has-met-turkish-president-erdogan-%E2%80%93-turkish-pro<\/a><\/p>\n<hr \/>\n<p><a href=\"#_ednref1\" name=\"_edn1\">[1]<\/a> Yenisafak.com\/en\/world\/media-flak-directed-at-ilhan-omar-no-surprise-at-all-3477913, 1 de abril, 2019.<\/p>\n<p><a href=\"#_ednref2\" name=\"_edn2\"><\/a><\/p>\n<p>[2] De acuerdo a la Comisi\u00f3n Federal de Intercambio, la ley federal proh\u00edbe a los ciudadanos extranjeros contribuir con fondos para los candidatos pol\u00edticos.<\/p>\n<p><a href=\"#_ednref3\" name=\"_edn3\"><\/a><\/p>\n<p>[3] Aa.com.tr\/en\/analysis\/media-flak-directed-at-ilhan-omar-no-surprise-at-all\/1440079, 2 de abril, 2019; Aa.com.tr\/tr\/analiz\/ilhan-omar-a-yonelik-medya-saldirisi-sasirtici-degil\/1446761, 9 de abril, 2019.<\/p>\n<p><a href=\"#_ednref4\" name=\"_edn4\"><\/a><\/p>\n<p>[4] Researchcentre.trtworld.com\/publications\/in-depth\/media-flak-directed-at-ilhan-omar-no-surprise-at-all, 2 de abril, 2019.<\/p>\n<p><a href=\"#_ednref5\" name=\"_edn5\"><\/a><\/p>\n<p>[5] Timeturk.com\/analiz-ilhan-omar-a-yonelik-medya-saldirisi-sasirtici-degil\/haber-1069674, 9 de mayo, 2019.<\/p>\n<p><a href=\"#_ednref6\" name=\"_edn6\"><\/a><\/p>\n<p>[6] Haksozhaber.net\/abdde-ilhan-omara-yonelik-medya-saldirisi-sasirtici-degil-113351h.htm, 10 de abril, 2019.<\/p>\n<p><a href=\"#_ednref7\" name=\"_edn7\">[7]<\/a> Turkhabersaati.com\/ilhan-omara-yonelik-medya-saldirisi-sasirtici-degil, consultado el 9 de mayo, 2019.<\/p>\n<p><a href=\"#_ednref8\" name=\"_edn8\"><\/a><\/p>\n<p>[8] Fikriyat.com\/islam-dunyasi\/2019\/04\/09\/ilhan-omara-yonelik-medya-saldirisi-sasirtici-degil, 9 de abril, 2019.<\/p>\n<p><a href=\"#_ednref9\" name=\"_edn9\"><\/a><\/p>\n<p>[9] Webional.com\/turkiyede-en-cok-tiklanan-siteler, 15 de noviembre, 2018.<\/p>\n<p><a href=\"#_ednref10\" name=\"_edn10\">[10]<\/a> Medyatava.com\/tiraj, consultado el 9 de mayo, 2018.<\/p>\n<p><a href=\"#_ednref11\" name=\"_edn11\">[11]<\/a> Takvim.com.tr\/guncel\/2016\/11\/10\/cavusoglundan-omara-tebrik-telefonu, 10 de noviembre, 2016.<\/p>\n<p><a href=\"#_ednref12\" name=\"_edn12\"><\/a><\/p>\n<p>[12] Aa.com.tr\/tr\/turkiye\/cavusoglundan-ilhan-omar-ve-rashida-tlaibe-tebrik\/1306044, 8 de noviembre, 2018.<\/p>\n<p><a href=\"#_ednref13\" name=\"_edn13\"><\/a><\/p>\n<p>[13] Trthaber.com\/haber\/gundem\/cumhurbaskani-erdoganin-abddeki-kabulleri-suruyor-333929.html, 19 de septiembre, 2017.<\/p>\n<p><a href=\"#_ednref14\" name=\"_edn14\"><\/a><\/p>\n<p>[14] Twitter.com\/akparti\/status\/910032082163904512, 19 de septiembre, 2017.<\/p>\n<p><a href=\"#_ednref15\" name=\"_edn15\">[15]<\/a> Twitter.com\/IlhanMN\/status\/881276926849146882, 1 de julio, 2017.<\/p>\n<p><a href=\"#_ednref16\" name=\"_edn16\">[16]<\/a> Twitter.com\/acarumut\/status\/1044326904239722497, 24 de septiembre, 2018.<\/p>\n<p><a href=\"#_ednref17\" name=\"_edn17\">[17]<\/a> Iha.com.tr\/istanbul-haberleri\/abdnin-ilk-basortulu-milletvekili-ilhan-omar-suan-ulkede-olanlardan-cok-memnun-degiliz-1613861, 4 de febrero, 2017.<\/p>\n<p><a href=\"#_ednref18\" name=\"_edn18\"><\/a><\/p>\n<p>[18] Youtube.com\/channel\/UC7fWeaHhqgM4Ry-RMpM2YYw\/search?query=Ilhan+Omar, consultado el 1 de mayo, 2019.<\/p>\n<p><a href=\"#_ednref19\" name=\"_edn19\"><\/a><\/p>\n<p>[19] Youtube.com\/watch?v=kuscoOjc99o&amp;t=1s, 13 de enero, 2019.<\/p>\n<p><a href=\"#_ednref20\" name=\"_edn20\"><\/a><\/p>\n<p>[20] Yeniakit.com.tr\/haber\/ilhan-omar-abdnin-ortadogudaki-yalanlarini-tek-tek-siraladi-668354.html, 21 de marzo, 2019.<\/p>\n<p><a href=\"#_ednref21\" name=\"_edn21\"><\/a><\/p>\n<p>[21] Milligazete.com.tr\/makale\/1927821\/fatma-tuncer\/dogru-konusani-dokuz-meclisten-kovarlar, 25 de marzo, 2019.<\/p>\n<p><a href=\"#_ednref22\" name=\"_edn22\"><\/a><\/p>\n<p>[22] Haaretz.com\/us-news\/mike-pence-slams-ilhan-omar-at-aipac-full-transcript-1.7059025, 25 de marzo, 2019.<\/p>\n<p><a href=\"#_ednref23\" name=\"_edn23\"><\/a><\/p>\n<p>[23] Twitter.com\/IlhanMN\/status\/1102296763292139520, 3 de marzo, 2019.<\/p>\n<p><a href=\"#_ednref24\" name=\"_edn24\"><\/a><\/p>\n<p>[24] Twitter.com\/AdamMilstein\/status\/1111331092953333761, 28 de marzo, 2019.<\/p>\n<p><a href=\"#_ednref25\" name=\"_edn25\"><\/a><\/p>\n<p>[25] Haaretz.com\/israel-news\/pro-israel-donor-pulls-out-of-aipac-conference-after-attacking-omar-tlaib-1.7041194, 21 de marzo, 2019.<\/p>\n","protected":false},"excerpt":{"rendered":"<p>En un art\u00edculo sobre la Representante estadounidense Ilhan Omar (D-MN), el gerente del canal de noticias estatal turco TRT World Research Center Dr. Tarek Cherkaoui, inst\u00f3 a los lectores a donar fondos a la campa\u00f1a de Omar. El art\u00edculo, escrito para el portal en ingl\u00e9s del diario turco pro-gobierno Yeni \u015eafak y publicado el 1 [&hellip;]<\/p>\n","protected":false},"author":1,"featured_media":56006,"comment_status":"open","ping_status":"open","sticky":false,"template":"","format":"standard","meta":{"footnotes":""},"categories":[4,6,9,18,2,14,28],"tags":[],"class_list":["post-56005","post","type-post","status-publish","format-standard","has-post-thumbnail","hentry","category-archivos","category-comunicados-especiales","category-temas","category-paises","category-featured","category-relaciones-inter-arabes","category-turquia"],"_links":{"self":[{"href":"https:\/\/www2.memri.org\/espanol\/wp-json\/wp\/v2\/posts\/56005","targetHints":{"allow":["GET"]}}],"collection":[{"href":"https:\/\/www2.memri.org\/espanol\/wp-json\/wp\/v2\/posts"}],"about":[{"href":"https:\/\/www2.memri.org\/espanol\/wp-json\/wp\/v2\/types\/post"}],"author":[{"embeddable":true,"href":"https:\/\/www2.memri.org\/espanol\/wp-json\/wp\/v2\/users\/1"}],"replies":[{"embeddable":true,"href":"https:\/\/www2.memri.org\/espanol\/wp-json\/wp\/v2\/comments?post=56005"}],"version-history":[{"count":0,"href":"https:\/\/www2.memri.org\/espanol\/wp-json\/wp\/v2\/posts\/56005\/revisions"}],"wp:featuredmedia":[{"embeddable":true,"href":"https:\/\/www2.memri.org\/espanol\/wp-json\/wp\/v2\/media\/56006"}],"wp:attachment":[{"href":"https:\/\/www2.memri.org\/espanol\/wp-json\/wp\/v2\/media?parent=56005"}],"wp:term":[{"taxonomy":"category","embeddable":true,"href":"https:\/\/www2.memri.org\/espanol\/wp-json\/wp\/v2\/categories?post=56005"},{"taxonomy":"post_tag","embeddable":true,"href":"https:\/\/www2.memri.org\/espanol\/wp-json\/wp\/v2\/tags?post=56005"}],"curies":[{"name":"wp","href":"https:\/\/api.w.org\/{rel}","templated":true}]}}