{"id":56000,"date":"2019-06-29T14:55:17","date_gmt":"2019-06-29T18:55:17","guid":{"rendered":"http:\/\/www2.memri.org\/espanol\/?p=56000"},"modified":"2019-07-01T15:02:26","modified_gmt":"2019-07-01T19:02:26","slug":"resumen-del-fin-de-semana-del-proyecto-supervision-a-la-amenaza-terrorista-y-yihad-psaty-69","status":"publish","type":"post","link":"https:\/\/www2.memri.org\/espanol\/resumen-del-fin-de-semana-del-proyecto-supervision-a-la-amenaza-terrorista-y-yihad-psaty-69\/56000","title":{"rendered":"Resumen del fin de semana del Proyecto Supervisi\u00f3n a la Amenaza Terrorista y Yihad (PSATY)"},"content":{"rendered":"<p><em>Lo siguiente son algunos de los informes de esta semana del Proyecto Supervisi\u00f3n a la Amenaza Terrorista y Yihad (PSATY) en MEMRI, que traduce y analiza el contenido de fuentes monitoreadas y supervisadas las 24 horas del d\u00eda, 7 d\u00edas a la semana, entre estos los portales y blogs yihadistas m\u00e1s importantes. (Para ver estos informes en su totalidad, usted debe ser miembro del PSATY; para obtener informaci\u00f3n sobre c\u00f3mo obtener la membrec\u00eda, env\u00ede un correo electr\u00f3nico a la siguiente direcci\u00f3n <a href=\"mailto:jttmsubs@memri.org\">jttmsubs@memri.org<\/a> junto al texto \u00abMembership &#8211; Membrec\u00eda\u00bb en el p\u00e1rrafo del tema).<\/em><\/p>\n<p><strong><em>Nota a los medios de comunicaci\u00f3n y del gobierno: Para obtener una copia completa de estos informes, env\u00ede un correo electr\u00f3nico con el t\u00edtulo del informe en la l\u00ednea del tema a la siguiente direcci\u00f3n: <a href=\"mailto:media@memri.org\">media@memri.org<\/a>. Por favor incluya su nombre, t\u00edtulo y organizaci\u00f3n a la que pertenece en su correo electr\u00f3nico.<\/em><\/strong><\/p>\n<p><strong>EXCLUSIVO: El EIIS se responsabiliza por el derribo de un helic\u00f3ptero franc\u00e9s, el atentado a un veh\u00edculo militar estadounidense en N\u00edger<\/strong><\/p>\n<p><img decoding=\"async\" src=\"https:\/\/www.memri.org\/sites\/default\/files\/2019_Q2\/jttmweekly062919.jpg\" \/><\/p>\n<p>La edici\u00f3n No. 187 del semanario del Estado Isl\u00e1mico (EIIS) Al-Naba, publicada el 20 de junio, 2019 incluyo un art\u00edculo en el que el grupo se responsabiliz\u00f3 por dos ataques: el derribo de un helic\u00f3ptero franc\u00e9s en la frontera entre N\u00edger y Mal\u00ed; y un ataque con artefactos explosivos caseros que mat\u00f3 a dos soldados estadounidenses a unos 100 kil\u00f3metros de Niamey, la capital de N\u00edger.<\/p>\n<p><strong>EXCLUSIVO: Informe: Soldado estadounidense fue asesinado combatiendo contra el EIIS en Siria<\/strong><\/p>\n<p><img decoding=\"async\" src=\"https:\/\/www.memri.org\/sites\/default\/files\/2019_Q2\/jttmweekly0629191.jpg\" \/><\/p>\n<p>El 21 de junio, 2019 el Euphrates Post, un grupo de medios de comunicaci\u00f3n afiliado a la oposici\u00f3n siria, declar\u00f3 en una publicaci\u00f3n en Facebook que un soldado estadounidense hab\u00eda sido asesinado esa misma ma\u00f1ana en enfrentamientos con combatientes del Estado Isl\u00e1mico (EIIS) en Deir Al-Zour, Siria.<\/p>\n<p><strong>EXCLUSIVO: Brigadas de Hezbol\u00e1: La respuesta al ataque cibern\u00e9tico estadounidense es inminente y duplica su intensidad<\/strong><\/p>\n<p><img decoding=\"async\" src=\"https:\/\/www.memri.org\/sites\/default\/files\/2019_Q2\/jttmweekly0629192.jpg\" \/><\/p>\n<p>Varios d\u00edas despu\u00e9s del derribo del avi\u00f3n no tripulado estadounidense (drone) por Ir\u00e1n el 21 de junio, 2019 se inform\u00f3 en los medios de comunicaci\u00f3n estadounidenses que Estados Unidos perpetr\u00f3 un ataque cibern\u00e9tico contra las Brigadas Hezbol\u00e1, una milicia chiita iraqu\u00ed apoyada por Ir\u00e1n.<\/p>\n<p><strong>EXCLUSIVO: Video muestra la Provincia Asia Oriental del EIIS haciendo votos para renovar su lealtad al l\u00edder Abu Bakr Al-Bagdad\u00ed<\/strong><\/p>\n<p><img decoding=\"async\" src=\"https:\/\/www.memri.org\/sites\/default\/files\/2019_Q2\/jttmweekly0629193.jpg\" \/><\/p>\n<p>El 22 de junio, 2019 la Provincia Asia Oriental del Estado Isl\u00e1mico (EIIS) dio a conocer la \u00faltima entrega de su reciente serie de videos, titulada \u00abY el mejor resultado es para aquellos que son justos y correctos\u00bb.<\/p>\n<p><strong>EXCLUSIVO: Grupo yihadista respaldado por Ir\u00e1n en Irak &#8216;las Brigadas Hezbol\u00e1&#8217;: Remover la Casa de Saud del poder es esencial para &#8216;defender la causa palestina y enfrentar a los sionistas&#8217;<\/strong><\/p>\n<p><img decoding=\"async\" src=\"https:\/\/www.memri.org\/sites\/default\/files\/2019_Q2\/jttmweekly0629194a.jpg\" \/><\/p>\n<p>El 25 de junio, 2019 el portal del canal de televisi\u00f3n iraqu\u00ed Aletejah inform\u00f3 que el grupo yihadista las Brigadas de Hezbol\u00e1 en Ir\u00e1n, respaldados por Ir\u00e1n, emiti\u00f3 una declaraci\u00f3n en la que condenaba a los estados del Golfo y en particular a Arabia Saudita, diciendo que remover la Casa de Saud del poder es esencial para \u00abdefender la causa palestina y confrontar a los sionistas\u00bb.<\/p>\n<p><strong>EXCLUSIVO: Documento enumera m\u00e1s de 200 combatientes de Al Qaeda en Siria, incluyendo a europeos<\/strong><\/p>\n<p><img decoding=\"async\" src=\"https:\/\/www.memri.org\/sites\/default\/files\/2019_Q2\/jttmweekly0629195a.jpg\" \/><\/p>\n<p>Un canal en la plataforma Telegram llamado \u00abEl Poder Judicial Interno de Jama&#8217;at Hurras Al-Din\u00bb, public\u00f3 fotograf\u00edas de una petici\u00f3n que firmaron m\u00e1s de 200 combatientes de la organizaci\u00f3n Hurras Al-Din pidiendo que el poder judicial interno del grupo decidiera sobre sus quejas contra el l\u00edder de Hurras Al-Din Sami Al-&#8216;Uraydi y su comandante militar principal Abu Humam Al-Shami.<\/p>\n<p><strong>EXCLUSIVO: Campa\u00f1a yihadista de recaudaci\u00f3n de fondos afirma que civiles sirios donaron m\u00e1s de $185,000 para los muyahidines<\/strong><\/p>\n<p><img decoding=\"async\" src=\"https:\/\/www.memri.org\/sites\/default\/files\/2019_Q2\/jttmweekly0629196A.jpg\" \/><\/p>\n<p>El 22 de junio, 2019 una campa\u00f1a de un canal en la plataforma Telegram afirm\u00f3 que desde el lanzamiento de la campa\u00f1a 15 d\u00edas antes, los residentes de la regi\u00f3n de Idlib en Siria donaron m\u00e1s de $185.000 a una sala de operaciones muyahidines, que incluye a combatientes de la organizaci\u00f3n Hay&#8217;at Tahrir Al-Sham (HTS), el Frente de Liberaci\u00f3n Nacional (NLF), Jaysh Al-&#8216;Izzah y otras facciones yihadistas.<\/p>\n<p><strong>Al-Sahab da a conocer video con el l\u00edder de Al-Qaeda Ayman Al-Zawahiri, instando a los estudiosos musulmanes a llevar consigo la pancarta del yihad, alabando a las figuras yihadistas clave que incitaron contra los Estados Unidos<\/strong><\/p>\n<p><img decoding=\"async\" src=\"https:\/\/www.memri.org\/sites\/default\/files\/2019_Q2\/jttmweekly0629197.jpg\" \/><\/p>\n<p>El 21 de junio, 2019 Al-Sahab, el brazo medi\u00e1tico de Al-Qaeda, dio a conocer la tercera parte de su serie de videos junto al l\u00edder de Al-Qaeda Ayman Al-Zawahiri, elogiando a prominentes figuras yihadistas que alentaron a los musulmanes a librar una guerra contra Estados Unidos y pidi\u00f3 a los estudiosos musulmanes que sigan en sus pasos. La primera parte de la serie fue dada a conocer en abril, 2019.<\/p>\n<p><strong>Al Qaeda publica declaraci\u00f3n que elogia a Morsi e insta a los egipcios a librar el yihad contra el gobierno y tomen venganza de Al-Sisi<\/strong><\/p>\n<p><img decoding=\"async\" src=\"https:\/\/www.memri.org\/sites\/default\/files\/2019_Q2\/jttmweekly0629198a.jpg\" \/><\/p>\n<p>El 27 de junio, 2019 el comando central de Al-Qaeda emiti\u00f3 una declaraci\u00f3n en la que ofreci\u00f3 sus condolencias por la muerte del ex-presidente egipcio Mohamed Morsi e inst\u00f3 a los egipcios a emprender el yihad contra el gobierno y vengarse del Presidente egipcio Abd Al-Fatah Al-Sisi.<\/p>\n<p><strong>Cl\u00e9rigo yihadista sirio Abd Al-Razzaq Al-Mahdi exhorta a los musulmanes a que apoyen financieramente a los muyahidines y da su n\u00famero WhatsApp<\/strong><\/p>\n<p><img decoding=\"async\" src=\"https:\/\/www.memri.org\/sites\/default\/files\/2019_Q2\/jttmweekly0629199.jpg\" \/><\/p>\n<p>El 24 de junio, 2019 el cl\u00e9rigo yihadista sirio AAbd Al-Razzaq Al-Mahdi public\u00f3 en su canal de la plataforma Telegram llamando a los musulmanes de todo el mundo y en especial a aquellos en Turqu\u00eda, los pa\u00edses del Golfo y las zonas controladas por los rebeldes de Siria, para que env\u00eden dinero a los muyahidines.<\/p>\n<p><strong>El EIIS en el C\u00e1ucaso da a conocer video que minimiza la derrota del grupo y le declara la guerra a Rusia y a sus aliados<\/strong><\/p>\n<p><img decoding=\"async\" src=\"https:\/\/www.memri.org\/sites\/default\/files\/2019_Q2\/jttmweekly06291910.jpg\" \/><\/p>\n<p>El 26 de junio, 2019 el Estado Isl\u00e1mico (EIIS) en el C\u00e1ucaso dio a conocer un video con dos combatientes enmascarados. Uno de los combatientes, identificado como Abu Abdalla Al-Qawqazi, le rest\u00f3 importancia a la derrota del EIIS en Siria e Irak, pidi\u00f3 a los combatientes del EIIS que contin\u00faen librando el yihad y le declar\u00f3 la guerra a Rusia y a sus aliados.<\/p>\n<p><strong>El EIIS se responsabiliza por ataque ocurrido en Grozny<\/strong><\/p>\n<p><img decoding=\"async\" src=\"https:\/\/www.memri.org\/sites\/default\/files\/2019_Q2\/jttmweekly06291911a.jpg\" \/><\/p>\n<p>El 24 de junio, 2019 el Estado Isl\u00e1mico (EIIS) en la provincia Kavkaz se responsabiliz\u00f3 por el ataque ocurrido la noche anterior a la residencia del Presidente checheno Ramzan Kadyrov, en Grozny, Chechenia, una de las \u00e1reas de operaci\u00f3n menos activas del EIIS.<\/p>\n<p><strong>El EIIS se responsabiliza de los ataques suicidas gemelos en T\u00fanez<\/strong><\/p>\n<p><img decoding=\"async\" src=\"https:\/\/www.memri.org\/sites\/default\/files\/2019_Q2\/jttmweekly06291912.jpg\" \/><\/p>\n<p>El Estado Isl\u00e1mico (EIIS) se responsabiliz\u00f3 por los ataques suicidas ocurridos el 27 de junio, 2019 en la capital tunecina que ceg\u00f3 la vida de una persona e hiri\u00f3 a otros ocho. La declaraci\u00f3n, transmitida a trav\u00e9s del medio de comunicaci\u00f3n oficial de noticias del EIIS, la Agencia de Noticias A&#8217;maq, declara que los perpetradores fueron \u00abcombatientes del Estado Isl\u00e1mico\u00bb, pero no provee m\u00e1s detalles sobre ellos ni sobre los ataques.<\/p>\n<p><strong>Pancarta del EIIS amenaza a occidentales: Pronto ser\u00e1n perseguidos \u00aben el coraz\u00f3n de sus tierras natales\u00bb<\/strong><\/p>\n<p><img decoding=\"async\" src=\"https:\/\/www.memri.org\/sites\/default\/files\/2019_Q2\/jttmweekly06291913.jpg\" \/><\/p>\n<p>El 17 de junio, 2019 se difundi\u00f3 una pancarta de un organismo propagand\u00edstico del EIIS en un canal de la plataforma Telegram.<\/p>\n<p><strong>Fundaci\u00f3n de medios de comunicaci\u00f3n pro-EIIS da a conocer pancarta amenazando a Londres<\/strong><\/p>\n<p><img decoding=\"async\" src=\"https:\/\/www.memri.org\/sites\/default\/files\/2019_Q2\/jttmweekly06291914.jpg\" \/><\/p>\n<p>El 23 de junio, 2019 la Fundaci\u00f3n de Medios de Comunicaci\u00f3n pro-Estado Isl\u00e1mico (EIIS) Al-Adyat public\u00f3 una pancarta advirtiendo sobre inminentes ataques en Londres.<\/p>\n<p><strong>Medio de comunicaci\u00f3n pro-EIIS comparte material en espa\u00f1ol que promueve ataques terroristas utilizando veh\u00edculos y arrollamientos<\/strong><\/p>\n<p><img decoding=\"async\" src=\"https:\/\/www.memri.org\/sites\/default\/files\/2019_Q2\/jttmweekly06291915.jpg\" \/><\/p>\n<p>El 24 de junio, 2019 una filial pro-Estado Isl\u00e1mico (EIIS) public\u00f3 traducciones en espa\u00f1ol de un art\u00edculo y dos pancartas, seleccionados y escogidos de tres fuentes oficiales del EIIS, que detallan y promueven el uso de camiones y otros veh\u00edculos para perpetrar ataques terroristas embistiendo en grandes grupos a multitud de personas.<\/p>\n<p><strong>Canal pro-EIIS advierte a combatientes que tengan precauci\u00f3n cerca de las fronteras iraqu\u00edes y sirias con Turqu\u00eda<\/strong><\/p>\n<p><img decoding=\"async\" src=\"https:\/\/www.memri.org\/sites\/default\/files\/2019_Q2\/jttmweekly06291916.jpg\" \/><\/p>\n<p>El 25 de junio, 2019 el grupo de medios de comunicaci\u00f3n pro-Estado Isl\u00e1mico (EIIS) de la Fundaci\u00f3n Al-Muhajireen public\u00f3 una pancarta en \u00e1rabe e ingl\u00e9s en su canal en la plataforma Telegram, advirtiendo a los miembros del EIIS que deben actuar con precauci\u00f3n en las cercan\u00edas de las fronteras iraqu\u00edes y sirias con Turqu\u00eda, citando un incremento en los esfuerzos por parte de la Uni\u00f3n Europea de monitorear a los combatientes europeos del EIIS que retornan a Europa.<\/p>\n<p><strong>Portavoz de la coalici\u00f3n liderada por sauditas en Yemen: L\u00edder del EIIS en Yemen capturado por fuerzas especiales sauditas y yemen\u00edes<\/strong><\/p>\n<p><img decoding=\"async\" src=\"https:\/\/www.memri.org\/sites\/default\/files\/2019_Q2\/jttmweekly06291917.jpg\" \/><\/p>\n<p>El 25 de junio, 2019 la Coalici\u00f3n \u00c1rabe liderada por Arabia Saudita anunci\u00f3 la captura el 3 de junio del l\u00edder del Estado Isl\u00e1mico (EIIS) en Yemen Abu Osama Al-Muhajir. Seg\u00fan el vocero oficial de la coalici\u00f3n liderada por Arabia Saudita en Yemen, el Coronel Turki Al-Maliki, las Fuerzas Especiales sauditas trabajando en conjunto con las fuerzas yemen\u00edes como parte de la coalici\u00f3n capturaron a varios miembros del EIIS, en especial al l\u00edder y jefe financista del EIIS en Yemen Abu Osama Al-Muhajir.<\/p>\n<p><strong>Grupo de medios de comunicaci\u00f3n yihadista en persa lanza nueva cuenta en Instagram<\/strong><\/p>\n<p><img decoding=\"async\" src=\"https:\/\/www.memri.org\/sites\/default\/files\/2019_Q2\/jttmweekly06291918.jpg\" \/><\/p>\n<p>El 23 de junio, 2019 <em>Abna &#8216;Al-Jihad<\/em> (Hijos del Yihad), un grupo de medios de comunicaci\u00f3n yihadistas en persa, lanz\u00f3 una nueva p\u00e1gina en la aplicaci\u00f3n Instagram luego que su cuenta anterior fue eliminada.<\/p>\n<p><strong>Revisi\u00f3n de Cuenta en los Medios Sociales Yihadistas (RC-MSY): Activista en medio de comunicaci\u00f3n pro-EIIS en el portal Gab<\/strong><\/p>\n<p><img decoding=\"async\" src=\"https:\/\/www.memri.org\/sites\/default\/files\/2019_Q2\/jttmweekly06291919b.jpg\" \/><\/p>\n<p>La siguiente informaci\u00f3n tiene como base una descripci\u00f3n general de una cuenta en los medios de comunicaci\u00f3n sociales que demuestra simpat\u00edas o actividades yihadistas relacionadas con el terrorismo.<\/p>\n<p><strong>Talibanes afganos rinden tributo a Mohamed Morsi, le describen como &#8216;un importante l\u00edder de la corriente isl\u00e1mica en Egipto&#8217;<\/strong><\/p>\n<p><img decoding=\"async\" src=\"https:\/\/www.memri.org\/sites\/default\/files\/2019_Q2\/jttmweekly06291920.jpg\" \/><\/p>\n<p>El 18 de junio, 2019 el Emirato Isl\u00e1mico de Afganist\u00e1n (la Organizaci\u00f3n de los talibanes) emiti\u00f3 una declaraci\u00f3n en la que le rend\u00eda tributo al ex-presidente egipcio Mohamed Morsi luego de su fallecimiento. Lo siguiente es la declaraci\u00f3n en su totalidad.<\/p>\n<p><strong>Portavoz talib\u00e1n afgano acusa a los Estados Unidos de rescatar a militantes cercados del EIIS, este describe al EIIS como &#8216;una herramienta de los invasores criminales estadounidenses&#8217;<\/strong><\/p>\n<p><img decoding=\"async\" src=\"https:\/\/www.memri.org\/sites\/default\/files\/2019_Q2\/jttmweekly06291921.jpg\" \/><\/p>\n<p>El 21 de junio, 2019 Zabihullah Mujahid, vocero del Emirato Isl\u00e1mico de Afganist\u00e1n (la organizaci\u00f3n de los talibanes), emiti\u00f3 una declaraci\u00f3n acusando a los Estados Unidos de rescatar a militantes del Estado Isl\u00e1mico (EIIS) asediados por los talibanes en la provincia de Kunar, Afganist\u00e1n.<\/p>\n","protected":false},"excerpt":{"rendered":"<p>Lo siguiente son algunos de los informes de esta semana del Proyecto Supervisi\u00f3n a la Amenaza Terrorista y Yihad (PSATY) en MEMRI, que traduce y analiza el contenido de fuentes monitoreadas y supervisadas las 24 horas del d\u00eda, 7 d\u00edas a la semana, entre estos los portales y blogs yihadistas m\u00e1s importantes. (Para ver estos [&hellip;]<\/p>\n","protected":false},"author":1,"featured_media":56001,"comment_status":"open","ping_status":"open","sticky":false,"template":"","format":"standard","meta":{"footnotes":""},"categories":[33,4,10,9,2],"tags":[],"class_list":["post-56000","post","type-post","status-publish","format-standard","has-post-thumbnail","hentry","category-boletin-especial","category-archivos","category-estudios-sobre-terrorismo-y-yihad","category-temas","category-featured"],"_links":{"self":[{"href":"https:\/\/www2.memri.org\/espanol\/wp-json\/wp\/v2\/posts\/56000","targetHints":{"allow":["GET"]}}],"collection":[{"href":"https:\/\/www2.memri.org\/espanol\/wp-json\/wp\/v2\/posts"}],"about":[{"href":"https:\/\/www2.memri.org\/espanol\/wp-json\/wp\/v2\/types\/post"}],"author":[{"embeddable":true,"href":"https:\/\/www2.memri.org\/espanol\/wp-json\/wp\/v2\/users\/1"}],"replies":[{"embeddable":true,"href":"https:\/\/www2.memri.org\/espanol\/wp-json\/wp\/v2\/comments?post=56000"}],"version-history":[{"count":0,"href":"https:\/\/www2.memri.org\/espanol\/wp-json\/wp\/v2\/posts\/56000\/revisions"}],"wp:featuredmedia":[{"embeddable":true,"href":"https:\/\/www2.memri.org\/espanol\/wp-json\/wp\/v2\/media\/56001"}],"wp:attachment":[{"href":"https:\/\/www2.memri.org\/espanol\/wp-json\/wp\/v2\/media?parent=56000"}],"wp:term":[{"taxonomy":"category","embeddable":true,"href":"https:\/\/www2.memri.org\/espanol\/wp-json\/wp\/v2\/categories?post=56000"},{"taxonomy":"post_tag","embeddable":true,"href":"https:\/\/www2.memri.org\/espanol\/wp-json\/wp\/v2\/tags?post=56000"}],"curies":[{"name":"wp","href":"https:\/\/api.w.org\/{rel}","templated":true}]}}