{"id":55682,"date":"2019-05-24T14:40:21","date_gmt":"2019-05-24T18:40:21","guid":{"rendered":"http:\/\/www2.memri.org\/espanol\/?p=55682"},"modified":"2019-05-28T14:43:42","modified_gmt":"2019-05-28T18:43:42","slug":"la-ultima-edicion-de-la-revista-en-urdu-nawa-i-afghan-le-rinde-homenaje-a-osama-bin-laden-y-dice-el-jefe-estadounidense-de-los-cruzados-se-le-ve-inquieto-por-retirar-sus-tropas-que-estan-siendo-der","status":"publish","type":"post","link":"https:\/\/www2.memri.org\/espanol\/la-ultima-edicion-de-la-revista-en-urdu-nawa-i-afghan-le-rinde-homenaje-a-osama-bin-laden-y-dice-el-jefe-estadounidense-de-los-cruzados-se-le-ve-inquieto-por-retirar-sus-tropas-que-estan-siendo-der\/55682","title":{"rendered":"La \u00faltima edici\u00f3n de la revista en urdu Nawa-i-Afghan le rinde homenaje a Osama Bin Laden y dice: \u00abEl jefe estadounidense de los cruzados se le ve inquieto por retirar sus tropas que est\u00e1n siendo derrotadas en Afganist\u00e1n\u00bb"},"content":{"rendered":"<p><strong><em>El siguiente informe es ahora complemento sin costo alguno del Proyecto Supervisi\u00f3n a la Amenaza Terrorista y Yihad de MEMRI (PSATY). Para informaci\u00f3n sobre como suscribirse al PSATY, <a href=\"http:\/\/memri.convio.net\/site\/R?i=_bJ3vqPE-oDtjXEjsXjR3Q\">pulse aqu\u00ed<\/a>.<\/em><\/strong><\/p>\n<p>Partidarios de los talibanes afganos y de Al-Qaeda publicaron la \u00faltima edici\u00f3n de Nawa-i-Afghan Jihad (\u00abLa Voz del Yihad Afgano\u00bb), una revista mensual en urdu dirigida a los seguidores de estos grupos en Pakist\u00e1n. Una versi\u00f3n en formato PDF de la edici\u00f3n de mayo, 2019 de la revista fue publicada en el portal estadounidense Archive.org y otras plataformas en los medios de comunicaci\u00f3n sociales.<\/p>\n<p><img loading=\"lazy\" decoding=\"async\" class=\"alignnone size-full wp-image-55683\" src=\"https:\/\/www2.memri.org\/espanol\/wp-content\/uploads\/2019\/05\/SD8087.jpg\" width=\"600\" height=\"538\" alt=\"\" srcset=\"https:\/\/www2.memri.org\/espanol\/wp-content\/uploads\/2019\/05\/SD8087.jpg 600w, https:\/\/www2.memri.org\/espanol\/wp-content\/uploads\/2019\/05\/SD8087-300x269.jpg 300w, https:\/\/www2.memri.org\/espanol\/wp-content\/uploads\/2019\/05\/SD8087-468x420.jpg 468w\" sizes=\"auto, (max-width: 600px) 100vw, 600px\" \/><\/p>\n<p><em>La portada de Nawa-i-Afghan Jihad.<\/em><\/p>\n<p>La edici\u00f3n incluye una serie de art\u00edculos que le rinden homenaje al fallecido l\u00edder de Al Qaeda Osama bin Laden, quien fue asesinado en una redada realizada por los Estados Unidos el 2 de mayo, 2011 en Abbottabad, Pakist\u00e1n. Varios art\u00edculos en la revista discuten la importancia religiosa del Ramad\u00e1n, el mes de ayuno del calendario isl\u00e1mico. Dos art\u00edculos est\u00e1n dedicados a la importancia de la Batalla de Badr, que tuvo lugar en marzo del a\u00f1o 624 EC, coincidiendo con el Ramad\u00e1n de ese a\u00f1o y fue la primera batalla importante en la que particip\u00f3 un ej\u00e9rcito musulm\u00e1n.<\/p>\n<p>Estos art\u00edculos son en su mayor\u00eda traducciones de art\u00edculos \u00e1rabes al urdu. Nawa-i-Afghan Jihad tambi\u00e9n posee traducciones de art\u00edculos del l\u00edder de Al-Qaeda Jeque Ayman Al-Zawahiri y del difunto comandante de Al-Qaeda Jeque Abu Yahya Al-Libi. Al menos dos art\u00edculos critican la pol\u00edtica secular de los gobiernos en el Sudeste Asi\u00e1tico, mientras que los otros dos argumentan que el futuro de Pakist\u00e1n yace en la aplicaci\u00f3n de la ley del sharia.<\/p>\n<p>La revista de 119 p\u00e1ginas contiene informes de los frentes de batalla en Afganist\u00e1n, incluyendo una lista detallada de todos los enfrentamientos armados entre los talibanes y las fuerzas del gobierno afgano que tuvieron lugar en abril, 2019.<\/p>\n<p>En un editorial no firmado dedicado principalmente a la importancia de Ramad\u00e1n, los editores tambi\u00e9n observan: \u00abHoy el jefe de los cruzados estadounidenses se encuentra inquieto por retirar sus tropas que est\u00e1n siendo derrotadas en Afganist\u00e1n\u00bb.<\/p>\n<p><img loading=\"lazy\" decoding=\"async\" class=\"alignnone size-full wp-image-55684\" src=\"https:\/\/www2.memri.org\/espanol\/wp-content\/uploads\/2019\/05\/SD80871.jpg\" width=\"600\" height=\"355\" alt=\"\" srcset=\"https:\/\/www2.memri.org\/espanol\/wp-content\/uploads\/2019\/05\/SD80871.jpg 600w, https:\/\/www2.memri.org\/espanol\/wp-content\/uploads\/2019\/05\/SD80871-300x178.jpg 300w\" sizes=\"auto, (max-width: 600px) 100vw, 600px\" \/><\/p>\n<p><em>La p\u00e1gina con el contenido de Nawa-i-Afghan Jihad.<\/em><\/p>\n<p>Fuentes: Archive.org, consultado el 16 de mayo, 2019.<\/p>\n","protected":false},"excerpt":{"rendered":"<p>El siguiente informe es ahora complemento sin costo alguno del Proyecto Supervisi\u00f3n a la Amenaza Terrorista y Yihad de MEMRI (PSATY). Para informaci\u00f3n sobre como suscribirse al PSATY, pulse aqu\u00ed. Partidarios de los talibanes afganos y de Al-Qaeda publicaron la \u00faltima edici\u00f3n de Nawa-i-Afghan Jihad (\u00abLa Voz del Yihad Afgano\u00bb), una revista mensual en urdu [&hellip;]<\/p>\n","protected":false},"author":1,"featured_media":55683,"comment_status":"open","ping_status":"open","sticky":false,"template":"","format":"standard","meta":{"footnotes":""},"categories":[4,6,9,11,2],"tags":[],"class_list":["post-55682","post","type-post","status-publish","format-standard","has-post-thumbnail","hentry","category-archivos","category-comunicados-especiales","category-temas","category-e-u-a-y-el-medio-oriente","category-featured"],"_links":{"self":[{"href":"https:\/\/www2.memri.org\/espanol\/wp-json\/wp\/v2\/posts\/55682","targetHints":{"allow":["GET"]}}],"collection":[{"href":"https:\/\/www2.memri.org\/espanol\/wp-json\/wp\/v2\/posts"}],"about":[{"href":"https:\/\/www2.memri.org\/espanol\/wp-json\/wp\/v2\/types\/post"}],"author":[{"embeddable":true,"href":"https:\/\/www2.memri.org\/espanol\/wp-json\/wp\/v2\/users\/1"}],"replies":[{"embeddable":true,"href":"https:\/\/www2.memri.org\/espanol\/wp-json\/wp\/v2\/comments?post=55682"}],"version-history":[{"count":0,"href":"https:\/\/www2.memri.org\/espanol\/wp-json\/wp\/v2\/posts\/55682\/revisions"}],"wp:featuredmedia":[{"embeddable":true,"href":"https:\/\/www2.memri.org\/espanol\/wp-json\/wp\/v2\/media\/55683"}],"wp:attachment":[{"href":"https:\/\/www2.memri.org\/espanol\/wp-json\/wp\/v2\/media?parent=55682"}],"wp:term":[{"taxonomy":"category","embeddable":true,"href":"https:\/\/www2.memri.org\/espanol\/wp-json\/wp\/v2\/categories?post=55682"},{"taxonomy":"post_tag","embeddable":true,"href":"https:\/\/www2.memri.org\/espanol\/wp-json\/wp\/v2\/tags?post=55682"}],"curies":[{"name":"wp","href":"https:\/\/api.w.org\/{rel}","templated":true}]}}