{"id":55676,"date":"2019-05-24T14:32:28","date_gmt":"2019-05-24T18:32:28","guid":{"rendered":"http:\/\/www2.memri.org\/espanol\/?p=55676"},"modified":"2019-05-28T14:39:51","modified_gmt":"2019-05-28T18:39:51","slug":"video-de-al-jazeera-sobre-el-holocausto-no-es-la-excepcion-todos-los-medios-de-comunicacion-de-qatar-constituyen-una-plataforma-para-la-publicacion-de-mensajes-antisemitas","status":"publish","type":"post","link":"https:\/\/www2.memri.org\/espanol\/video-de-al-jazeera-sobre-el-holocausto-no-es-la-excepcion-todos-los-medios-de-comunicacion-de-qatar-constituyen-una-plataforma-para-la-publicacion-de-mensajes-antisemitas\/55676","title":{"rendered":"Video de Al-Jazeera sobre el Holocausto no es la excepci\u00f3n &#8211; Todos los medios de comunicaci\u00f3n de Qatar constituyen una plataforma para la publicaci\u00f3n de mensajes antisemitas"},"content":{"rendered":"<p><strong>Introducci\u00f3n<\/strong><\/p>\n<p><em>Recientemente, el medio de comunicaci\u00f3n de Qatar Al-Jazeera se disculp\u00f3 por un video antisemita sobre el Holocausto que fue publicado v\u00eda Facebook y Twitter por la filial de la red AJ+ \u00c1rabe. El video cuestion\u00f3 el n\u00famero de v\u00edctimas jud\u00edas del Holocausto y agreg\u00f3 que Israel es el que m\u00e1s se \u00abbeneficia\u00bb por el Holocausto y que utiliza los mismos justificativos nazis para aniquilar a los palestinos.<\/em><\/p>\n<p><strong><em>Vea este video en el portal MEMRI TV <a href=\"https:\/\/www.memri.org\/tv\/al-jazeera-holocaust-denial-israel-biggest-winner-same-justification-annihilate-palestinians\">aqu\u00ed<\/a> o abajo.<\/em><\/strong><\/p>\n<p><iframe src=\"https:\/\/www.memri.org\/player\/clip\/42858\/1\/1\" width=\"700\" height=\"540\" frameborder=\"0\"><\/iframe><\/p>\n<p><em>Luego de la traducci\u00f3n realizada por MEMRI y la publicaci\u00f3n del video, Al-Jazeera elimin\u00f3 el video de las cuentas de redes sociales de AJ+, suspendi\u00f3 a 2 periodistas involucrados en su producci\u00f3n y declar\u00f3 que el video \u00abera opuesto a sus est\u00e1ndares editoriales\u00bb.<\/em><a href=\"#_edn1\" name=\"_ednref1\">[1]<\/a><\/p>\n<p><em>Sin embargo, el continuo monitoreo por parte de MEMRI a los medios de comunicaci\u00f3n de Qatar y en particular a la red Al-Jazeera, revela que la publicaci\u00f3n del video antisemita de AJ+ no es la excepci\u00f3n. Durante a\u00f1os, los medios de comunicaci\u00f3n de Qatar han servido como plataforma para la difusi\u00f3n de contenido antisemita y de negaci\u00f3n del Holocausto. Particularmente notables son las extremistas declaraciones antisemitas pronunciadas a lo largo de los a\u00f1os por el Jeque Yousef Al-Qaradawi, fundador y hasta hace poco, jefe de la Uni\u00f3n Internacional de Estudiosos Musulmanes (UIEM) respaldada por Qatar. Al-Qaradawi, quien es considerado el l\u00edder espiritual de la Hermandad Musulmana, es conocido por elogiar las operaciones yihadistas y de martirio, as\u00ed como tambi\u00e9n por sus declaraciones antisemitas. Al-Qaradawi naci\u00f3 en Egipto, encontr\u00f3 asilo y una base para operar en Qatar, donde disfruta de la protecci\u00f3n y el patrocinio del actual Emir de Qatar, Jeque Tamim bin Hamid Aal Thani y antes de ello su padre, Jeque Hamid bin Khalifa Aal Thani, quien renunci\u00f3 como emir en el 2013 &#8211; mientras que pa\u00edses occidentales, incluyendo los Estados Unidos, el Reino Unido y Francia, le han prohibido ingresar a su territorio debido a sus opiniones extremistas.<\/em><\/p>\n<p><em>En un discurso pronunciado en enero, 2009 transmitido en Al-Jazeera TV, Al-Qaradawi pidi\u00f3 por un segundo Holocausto, diciendo: \u00abSi Al\u00e1 lega, la pr\u00f3xima vez ser\u00e1 a manos de los creyentes\u00bb, es decir los musulmanes. Hace menos de dos semanas, el diario del gobierno de Qatar Al-Arab public\u00f3 una lecci\u00f3n religiosa en conmemoraci\u00f3n a Ramad\u00e1n dictada por Al-Qaradawi en la que declar\u00f3 que los jud\u00edos se hab\u00edan opuesto a Mahoma y, por lo tanto, Al\u00e1 los maldijo y les convirti\u00f3 en monos y cerdos.<\/em><\/p>\n<p><em><img loading=\"lazy\" decoding=\"async\" class=\"alignnone size-full wp-image-55680\" src=\"https:\/\/www2.memri.org\/espanol\/wp-content\/uploads\/2019\/05\/Comp1-1-1.png\" width=\"500\" height=\"324\" alt=\"\" srcset=\"https:\/\/www2.memri.org\/espanol\/wp-content\/uploads\/2019\/05\/Comp1-1-1.png 500w, https:\/\/www2.memri.org\/espanol\/wp-content\/uploads\/2019\/05\/Comp1-1-1-300x194.png 300w\" sizes=\"auto, (max-width: 500px) 100vw, 500px\" \/>Al-Qaradawi como invitado de honor del Emir de Qatar (Fuente: Al-Jazeera TV, 13 de mayo, 2019)<\/em><\/p>\n<p><em>Unos d\u00edas despu\u00e9s de que AJ+ diera a conocer el video del Holocausto, el sucesor de Al-Qaradawi como encabezado de la UIEM, el Dr. Ahmed Al-Raissouni, escribi\u00f3 un art\u00edculo afirmando que cuestionar el Holocausto no es solo un derecho sino una obligaci\u00f3n. El art\u00edculo fue publicado en el portal de la UIAM patrocinado por Qatar, as\u00ed como en el portal personal de Al-Raissouni y en su p\u00e1gina Facebook. Anteriormente, Al-Raissouni declaro en una entrevista en Al-Jazeera TV, que la UIAM se enorgullece de haber contado con el apoyo de Qatar desde su creaci\u00f3n en el a\u00f1o 2004.<\/em><\/p>\n<p><em>Tambi\u00e9n se escucharon declaraciones antisemitas en un evento realizado en julio, 2007 en honor a Al-Qaradawi, transmitido en Al-Jazeera. Estas fueron pronunciadas por el entonces jefe del bur\u00f3 pol\u00edtico de Hamas Khaled Mash&#8217;al, quien tambi\u00e9n se asilo en la capital de Qatar, Doha.<\/em><\/p>\n<p><em>Estas declaraciones de Al-Qaradawi y sus partidarios son solo algunos de los contenidos antisemitas difundidos en los medios de comunicaci\u00f3n de Qatar, particularmente a trav\u00e9s de la red Al-Jazeera. Adem\u00e1s, en el \u00faltimo a\u00f1o ha habido una repetici\u00f3n frecuente de mensajes negando el Holocausto en los medios de comunicaci\u00f3n de Qatar, especialmente mensajes como los del video de AJ+ en donde alega que los jud\u00edos exageran las acciones cometidas por los nazis contra ellos y se aprovechan de tales eventos del Holocausto para extorsionar a Alemania y a todo Occidente.<\/em><\/p>\n<p><em>Este informe revisar\u00e1 algunas de las declaraciones antisemitas que se encuentran regularmente en los medios de comunicaci\u00f3n de Qatar:<\/em><\/p>\n<p><strong>Al-Qaradawi en Al-Jazeera: El Holocausto fue un \u00abcastigo divino\u00bb para los jud\u00edos; \u00abAl\u00e1 que lega, la pr\u00f3xima vez ser\u00e1 a manos de los creyentes\u00bb<\/strong><\/p>\n<p>Durante muchos a\u00f1os, tal como se ha se\u00f1alado, Qatar ha patrocinado al Jeque Yousef Al-Qaradawi, fundador de la UIEM y durante mucho tiempo jefe y l\u00edder espiritual de la Hermandad Musulmana. Al-Qaradawi, que aparece regularmente en los medios de comunicaci\u00f3n de Qatar, realiza frecuentes declaraciones antisemitas. En enero, 2009 en Al-Jazeera TV, pidi\u00f3 incluso un segundo Holocausto contra los jud\u00edos, el que ser\u00e1 llevado a cabo por los musulmanes:<\/p>\n<p>\u00abA lo largo de la historia, Al\u00e1 ha impuesto al pueblo [jud\u00edo] castigo por su corrupci\u00f3n. Hitler llev\u00f3 a cabo el \u00faltimo castigo. Por medio de todas las cosas que este les hizo &#8211; aunque ellos exageraron este tema &#8211; este logr\u00f3 ponerlos en su lugar. Esto fue un castigo divino para ellos. Al\u00e1 que lega, la pr\u00f3xima vez ser\u00e1 a manos de los creyentes\u00bb.<\/p>\n<p><strong><em>Vea este clip en el portal MEMRI TV <a href=\"https:\/\/www.memri.org\/tv\/sheik-yousuf-al-qaradhawi-allah-imposed-hitler-upon-jews-punish-them-allah-willing-next-time-will\">aqu\u00ed<\/a> o debajo<\/em><\/strong><\/p>\n<p><iframe src=\"https:\/\/www.memri.org\/player\/clip\/11005\/1\/1\" width=\"700\" height=\"540\" frameborder=\"0\"><\/iframe><\/p>\n<p><strong>La lecci\u00f3n religiosa de Ramad\u00e1n de Al-Qaradawi en el diario de gobierno de Qatar: Los jud\u00edos se opusieron a Mahoma, por lo que Al\u00e1 les maldijo y los convirti\u00f3 en monos y cerdos<\/strong><\/p>\n<p>El 14 de mayo, 2019 el diario del gobierno de Qatar <em>Al-Arab<\/em> public\u00f3 una lecci\u00f3n sobre el Cor\u00e1n dada por Al-Qaradawi centrada en los versos finales del primer Sura del Cor\u00e1n denominado <em>Al-Fatiha<\/em> (La Apertura), que declara: \u00abGu\u00edanos hacia el camino correcto &#8211; el camino de aquellos a quienes le has otorgado favores y no [al camino] de aquellos que han evocado [tu] ira o [el camino] de aquellos que se han extraviado \u00ab(Cor\u00e1n 1:7). Al-Qaradawi reiter\u00f3 la interpretaci\u00f3n com\u00fan de este verso, es decir, \u00abaquellos a quienes has otorgado Tu favor\u00bb se refiere a los musulmanes, mientras que \u00ablos que han evocado [tu] ira\u00bb se refiere a los jud\u00edos. Este tambi\u00e9n cit\u00f3 el Cor\u00e1n 5:60, en el que Al\u00e1 convirti\u00f3 a los jud\u00edos en monos y cerdos. (V\u00e9ase la serie de MEMRI Despacho Especial No. 8079 &#8211; Lecci\u00f3n religiosa de Ramad\u00e1n, del l\u00edder espiritual de la Hermandad Musulmana Jeque Yousef Al-Qaradawi, publicado por el diario del gobierno de Qatar: Los jud\u00edos se opusieron a Mahoma, por lo tanto Al\u00e1 los maldijo y les convirti\u00f3 en monos y cerdos).<\/p>\n<p><strong>Emir de Qatar le rinde homenaje al Jeque Yusuf Al-Qaradawi y a otros dignatarios en banquete <em>iftar<\/em> por motivos de Ramad\u00e1n<\/strong><\/p>\n<p>El 13 de mayo, 2019 el canal de televisi\u00f3n de Qatar inform\u00f3 sobre un banquete por motivos de Ramad\u00e1n celebrado por el Emir de Qatar Jeque Tamim Bin Hamad Aal Thani. Al banquete asistieron muchos dignatarios y estudiosos isl\u00e1micos, incluyendo a Al-Qaradhawi.<\/p>\n<p><strong><em>V\u00e9ase este video en el portal MEMRI TV <a href=\"https:\/\/www.memri.org\/tv\/emir-qatar-hosts-yusuf-qaradhawi-ramadan-banquet-honorary-dignitaries\">aqu\u00ed<\/a> o debajo:<\/em><\/strong><\/p>\n<p><iframe src=\"https:\/\/www.memri.org\/player\/clip\/42925\/1\/1\" width=\"700\" height=\"540\" frameborder=\"0\"><\/iframe><\/p>\n<p><strong>El director de la UIAM tras el alboroto resultante por la traducci\u00f3n y el que MEMRI haya expuesto el video antisemita de Al-Jazeera sobre el Holocausto: Cuestionar el Holocausto no es solo un derecho sino una obligaci\u00f3n<\/strong><\/p>\n<p>Varios d\u00edas despu\u00e9s de que MEMRI tradujera y expusiera el video de AJ+ sobre el tema del Holocausto y su subsiguiente cobertura medi\u00e1tica mundial, el Dr. Ahmed Al-Raissouni, titular de la UIEM, public\u00f3 un art\u00edculo titulado \u00abPor Qu\u00e9 es Necesario Cuestionar el Holocausto\u00bb en el portal de la UIEM y en su portal personal y pagina Facebook. En este, afirm\u00f3 que el Holocausto ha adquirido un \u00abhalo exagerado\u00bb y que cuestionar su veracidad y alcance no es solo un derecho sino una obligaci\u00f3n. En la lista de 10 razones por las que es necesario cuestionar el Holocausto, este escribi\u00f3, por ejemplo, que la narrativa del Holocausto, \u00abfabricada por el movimiento sionista\u00bb, consiste en afirmaciones que son \u00abpol\u00edticamente parcializadas y cuestionables\u00bb y muchas de las cuales no pueden ser verificadas. Adem\u00e1s, esta narraci\u00f3n ha sido santificada y forzada al mundo, en donde \u00abcualquiera que se atreva a pensar de manera independiente o sobre cualquiera de sus detalles o cifras falsas\u00bb est\u00e1 sujeto a calumnias, intimidaciones y exclusiones. Este llam\u00f3 a someter el tema del Holocausto a un escrutinio cient\u00edfico, libre de todo aprovechamiento, amenazas e intimidaci\u00f3n.<a href=\"#_edn2\" name=\"_ednref2\">[2]<\/a><\/p>\n<p>Cabe se\u00f1alar que la UIEM, fundado por el jeque Youssuf Al-Qaradawi y dirigido por \u00e9l hasta que Al-Raissouni le sucedi\u00f3 en noviembre pasado, cuenta con el apoyo de Qatar y Turqu\u00eda. En una entrevista que este dio a Al-Jazeera poco despu\u00e9s de que reemplazara a Al-Qaradawi como jefe de la UIEM, Al-Raissouni revel\u00f3 que Qatar ha apoyado a la organizaci\u00f3n desde su creaci\u00f3n y que Turqu\u00eda ahora tambi\u00e9n la financia y agreg\u00f3: \u00abNo hay nada de malo en ello y no lo ocultamos. Al contrario, estamos orgullosos de ello e instamos a todos los pa\u00edses a seguir en los pasos de esos dos pa\u00edses\u00bb.<a href=\"#_edn3\" name=\"_ednref3\">[3]<\/a> (V\u00e9ase la serie de MEMRI Despacho Especial No. 8083 &#8211; Dr. Ahmed Al-Raissouni, Jefe de la Uni\u00f3n Internacional de Acad\u00e9micos Musulmanes fundada por el Jeque Yousef Al-Qaradawi en Dubl\u00edn: Cuestionar el Holocausto no es solo un derecho sino una obligaci\u00f3n 23 de mayo, 2019)<\/p>\n<p><em><i><img loading=\"lazy\" decoding=\"async\" class=\"alignnone size-full wp-image-55681\" src=\"https:\/\/www2.memri.org\/espanol\/wp-content\/uploads\/2019\/05\/Comp2-1.png\" width=\"500\" height=\"456\" alt=\"\" srcset=\"https:\/\/www2.memri.org\/espanol\/wp-content\/uploads\/2019\/05\/Comp2-1.png 500w, https:\/\/www2.memri.org\/espanol\/wp-content\/uploads\/2019\/05\/Comp2-1-300x274.png 300w, https:\/\/www2.memri.org\/espanol\/wp-content\/uploads\/2019\/05\/Comp2-1-461x420.png 461w\" sizes=\"auto, (max-width: 500px) 100vw, 500px\" \/><\/i>Art\u00edculo de Al-Raissouni en su portal personal (fuente: raissouni.net, 22 de mayo, 2019)<\/em><\/p>\n<p><strong>El entonces jefe del Bur\u00f3 Pol\u00edtico de Hamas Khaled Mash&#8217;al, en evento en honor a Al-Qaradawi: El Holocausto fue exagerado y es utilizado para extorsionar a Alemania; El holocausto sionista contra los \u00e1rabes es peor\u00bb<\/strong><\/p>\n<p>El 16 de julio, 2007 Al-Jazeera TV transmiti\u00f3 un evento en honor a Al-Qaradawi. Durante el evento, el entonces jefe del bur\u00f3 pol\u00edtico de Hamas Khaled Mash&#8217;al, quien tambi\u00e9n se encuentra protegido y apoyado por Qatar, declar\u00f3 que los jud\u00edos extorsionaban a Alemania por los hechos cometidos por los nazis y que el Holocausto que este afirm\u00f3 los sionistas estaban cometiendo contra los palestinos era peor que el cometido contra los jud\u00edos en la Segunda Guerra Mundial.<\/p>\n<p>Mash&#8217;al dijo: \u00abQuiero dejar claro a Occidente y al pueblo alem\u00e1n, que este todav\u00eda est\u00e1 siendo chantajeado por lo que el nazismo le hizo a los sionistas o a los jud\u00edos. Yo digo que aquello que Israel le hizo al pueblo palestino es muchas veces peor que lo que el nazismo le hizo a los jud\u00edos y hay exageraciones, que se han vuelto obsoletos, en relaci\u00f3n al tema del Holocausto. Nosotros no negamos los hechos, pero no nos rendiremos ante la extorsi\u00f3n a trav\u00e9s de la exageraci\u00f3n. El Holocausto sionista contra el pueblo palestino y contra los pueblos de la naci\u00f3n \u00e1rabe e isl\u00e1mica &#8211; este es un holocausto que est\u00e1 siendo cometido a plena luz del d\u00eda junto a la cobertura de los medios de comunicaci\u00f3n al tema de la globalizaci\u00f3n. Nadie puede negarlo ni afirmar que este est\u00e1 siendo exagerado\u00bb.<\/p>\n<p>Cabe se\u00f1alar que Al-Qaradawi, quien estuvo sentado junto a Mash&#8217;al en este evento, tambi\u00e9n habl\u00f3, diciendo que apoyaba a Hamas y sus operaciones martirio &#8211; es decir, los atentados suicidas.<\/p>\n<p><strong><em>Vea este video en el portal MEMRI TV <a href=\"https:\/\/www.memri.org\/tv\/hamas-leader-khaled-mashal-praises-sheik-yousef-al-qaradhawi-his-support-suicide-operations-and\">aqu\u00ed<\/a> o debajo:<\/em><\/strong><\/p>\n<p><iframe src=\"https:\/\/www.memri.org\/player\/clip\/10515\/1\/1\" width=\"700\" height=\"540\" frameborder=\"0\"><\/iframe><\/p>\n<p><strong>Art\u00edculo de abril, 2019 en diario de Qatar: Los jud\u00edos utilizaron el supuesto holocausto para chantajear a Occidente<\/strong><\/p>\n<p>Un art\u00edculo que presenta declaraciones similares a las del video de AJ+ fue publicado un mes antes, el 30 de mayo, en el diario <em>Al-Raya<\/em>. El art\u00edculo, escrito por el periodista jordano Ahmad Dhiban declar\u00f3: \u00abEl movimiento sionista logr\u00f3 establecer la &#8216;cultura del Holocausto&#8217; dentro de la \u00e9tica pol\u00edtica occidental y la forz\u00f3 moralmente dentro de las sociedades europeas. Seg\u00fan evaluaciones, Alemania le ha pagado a Israel y a los jud\u00edos en occidente m\u00e1s de 100 billones de d\u00f3lares desde el final de la Segunda Guerra Mundial, como compensaci\u00f3n por las &#8216;v\u00edctimas&#8217; del supuesto Holocausto Nazi!&#8230;<\/p>\n<p>\u00abLos jud\u00edos \u00e1rabes no fueron sometidos a una conducta colectiva que pudiera describirse como &#8216;expulsi\u00f3n forzada&#8217;. [Ellos] no viv\u00edan en campos de refugiados al igual que los palestinos, sino que los abandonaron a su propia cuenta o debido a incidentes aislados que ocurrieron en respuesta al holocausto palestino. Pero, luego de la creaci\u00f3n del Estado de Israel, el movimiento sionista hizo intensos esfuerzos para incitarlos y tentarlos a venir al lugar, con el prop\u00f3sito de atemorizarlos [como parte de una campa\u00f1a] titulada \u00abRegreso a la Tierra Prometida\u00bb. Incluso lleg\u00f3 a perpetrar varios actos de violencia y bombardeos a lugares jud\u00edos, como aquellos que tuvieron lugar en Irak en el a\u00f1o 1951.<a href=\"#_edn4\" name=\"_ednref4\">[4]<\/a><\/p>\n<p>\u00abAl igual que los israel\u00edes chantajearon a Alemania y Europa, tambi\u00e9n han establecido organizaciones para exigirle compensaci\u00f3n a los pa\u00edses \u00e1rabes por los activos ficticios de los jud\u00edos \u00e1rabes que fueron &#8216;expulsados&#8217;. La m\u00e1s famosa de estas organizaciones es Justicia para los Jud\u00edos de los Pa\u00edses \u00c1rabes (JJPA), que opera a nivel mundial y especialmente en los Estados Unidos con el prop\u00f3sito de obtener una compensaci\u00f3n para los jud\u00edos que emigraron de los pa\u00edses \u00e1rabes&#8230;<\/p>\n<p>\u00abEl actual per\u00edodo de debacle \u00e1rabe le provee a Israel una oportunidad de oro para obtener beneficios adicionales. La pregunta vendr\u00eda a ser: \u00bflograr\u00e1 Israel comercializar esta mentira y describirla como otro &#8216;holocausto&#8217;, al igual que logr\u00f3 utilizar el espectro del &#8216;Holocausto [nazi]&#8217; para chantajear a Occidente y obtener enormes sumas de dinero, as\u00ed como tambi\u00e9n una ilimitada ayuda militar, pol\u00edtica y econ\u00f3mica\u00bb.<a href=\"#_edn5\" name=\"_ednref5\">[5]<\/a><\/p>\n<hr \/>\n<p><a href=\"#_ednref1\" name=\"_edn1\">[1]<\/a> V\u00e9ase la serie de MEMRI Despacho Especial No. 8073 &#8211; MEMRI traduce video antisemita en la red Al-Jazeera indicando que Israel es el que m\u00e1s se beneficia del Holocausto y utiliza el \u00abmismo justificativo\u00bb para aniquilar a los palestinos; Tras amplia cobertura en los medios de comunicaci\u00f3n, incluyendo el cr\u00e9dito concedido a MEMRI, Al-Jazeera despide a periodistas y anuncia &#8216;entrenamiento sobre parcialidad y sensibilidad&#8217;, 20 de mayo, 2019.<\/p>\n<p><a href=\"#_ednref2\" name=\"_edn2\">[2]<\/a> Iumsonline.org, raissouni.net, 22 de mayo, 2019.<\/p>\n<p><a href=\"#_ednref3\" name=\"_edn3\">[3]<\/a> V\u00e9ase la serie de MEMRI Despacho Especial No. 8000 &#8211; La Uni\u00f3n International de Estudiosos Musulmanes, que durante a\u00f1os ha alentado al yihad, pide a Occidente que proh\u00edba el discurso de odio, 15 de abril, 2019.<\/p>\n<p><a href=\"#_ednref4\" name=\"_edn4\">[4]<\/a> La referencia es a una serie de ataques contra objetivos jud\u00edos que tuvieron lugar en Bagdad en 1951 y fueron atribuidos al movimiento sionista, que supuestamente los perpetr\u00f3 para alentar a que los jud\u00edos de Irak emigraran a Israel.<\/p>\n<p><a href=\"#_ednref5\" name=\"_edn5\">[5]<\/a> <em>Al-Raya<\/em> (Qatar), 30 de abril, 2019.<\/p>\n","protected":false},"excerpt":{"rendered":"<p>Introducci\u00f3n Recientemente, el medio de comunicaci\u00f3n de Qatar Al-Jazeera se disculp\u00f3 por un video antisemita sobre el Holocausto que fue publicado v\u00eda Facebook y Twitter por la filial de la red AJ+ \u00c1rabe. El video cuestion\u00f3 el n\u00famero de v\u00edctimas jud\u00edas del Holocausto y agreg\u00f3 que Israel es el que m\u00e1s se \u00abbeneficia\u00bb por el [&hellip;]<\/p>\n","protected":false},"author":1,"featured_media":55680,"comment_status":"open","ping_status":"open","sticky":false,"template":"","format":"standard","meta":{"footnotes":""},"categories":[4,6,9,2,16],"tags":[],"class_list":["post-55676","post","type-post","status-publish","format-standard","has-post-thumbnail","hentry","category-archivos","category-comunicados-especiales","category-temas","category-featured","category-proyecto-documental-sobre-antisemitismo"],"_links":{"self":[{"href":"https:\/\/www2.memri.org\/espanol\/wp-json\/wp\/v2\/posts\/55676","targetHints":{"allow":["GET"]}}],"collection":[{"href":"https:\/\/www2.memri.org\/espanol\/wp-json\/wp\/v2\/posts"}],"about":[{"href":"https:\/\/www2.memri.org\/espanol\/wp-json\/wp\/v2\/types\/post"}],"author":[{"embeddable":true,"href":"https:\/\/www2.memri.org\/espanol\/wp-json\/wp\/v2\/users\/1"}],"replies":[{"embeddable":true,"href":"https:\/\/www2.memri.org\/espanol\/wp-json\/wp\/v2\/comments?post=55676"}],"version-history":[{"count":0,"href":"https:\/\/www2.memri.org\/espanol\/wp-json\/wp\/v2\/posts\/55676\/revisions"}],"wp:featuredmedia":[{"embeddable":true,"href":"https:\/\/www2.memri.org\/espanol\/wp-json\/wp\/v2\/media\/55680"}],"wp:attachment":[{"href":"https:\/\/www2.memri.org\/espanol\/wp-json\/wp\/v2\/media?parent=55676"}],"wp:term":[{"taxonomy":"category","embeddable":true,"href":"https:\/\/www2.memri.org\/espanol\/wp-json\/wp\/v2\/categories?post=55676"},{"taxonomy":"post_tag","embeddable":true,"href":"https:\/\/www2.memri.org\/espanol\/wp-json\/wp\/v2\/tags?post=55676"}],"curies":[{"name":"wp","href":"https:\/\/api.w.org\/{rel}","templated":true}]}}