{"id":55646,"date":"2019-05-25T14:17:07","date_gmt":"2019-05-25T18:17:07","guid":{"rendered":"http:\/\/www2.memri.org\/espanol\/?p=55646"},"modified":"2019-05-28T14:21:48","modified_gmt":"2019-05-28T18:21:48","slug":"resumen-del-fin-de-semana-del-proyecto-supervision-a-la-amenaza-terrorista-y-yihad-psaty-64","status":"publish","type":"post","link":"https:\/\/www2.memri.org\/espanol\/resumen-del-fin-de-semana-del-proyecto-supervision-a-la-amenaza-terrorista-y-yihad-psaty-64\/55646","title":{"rendered":"Resumen del fin de semana del Proyecto Supervisi\u00f3n a la Amenaza Terrorista y Yihad (PSATY)"},"content":{"rendered":"<p><em>Lo siguiente son algunos de los informes de esta semana del Proyecto Supervisi\u00f3n a la Amenaza Terrorista y Yihad (PSATY) en MEMRI, que traduce y analiza el contenido de fuentes monitoreadas y supervisadas las 24 horas del d\u00eda, 7 d\u00edas a la semana, entre estos los portales y blogs yihadistas m\u00e1s importantes. (Para ver estos informes en su totalidad, usted debe ser miembro del PSATY; para obtener informaci\u00f3n sobre c\u00f3mo obtener la membrec\u00eda, env\u00ede un correo electr\u00f3nico a la siguiente direcci\u00f3n jttmsubs@memri.org junto al texto \u00abMembership &#8211; Membrec\u00eda\u00bb en el p\u00e1rrafo del tema).<\/em><\/p>\n<p><strong><em>Nota a los medios de comunicaci\u00f3n y del gobierno: Para obtener una copia completa de estos informes, env\u00ede un correo electr\u00f3nico con el t\u00edtulo del informe en la l\u00ednea del tema a la siguiente direcci\u00f3n: media@memri.org. Por favor incluya su nombre, t\u00edtulo y organizaci\u00f3n a la que pertenece en su correo electr\u00f3nico.<\/em><\/strong><\/p>\n<p><strong>EXCLUSIVO: Grupo de medios de comunicaci\u00f3n pro-EIIS amenaza con ataques en Espa\u00f1a y venganza por la muerte de la terrorista brit\u00e1nica Sally Jones<\/strong><\/p>\n<p><img loading=\"lazy\" decoding=\"async\" class=\"alignnone size-full wp-image-55647\" src=\"https:\/\/www2.memri.org\/espanol\/wp-content\/uploads\/2019\/05\/jttmweekly052519.jpg\" width=\"604\" height=\"379\" alt=\"\" srcset=\"https:\/\/www2.memri.org\/espanol\/wp-content\/uploads\/2019\/05\/jttmweekly052519.jpg 604w, https:\/\/www2.memri.org\/espanol\/wp-content\/uploads\/2019\/05\/jttmweekly052519-300x188.jpg 300w, https:\/\/www2.memri.org\/espanol\/wp-content\/uploads\/2019\/05\/jttmweekly052519-600x376.jpg 600w\" sizes=\"auto, (max-width: 604px) 100vw, 604px\" \/><\/p>\n<p>El 2 de mayo, 2019 un medio de comunicaci\u00f3n pro-Estado Isl\u00e1mico (EIIS) public\u00f3 un video de 33 minutos de duraci\u00f3n en la plataforma Telegram.<\/p>\n<p><strong>EXCLUSIVO: Cl\u00e9rigo pro-Al-Qaeda en Gaza ataca al l\u00edder de los Emiratos \u00c1rabes Unidos por motivos del <em>Iftar<\/em> interreligioso<\/strong><\/p>\n<p><img loading=\"lazy\" decoding=\"async\" class=\"alignnone size-full wp-image-55648\" src=\"https:\/\/www2.memri.org\/espanol\/wp-content\/uploads\/2019\/05\/jttmweekly0525191.jpg\" width=\"451\" height=\"300\" alt=\"\" srcset=\"https:\/\/www2.memri.org\/espanol\/wp-content\/uploads\/2019\/05\/jttmweekly0525191.jpg 451w, https:\/\/www2.memri.org\/espanol\/wp-content\/uploads\/2019\/05\/jttmweekly0525191-300x200.jpg 300w\" sizes=\"auto, (max-width: 451px) 100vw, 451px\" \/><\/p>\n<p>El 20 de mayo, 2019 el cl\u00e9rigo pro-Al-Qaeda en Gaza Na&#8217;el bin Gazi public\u00f3 un mensaje en \u00e1rabe en su cuenta Telegram atacando al l\u00edder de los Emiratos \u00c1rabes Unidos Jeque Khalifa bin Zayed Aal Nahyan ante un desayuno inter-religioso por Ramad\u00e1n en mayo) celebrado en un templo Sikh en Dub\u00e1i que este patrocin\u00f3.<\/p>\n<p><strong>EXCLUSIVO: Talibanes afganos dan a conocer la edici\u00f3n No. 86 de la revista en urdu &#8216;<em>Shariat<\/em>&#8216; y declaran: &#8216;Nuestra responsabilidad yihadista no ha finalizado&#8217;<\/strong><\/p>\n<p><img loading=\"lazy\" decoding=\"async\" class=\"alignnone size-full wp-image-55649\" src=\"https:\/\/www2.memri.org\/espanol\/wp-content\/uploads\/2019\/05\/jttmweekly0525192.jpg\" width=\"600\" height=\"116\" alt=\"\" srcset=\"https:\/\/www2.memri.org\/espanol\/wp-content\/uploads\/2019\/05\/jttmweekly0525192.jpg 600w, https:\/\/www2.memri.org\/espanol\/wp-content\/uploads\/2019\/05\/jttmweekly0525192-300x58.jpg 300w\" sizes=\"auto, (max-width: 600px) 100vw, 600px\" \/><\/p>\n<p>El 18 de mayo, 2019 el Emirato Isl\u00e1mico de Afganist\u00e1n (la organizaci\u00f3n de los talibanes) public\u00f3 la edici\u00f3n No. 86 de su revista en urdu <em>Shariat<\/em>, que es publicada para sus seguidores en Pakist\u00e1n. La revista se centra en el lanzamiento de la Operaci\u00f3n Al-Fatah por los talibanes en abril, 2019. En enero, 2018 Majeed Qarar, agregado cultural de la Embajada de Afganist\u00e1n en Washington, DC, tuite\u00f3 que la revista Shariat es distribuida a trav\u00e9s de todo Pakist\u00e1n.<\/p>\n<p><strong>EXCLUSIVO: Canal en Telegram comparte grabaci\u00f3n de audio de la canci\u00f3n yihad\u00edsta en urdu: &#8216;Los infieles nos dominaron cuando nos alejamos del Islam&#8217;<\/strong><\/p>\n<p><strong> <img loading=\"lazy\" decoding=\"async\" class=\"alignnone size-full wp-image-55650\" src=\"https:\/\/www2.memri.org\/espanol\/wp-content\/uploads\/2019\/05\/jttmweekly0525193a.jpg\" width=\"600\" height=\"204\" alt=\"\" srcset=\"https:\/\/www2.memri.org\/espanol\/wp-content\/uploads\/2019\/05\/jttmweekly0525193a.jpg 600w, https:\/\/www2.memri.org\/espanol\/wp-content\/uploads\/2019\/05\/jttmweekly0525193a-300x102.jpg 300w\" sizes=\"auto, (max-width: 600px) 100vw, 600px\" \/><\/strong><\/p>\n<p>El 15 de mayo, 2019 un canal en la plataforma Telegram comparti\u00f3 una grabaci\u00f3n de audio de una canci\u00f3n yihadista en urdu.<\/p>\n<p><strong>EXCLUSIVO: \u00daltima edici\u00f3n de la revista en urdu <em>Nawa-i-Afghan<\/em> le rinde homenaje a Osama Bin Laden y dice: &#8216;El jefe de los cruzados en Estados Unidos no se atreve a retirar sus tropas que est\u00e1n siendo derrotadas en Afganist\u00e1n&#8217;<\/strong><\/p>\n<p><img loading=\"lazy\" decoding=\"async\" class=\"alignnone size-full wp-image-55651\" src=\"https:\/\/www2.memri.org\/espanol\/wp-content\/uploads\/2019\/05\/jttmweekly0525194.jpg\" width=\"600\" height=\"538\" alt=\"\" srcset=\"https:\/\/www2.memri.org\/espanol\/wp-content\/uploads\/2019\/05\/jttmweekly0525194.jpg 600w, https:\/\/www2.memri.org\/espanol\/wp-content\/uploads\/2019\/05\/jttmweekly0525194-300x269.jpg 300w, https:\/\/www2.memri.org\/espanol\/wp-content\/uploads\/2019\/05\/jttmweekly0525194-468x420.jpg 468w\" sizes=\"auto, (max-width: 600px) 100vw, 600px\" \/><\/p>\n<p>Partidarios de los talibanes afganos y de Al-Qaeda publicaron la \u00faltima edici\u00f3n de <em>Nawa-i-Afghan Jihad<\/em> (\u00ab<em>La Voz del Yihad Afgano<\/em>\u00ab), una revista mensual en idioma urdu dirigida a los seguidores de estos grupos en Pakist\u00e1n. Una versi\u00f3n en formato PDF de la edici\u00f3n de mayo, 2019 de la revista fue publicada en el portal sede en los Estados Unidos Archive.org y otras plataformas en los medios sociales.<\/p>\n<p><strong>EXCLUSIVO: Medio de comunicaci\u00f3n pro-EIIS elogia a combatiente brit\u00e1nico<\/strong><\/p>\n<p><img loading=\"lazy\" decoding=\"async\" class=\"alignnone size-full wp-image-55652\" src=\"https:\/\/www2.memri.org\/espanol\/wp-content\/uploads\/2019\/05\/jttmweekly0525195a.jpg\" width=\"232\" height=\"224\" alt=\"\" \/><\/p>\n<p>El 19 de mayo, 2019 el medio de comunicaci\u00f3n pro-Estado Isl\u00e1mico (EIIS) perteneciente a la Fundaci\u00f3n Al-Muhajireen public\u00f3 un eulog\u00eda en la plataforma Telegram dedicado a un combatiente brit\u00e1nico de operaciones especiales del EIIS, identificado como Abu Tawheed Al-Britani.<\/p>\n<p><strong>En video, l\u00edder de Al Qaeda Al Zawahiri acusa a Occidente de tratar de convertir a los musulmanes en laicos y ateos adem\u00e1s de pedirle a los musulmanes que apoyen el Sharia y participen en el yihad<\/strong><\/p>\n<p><img loading=\"lazy\" decoding=\"async\" class=\"alignnone size-full wp-image-55653\" src=\"https:\/\/www2.memri.org\/espanol\/wp-content\/uploads\/2019\/05\/jttmweekly0525196.jpg\" width=\"600\" height=\"337\" alt=\"\" srcset=\"https:\/\/www2.memri.org\/espanol\/wp-content\/uploads\/2019\/05\/jttmweekly0525196.jpg 600w, https:\/\/www2.memri.org\/espanol\/wp-content\/uploads\/2019\/05\/jttmweekly0525196-300x169.jpg 300w\" sizes=\"auto, (max-width: 600px) 100vw, 600px\" \/><\/p>\n<p>El 22 de mayo, 2019 Al-Sahab, el brazo medi\u00e1tico de Al-Qaeda, public\u00f3 un video en el que se presenta al l\u00edder del grupo Ayman Al-Zawahiri acusando a Occidente de intentar convertir a los musulmanes en laicos y ateos y pedir a los musulmanes que se adhieran al credo de Islam, apoyen el sharia y participen en librar el yihad por el bien de Al\u00e1.<\/p>\n<p><strong>En entrevista oficial en video, Hay&#8217;at Tahrir Al-Sham (HTS) el l\u00edder Abu Muhammad Al-Joulani rechaza rendici\u00f3n y negociaciones<\/strong><\/p>\n<p><strong> <img loading=\"lazy\" decoding=\"async\" class=\"alignnone size-full wp-image-55654\" src=\"https:\/\/www2.memri.org\/espanol\/wp-content\/uploads\/2019\/05\/jttmweekly0525197.jpg\" width=\"600\" height=\"336\" alt=\"\" srcset=\"https:\/\/www2.memri.org\/espanol\/wp-content\/uploads\/2019\/05\/jttmweekly0525197.jpg 600w, https:\/\/www2.memri.org\/espanol\/wp-content\/uploads\/2019\/05\/jttmweekly0525197-300x168.jpg 300w\" sizes=\"auto, (max-width: 600px) 100vw, 600px\" \/><\/strong><\/p>\n<p>El 17 de mayo, 2019 el canal oficial de Hay&#8217;at Tahrir Al-Sham (HTS) en la plataforma Telegram dio a conocer un video de 13 minutos de duraci\u00f3n titulado &#8216;Extractos del Jeque Abu Muhammad Al-Joulani en Reuni\u00f3n con Periodistas de la Revoluci\u00f3n Siria&#8217;, que muestra al l\u00edder de HTS habl\u00e1ndole a un grupo de unos cincuenta periodistas afiliados a los rebeldes al norte de Siria.<\/p>\n<p><strong>L\u00edder de Hay&#8217;at Tahrir Al-Sham (HTS) Abu Muhammad Al-Joulani: La Base A\u00e9rea Hmeimim es considerado objetivo leg\u00edtimo; para que dejemos de bombardearlo, Rusia debe cesar su apoyo al r\u00e9gimen sirio<\/strong><\/p>\n<p><img loading=\"lazy\" decoding=\"async\" class=\"alignnone size-full wp-image-55655\" src=\"https:\/\/www2.memri.org\/espanol\/wp-content\/uploads\/2019\/05\/jttmweekly0525198.jpg\" width=\"662\" height=\"175\" srcset=\"https:\/\/www2.memri.org\/espanol\/wp-content\/uploads\/2019\/05\/jttmweekly0525198.jpg 662w, https:\/\/www2.memri.org\/espanol\/wp-content\/uploads\/2019\/05\/jttmweekly0525198-300x79.jpg 300w, https:\/\/www2.memri.org\/espanol\/wp-content\/uploads\/2019\/05\/jttmweekly0525198-600x159.jpg 600w\" sizes=\"auto, (max-width: 662px) 100vw, 662px\" \/><\/p>\n<p><strong><em>(Para ver este video en su totalidad, usted debe ser miembro del PSATY; para informaci\u00f3n sobre c\u00f3mo obtener membrec\u00eda, env\u00edenos un correo electr\u00f3nico a la siguiente direcci\u00f3n electr\u00f3nica jttmsubs@memri.org con la palabra \u00abMembrec\u00eda\u00bb en como titulo del tema).<\/em><\/strong><\/p>\n<p>Abu Muhammad Al-Joulani: La base Hmeimim no es una base de paz. Esta es usada para asesinar gente. As\u00ed que, si existen represalias en su contra&#8230; Los rebeldes tienen derecho de atacar esta base, que es utilizada para asesinar al pueblo sirio y perpetrar masacres contra mujeres y ni\u00f1os. As\u00ed que [atacar la base] es algo normal. La ecuaci\u00f3n es clara. Si los l\u00edderes rusos desean que se detenga el bombardeo a Hmeimim, deben detener su apoyo al r\u00e9gimen y dejar de asesinar al pueblo sirio.<\/p>\n<p><strong>Video de grupo de medios de comunicaci\u00f3n afiliado a Al-Qaeda en la Pen\u00ednsula Ar\u00e1biga (AQPA) destaca a ex-combatiente del EIIS que acusa al EIIS de maltratar a sus miembros encarcelados y muestra a AQPA volando por los aires las prisiones del EIIS<\/strong><\/p>\n<p><img loading=\"lazy\" decoding=\"async\" class=\"alignnone size-full wp-image-55656\" src=\"https:\/\/www2.memri.org\/espanol\/wp-content\/uploads\/2019\/05\/jttmweekly0525199.jpg\" width=\"600\" height=\"395\" alt=\"\" srcset=\"https:\/\/www2.memri.org\/espanol\/wp-content\/uploads\/2019\/05\/jttmweekly0525199.jpg 600w, https:\/\/www2.memri.org\/espanol\/wp-content\/uploads\/2019\/05\/jttmweekly0525199-300x198.jpg 300w\" sizes=\"auto, (max-width: 600px) 100vw, 600px\" \/><\/p>\n<p>El 21 de mayo de 2019, un grupo de medios, que est\u00e1 afiliado a Al-Qaeda en la Pen\u00ednsula Ar\u00e1biga (AQAP), lanz\u00f3 un video con un ex miembro del Estado Isl\u00e1mico (EIIS)&#8230;<\/p>\n<p><strong>Video de Al-Shabab muestra una competencia de memorizaci\u00f3n del Cor\u00e1n para chiquillos desde sus escuelas religiosas<\/strong><\/p>\n<p><img loading=\"lazy\" decoding=\"async\" class=\"alignnone size-full wp-image-55657\" src=\"https:\/\/www2.memri.org\/espanol\/wp-content\/uploads\/2019\/05\/jttmweekly05251910.jpg\" width=\"600\" height=\"338\" srcset=\"https:\/\/www2.memri.org\/espanol\/wp-content\/uploads\/2019\/05\/jttmweekly05251910.jpg 600w, https:\/\/www2.memri.org\/espanol\/wp-content\/uploads\/2019\/05\/jttmweekly05251910-300x169.jpg 300w\" sizes=\"auto, (max-width: 600px) 100vw, 600px\" \/><\/p>\n<p>El 22 de mayo, 2019 la Fundaci\u00f3n Al-Kataib, el medio de comunicaci\u00f3n de la organizaci\u00f3n afiliada somal\u00ed Al-Qaeda Harakat Al-Shabab Al-Mujahideen (HSM), public\u00f3 un video sobre la Fundaci\u00f3n de Medios de Comunicaci\u00f3n Isl\u00e1mica Global de Al-Qaeda (FMCI) en canal de la plataforma Telegram titulado \u00abConcurso del Sagrado Cor\u00e1n para las Escuelas de Recitaci\u00f3n en las Provincias Isl\u00e1micas\u00bb, que muestra las competencias de memorizaci\u00f3n del Cor\u00e1n para chiquillos educados en las escuelas religiosas Al-Shabab.<\/p>\n<p><strong>Video de Al-Shabab presenta a tres combatientes instando a los muyahidines a permanecer firmes y documenta ataque a la base militar de Baar-Sanguuni<\/strong><\/p>\n<p><img loading=\"lazy\" decoding=\"async\" class=\"alignnone size-full wp-image-55658\" src=\"https:\/\/www2.memri.org\/espanol\/wp-content\/uploads\/2019\/05\/jttmweekly05251911.jpg\" width=\"600\" height=\"337\" srcset=\"https:\/\/www2.memri.org\/espanol\/wp-content\/uploads\/2019\/05\/jttmweekly05251911.jpg 600w, https:\/\/www2.memri.org\/espanol\/wp-content\/uploads\/2019\/05\/jttmweekly05251911-300x169.jpg 300w\" sizes=\"auto, (max-width: 600px) 100vw, 600px\" \/><\/p>\n<p>El 20 de mayo, 2019 el afiliado somal\u00ed de Al-Qaeda Harakat Al-Shabab Al-Mujahideen (HSM) public\u00f3 la 5ta entrega de su serie de videos \u00abY se Muy Severo Contra Ellos\u00bb.<\/p>\n<p><strong>V\u00eddeo <em>nasheed<\/em> del Partido Isl\u00e1mico de Turkest\u00e1n (PIT) glorifica el yihad durante Ramad\u00e1n<\/strong><\/p>\n<p><img loading=\"lazy\" decoding=\"async\" class=\"alignnone size-full wp-image-55659\" src=\"https:\/\/www2.memri.org\/espanol\/wp-content\/uploads\/2019\/05\/jttmweekly05251912.jpg\" width=\"600\" height=\"338\" srcset=\"https:\/\/www2.memri.org\/espanol\/wp-content\/uploads\/2019\/05\/jttmweekly05251912.jpg 600w, https:\/\/www2.memri.org\/espanol\/wp-content\/uploads\/2019\/05\/jttmweekly05251912-300x169.jpg 300w\" sizes=\"auto, (max-width: 600px) 100vw, 600px\" \/><\/p>\n<p>El 22 de mayo, 2019 el Partido Isl\u00e1mico de Turkest\u00e1n (PIT), un grupo yihad\u00edsta uigur participe en Siria, dio a conocer un video <em>nasheed<\/em> (canto religioso isl\u00e1mico, popular entre los yihadistas) titulado \u00abEl Mes Bendito\u00bb, en honor al actual mes de Ramad\u00e1n.<\/p>\n<p><strong>Partido Isl\u00e1mico de Turkest\u00e1n (PIT) lanza secci\u00f3n en idioma \u00e1rabe de su portal oficial<\/strong><\/p>\n<p><img loading=\"lazy\" decoding=\"async\" class=\"alignnone size-full wp-image-55660\" src=\"https:\/\/www2.memri.org\/espanol\/wp-content\/uploads\/2019\/05\/jttmweekly05251913.jpg\" width=\"768\" height=\"512\" srcset=\"https:\/\/www2.memri.org\/espanol\/wp-content\/uploads\/2019\/05\/jttmweekly05251913.jpg 768w, https:\/\/www2.memri.org\/espanol\/wp-content\/uploads\/2019\/05\/jttmweekly05251913-300x200.jpg 300w, https:\/\/www2.memri.org\/espanol\/wp-content\/uploads\/2019\/05\/jttmweekly05251913-600x400.jpg 600w, https:\/\/www2.memri.org\/espanol\/wp-content\/uploads\/2019\/05\/jttmweekly05251913-696x464.jpg 696w, https:\/\/www2.memri.org\/espanol\/wp-content\/uploads\/2019\/05\/jttmweekly05251913-630x420.jpg 630w\" sizes=\"auto, (max-width: 768px) 100vw, 768px\" \/><\/p>\n<p>El 19 de mayo, 2019 el grupo yihadista uigur del Partido Isl\u00e1mico de Turquest\u00e1n anunci\u00f3 el lanzamiento de la secci\u00f3n en \u00e1rabe de su portal oficial.<\/p>\n<p><strong>Editorial del EIIS acusa a filiales de Al Qaeda de aliarse con ap\u00f3statas y justifica el asesinato de musulmanes<\/strong><\/p>\n<p><img loading=\"lazy\" decoding=\"async\" class=\"alignnone size-full wp-image-55661\" src=\"https:\/\/www2.memri.org\/espanol\/wp-content\/uploads\/2019\/05\/jttmweekly05251914.jpg\" width=\"600\" height=\"286\" srcset=\"https:\/\/www2.memri.org\/espanol\/wp-content\/uploads\/2019\/05\/jttmweekly05251914.jpg 600w, https:\/\/www2.memri.org\/espanol\/wp-content\/uploads\/2019\/05\/jttmweekly05251914-300x143.jpg 300w\" sizes=\"auto, (max-width: 600px) 100vw, 600px\" \/><\/p>\n<p>El 16 de mayo, 2019 el Estado Isl\u00e1mico (EIIS) public\u00f3 la edici\u00f3n No. 182 de su semanario Al-Naba&#8217;, que incluyo un editorial criticando el liderazgo de Al-Qaeda y acusaba a las filiales de Al-Qaeda en varios pa\u00edses de aliarse con los ap\u00f3statas para combatir contra los combatientes del EIIS. En el editorial, El EIIS rechaz\u00f3 la acusaci\u00f3n de Al-Qaeda de que asesina musulmanes, diciendo que, al asesinar a ciertos grupos de musulmanes, este lleva a cabo la decisi\u00f3n de Al\u00e1 sobre estos.<\/p>\n<p><strong>Semanario del EIIS detalla operaciones militares en la Provincia Fezzan, Libia y jura continuar teniendo en la mira a los &#8216;ap\u00f3statas&#8217;<\/strong><\/p>\n<p><img loading=\"lazy\" decoding=\"async\" class=\"alignnone size-full wp-image-55662\" src=\"https:\/\/www2.memri.org\/espanol\/wp-content\/uploads\/2019\/05\/jttmweekly05251915.jpg\" width=\"818\" height=\"545\" srcset=\"https:\/\/www2.memri.org\/espanol\/wp-content\/uploads\/2019\/05\/jttmweekly05251915.jpg 818w, https:\/\/www2.memri.org\/espanol\/wp-content\/uploads\/2019\/05\/jttmweekly05251915-300x200.jpg 300w, https:\/\/www2.memri.org\/espanol\/wp-content\/uploads\/2019\/05\/jttmweekly05251915-768x512.jpg 768w, https:\/\/www2.memri.org\/espanol\/wp-content\/uploads\/2019\/05\/jttmweekly05251915-600x400.jpg 600w, https:\/\/www2.memri.org\/espanol\/wp-content\/uploads\/2019\/05\/jttmweekly05251915-696x464.jpg 696w, https:\/\/www2.memri.org\/espanol\/wp-content\/uploads\/2019\/05\/jttmweekly05251915-630x420.jpg 630w\" sizes=\"auto, (max-width: 818px) 100vw, 818px\" \/><\/p>\n<p>El 16 de mayo, 2019 el Estado Isl\u00e1mico (EIIS) public\u00f3 la edici\u00f3n No. 182 de su semanario Al-Naba&#8217;, que incluy\u00f3 un informe sobre sus operaciones militares en la Provincia Fezzan, al sur de Libia.<\/p>\n<p><strong>Video del EIIS en \u00c1frica Occidental documenta operaciones militares del grupo y destaca ejecuciones de soldados nigerianos<\/strong><\/p>\n<p><img loading=\"lazy\" decoding=\"async\" class=\"alignnone size-full wp-image-55663\" src=\"https:\/\/www2.memri.org\/espanol\/wp-content\/uploads\/2019\/05\/jttmweekly05251916.jpg\" width=\"836\" height=\"476\" srcset=\"https:\/\/www2.memri.org\/espanol\/wp-content\/uploads\/2019\/05\/jttmweekly05251916.jpg 836w, https:\/\/www2.memri.org\/espanol\/wp-content\/uploads\/2019\/05\/jttmweekly05251916-300x171.jpg 300w, https:\/\/www2.memri.org\/espanol\/wp-content\/uploads\/2019\/05\/jttmweekly05251916-768x437.jpg 768w, https:\/\/www2.memri.org\/espanol\/wp-content\/uploads\/2019\/05\/jttmweekly05251916-600x342.jpg 600w, https:\/\/www2.memri.org\/espanol\/wp-content\/uploads\/2019\/05\/jttmweekly05251916-696x396.jpg 696w, https:\/\/www2.memri.org\/espanol\/wp-content\/uploads\/2019\/05\/jttmweekly05251916-738x420.jpg 738w\" sizes=\"auto, (max-width: 836px) 100vw, 836px\" \/><\/p>\n<p>El 22 de mayo, 2019 el Estado Isl\u00e1mico (EIIS) en \u00c1frica Occidental public\u00f3 un video de 21 minutos de duraci\u00f3n que documenta las operaciones militares del grupo en Nigeria, principalmente cerca del lago Chad en el estado de Borno.<\/p>\n<p><strong>Partidario del EIIS publica p\u00f3sters que amenazan destruir iglesias para vengar la destrucci\u00f3n de mezquitas causada por la coalici\u00f3n<\/strong><\/p>\n<p><strong> <img loading=\"lazy\" decoding=\"async\" class=\"alignnone size-full wp-image-55664\" src=\"https:\/\/www2.memri.org\/espanol\/wp-content\/uploads\/2019\/05\/jttmweekly05251917.jpg\" width=\"604\" height=\"472\" srcset=\"https:\/\/www2.memri.org\/espanol\/wp-content\/uploads\/2019\/05\/jttmweekly05251917.jpg 604w, https:\/\/www2.memri.org\/espanol\/wp-content\/uploads\/2019\/05\/jttmweekly05251917-300x234.jpg 300w, https:\/\/www2.memri.org\/espanol\/wp-content\/uploads\/2019\/05\/jttmweekly05251917-600x469.jpg 600w, https:\/\/www2.memri.org\/espanol\/wp-content\/uploads\/2019\/05\/jttmweekly05251917-537x420.jpg 537w\" sizes=\"auto, (max-width: 604px) 100vw, 604px\" \/><\/strong><\/p>\n<p>El 20 de mayo, 2019 el agente de medios pro-Estado Isl\u00e1mico (EIIS) Tarjuman Al-Asawirti public\u00f3 unas pancartas en la plataforma Telegram prometiendo retribuci\u00f3n por la supuesta destrucci\u00f3n de mezquitas en Siria e Irak, ocasionada por la Coalici\u00f3n Global para Derrotar al EIIS.<\/p>\n<p><strong>Partidarios del EIIS instan a musulmanes a tomar las armas en Sri Lanka<\/strong><\/p>\n<p><strong> <img loading=\"lazy\" decoding=\"async\" class=\"alignnone size-full wp-image-55665\" src=\"https:\/\/www2.memri.org\/espanol\/wp-content\/uploads\/2019\/05\/jttmweekly05251918a.jpg\" width=\"443\" height=\"742\" srcset=\"https:\/\/www2.memri.org\/espanol\/wp-content\/uploads\/2019\/05\/jttmweekly05251918a.jpg 443w, https:\/\/www2.memri.org\/espanol\/wp-content\/uploads\/2019\/05\/jttmweekly05251918a-179x300.jpg 179w, https:\/\/www2.memri.org\/espanol\/wp-content\/uploads\/2019\/05\/jttmweekly05251918a-251x420.jpg 251w\" sizes=\"auto, (max-width: 443px) 100vw, 443px\" \/><\/strong><\/p>\n<p>El 19 de mayo, 2019 una publicaci\u00f3n en un canal pro EIIS de la plataforma Telegram inst\u00f3 a los musulmanes en Sri Lanka a tomar las armas en respuesta a los recientes disturbios anti-musulmanes.<\/p>\n<p><strong>Medio de comunicaci\u00f3n pro-EIIS ofrece entrenamiento sobre el c\u00f3mo penetrar ilegalmente cuentas en Facebook y Twitter<\/strong><\/p>\n<p><img loading=\"lazy\" decoding=\"async\" class=\"alignnone size-full wp-image-55666\" src=\"https:\/\/www2.memri.org\/espanol\/wp-content\/uploads\/2019\/05\/jttmweekly05251919.jpg\" width=\"477\" height=\"481\" srcset=\"https:\/\/www2.memri.org\/espanol\/wp-content\/uploads\/2019\/05\/jttmweekly05251919.jpg 477w, https:\/\/www2.memri.org\/espanol\/wp-content\/uploads\/2019\/05\/jttmweekly05251919-150x150.jpg 150w, https:\/\/www2.memri.org\/espanol\/wp-content\/uploads\/2019\/05\/jttmweekly05251919-298x300.jpg 298w, https:\/\/www2.memri.org\/espanol\/wp-content\/uploads\/2019\/05\/jttmweekly05251919-417x420.jpg 417w\" sizes=\"auto, (max-width: 477px) 100vw, 477px\" \/><\/p>\n<p>El 22 de mayo, 2019 la Fundaci\u00f3n Hadm Al-Aswar, un grupo de medios de comunicaci\u00f3n pro-Estado Isl\u00e1mico (EIIS), public\u00f3 en la plataforma Telegram una notificaci\u00f3n en el que ofrece entrenar a partidarios en el c\u00f3mo penetrar ilegalmente las cuentas en Facebook y Twitter.<\/p>\n<p><strong>Cuenta Twitter en Siria promueve a grupos yihadistas junto a recaudar dinero v\u00eda Bitcoin y Monero, vincula p\u00e1gina Patreon de On the Ground News (OGN) adem\u00e1s de utilizar la plataforma de preguntas y respuestas Curious Cat<\/strong><\/p>\n<p><img loading=\"lazy\" decoding=\"async\" class=\"alignnone size-full wp-image-55667\" src=\"https:\/\/www2.memri.org\/espanol\/wp-content\/uploads\/2019\/05\/jttmweekly052519b.jpg\" width=\"576\" height=\"470\" srcset=\"https:\/\/www2.memri.org\/espanol\/wp-content\/uploads\/2019\/05\/jttmweekly052519b.jpg 576w, https:\/\/www2.memri.org\/espanol\/wp-content\/uploads\/2019\/05\/jttmweekly052519b-300x245.jpg 300w, https:\/\/www2.memri.org\/espanol\/wp-content\/uploads\/2019\/05\/jttmweekly052519b-515x420.jpg 515w\" sizes=\"auto, (max-width: 576px) 100vw, 576px\" \/><\/p>\n<p>Una cuenta en Twitter, administrada desde dentro de Siria, comenz\u00f3 a tuitear en el 2015 y cuenta con casi 7000 seguidores, a quienes actualiza respecto a las acciones de Hay&#8217;at Tahrir Al-Sham (HTS) y otras facciones rebeldes en la gobernaci\u00f3n de Idlib.<\/p>\n<p><strong>Cl\u00e9rigo de Hurras Al-Din relaciona virtudes de Siria y elogia a combatientes yihadistas<\/strong><\/p>\n<p><img loading=\"lazy\" decoding=\"async\" class=\"alignnone size-full wp-image-55668\" src=\"https:\/\/www2.memri.org\/espanol\/wp-content\/uploads\/2019\/05\/jttmweekly05251921.jpg\" width=\"600\" height=\"308\" srcset=\"https:\/\/www2.memri.org\/espanol\/wp-content\/uploads\/2019\/05\/jttmweekly05251921.jpg 600w, https:\/\/www2.memri.org\/espanol\/wp-content\/uploads\/2019\/05\/jttmweekly05251921-300x154.jpg 300w\" sizes=\"auto, (max-width: 600px) 100vw, 600px\" \/><\/p>\n<p>Mientras el L\u00edder Supremo iran\u00ed Ali Jamenei les hablaba a los estudiantes el 22 de mayo, 2019 uno de ellos mostr\u00f3 el retrato de un m\u00e1rtir y dijo que deseaba regalarlo a Jamenei, aunque la costumbre era que Jamenei fuese el que le regalara a los dem\u00e1s.<\/p>\n","protected":false},"excerpt":{"rendered":"<p>Lo siguiente son algunos de los informes de esta semana del Proyecto Supervisi\u00f3n a la Amenaza Terrorista y Yihad (PSATY) en MEMRI, que traduce y analiza el contenido de fuentes monitoreadas y supervisadas las 24 horas del d\u00eda, 7 d\u00edas a la semana, entre estos los portales y blogs yihadistas m\u00e1s importantes. (Para ver estos [&hellip;]<\/p>\n","protected":false},"author":1,"featured_media":55647,"comment_status":"open","ping_status":"open","sticky":false,"template":"","format":"standard","meta":{"footnotes":""},"categories":[33,4,10,9,2],"tags":[],"class_list":["post-55646","post","type-post","status-publish","format-standard","has-post-thumbnail","hentry","category-boletin-especial","category-archivos","category-estudios-sobre-terrorismo-y-yihad","category-temas","category-featured"],"_links":{"self":[{"href":"https:\/\/www2.memri.org\/espanol\/wp-json\/wp\/v2\/posts\/55646","targetHints":{"allow":["GET"]}}],"collection":[{"href":"https:\/\/www2.memri.org\/espanol\/wp-json\/wp\/v2\/posts"}],"about":[{"href":"https:\/\/www2.memri.org\/espanol\/wp-json\/wp\/v2\/types\/post"}],"author":[{"embeddable":true,"href":"https:\/\/www2.memri.org\/espanol\/wp-json\/wp\/v2\/users\/1"}],"replies":[{"embeddable":true,"href":"https:\/\/www2.memri.org\/espanol\/wp-json\/wp\/v2\/comments?post=55646"}],"version-history":[{"count":0,"href":"https:\/\/www2.memri.org\/espanol\/wp-json\/wp\/v2\/posts\/55646\/revisions"}],"wp:featuredmedia":[{"embeddable":true,"href":"https:\/\/www2.memri.org\/espanol\/wp-json\/wp\/v2\/media\/55647"}],"wp:attachment":[{"href":"https:\/\/www2.memri.org\/espanol\/wp-json\/wp\/v2\/media?parent=55646"}],"wp:term":[{"taxonomy":"category","embeddable":true,"href":"https:\/\/www2.memri.org\/espanol\/wp-json\/wp\/v2\/categories?post=55646"},{"taxonomy":"post_tag","embeddable":true,"href":"https:\/\/www2.memri.org\/espanol\/wp-json\/wp\/v2\/tags?post=55646"}],"curies":[{"name":"wp","href":"https:\/\/api.w.org\/{rel}","templated":true}]}}