{"id":55621,"date":"2019-05-21T16:07:08","date_gmt":"2019-05-21T20:07:08","guid":{"rendered":"http:\/\/www2.memri.org\/espanol\/?p=55621"},"modified":"2019-05-22T16:09:08","modified_gmt":"2019-05-22T20:09:08","slug":"ministro-de-cultura-de-la-autoridad-palestina-tal-vez-el-presidente-trump-deberia-ser-enjuiciado-por-sus-politicas","status":"publish","type":"post","link":"https:\/\/www2.memri.org\/espanol\/ministro-de-cultura-de-la-autoridad-palestina-tal-vez-el-presidente-trump-deberia-ser-enjuiciado-por-sus-politicas\/55621","title":{"rendered":"Ministro de Cultura de la Autoridad Palestina: Tal vez el Presidente Trump deber\u00eda ser enjuiciado por sus pol\u00edticas"},"content":{"rendered":"<p><em>En referencia a los palestinos; sus asesores son accesorios a los cr\u00edmenes de Israel contra los palestinos. En un art\u00edculo titulado \u00abEstados Unidos y su Coludir con el Crimen\u00bb, publicado el 20 de mayo, 2019 en el diario palestino Al-Ayyam, Atef Abu Saif, ministro de cultura del gobierno de la Autoridad Palestina (AP) y ex-portavoz de Fatah, afirm\u00f3 que el Presidente de los Estados Unidos Donald Trump, sus asesores principales Jared Kushner y Jason Greenblatt y el embajador de Estados Unidos en Israel David Friedman, demostraron una completa, total e incluso deliberada ignorancia sobre los hechos hist\u00f3ricos relacionados con el conflicto israel\u00ed-palestino y que hab\u00edan adoptado con entusiasmo la falsa narrativa israel\u00ed. Este se\u00f1al\u00f3 que algunos pol\u00edticos de Washington son \u00abm\u00e1s extremistas que los colonialistas que se roban la tierra\u00bb y \u00abm\u00e1s sionistas que los asesinos de ni\u00f1os en nuestro pa\u00eds\u00bb y agreg\u00f3 que su intento de forzar esta narrativa sobre los palestinos los convierte en complementos de los cr\u00edmenes cometidos en su contra ellos por Israel. Este le sugiri\u00f3 a los palestinos que consideren la posibilidad de procesar al Presidente Trump por su comportamiento hacia ellos, lo que seg\u00fan \u00e9l, pudiera ser ilegal.<\/em><\/p>\n<p><em>Este art\u00edculo, el cual fue publicado en anticipaci\u00f3n a la publicaci\u00f3n del plan de paz de la administraci\u00f3n Trump, denominado \u00abEl Acuerdo del Siglo\u00bb y que sigui\u00f3 el anuncio de que en junio se celebrar\u00e1 un taller internacional en Bahr\u00e9in para discutir los aspectos econ\u00f3micos del acuerdo,<a href=\"#_edn1\" name=\"_ednref1\"><strong>[1]<\/strong><\/a> refleja la firme postura de la Autoridad Palestina en los \u00faltimos meses contra el acuerdo propuesto y contra el Presidente Trump y sus principales asesores.<a href=\"#_edn2\" name=\"_ednref2\"><strong>[2]<\/strong><\/a> Durante este tiempo, altos funcionarios de la Autoridad Palestina han continuado rechazando el acuerdo directamente y han desplegado todos sus esfuerzos para promoverlo como intentos de negar los derechos nacionales del pueblo palestino y los principios del derecho internacional. Adem\u00e1s, los art\u00edculos escritos en el diario portavoz de la Autoridad Palestina Al-Hayat Al-Jadida han declarado que la pol\u00edtica exterior de Trump est\u00e1 llevando a los Estados Unidos y al mundo entero al borde de un abismo y que todos deben unirse para garantizar su fracaso.<a href=\"#_edn3\" name=\"_ednref3\"><strong>[3]<\/strong><\/a><\/em><\/p>\n<p><em>Antiguos funcionarios de la Autoridad Palestina tambi\u00e9n rechazaron r\u00e1pidamente el taller internacional en Bahr\u00e9in para discutir los aspectos econ\u00f3micos del Acuerdo del Siglo. El portavoz presidencial palestino Nabil Abu Rudeineh dijo que el taller ser\u00e1 algo in\u00fatil y que \u00abcualquier plan econ\u00f3mico sin un horizonte pol\u00edtico no conducir\u00e1 a nada\u00bb.<a href=\"#_edn4\" name=\"_ednref4\"><strong>[4]<\/strong><\/a> El Primer Ministro de la Autoridad Palestina Mohammad Shtayyeh dijo: \u00abNo nos rendiremos a la extorsi\u00f3n y no convertiremos nuestros derechos en monedas\u00bb.<a href=\"#_edn5\" name=\"_ednref5\"><strong>[5]<\/strong><\/a><\/em><\/p>\n<p><em><img loading=\"lazy\" decoding=\"async\" class=\"alignnone size-full wp-image-55622\" src=\"https:\/\/www2.memri.org\/espanol\/wp-content\/uploads\/2019\/05\/SD8078b.jpg\" width=\"666\" height=\"469\" alt=\"\" srcset=\"https:\/\/www2.memri.org\/espanol\/wp-content\/uploads\/2019\/05\/SD8078b.jpg 666w, https:\/\/www2.memri.org\/espanol\/wp-content\/uploads\/2019\/05\/SD8078b-300x211.jpg 300w, https:\/\/www2.memri.org\/espanol\/wp-content\/uploads\/2019\/05\/SD8078b-600x423.jpg 600w, https:\/\/www2.memri.org\/espanol\/wp-content\/uploads\/2019\/05\/SD8078b-100x70.jpg 100w, https:\/\/www2.memri.org\/espanol\/wp-content\/uploads\/2019\/05\/SD8078b-596x420.jpg 596w\" sizes=\"auto, (max-width: 666px) 100vw, 666px\" \/>Caricatura en el diario portavoz de la Autoridad Palestina Al-Hayat Al-Jadida: Trump insta a \u00abpensar no-convencionalmente\u00bb sobre el tema de la \u00ablegitimidad internacional\u00bb. (Fuente: Al-Hayat Al-Jadida, AP, 30 de abril, 2019).<\/em><\/p>\n<p><em>Lo siguiente son extractos del art\u00edculo de Atef Abu Saif:<\/em><\/p>\n<p>\u00abA menudo me pregunto si los pol\u00edticos estadounidenses son realmente ignorantes de la historia, o si simplemente eligen ser percibidos de esa manera. De hecho, cualquiera que siga las declaraciones de los pol\u00edticos en Washington y especialmente aquellos preocupados por el mundo no-occidental &#8211; necesariamente se dan cuenta inmediatamente de que no saben nada sobre dichas regiones m\u00e1s all\u00e1 de las dos partes del Oc\u00e9ano Atl\u00e1ntico [es decir, los Estados Unidos y Europa]. Adem\u00e1s, es posible que elijan deliberadamente ser percibidos de esa manera&#8230; Cuando uno examina las posturas de Washington respecto al tema palestino, este sentido se incrementa.<\/p>\n<p>\u00abExiste una ignorancia infinita respecto al curso de la historia y de los hechos, ignorancia que lleva a anular todos los hechos para con ello diseminar las grandes mentiras del sionismo y sus aliados entre los extremistas y fan\u00e1ticos cristianos estadounidenses. A veces llega tan lejos como para identificarse totalmente con esas posturas, e incluso [llega al punto] donde algunos de ellos en Washington parecen ser m\u00e1s extremistas que los colonialistas que se roban la tierra, arrancan los olivos, falsifican la historia e intentan superar la realidad. Algunos de estos pol\u00edticos estadounidenses son m\u00e1s sionistas que los asesinos de ni\u00f1os en nuestro pa\u00eds y algunos rebosan de incitaci\u00f3n contra nosotros y con sus declaraciones, justifican todos los delitos cometidos contra nosotros por los generales del estado de ocupaci\u00f3n y sus reba\u00f1os de colonos.<\/p>\n<p>\u00abEsto tambi\u00e9n se aplica a [muchos funcionarios], desde [David] Friedman, embajador de los colonos, hasta el Presidente Trump, que se clasificar\u00eda como miembro del Knesset [israel\u00ed] en las listas de la derecha israel\u00ed. Friedman aprovecha cada oportunidad para atacar al pueblo palestino y perjudicar su historia y sus circunstancias, con declaraciones que son inapropiadas para un diplom\u00e1tico o para un ciudadano respetable. Aparentemente, el Sr. Friedman no est\u00e1 familiarizado con la existencia de las leyes internacionales y no se da cuenta de que es un embajador en un pa\u00eds que las viola. Por ello este considera que sus actos no tienen defectos ni violaciones a la ley, sino que fortalecen la postura de Israel como un estado que se encuentra por encima de la ley.<\/p>\n<p>\u00abCon respecto a su Presidente [Trump], quien act\u00faa como si estuviese a cargo de la totalidad del mundo y le otorga arbitrariamente t\u00edtulos de propiedad<a href=\"#_edn6\" name=\"_ednref6\">[6]<\/a> &#8211; hace inspirar incluso m\u00e1s asombro. Trump &#8211; que fomenta crisis con cada palabra que pronuncia y causa estragos en cada acci\u00f3n que toma, no solo apoy\u00f3 p\u00fablicamente la versi\u00f3n sionista [de los acontecimientos] o las posturas del gobierno israel\u00ed, sino que incluso desenvain\u00f3 todas sus espadas a fin de perjudicar los derechos y el estatus de los palestinos en la instituci\u00f3n internacional [aparentemente una referencia a la ONU] y se atrevi\u00f3 a construir un asentamiento llamado embajada dentro de la capital ocupada [Jerusal\u00e9n]. Un examen de la conducta de Trump revela su absurdez en muchos temas [y] plantea una pregunta sobre la legalidad [de su conducta] y puede ser que nosotros los palestinos&#8230; debamos procesarlo por ello. Un presidente cuyo objetivo es actuar en [un escenario] puede llevar solo al caos en el mundo, y no a una pacificaci\u00f3n&#8230;<\/p>\n<p>\u00abEn general, la situaci\u00f3n no es mejor cuando se observan las declaraciones de los dos individuos m\u00e1s ignorantes dentro de los escalafones pol\u00edticos estadounidenses: [Jared] Kushner y [Jason] Greenblatt. La ignorancia en las declaraciones de estos dos peleles es inconmensurable, especialmente cuando hablan sobre historia o toman posturas complicadas mientras comentan las tonter\u00edas perpetradas por el Presidente Trump en el Medio Oriente&#8230;<\/p>\n<p>\u00abNo es solo que estos pol\u00edticos no est\u00e9n familiarizados con la historia o sean ignorantes de esta, o que de hecho no est\u00e9n familiarizados con la realidad o con los detalles del conflicto&#8230; [sino] que adem\u00e1s de su ignorancia, ignoran y distorsionan deliberadamente la historia, conf\u00edan en las mentiras de los sionistas y en el legado de los ocupantes, ignoran la realidad y tienen sus cimientos en la visi\u00f3n [imaginaria] de la realidad que a ellos les interesa, que describe al pueblo palestino como un agresor terrorista que trata de malograr al inocente cordero chupando de la cultura occidental. Sentimos la determinaci\u00f3n de los pol\u00edticos estadounidenses de ser complemento por los cr\u00edmenes cometidos contra el pueblo palestino y de defender ferozmente las acciones de Israel. Esto no es de ninguna manera moral o que est\u00e9 justificado, a menos que usted sea parte de este crimen\u00bb.<a href=\"#_edn7\" name=\"_ednref7\">[7]<\/a><\/p>\n<hr \/>\n<p><a href=\"#_ednref1\" name=\"_edn1\">[1]<\/a> <em>Al-Quds<\/em> (Jerusal\u00e9n), 19 de mayo, 2019.<\/p>\n<p><a href=\"#_ednref2\" name=\"_edn2\">[2]<\/a> V\u00e9ase la serie de informes de MEMRI Despacho Especial No. 7474 &#8211; Fuerte ret\u00f3rica anti-Estados Unidos por parte de la Autoridad Palestina y su diario: A lo largo de la historia, la pol\u00edtica estadounidense ha tenido su base en la agresi\u00f3n, el exterminio en masa; La Embajada de los Estados Unidos en Jerusal\u00e9n es un &#8216;antro de colonos&#8217;, 16 de mayo, 2018; Despacho Especial No. 7524 &#8211; Art\u00edculos en la prensa de la Autoridad Palestina: Trump es una segunda versi\u00f3n de Hitler; Estados Unidos es hostil a los palestinos, 14 de junio, 2018; y el Despacho Especial No. 7739 &#8211; Art\u00edculos en la prensa palestina condenan al Presidente Trump y a su administraci\u00f3n: Neo-hitlerismo que aspira a una hegemon\u00eda global &#8211; seg\u00fan instrucciones de la familia Rothschild, 31 de octubre, 2018.<\/p>\n<p><a href=\"#_ednref3\" name=\"_edn3\">[3]<\/a> Por ejemplo, la columna del 8 de mayo, 2019 escrita por Omar Hilmi Al-Ghoul y las columnas del 11 de mayo, 2019 de Yahya Rabah y del 18 de mayo, 2019.<\/p>\n<p><a href=\"#_ednref4\" name=\"_edn4\">[4]<\/a> Palsawa.com, 20 de mayo, 2019.<\/p>\n<p><a href=\"#_ednref5\" name=\"_edn5\">[5]<\/a> Wafa.ps, 20 de mayo, 2019.<\/p>\n<p><a href=\"#_ednref6\" name=\"_edn6\">[6]<\/a> El escritor se refiere al reconocimiento que realiz\u00f3 Trump a Jerusal\u00e9n como la capital de Israel y de la soberan\u00eda israel\u00ed sobre los Altos del Gol\u00e1n.<\/p>\n<p><a href=\"#_ednref7\" name=\"_edn7\">[7]<\/a> <em>Al-Ayyam<\/em> (Autoridad Palestina), 20 de mayo, 2019.<\/p>\n","protected":false},"excerpt":{"rendered":"<p>En referencia a los palestinos; sus asesores son accesorios a los cr\u00edmenes de Israel contra los palestinos. En un art\u00edculo titulado \u00abEstados Unidos y su Coludir con el Crimen\u00bb, publicado el 20 de mayo, 2019 en el diario palestino Al-Ayyam, Atef Abu Saif, ministro de cultura del gobierno de la Autoridad Palestina (AP) y ex-portavoz [&hellip;]<\/p>\n","protected":false},"author":1,"featured_media":55622,"comment_status":"open","ping_status":"open","sticky":false,"template":"","format":"standard","meta":{"footnotes":""},"categories":[4,6,9,11,18,2,23],"tags":[],"class_list":["post-55621","post","type-post","status-publish","format-standard","has-post-thumbnail","hentry","category-archivos","category-comunicados-especiales","category-temas","category-e-u-a-y-el-medio-oriente","category-paises","category-featured","category-autoridad-palestina"],"_links":{"self":[{"href":"https:\/\/www2.memri.org\/espanol\/wp-json\/wp\/v2\/posts\/55621","targetHints":{"allow":["GET"]}}],"collection":[{"href":"https:\/\/www2.memri.org\/espanol\/wp-json\/wp\/v2\/posts"}],"about":[{"href":"https:\/\/www2.memri.org\/espanol\/wp-json\/wp\/v2\/types\/post"}],"author":[{"embeddable":true,"href":"https:\/\/www2.memri.org\/espanol\/wp-json\/wp\/v2\/users\/1"}],"replies":[{"embeddable":true,"href":"https:\/\/www2.memri.org\/espanol\/wp-json\/wp\/v2\/comments?post=55621"}],"version-history":[{"count":0,"href":"https:\/\/www2.memri.org\/espanol\/wp-json\/wp\/v2\/posts\/55621\/revisions"}],"wp:featuredmedia":[{"embeddable":true,"href":"https:\/\/www2.memri.org\/espanol\/wp-json\/wp\/v2\/media\/55622"}],"wp:attachment":[{"href":"https:\/\/www2.memri.org\/espanol\/wp-json\/wp\/v2\/media?parent=55621"}],"wp:term":[{"taxonomy":"category","embeddable":true,"href":"https:\/\/www2.memri.org\/espanol\/wp-json\/wp\/v2\/categories?post=55621"},{"taxonomy":"post_tag","embeddable":true,"href":"https:\/\/www2.memri.org\/espanol\/wp-json\/wp\/v2\/tags?post=55621"}],"curies":[{"name":"wp","href":"https:\/\/api.w.org\/{rel}","templated":true}]}}