{"id":55438,"date":"2019-05-14T14:44:14","date_gmt":"2019-05-14T18:44:14","guid":{"rendered":"http:\/\/www2.memri.org\/espanol\/?p=55438"},"modified":"2019-05-16T14:53:17","modified_gmt":"2019-05-16T18:53:17","slug":"ex-general-del-cgri-saeed-ghasemi-entrenamos-a-muyahidines-en-bosnia-rouhani-zarif-y-salehi-deberian-ser-juzgados","status":"publish","type":"post","link":"https:\/\/www2.memri.org\/espanol\/ex-general-del-cgri-saeed-ghasemi-entrenamos-a-muyahidines-en-bosnia-rouhani-zarif-y-salehi-deberian-ser-juzgados\/55438","title":{"rendered":"Ex-General del CGRI Saeed Ghasemi: Entrenamos a muyahidines en Bosnia; Rouhani, Zarif y Salehi deber\u00edan ser juzgados"},"content":{"rendered":"<p><em>El 14 de abril, 2019 una entrevista con el ex-General del CGRI Saeed Ghasemi fue publicada en el portal de medios de comunicaci\u00f3n iran\u00ed apparat.com. El General Ghasemi dijo que el EIIS hab\u00eda sido creado por Hillary Clinton y critic\u00f3 al gobierno iran\u00ed por centrarse en el acuerdo nuclear PIDAC en lugar de la \u00abgran victoria\u00bb de Ir\u00e1n contra el EIIS. Este critic\u00f3 al Presidente iran\u00ed Hassan Rouhani por no haber visitado Siria todav\u00eda y dijo que si Ir\u00e1n se une al PIDAC entonces la poblaci\u00f3n de Francia, Holanda y los Estados Unidos vendr\u00edan y violar\u00edan a las mujeres iran\u00edes al igual que hicieron las fuerzas estadounidenses en Okinawa. Ghasemi relat\u00f3 su experiencia en el entrenamiento de muyahid\u00edn en Bosnia y Herzegovina bajo la cobertura de ser miembro de la Media Luna Roja y dijo que el CGRI trabaj\u00f3 junto a Al-Qaeda durante esa \u00e9poca. Este dijo que era \u00abmaravilloso\u00bb que personas leales a Ir\u00e1n vinieran de Turqu\u00eda, Francia, Alemania y T\u00fanez para combatir en Bosnia, al igual que los extranjeros que llegaron para combatir en Siria. Ghasemi elogi\u00f3 al Secretario General de Hezbol\u00e1 Hassan Nasrallah y al cineasta iran\u00ed Nader Talebzadeh y dijo que si el reactor de Arak cayera en manos de \u00abgente del partido de Al\u00e1\u00bb, el entonces Presidente de Ir\u00e1n Hassan Rouhani, el canciller de Ir\u00e1n Javad Zarif y el jefe de la organizaci\u00f3n de energ\u00eda at\u00f3mica Ali Akbar Salehi en Ir\u00e1n ser\u00edan procesados y que luego les dar\u00eda una braga de prisionero, una bola atada a una cadena, un pico y un martillo para que puedan sacar el cemento que fue vertido dentro del reactor.<\/em><\/p>\n<p><strong><em>Para ver el clip del Ex-General del CGRI Saeed Ghasemi en el portal MEMRI TV, pulse <a href=\"https:\/\/www.memri.org\/tv\/iran-fmr-irgc-general-saeed-ghasemi-trained-mujahideen-worked-qaeda-bosnia-rouhani-zarif-salehi-prosecuted\">aqu\u00ed<\/a> o debajo.<\/em><\/strong><\/p>\n<p><iframe src=\"https:\/\/www.memri.org\/player\/clip\/42791\/780,440\/1\" width=\"780\" height=\"440\" frameborder=\"0\"><\/iframe><\/p>\n<p><strong>\u00abVi a los soldados estadounidenses que iban al parque Vey Junction, recog\u00edan a las chicas iran\u00edes, las llevaban al vest\u00edbulo del hotel y luego a sus habitaciones\u00bb<\/strong><\/p>\n<p><strong>Ex-General del CGRI Saeed Ghasemi<\/strong>: \u00abLa historia del EIIS&#8230; Hillary Clinton dijo: &#8216;Yo los cre\u00e9. Soy la madre de los miembros del EIIS&#8217;. Bill Clinton&#8230; O ese don nadie, Trumpet&#8230; \u00c9l arremeti\u00f3 contra ella, diciendo: &#8216;T\u00fa los creaste, ahora ve a limpia lo que desordenaste&#8217;. Netanyahu le dijo a Hillary: \u00ab\u00a1Tonta, nunca hemos tenido iran\u00edes en nuestra frontera! \u00bfQu\u00e9 es eso incontrolable que has creado?\u00bb La derrota del EIIS fue una gran victoria sobre el liderazgo de la herej\u00eda. Estoy tomando esta oportunidad para criticar al irrelevante gobierno [iran\u00ed]. No s\u00f3lo no han ayudado en nada, pero su gran &#8216;victoria&#8217;&#8230; Hacen tanto ruido sobre el tonto y fallido acuerdo PIDAC, pero no dicen nada acerca de la gran victoria del ej\u00e9rcito del Islam en la liberaci\u00f3n de Siria. [Rouhani] todav\u00eda no est\u00e1 listo para viajar a Siria, ni siquiera una sola vez &#8211; pero si fue a pa\u00edses basura tales como Tailandia.<\/p>\n<p><img loading=\"lazy\" decoding=\"async\" class=\"alignnone size-full wp-image-55450\" src=\"https:\/\/www2.memri.org\/espanol\/wp-content\/uploads\/2019\/05\/7215-1-1.jpg\" width=\"720\" height=\"202\" srcset=\"https:\/\/www2.memri.org\/espanol\/wp-content\/uploads\/2019\/05\/7215-1-1.jpg 720w, https:\/\/www2.memri.org\/espanol\/wp-content\/uploads\/2019\/05\/7215-1-1-300x84.jpg 300w, https:\/\/www2.memri.org\/espanol\/wp-content\/uploads\/2019\/05\/7215-1-1-600x168.jpg 600w, https:\/\/www2.memri.org\/espanol\/wp-content\/uploads\/2019\/05\/7215-1-1-696x195.jpg 696w\" sizes=\"auto, (max-width: 720px) 100vw, 720px\" \/><\/p>\n<p>[&#8230;]<\/p>\n<p>\u00abDespu\u00e9s de la Resoluci\u00f3n 598 de las Naciones Unidas [poner fin a la guerra Ir\u00e1n-Irak], las fuerzas de la ONU fueron tra\u00eddas. Nosotros y los chicos [del CGRI] fueron enviados al Hotel Azadi a fin de servir como enlaces con el personal de la ONU.<\/p>\n<p>[&#8230;]<\/p>\n<p>\u00abVi que el personal de la ONU vest\u00eda uniformes militares. Estaba a punto de abrir la puerta del ascensor cuando vi a un estadounidense de 2 metros de altura, vestido con ropas occidentales: un chaleco de cuero, zapatos con espuelas y un cintur\u00f3n de cuero con una hebilla, as\u00ed mismo&#8230; Lo \u00fanico que este no ten\u00eda eran rev\u00f3lveres. Cuando la puerta del ascensor se abri\u00f3, tropec\u00e9 con su pecho. Tuve que mirar hacia arriba para verle el rostro. Trajeron este encasillado &#8211; ropa de vaquero, estilo americano&#8230; Lo que ven en las pel\u00edculas. Este llevaba puesto un sombrero estilo occidental. Me dio una palmadita en la espalda y me dijo: \u00ab\u00a1Hola, mi amigo!\u00bb<\/p>\n<p>[&#8230;]<\/p>\n<p>\u00abAl d\u00eda siguiente, vi a los soldados de la ONU ir hacia el cruce de Park Vey, recoger a las chicas iran\u00edes, traerlas al vest\u00edbulo del hotel y llevarlas a sus habitaciones. Disculpe, \u00a1pero somos guardias del ej\u00e9rcito del Islam! Combatimos&#8230; al d\u00eda siguiente, nos dijeron que las llev\u00e1ramos al frente de batalla cerca de Fakkeh, donde el cuerpo de uno de nuestros guerreros a\u00fan yac\u00eda. Ellos beb\u00edan alcohol y arrojaron las botellas en la zanja. En ese momento me dije: \u00abSuficiente. Me voy. Adi\u00f3s, todos\u00bb. Durante varios a\u00f1os despu\u00e9s de esto, no di ning\u00fan discurso. Todos saben de ello. Mentalmente, era un desastre. Incluso ahora, cuando cuento la historia, me atormenta. Si uno acepta el PIDAC, estos vendr\u00e1n &#8211; los franceses, los holandeses, los estadounidenses en la forma de las Naciones Unidas &#8211; y har\u00e1n lo que hicieron en Jap\u00f3n y Okinawa &#8211; Violar. Violaci\u00f3n oficial. Vienen y se llevan a [las chicas] ante sus ojos, y usted, como guardia en el Ej\u00e9rcito del Islam, estar\u00e1 all\u00ed y ver\u00e1 c\u00f3mo despojan de su honor y usted es el que vigila [a los violadores]. Dije: &#8216;\u00a1Adi\u00f3s a todos!'\u00bb<\/p>\n<p><img loading=\"lazy\" decoding=\"async\" class=\"alignnone size-full wp-image-55451\" src=\"https:\/\/www2.memri.org\/espanol\/wp-content\/uploads\/2019\/05\/7215a-1.jpg\" width=\"720\" height=\"203\" srcset=\"https:\/\/www2.memri.org\/espanol\/wp-content\/uploads\/2019\/05\/7215a-1.jpg 720w, https:\/\/www2.memri.org\/espanol\/wp-content\/uploads\/2019\/05\/7215a-1-300x85.jpg 300w, https:\/\/www2.memri.org\/espanol\/wp-content\/uploads\/2019\/05\/7215a-1-600x169.jpg 600w, https:\/\/www2.memri.org\/espanol\/wp-content\/uploads\/2019\/05\/7215a-1-696x196.jpg 696w\" sizes=\"auto, (max-width: 720px) 100vw, 720px\" \/><\/p>\n<p><img loading=\"lazy\" decoding=\"async\" class=\"alignnone size-full wp-image-55452\" src=\"https:\/\/www2.memri.org\/espanol\/wp-content\/uploads\/2019\/05\/7215b-1.jpg\" width=\"675\" height=\"379\" srcset=\"https:\/\/www2.memri.org\/espanol\/wp-content\/uploads\/2019\/05\/7215b-1.jpg 675w, https:\/\/www2.memri.org\/espanol\/wp-content\/uploads\/2019\/05\/7215b-1-300x168.jpg 300w, https:\/\/www2.memri.org\/espanol\/wp-content\/uploads\/2019\/05\/7215b-1-600x337.jpg 600w\" sizes=\"auto, (max-width: 675px) 100vw, 675px\" \/><\/p>\n<p>[&#8230;]<\/p>\n<p><strong>\u00abFuimos [a Bosnia] como miembros de la Media Luna Roja con el fin de proveer entrenamiento militar a las fuerzas de los muyahid\u00edn\u00bb<\/strong><\/p>\n<p>\u00abRecuerdo que [el entonces alto funcionario del CGRI] Hossein Allahkaram vino a mi casa con el tema Bosnia.<\/p>\n<p>[&#8230;]<\/p>\n<p>\u00abDije: &#8216;\u00bfBosnia?&#8217; y este dijo: &#8216;S\u00ed&#8217;. Cuando se marcho, mi esposa dijo: \u00ab\u00bfQu\u00e9 est\u00e1 sucediendo? \u00bfEl embajador de la muerte vino otra vez?\u00bb Dije &#8216;no&#8217;. Ella dijo: &#8216;\u00bfA d\u00f3nde vas?&#8217; Yo le respond\u00ed: &#8216;Queremos ir a Bosnia&#8217;. Ella dijo: &#8216;Bosnia?&#8217; En ese momento, se hablaba de musulmanes que estaban siendo sacrificados [all\u00ed]. Yo dije: &#8216;No temas. Iremos como diplom\u00e1ticos. Mi esposa se ech\u00f3 a re\u00edr. Ella dijo: &#8216;Diplom\u00e1ticos? \u00bfSaeed Ghasemi quiere ir como diplom\u00e1tico?\u00bb<\/p>\n<p>[&#8230;]<\/p>\n<p><strong>Entrevistador<\/strong>: \u00ab\u00bfCu\u00e1l fue su papel all\u00ed? \u00bfyihadista? \u00bfmilitar? \u00bfde consulta?\u00bb<\/p>\n<p><strong>Ex-General del CGRI Saeed Ghasemi<\/strong>: \u00abAhora puedo decirles cu\u00e1l fue el papel. Todos lo saben ahora. Fuimos como miembros de la Media Luna Roja para proveer entrenamiento militar a las fuerzas de los muyahid\u00edn\u00bb.<\/p>\n<p><img loading=\"lazy\" decoding=\"async\" class=\"alignnone size-full wp-image-55453\" src=\"https:\/\/www2.memri.org\/espanol\/wp-content\/uploads\/2019\/05\/7215c-1.jpg\" width=\"710\" height=\"200\" srcset=\"https:\/\/www2.memri.org\/espanol\/wp-content\/uploads\/2019\/05\/7215c-1.jpg 710w, https:\/\/www2.memri.org\/espanol\/wp-content\/uploads\/2019\/05\/7215c-1-300x85.jpg 300w, https:\/\/www2.memri.org\/espanol\/wp-content\/uploads\/2019\/05\/7215c-1-600x169.jpg 600w, https:\/\/www2.memri.org\/espanol\/wp-content\/uploads\/2019\/05\/7215c-1-696x196.jpg 696w\" sizes=\"auto, (max-width: 710px) 100vw, 710px\" \/><\/p>\n<p><strong>Entrevistador<\/strong>: \u00abAs\u00ed que la Media Luna Roja fue una cortina de humo y ustedes funcionaron como asesores militares&#8230;\u00bb<\/p>\n<p><strong>\u00abUna de las funcionarias responsables en exponer esta informaci\u00f3n fue esa deshonrosa esp\u00eda de CNN y de la BBC Christiane [Amanpour]\u00bb<\/strong><\/p>\n<p><strong>Ex-General del CGRI Saeed Ghasemi<\/strong>: \u00abDesde que los estadounidenses escribieron sobre esto en sus libros &#8230; Se han publicado varios libros hasta ahora. Esta dama &#8230; Nuestra &#8216;campesina&#8217;&#8230; La reportera durante la discordia del 2009, la Sra. Christiane [Amanpour]. A todos nuestros estadistas les gusta ser entrevistados por ella. Al se\u00f1or Ahmadinejad le gusta hablar con ella y al se\u00f1or Rouhani, por ejemplo&#8230; Probablemente, ella sea como una diosa para nuestros estadistas. Uno de los funcionarios responsables de exponer esta informaci\u00f3n Fue esa deshonrosa esp\u00eda de CNN y de la BBC Christiane\u00bb.<\/p>\n<p><img loading=\"lazy\" decoding=\"async\" class=\"alignnone size-full wp-image-55454\" src=\"https:\/\/www2.memri.org\/espanol\/wp-content\/uploads\/2019\/05\/7215d-1.jpg\" width=\"709\" height=\"201\" srcset=\"https:\/\/www2.memri.org\/espanol\/wp-content\/uploads\/2019\/05\/7215d-1.jpg 709w, https:\/\/www2.memri.org\/espanol\/wp-content\/uploads\/2019\/05\/7215d-1-300x85.jpg 300w, https:\/\/www2.memri.org\/espanol\/wp-content\/uploads\/2019\/05\/7215d-1-600x170.jpg 600w, https:\/\/www2.memri.org\/espanol\/wp-content\/uploads\/2019\/05\/7215d-1-696x197.jpg 696w\" sizes=\"auto, (max-width: 709px) 100vw, 709px\" \/><\/p>\n<p><strong>Entrevistador<\/strong>: \u00abElla era reportera\u00bb.<\/p>\n<p><strong>Ex-General del CGRI Saeed Ghasemi<\/strong>: \u00abLa \u00faltima vez que vino fue durante la \u00e9poca de discordia del 2009. Su \u00faltimo informe fue directamente desde la calle Enghelab y pudo verse la Plaza Azadi detr\u00e1s de ella. [Ella dijo]: &#8216;Este es el final del camino de la revoluci\u00f3n&#8217; &#8211; es decir, \u2018este informe que estoy haciendo es la \u00faltima estaci\u00f3n de la Revoluci\u00f3n\u00bb.<\/p>\n<p>[&#8230;]<\/p>\n<p><strong>\u00abHubo una \u00e9poca en el que est\u00e1bamos en Bosnia y Herzegovina junto a miembros de Al-Qaeda &#8211; ellos copiaron nuestro estilo, de las bandas cabeceras y las banderas\u00bb<\/strong><\/p>\n<p>\u00abLa verdad es que en Bosnia &#8211; en el coraz\u00f3n de Europa &#8211; sucedieron cosas que ante nuestra presencia y nuestros pasos&#8230; Al-Qaeda llego&#8230; Hubo una \u00e9poca cuando estuvimos en Bosnia y Herzegovina junto a miembros de Al-Qaeda. Ellos copiaron nuestro estilo, desde la banda a la cabeza y las banderas&#8230; denominaron sus regimientos tales y cuales&#8230;\u00bb<\/p>\n<p><img loading=\"lazy\" decoding=\"async\" class=\"alignnone size-full wp-image-55455\" src=\"https:\/\/www2.memri.org\/espanol\/wp-content\/uploads\/2019\/05\/7215e-1.jpg\" width=\"705\" height=\"197\" srcset=\"https:\/\/www2.memri.org\/espanol\/wp-content\/uploads\/2019\/05\/7215e-1.jpg 705w, https:\/\/www2.memri.org\/espanol\/wp-content\/uploads\/2019\/05\/7215e-1-300x84.jpg 300w, https:\/\/www2.memri.org\/espanol\/wp-content\/uploads\/2019\/05\/7215e-1-600x168.jpg 600w, https:\/\/www2.memri.org\/espanol\/wp-content\/uploads\/2019\/05\/7215e-1-696x194.jpg 696w\" sizes=\"auto, (max-width: 705px) 100vw, 705px\" \/><\/p>\n<p><img loading=\"lazy\" decoding=\"async\" class=\"alignnone size-full wp-image-55456\" src=\"https:\/\/www2.memri.org\/espanol\/wp-content\/uploads\/2019\/05\/7215f-1.jpg\" width=\"674\" height=\"378\" srcset=\"https:\/\/www2.memri.org\/espanol\/wp-content\/uploads\/2019\/05\/7215f-1.jpg 674w, https:\/\/www2.memri.org\/espanol\/wp-content\/uploads\/2019\/05\/7215f-1-300x168.jpg 300w, https:\/\/www2.memri.org\/espanol\/wp-content\/uploads\/2019\/05\/7215f-1-600x336.jpg 600w\" sizes=\"auto, (max-width: 674px) 100vw, 674px\" \/><\/p>\n<p>[&#8230;]<\/p>\n<p><strong>\u00abLo sucedido en los \u00faltimos 5 o 6 a\u00f1os en Siria sucedi\u00f3 antes en Bosnia, los turcos que fueron [leales al r\u00e9gimen] y los disc\u00edpulos del Imam [Jomeini] provinieron de Turqu\u00eda &#8211; aquellos en Francia, Alemania y T\u00fanez tambi\u00e9n vinieron\u00bb<\/strong><\/p>\n<p>\u00abAlgo nuevo sucedi\u00f3 all\u00ed &#8211; el establecimiento de unidades yihadistas musulmanas. Lo que sucedi\u00f3 en los \u00faltimos 5 o 6 a\u00f1os en Siria ocurri\u00f3 antes en Bosnia. Los turcos siendo estos [leales al r\u00e9gimen] y los disc\u00edpulos del Imam [Jomeini] llegaron de Turqu\u00eda. Tambi\u00e9n vinieron aquellos en Francia, Alemania y T\u00fanez. Fue un acontecimiento maravilloso. El movimiento Basij del mundo del Islam &#8211; fue el sue\u00f1o de Ruhollah [Jomeini]\u00bb.<\/p>\n<p><img loading=\"lazy\" decoding=\"async\" class=\"alignnone size-full wp-image-55457\" src=\"https:\/\/www2.memri.org\/espanol\/wp-content\/uploads\/2019\/05\/7215g-1.jpg\" width=\"713\" height=\"199\" srcset=\"https:\/\/www2.memri.org\/espanol\/wp-content\/uploads\/2019\/05\/7215g-1.jpg 713w, https:\/\/www2.memri.org\/espanol\/wp-content\/uploads\/2019\/05\/7215g-1-300x84.jpg 300w, https:\/\/www2.memri.org\/espanol\/wp-content\/uploads\/2019\/05\/7215g-1-600x167.jpg 600w, https:\/\/www2.memri.org\/espanol\/wp-content\/uploads\/2019\/05\/7215g-1-696x194.jpg 696w\" sizes=\"auto, (max-width: 713px) 100vw, 713px\" \/><\/p>\n<p><strong>Entrevistador<\/strong>: \u00abSemillas de la resistencia\u00bb.<\/p>\n<p><strong>Ex-General del CGRI Saeed Ghasemi<\/strong>: \u00abS\u00ed, all\u00ed se formaron semillas de la resistencia\u00bb.<\/p>\n<p>[&#8230;]<\/p>\n<p><strong>Entrevistador<\/strong>: \u00abLe dir\u00e9 algunos nombres. D\u00edgame lo primero que te viene a la mente. Muy brevemente, por supuesto.<\/p>\n<p>[&#8230;]<\/p>\n<p>\u00abSayyed Hassan Nasrallah\u00bb.<\/p>\n<p><strong>Ex-General del CGRI Saeed Ghasemi<\/strong>: \u00abEl verdadero portaestandarte del movimiento revolucionario del Islam y el verdadero hijo de Ruhollah [Jomeini]\u00bb.<\/p>\n<p>[&#8230;]<\/p>\n<p><strong>Entrevistador<\/strong>: \u00abEl reactor en Arak\u00bb.<\/p>\n<p><strong>Ex-General del CGRI Saeed Ghasemi<\/strong>: \u00abUn lugar que si un d\u00eda fuese a caer en manos de la gente del partido de Al\u00e1, figuras como [Ali Akbar] Salehi, [Javad] Zarif y Hassan Rouhani ser\u00edan procesados, y yo los vestir\u00eda con uniformes de prisi\u00f3n a rayas con una bola atada a una cadena y les dar\u00eda piquetas y un martillo para que puedan sacar el cemento que colocaron en el [reactor] y para que el pueblo pueda aprender una lecci\u00f3n de la historia\u00bb.<\/p>\n<p><img loading=\"lazy\" decoding=\"async\" class=\"alignnone size-full wp-image-55458\" src=\"https:\/\/www2.memri.org\/espanol\/wp-content\/uploads\/2019\/05\/7215h-1-1.jpg\" width=\"703\" height=\"395\" srcset=\"https:\/\/www2.memri.org\/espanol\/wp-content\/uploads\/2019\/05\/7215h-1-1.jpg 703w, https:\/\/www2.memri.org\/espanol\/wp-content\/uploads\/2019\/05\/7215h-1-1-300x169.jpg 300w, https:\/\/www2.memri.org\/espanol\/wp-content\/uploads\/2019\/05\/7215h-1-1-600x337.jpg 600w, https:\/\/www2.memri.org\/espanol\/wp-content\/uploads\/2019\/05\/7215h-1-1-696x391.jpg 696w\" sizes=\"auto, (max-width: 703px) 100vw, 703px\" \/><\/p>\n<p><strong>Entrevistador<\/strong>: \u00abNader Talebzadeh\u00bb.<\/p>\n<p><strong>Ex-General del CGRI Saeed Ghasemi<\/strong>: \u00abEl combatiente al frente de los medios de comunicaci\u00f3n\u00bb.<\/p>\n","protected":false},"excerpt":{"rendered":"<p>El 14 de abril, 2019 una entrevista con el ex-General del CGRI Saeed Ghasemi fue publicada en el portal de medios de comunicaci\u00f3n iran\u00ed apparat.com. El General Ghasemi dijo que el EIIS hab\u00eda sido creado por Hillary Clinton y critic\u00f3 al gobierno iran\u00ed por centrarse en el acuerdo nuclear PIDAC en lugar de la \u00abgran [&hellip;]<\/p>\n","protected":false},"author":1,"featured_media":55450,"comment_status":"open","ping_status":"open","sticky":false,"template":"","format":"standard","meta":{"footnotes":""},"categories":[4,6,20,18,2],"tags":[],"class_list":["post-55438","post","type-post","status-publish","format-standard","has-post-thumbnail","hentry","category-archivos","category-comunicados-especiales","category-iran","category-paises","category-featured"],"_links":{"self":[{"href":"https:\/\/www2.memri.org\/espanol\/wp-json\/wp\/v2\/posts\/55438","targetHints":{"allow":["GET"]}}],"collection":[{"href":"https:\/\/www2.memri.org\/espanol\/wp-json\/wp\/v2\/posts"}],"about":[{"href":"https:\/\/www2.memri.org\/espanol\/wp-json\/wp\/v2\/types\/post"}],"author":[{"embeddable":true,"href":"https:\/\/www2.memri.org\/espanol\/wp-json\/wp\/v2\/users\/1"}],"replies":[{"embeddable":true,"href":"https:\/\/www2.memri.org\/espanol\/wp-json\/wp\/v2\/comments?post=55438"}],"version-history":[{"count":0,"href":"https:\/\/www2.memri.org\/espanol\/wp-json\/wp\/v2\/posts\/55438\/revisions"}],"wp:featuredmedia":[{"embeddable":true,"href":"https:\/\/www2.memri.org\/espanol\/wp-json\/wp\/v2\/media\/55450"}],"wp:attachment":[{"href":"https:\/\/www2.memri.org\/espanol\/wp-json\/wp\/v2\/media?parent=55438"}],"wp:term":[{"taxonomy":"category","embeddable":true,"href":"https:\/\/www2.memri.org\/espanol\/wp-json\/wp\/v2\/categories?post=55438"},{"taxonomy":"post_tag","embeddable":true,"href":"https:\/\/www2.memri.org\/espanol\/wp-json\/wp\/v2\/tags?post=55438"}],"curies":[{"name":"wp","href":"https:\/\/api.w.org\/{rel}","templated":true}]}}