{"id":55423,"date":"2019-05-14T14:34:22","date_gmt":"2019-05-14T18:34:22","guid":{"rendered":"http:\/\/www2.memri.org\/espanol\/?p=55423"},"modified":"2019-05-14T14:34:22","modified_gmt":"2019-05-14T18:34:22","slug":"de-los-archivos-de-memri-agosto-2018-iranies-reconocen-haber-ordenado-a-los-houthi-atacar-a-los-barcos-petroleros-sauditas-en-julio-2018","status":"publish","type":"post","link":"https:\/\/www2.memri.org\/espanol\/de-los-archivos-de-memri-agosto-2018-iranies-reconocen-haber-ordenado-a-los-houthi-atacar-a-los-barcos-petroleros-sauditas-en-julio-2018\/55423","title":{"rendered":"De los archivos de MEMRI, agosto, 2018: Iran\u00edes reconocen haber ordenado a los Houthi atacar a los barcos petroleros sauditas en julio, 2018"},"content":{"rendered":"<p>El 6 de agosto, 2018 la agencia de noticias iran\u00ed Fars public\u00f3 declaraciones dadas por el General Naser Sha&#8217;bani, alto funcionario del Cuerpo de la Guardia Revolucionaria Isl\u00e1mica de Ir\u00e1n (CGRI), en el que se\u00f1al\u00f3 que el r\u00e9gimen de la Revoluci\u00f3n Isl\u00e1mica le hab\u00eda ordenado a la milicia (Houthi) pro-iran\u00ed Ansar Allah en Yemen que atacara a 2 barcos tanqueros petroleros sauditas y que este hab\u00eda cumplido dichas \u00f3rdenes.<\/p>\n<p>Tambi\u00e9n en sus declaraciones, el General Sha&#8217;bani aclar\u00f3 que tanto el Hezbol\u00e1 chiita en el L\u00edbano como Ansar Allah en Yemen eran articulaciones de Ir\u00e1n dentro de la patria y advirtieron que estos seguir\u00edan siendo utilizados para los prop\u00f3sitos de Ir\u00e1n contra sus rivales en la regi\u00f3n, particularmente Arabia Saudita.<\/p>\n<p>Deber\u00eda enfatizarse que la cita sobre la orden para atacar a los tanqueros petroleros fue eliminada del portal de Fars tras la publicaci\u00f3n de las declaraciones. MEMRI tiene en su poder una copia del original antes de su eliminaci\u00f3n. A continuaci\u00f3n se muestra la cita tal como aparece en el \u00faltimo p\u00e1rrafo en la p\u00e1gina 3, como se resalta a continuaci\u00f3n:<\/p>\n<p><img loading=\"lazy\" decoding=\"async\" class=\"alignnone size-full wp-image-55424\" src=\"https:\/\/www2.memri.org\/espanol\/wp-content\/uploads\/2019\/05\/sd7611.jpg\" width=\"623\" height=\"92\" alt=\"\" srcset=\"https:\/\/www2.memri.org\/espanol\/wp-content\/uploads\/2019\/05\/sd7611.jpg 623w, https:\/\/www2.memri.org\/espanol\/wp-content\/uploads\/2019\/05\/sd7611-300x44.jpg 300w, https:\/\/www2.memri.org\/espanol\/wp-content\/uploads\/2019\/05\/sd7611-600x89.jpg 600w\" sizes=\"auto, (max-width: 623px) 100vw, 623px\" \/><\/p>\n<p>El texto lee: \u00abSha&#8217;bani dijo: <strong>&#8216;Les dijimos a los yemen\u00edes que atacaran a los dos tanqueros petroleros sauditas y ellos atacaron<\/strong>. Hezbol\u00e1 en el L\u00edbano y Ansar Al\u00e1 en Yemen son nuestras articulaciones de la patria. El enemigo es tan vulnerable que podemos engatusarlo incluso a trav\u00e9s de la frontera. Obviamente, no estamos insistiendo ning\u00fan conflicto con Arabia Saudita al otro lado de la frontera\u00bb.<a href=\"#_edn1\" name=\"_ednref1\">[1]<\/a><\/p>\n<p>A continuaci\u00f3n se muestra la fotocopia del art\u00edculo original de Fars que contiene 4 p\u00e1ginas, publicado en su portal el 6 de agosto, 2018 antes de ser removido.<\/p>\n<p><img loading=\"lazy\" decoding=\"async\" class=\"alignnone size-full wp-image-55425\" src=\"https:\/\/www2.memri.org\/espanol\/wp-content\/uploads\/2019\/05\/sd7611a.jpg\" width=\"578\" height=\"823\" srcset=\"https:\/\/www2.memri.org\/espanol\/wp-content\/uploads\/2019\/05\/sd7611a.jpg 578w, https:\/\/www2.memri.org\/espanol\/wp-content\/uploads\/2019\/05\/sd7611a-211x300.jpg 211w, https:\/\/www2.memri.org\/espanol\/wp-content\/uploads\/2019\/05\/sd7611a-295x420.jpg 295w\" sizes=\"auto, (max-width: 578px) 100vw, 578px\" \/><\/p>\n<p><img loading=\"lazy\" decoding=\"async\" class=\"alignnone size-full wp-image-55426\" src=\"https:\/\/www2.memri.org\/espanol\/wp-content\/uploads\/2019\/05\/sd7611b_0.jpg\" width=\"578\" height=\"824\" srcset=\"https:\/\/www2.memri.org\/espanol\/wp-content\/uploads\/2019\/05\/sd7611b_0.jpg 578w, https:\/\/www2.memri.org\/espanol\/wp-content\/uploads\/2019\/05\/sd7611b_0-210x300.jpg 210w, https:\/\/www2.memri.org\/espanol\/wp-content\/uploads\/2019\/05\/sd7611b_0-295x420.jpg 295w\" sizes=\"auto, (max-width: 578px) 100vw, 578px\" \/><\/p>\n<p><img loading=\"lazy\" decoding=\"async\" class=\"alignnone size-full wp-image-55427\" src=\"https:\/\/www2.memri.org\/espanol\/wp-content\/uploads\/2019\/05\/sd7611c.jpg\" width=\"578\" height=\"824\" srcset=\"https:\/\/www2.memri.org\/espanol\/wp-content\/uploads\/2019\/05\/sd7611c.jpg 578w, https:\/\/www2.memri.org\/espanol\/wp-content\/uploads\/2019\/05\/sd7611c-210x300.jpg 210w, https:\/\/www2.memri.org\/espanol\/wp-content\/uploads\/2019\/05\/sd7611c-295x420.jpg 295w\" sizes=\"auto, (max-width: 578px) 100vw, 578px\" \/><\/p>\n<p><img loading=\"lazy\" decoding=\"async\" class=\"alignnone size-full wp-image-55428\" src=\"https:\/\/www2.memri.org\/espanol\/wp-content\/uploads\/2019\/05\/sd7611d.jpg\" width=\"578\" height=\"828\" srcset=\"https:\/\/www2.memri.org\/espanol\/wp-content\/uploads\/2019\/05\/sd7611d.jpg 578w, https:\/\/www2.memri.org\/espanol\/wp-content\/uploads\/2019\/05\/sd7611d-209x300.jpg 209w, https:\/\/www2.memri.org\/espanol\/wp-content\/uploads\/2019\/05\/sd7611d-293x420.jpg 293w\" sizes=\"auto, (max-width: 578px) 100vw, 578px\" \/><\/p>\n<hr \/>\n<p><a href=\"#_ednref1\" name=\"_edn1\">[1]<\/a> Fars (Ir\u00e1n), 6 de agosto, 2018.<\/p>\n","protected":false},"excerpt":{"rendered":"<p>El 6 de agosto, 2018 la agencia de noticias iran\u00ed Fars public\u00f3 declaraciones dadas por el General Naser Sha&#8217;bani, alto funcionario del Cuerpo de la Guardia Revolucionaria Isl\u00e1mica de Ir\u00e1n (CGRI), en el que se\u00f1al\u00f3 que el r\u00e9gimen de la Revoluci\u00f3n Isl\u00e1mica le hab\u00eda ordenado a la milicia (Houthi) pro-iran\u00ed Ansar Allah en Yemen que [&hellip;]<\/p>\n","protected":false},"author":1,"featured_media":55424,"comment_status":"open","ping_status":"open","sticky":false,"template":"","format":"standard","meta":{"footnotes":""},"categories":[4,6,20,18,2],"tags":[],"class_list":["post-55423","post","type-post","status-publish","format-standard","has-post-thumbnail","hentry","category-archivos","category-comunicados-especiales","category-iran","category-paises","category-featured"],"_links":{"self":[{"href":"https:\/\/www2.memri.org\/espanol\/wp-json\/wp\/v2\/posts\/55423","targetHints":{"allow":["GET"]}}],"collection":[{"href":"https:\/\/www2.memri.org\/espanol\/wp-json\/wp\/v2\/posts"}],"about":[{"href":"https:\/\/www2.memri.org\/espanol\/wp-json\/wp\/v2\/types\/post"}],"author":[{"embeddable":true,"href":"https:\/\/www2.memri.org\/espanol\/wp-json\/wp\/v2\/users\/1"}],"replies":[{"embeddable":true,"href":"https:\/\/www2.memri.org\/espanol\/wp-json\/wp\/v2\/comments?post=55423"}],"version-history":[{"count":0,"href":"https:\/\/www2.memri.org\/espanol\/wp-json\/wp\/v2\/posts\/55423\/revisions"}],"wp:featuredmedia":[{"embeddable":true,"href":"https:\/\/www2.memri.org\/espanol\/wp-json\/wp\/v2\/media\/55424"}],"wp:attachment":[{"href":"https:\/\/www2.memri.org\/espanol\/wp-json\/wp\/v2\/media?parent=55423"}],"wp:term":[{"taxonomy":"category","embeddable":true,"href":"https:\/\/www2.memri.org\/espanol\/wp-json\/wp\/v2\/categories?post=55423"},{"taxonomy":"post_tag","embeddable":true,"href":"https:\/\/www2.memri.org\/espanol\/wp-json\/wp\/v2\/tags?post=55423"}],"curies":[{"name":"wp","href":"https:\/\/api.w.org\/{rel}","templated":true}]}}