{"id":550,"date":"2003-09-25T00:00:00","date_gmt":"2003-09-25T00:00:00","guid":{"rendered":"http:\/\/www2.memri.org\/espanol\/2003\/09\/25\/editoriales-de-la-nueva-prensa-iraqui-despacho-memri-bagdad-9\/"},"modified":"2003-09-25T00:00:00","modified_gmt":"2003-09-25T00:00:00","slug":"editoriales-de-la-nueva-prensa-iraqui-despacho-memri-bagdad-9","status":"publish","type":"post","link":"https:\/\/www2.memri.org\/espanol\/editoriales-de-la-nueva-prensa-iraqui-despacho-memri-bagdad-9\/550","title":{"rendered":"Editoriales de la Nueva Prensa Iraqu\u00ed:  Despacho MEMRI Bagdad (9)"},"content":{"rendered":"<div class=\"bodytext c2\">\n<p><em>Lo siguiente es la novena entrega de la oficina de MEMRI en Bagdad. Esta se enfoca en los editoriales concernientes al discurso del Presidente Bush el 7 de septiembre del 2003,<\/em> <a href=\"#_edn1\" name=\"_ednref1\">[1]<\/a> <em>el establecimiento de la democracia, y la situaci\u00f3n de seguridad en Irak.<\/em><\/p>\n<p><em>En el Anexo VII, MEMRI publica la s\u00e9ptima nota biogr\u00e1fica de uno de los lideres de la Irak post-Saddam. En esta edici\u00f3n, la nota biogr\u00e1fica es la de <strong>Al-Sharif Ali bin Hussein<\/strong><\/em>.<\/p>\n<p><em class=\"c1\"><br \/><\/em><\/p>\n<h5>Editoriales<\/h5>\n<p><strong>I. La Prensa Iraqu\u00ed sobre el Discurso del Presidente Bush el 7 de Septiembre &#8211; Continuaci\u00f3n<\/strong><\/p>\n<p>La prensa iraqu\u00ed continu\u00f3 informando, con comentarios y una m\u00ednima reacci\u00f3n, sobre el discurso del Presidente Bush. Lo siguiente es una breve revisi\u00f3n de algunos de estos art\u00edculos que se reflejan en sus titulares y su \u00e9nfasis en la naturaleza del inter\u00e9s en el discurso:<\/p>\n<p>El diario independiente <strong><em>Al-Manar<\/em><\/strong> us\u00f3 una cita del discurso para titular un art\u00edculo que lo resume: \u00abLos Conflictos Pasados no Restringir\u00e1n Responsabilidades Presentes.\u00bb <a href=\"#_edn2\" name=\"_ednref2\">[2]<\/a><\/p>\n<p><strong><em>Al-Mada,<\/em><\/strong> un diario independiente, titul\u00f3 su informe: \u00abGeorge Bush Dise\u00f1a la Estrategia Americana en Irak &#8211; Eliminando los Terroristas y Obteniendo Apoyo Internacional para Ayudar a los Iraqu\u00edes.\u00bb <a href=\"#_edn3\" name=\"_ednref3\">[3]<\/a><\/p>\n<p>Uno de los pocos comentarios publicados fueron hechos por <strong><em>Al-Ittihad<\/em><\/strong> (publicado por la <strong>Uni\u00f3n Patri\u00f3tica de Kurdist\u00e1n &#8211; UPK<\/strong>) qu\u00e9 declar\u00f3 a la conclusi\u00f3n de su informe que el \u00abdiscurso de Bush es un esfuerzo para recobrar la iniciativa pol\u00edtica en luz del incremento de la preocupaci\u00f3n dom\u00e9stica en los ataques a los soldados americanos en Irak, y el costo de su continua presencia ah\u00ed.\u00bb <a href=\"#_edn4\" name=\"_ednref4\">[4]<\/a><\/p>\n<p><strong>II. Democracia&hellip; y Otras Expectativas<\/strong><\/p>\n<p>La re-estructuraci\u00f3n del r\u00e9gimen de Irak sigue siendo uno de los asuntos prioritarios en la prensa iraqu\u00ed. Hay un sentido general &#8211; aunque no es un\u00e1nime &#8211; de que alg\u00fan progreso se ha logrado, especialmente desde el establecimiento del nuevo gobierno, las perspectivas de un involucramiento internacional m\u00e1s amplio en Irak, y la revocaci\u00f3n de una anterior decisi\u00f3n por la Liga \u00e1rabe de no reconocer la legitimidad del Concejo de Gobierno. Lo siguiente son las citas:<\/p>\n<p>Un tono optimista representaba un editorial por el diario <strong><em>Al-Nahdha<\/em><\/strong> (afiliado con el <strong>Dr. &#8216;Adnan Al-Pachachi<\/strong>) el cual declar\u00f3 que hay se\u00f1ales positivas e importantes de que la posici\u00f3n internacional llevar\u00e1 a la re-examinaci\u00f3n del statu quo y la <strong>autoridad de la Coalici\u00f3n de la Autoridad Provisional<\/strong> (<strong>CAP<\/strong>), as\u00ed como tambi\u00e9n la posibilidad de un papel expandido de las Naciones Unidas en el proceso pol\u00edtico&#8230;\u00bb Seg\u00fan el peri\u00f3dico hay muchos factores sobre los niveles internacionales, \u00e1rabes, iraqu\u00edes y americanos los cuales pueden llevar a acortar la fase de transici\u00f3n y \u00abpermitirles a los iraqu\u00edes tomar la administraci\u00f3n y [comprender] su autonom\u00eda y obtener el reconocimiento internacional&hellip;\u00bb El art\u00edculo concluye: \u00abEstas ideas no son una ilusi\u00f3n o sue\u00f1os, sino el resultado de un an\u00e1lisis educado de la situaci\u00f3n presente, y ellas representan indudablemente los mayores intereses nacionales&hellip; \u00bb <a href=\"#_edn5\" name=\"_ednref5\">[5]<\/a><\/p>\n<p>El diario independiente <strong><em>Al-Mada<\/em><\/strong> lament\u00f3 el hecho de que debido a problemas diarios en Irak \u00abel activismo pol\u00edtico de nuestras masas ha estado declinando&hellip; despu\u00e9s de lo que parec\u00eda como un despertar de la silente mayor\u00eda, cuyo silencio se desgast\u00f3 e hizo perder su confianza en su habilidad de tratar con la opresi\u00f3n y la represi\u00f3n.\u00bb El peri\u00f3dico lista actividades democr\u00e1ticas que inmediatamente siguieron a la remoci\u00f3n del anterior r\u00e9gimen y dicen que \u00abuna de las razones para el decline en estas actividades es que los partidos pol\u00edticos [iraqu\u00edes] se enfocaron en sus \u00ednter-relaciones y sus relaciones con la <strong>Administraci\u00f3n Civil<\/strong>, y su participaci\u00f3n en el [nuevo] r\u00e9gimen&hellip; Haciendo esto ignoraron, o no estaban lo suficientemente atentos para reforzar al movimiento popular, desarroll\u00e1ndolo y actuando rec\u00edprocamente con \u00e9l&hellip; y parece ser que la formaci\u00f3n del nuevo gobierno no cambi\u00f3 este patr\u00f3n&hellip;\u00bb El peri\u00f3dico da \u00e9nfasis en que \u00abestableciendo un r\u00e9gimen pluralista-federal-democr\u00e1tico no puede lograrse con consignas y ret\u00f3ricas sino con esfuerzos comprensivos&hellip; tal como animar iniciativas democr\u00e1ticas de todo tipo y abrazar las iniciativas constructivas&hellip;\u00bb El peri\u00f3dico concluye con una cr\u00edtica severa de los medios de comunicaci\u00f3n \u00e1rabes: \u00abqu\u00e9, a lo largo de la tenencia del anterior r\u00e9gimen manten\u00eda el apoyo a Saddam, y [ahora] regres\u00f3 para escupir su veneno, distorsionar la realidad de nuestra lucha y agitar la confianza en la habilidad de nuestra naci\u00f3n de comprender su aspiraci\u00f3n en establecer la democracia y resolver la crisis creada por el despotismo y la ocupaci\u00f3n&hellip;\u00bb <a href=\"#_edn6\" name=\"_ednref6\">[6]<\/a><\/p>\n<p>Sobre la revocatoria de una temprana decisi\u00f3n de la <strong>Liga \u00e1rabe<\/strong> de no reconocer la legitimidad del <strong>Concejo de Gobierno iraqu\u00ed<\/strong>, <em>Al-Nahdha<\/em> dice en su editorial que \u00ablos \u00e1rabes son maestros en desperdiciar oportunidades y en pro-castrar tomando decisiones importantes&hellip; Durante semanas ellos cuestionaron la legitimidad de las nuevas instituciones administrativas en Irak&hellip; pero un sentido de peligro persuadi\u00f3 a la Liga \u00e1rabe de ablandar su posici\u00f3n y aceptar la participaci\u00f3n de Irak en sus reuniones ministeriales del concejo&hellip; Esta decisi\u00f3n, aunque tarde e incompleta [la participaci\u00f3n de Irak es condicional] es un paso muy importante. Hay indicaciones de que hay un cambio serio en tratar con el asunto iraqu\u00ed ambos sobre los niveles internacionales y \u00e1rabes&hellip;\u00bb El peri\u00f3dico m\u00e1s adelante declara que \u00ablos Estados Unidos ya no insisten en ser el \u00faltimo y \u00fanico poder en tratar con Irak, que puede provocar una r\u00e1pida respuesta de otras superpotencias, y un reconocimiento del Concejo de Gobierno y del nuevo gobierno iraqu\u00ed&hellip;\u00bb El peri\u00f3dico concluye diciendo que \u00abun reconocimiento americano de las instituciones administrativas iraqu\u00edes&hellip; anular\u00e1 las excusas usadas por los poderes de la oscuridad para justificar sus actos de violencia y destrucci\u00f3n&hellip;\u00bb <a href=\"#_edn7\" name=\"_ednref7\">[7]<\/a><\/p>\n<p>El diario &#8211; <strong>Al-&#8216;Adala<\/strong> (<strong>Concejo Supremo de la Revoluci\u00f3n Isl\u00e1mica en Irak<\/strong>) record\u00f3 a los lectores que las fuerzas nacionalistas iraqu\u00edes decidieron en su conferencia de diciembre, 2002 en Londres de que \u00abera necesario establecer un gobierno de transici\u00f3n en el primer d\u00eda del colapso del antiguo r\u00e9gimen&hellip; por consiguiente, creemos que el retraso en hacerlo fue la raz\u00f3n principal por el vac\u00edo de seguridad, el cual se convirti\u00f3 en el obst\u00e1culo principal al progreso real&hellip;\u00bb El peri\u00f3dico sigue para decir que \u00abla realidad presente dictar\u00e1 un cambio en la direcci\u00f3n y acelerar\u00e1 el proceso de dar autonom\u00eda a los iraqu\u00edes la cual requerir\u00e1 de todas las fuerzas iraqu\u00edes para demostrar coraje, paciencia y constancia&hellip; Nosotros instamos a [todos] de estar listos [para este cambio] y [nosotros] creemos que una buena lucha por lograr una meta parcial no s\u00f3lo es una manera m\u00e1s eficaz de lograr la meta completa, sino tambi\u00e9n hacerla m\u00e1s r\u00e1pidamente&hellip;\u00bb <a href=\"#_edn8\" name=\"_ednref8\">[8]<\/a><\/p>\n<p>El diario independiente <strong><em>Al-Hilal<\/em><\/strong> declar\u00f3 que \u00abaquellos que desinforman a la opini\u00f3n p\u00fablica [a creer] que todo estaba bien en Irak durante el reino del dictador se est\u00e1n enga\u00f1ando a si mismos m\u00e1s que a nadie. Podr\u00edan ellos ignorar la mitad de un siglo en las vidas de sus naciones con el golpe de una pluma?&hellip; Ustedes tienen que perdonarnos, porque los planes de estudios educativos durante la dictadura le ense\u00f1aron a los estudiantes odio, aborrecimiento, y racismo. Les ense\u00f1\u00f3 a emprender guerras entre ellos, si no hab\u00eda ning\u00fan enemigo extranjero. En cuanto a volver a la normalidad&hellip; habr\u00e1 una necesidad por un itinerario que puede tomar a\u00f1os para cambiar la naturaleza de la gente, para que pudieran comer una hamburguesa con un amigo americano o desayunar con un israel\u00ed, o pudieran tolerar ver la bandera de Israel izada sobre la embajada israel\u00ed en Bagdad, y otras cosas que ellos no est\u00e1n acostumbrados a ver u o\u00edr hasta ahora&hellip;\u00bb <a href=\"#_edn9\" name=\"_ednref9\">[9]<\/a><\/p>\n<p><strong>III. Ellos Vinieron de los Confines Lejanos de la Tierra para Establecer sus Batallas en Irak<\/strong><\/p>\n<p>Otro asunto que la prensa iraqu\u00ed tom\u00f3 particular nota sobre la base regular fue la seguridad.<\/p>\n<p>Un comentario publicado por <strong><em>Al-Sa&#8217;a<\/em><\/strong> (afiliado con el <strong>Movimiento Nacional Unido<\/strong>) dijo que \u00ablos iraqu\u00edes nunca experimentaron el terrorismo de la manera como lo est\u00e1n experimentando desde la ocupaci\u00f3n&hellip; ning\u00fan iraqu\u00ed estaba entre los que perpetraron los ataques del 11 de septiembre en los Estados Unidos, y ni un iraqu\u00ed estaba entre los que atentaron los aviones franceses, brit\u00e1nicos y americanos a pesar del terror que el r\u00e9gimen totalitario us\u00f3 contra los iraqu\u00edes, y [a pesar del terror] usado por esos pa\u00edses los cuales acordaron en jugar con el destino de una naci\u00f3n usando el castigo colectivo, por ninguna otra raz\u00f3n que presionar a un individuo que gobern\u00f3 esa naci\u00f3n con hierro y fuego.\u00bb El peri\u00f3dico expresa su asombro en que los oficiales americanos han estado describiendo a Irak como la plaza principal de guerra contra el terrorismo y pregunta \u00abc\u00f3mo fue que nuestro pa\u00eds se convirti\u00f3 de una plaza de lucha entre el pueblo y un r\u00e9gimen totalitario previo a la ocupaci\u00f3n, a una plaza de lucha entre las fuerzas externas despu\u00e9s de la ocupaci\u00f3n, d\u00f3nde las superpotencias combaten enemigos que vienen de los confines lejanos de la tierra&hellip; para establecer sus batallas en una tierra remota poblada por esta naci\u00f3n miserable&hellip;? Es ir\u00f3nico que nuestra naci\u00f3n se haya convertido en un observador que mira una lucha que no le tiene inter\u00e9s o riesgo alguno&hellip; Cu\u00e1nto tiempo esta nueva guerra va a continuar&hellip;? Oramos a Al\u00e1 el misericordioso por una r\u00e1pida liberaci\u00f3n&hellip;\u00bb <a href=\"#_edn10\" name=\"_ednref10\">[10]<\/a><\/p>\n<p><strong>Informes de Noticias Especiales<\/strong><\/p>\n<p><strong>Una Semana despu\u00e9s de que los Nuevos Ministros Asumieron sus Deberes: Una Relativa Estabilizaci\u00f3n en el Suministro El\u00e9ctrico, A Pesar de la Inestabilidad de Seguridad<\/strong><\/p>\n<p>Seg\u00fan un informe por <strong><em>Al-Mu&#8217;tamar<\/em><\/strong> (<strong>Congreso Nacional Iraqu\u00ed- CNI<\/strong>), \u00abla mayor\u00eda de las \u00e1reas en Bagdad experimentaron relativa estabilidad en el suministro el\u00e9ctrico durante la semana anterior, mientras la inestabilidad en la seguridad continuaba&hellip;\u00bb El peri\u00f3dico tambi\u00e9n resalt\u00f3 el retorno de Irak a la Liga \u00e1rabe y lo describi\u00f3 como \u00abla primera victoria diplom\u00e1tica siguiendo el establecimiento del nuevo gobierno&#8230;\u00bb <a href=\"#_edn11\" name=\"_ednref11\">[11]<\/a><\/p>\n<p>Similarmente, un editorial titulado \u00abUna Mancha Encendida &#8211; La Electricidad se est\u00e1 Restaurando su Salud\u00bb, aparec\u00eda en <strong><em>Al-Watan<\/em><\/strong> (<strong>Movimiento Nacional Iraqu\u00ed<\/strong>) y subraya las mejoras en electricidad: \u00abCalladamente, y sin introducciones o declaraciones, la electricidad ha vuelto a [una] situaci\u00f3n casi normal. Nadie se ha preguntado a si mismo o a otros: \u00bfC\u00f3mo fue la electricidad restaurada a este nivel? Fue el trabajo de un mago o un guerrero santo que se especializa en estos asuntos? La cosa importante es que la electricidad no es m\u00e1s una excepci\u00f3n sino una cosa normal. Nosotros esperamos que continuar\u00e1 siendo un querido invitado en nuestras casas, negocios, oficinas y calles, Dios que lega [gracias a] los esfuerzos de aquellos [qui\u00e9nes son] fieles.\u00bb <a href=\"#_edn12\" name=\"_ednref12\">[12]<\/a><\/p>\n<p><strong>Al-Talabani: Nosotros Apoyaremos a Siria en Recobrar Iskanderoon<\/strong><\/p>\n<p>\u00ab<strong>&#8216;Adel Murad<\/strong>, portavoz para la <strong>Uni\u00f3n Patri\u00f3tica de Kurdist\u00e1n<\/strong> [<strong>UPK<\/strong>] encabezada <strong>por Jalal Al-Talabani<\/strong>, dijo que si Turqu\u00eda contin\u00faa interviniendo en <strong>Kirkuk<\/strong> y al norte de Irak, los kurdos apoyar\u00e1n los esfuerzos de Siria para recobrar [el control sobre] el puerto de <strong>Iskanderoon<\/strong> el cual est\u00e1 bajo el control turco. &#8216;Adel Murad se\u00f1al\u00f3 que Jalal Al-Talabani se opone al despliegue de cualquier fuerza turca en los territorios iraqu\u00edes y dijo que el puerto de Iskanderoon pertenece a Siria y no a Turqu\u00eda&hellip;\u00bb <a href=\"#_edn13\" name=\"_ednref13\">[13]<\/a><\/p>\n<p><strong>Un L\u00edder Turcomano: Nosotros Apoyamos la Unidad Nacional y no Seremos Tentados por Caprichos<\/strong><\/p>\n<p>Siguiendo a los enfrentamientos \u00e9tnicos entre los kurdos y turcomanos al norte de Irak, el diario <strong><em>Al-Qabas<\/em><\/strong> (publicado por la <strong>Nueva Sociedad Filantr\u00f3pica de Irak<\/strong>) entrevist\u00f3 <strong>al Dr. Farouq Abdallah Abd Al-Rahman<\/strong>, un oficial en el <strong>Frente turcomano iraqu\u00ed<\/strong>. Comentando en la televisi\u00f3n por sat\u00e9lite \u00e1rabe, el cual informa que los turcomanos est\u00e1n buscando el apoyo y la ayuda de Turqu\u00eda, \u00e9l dijo que los Turcomanos \u00abvivieron en Irak por miles de a\u00f1os y sufrieron la opresi\u00f3n y persecuci\u00f3n desde el establecimiento del estado iraqu\u00ed&hellip; [todav\u00eda] ellos est\u00e1n dedicados a apoyar la unidad de esta madre-tierra y no seguir\u00e1n las llamadas de los mercenarios&hellip;\u00bb \u00c9l agreg\u00f3 que \u00abdebido a este sufrimiento, opresi\u00f3n y desposesi\u00f3n, estamos buscando la ayuda y el apoyo de todas las buenas personas, los amantes de la paz, las Naciones Unidas y la Liga \u00e1rabe. Pedimos su ayuda en librarnos de la discriminaci\u00f3n y fragmentaci\u00f3n y en construir una hermandad iraqu\u00ed unida. Que hay de malo en eso? Y aqu\u00e9llas estaciones de televisi\u00f3n que hablaron sobre el apoyo de Turqu\u00eda tienen que preguntarse: no es Turqu\u00eda un miembro de las Naciones Unidas? No es un pa\u00eds musulm\u00e1n? No es un pa\u00eds vecino que apoy\u00f3 a nuestros hermanos kurdos en el norte de Irak en la lucha contra el depuesto r\u00e9gimen&#8230;?\u00bb El Dr. Abd Al-Rahman tambi\u00e9n dijo que los turcomanos no estaban representados proporcionalmente en el Concejo de Gobierno, ya que constituyen m\u00e1s del 10 por ciento de la poblaci\u00f3n de Irak. <a href=\"#_edn14\" name=\"_ednref14\">[14]<\/a><\/p>\n<p>Entretanto, el <strong>presidente en rotaci\u00f3n del Concejo de Gobierno, Dr. Ahmad Al-Chalabi<\/strong> declar\u00f3 en Ankara que \u00abIrak est\u00e1 esforz\u00e1ndose por fortalecer sus serias y constructivas relaciones con la vecina Turqu\u00eda <a href=\"#_edn15\" name=\"_ednref15\">[15]<\/a><\/p>\n<h5>Titulares<\/h5>\n<p>\u00abGeneral Najib Al-Salihi: Yo dej\u00e9 Irak siguiendo al fracaso de mi intento de golpe.<\/p>\n<p>Ahmad Al-Chalabi conspir\u00f3 en contra de mi retorno anticipado al pa\u00eds.\u00bb <a href=\"#_edn16\" name=\"_ednref16\">[16]<\/a><\/p>\n<p>&#8211; \u00abM\u00e1s de 10,000 artefactos del museo nacional todav\u00eda est\u00e1n perdidos.\u00bb <a href=\"#_edn17\" name=\"_ednref17\">[17]<\/a><\/p>\n<p>&#8211; \u00abLa seguridad es el principal pedido de los iraqu\u00edes.\u00bb <a href=\"#_edn18\" name=\"_ednref18\">[18]<\/a><\/p>\n<p>&#8211; \u00abEn <strong>Al-Najaf<\/strong>, una tensa calma, rifles y obturadores.\u00bb <a href=\"#_edn19\" name=\"_ednref19\">[19]<\/a><\/p>\n<p>&#8211; \u00abLos gobernantes de Qatar urgen a los \u00e1rabes de rendirse [a las condiciones de paz de Israel].\u00bb <a href=\"#_edn20\" name=\"_ednref20\">[20]<\/a><\/p>\n<p>&#8211; \u00abLas estad\u00edsticas de cr\u00edmenes\u00bb est\u00e1n declinando y [la vida nocturna en] Bagdad regresar\u00e1.\u00bb <a href=\"#_edn21\" name=\"_ednref21\">[21]<\/a><\/p>\n<p>&#8211; \u00abBahr al-Uloum [Ministro de Petr\u00f3leo]: Petr\u00f3leo Iraqu\u00ed no se bombear\u00e1 a Israel.\u00bb <a href=\"#_edn22\" name=\"_ednref22\">[22]<\/a><\/p>\n<p><strong>Anexo VII: Serie Biogr\u00e1fica del Liderazgo Iraqu\u00ed<\/strong><\/p>\n<h5>Al-Sharif Ali bin Hussein<\/h5>\n<p><strong>Al-Sharif Ali bin Hussein<\/strong> es el encabezado del <strong>Movimiento Constitucional de la Monarqu\u00eda<\/strong> la cual \u00e9l estableci\u00f3 en 1990. Aunque es el m\u00e1s joven de entre tres hermanos, la familia decidi\u00f3 designar a Ali como el pretendiente al trono de Hashemite en Irak. <a href=\"#_edn23\" name=\"_ednref23\">[23]<\/a> Este trono est\u00e1 vacante desde julio de 1958 al asesinato del \u00faltimo monarca iraqu\u00ed, el <strong>Rey Faisal<\/strong> <strong>II<\/strong> por un golpe militar encabezado por <strong>Abd Al-Karim Qassim<\/strong>.<\/p>\n<p>Al-Sharif Ali, nacido en <strong>Bagdad<\/strong> en 1956, es un primo del Rey Faisal II. Su abuelo paterno fue <strong>Sharif Al-Hussein bin Ali<\/strong> cuyo sobrino, Faisal, fue instaurado como el Rey de Irak en 1920.<\/p>\n<p>Al-Sharif creci\u00f3 en el <strong>L\u00edbano<\/strong> y en <strong>el Reino Unido<\/strong> d\u00f3nde construy\u00f3 una carrera exitosa en inversi\u00f3n bancaria el cual le hizo un hombre muy rico. <a href=\"#_edn24\" name=\"_ednref24\">[24]<\/a> Despu\u00e9s de 45 a\u00f1os de vivir en el extranjero Al-Sharif regres\u00f3 a Bagdad en junio del 2003 y fue recibi\u00f3 por miles de sus partidarios.<\/p>\n<p>Mientras estuvo en Londres, lleg\u00f3 a ser activo en el <strong>Congreso Nacional Iraqu\u00ed<\/strong> (<strong>CNI<\/strong>) encabezado por el <strong>Dr. Ahmad Chalabi<\/strong>. Recientes declaraciones por Sharif Ali y el papel activo que \u00e9l ha tomado en organizar la oposici\u00f3n al Concejo de Gobierno iraqu\u00ed sugerir\u00eda que las dos personalidades est\u00e9n ahora persiguiendo diferentes cursos de acci\u00f3n los cuales podr\u00edan llevar al ascenso de uno o del otro (y quiz\u00e1s al ascenso de una tercera persona).<\/p>\n<h5>La Visi\u00f3n de Monarqu\u00eda de Al-Sharif<\/h5>\n<p>Al-Sharif nunca ha hecho secreta su ambici\u00f3n de ser el rey de Irak. En numerosas entrevistas, antes y despu\u00e9s de la ca\u00edda de <strong>Saddam Hussein<\/strong>, Al-Sharif articul\u00f3 su visi\u00f3n de una monarqu\u00eda constitucional a ser establecida a trav\u00e9s de un refer\u00e9ndum por el pueblo iraqu\u00ed. En una entrevista particularmente extensa con el <strong>diario saudita <em>Al-Riad<\/em><\/strong>, Al-Sharif extrajo una lecci\u00f3n de la experiencia de la Rep\u00fablica Weimer en <strong>Alemania<\/strong> en los a\u00f1os veinte:<\/p>\n<p>\u00abDurante la Rep\u00fablica Weimer en Alemania los partidos pol\u00edticos eran d\u00e9biles y no pod\u00edan dirigir un gobierno fuerte en el pa\u00eds. Esto paviment\u00f3 el camino a una filosof\u00eda extremista de derecha para alcanzar el poder y llevar al pa\u00eds a la guerra. Esto es lo que nosotros estamos intentando evitar bajo un sistema de monarqu\u00eda constitucional. Ser\u00e1 mi deber como rey ser responsable, y neutro, sobre los varios grupos \u00e9tnicos y religiosos iraqu\u00edes. \u00bb <a href=\"#_edn25\" name=\"_ednref25\">[25]<\/a><\/p>\n<p>En un documental de la <strong><em>BBC<\/em><\/strong> \u00e9l fue citado diciendo: Deber\u00eda haber una atm\u00f3sfera de tolerancia y entendiendo porque cada lado tiene sus propias circunstancias. Nosotros no deber\u00edamos abrir cap\u00edtulos de venganza, sino deber\u00edamos abrir un cap\u00edtulo de justicia&#8230; El rey no deber\u00eda ser un gobernante, sino deber\u00eda ser un juez. \u00c9ste es nuestro programa.\u00bb <a href=\"#_edn26\" name=\"_ednref26\">[26]<\/a><\/p>\n<p>En una entrevista con el <strong>diario de Londres <em>Al-Hayat<\/em><\/strong>, \u00e9l dijo que su movimiento ha estado recibiendo peticiones de familias y tribus iraqu\u00edes y de muchas de las fuerzas pol\u00edticas activas para la restauraci\u00f3n de la monarqu\u00eda constitucional. Esto, \u00e9l dijo, \u00abes un deseo popular porque la monarqu\u00eda ser\u00e1 una tienda de campa\u00f1a para todos los iraqu\u00edes y un protector de la constituci\u00f3n&#8230;\u00bb <a href=\"#_edn27\" name=\"_ednref27\">[27]<\/a><\/p>\n<p>Usando el semanario del Movimiento, <strong><em>Al-Rahab<\/em><\/strong> (nombrado en honor del viejo palacio real en Irak), Al-Sharif llam\u00f3 a un refer\u00e9ndum para determinar el futuro de Irak. Con un poco de exageraci\u00f3n, un editorial en el peri\u00f3dico dijo que casi todas las encuestas de opini\u00f3n p\u00fablica llevadas a cabo por instituciones \u00e1rabes y extranjeras muestra que la inmensa mayor\u00eda del pueblo iraqu\u00ed apoya la restauraci\u00f3n de la monarqu\u00eda la cual proveer\u00e1 el ambiente apropiado \u00abpara el desarrollo y floreciendo de la democracia.\u00bb <a href=\"#_edn28\" name=\"_ednref28\">[28]<\/a> El diario independiente iraqu\u00ed <strong><em>Al-Zaman<\/em><\/strong> inform\u00f3 que el 86 por ciento de los estudiosos legales escrutados por el peri\u00f3dico apoyan un r\u00e9gimen republicano. <a href=\"#_edn29\" name=\"_ednref29\">[29]<\/a><\/p>\n<p><strong>Las Perspectivas de una Nueva Monarqu\u00eda en Irak<\/strong><\/p>\n<p>Aquellos que apoyan la restauraci\u00f3n de la monarqu\u00eda en Irak nunca dejan de recordarle a los iraqu\u00edes sobre la prosperidad, estabilidad, paz y desarrollo que el pa\u00eds experiment\u00f3 bajo la antigua monarqu\u00eda. Hab\u00eda una c\u00e1mara baja electa de la casa del parlamento, un servicio civil a un grado mayor no-corrupto relativamente eficaz, un presupuesto nacional que estableci\u00f3 pautas y techos en los gastos, un sistema que asign\u00f3 70 por ciento de ganancias tributarias del petr\u00f3leo para los proyectos de desarrollo y, bastante significante, m\u00faltiples partidos pol\u00edticos y una prensa relativamente libre. La liquidaci\u00f3n de la monarqu\u00eda en 1958 ha puesto a Irak desde entonces en una pendiente. <a href=\"#_edn30\" name=\"_ednref30\">[30]<\/a> Mientras la monarqu\u00eda y el gobierno del momento no estaban sin sus problemas, cualquier observador objetivo tendr\u00eda que admitir que el <em>&#8216;antiguo r\u00e9gimen&#8217;<\/em> fue m\u00e1s democr\u00e1tico en sus d\u00edas que cualquier cosa vista en la mayor\u00eda de los pa\u00edses \u00e1rabes hoy.<\/p>\n<p><strong>Un L\u00edder de la Nueva Oposici\u00f3n al Concejo de Gobierno y un Cr\u00edtico del ACP<\/strong><\/p>\n<p>Al-Sharif se ha convertido en un cr\u00edtico en aumento de la <strong>Autoridad de la Coalici\u00f3n Provisional<\/strong> (ACP). En una reciente conferencia de prensa, \u00e9l dijo que los americanos eran incapaces de resolver los problemas que enfrentan a Irak. Irak, \u00e9l dijo\u00bb enfrenta numerosas crisis y problemas y los americanos son incapaces de resolverlos.\u00bb Igualmente, la situaci\u00f3n de seguridad contin\u00faa deterior\u00e1ndose. La ocupaci\u00f3n de Irak, \u00e9l enfatiz\u00f3, \u00abno refleja el deseo del pueblo iraqu\u00ed para una soberan\u00eda e independencia genuina&hellip; Nosotros somos un pueblo libre y tenemos un asiento en las Naciones Unidas.\u00bb <a href=\"#_edn31\" name=\"_ednref31\">[31]<\/a> \u00c9l declar\u00f3 su oposici\u00f3n al Concejo de Gobierno y dijo que no representa al pueblo iraqu\u00ed en todas sus orientaciones pol\u00edticas y de hecho le falta legitimidad. <a href=\"#_edn32\" name=\"_ednref32\">[32]<\/a><\/p>\n<h5>Irak para los Iraqu\u00edes<\/h5>\n<p>Bajo la consigna \u00abIrak para los iraqu\u00edes\u00bb, Al-Sharif congreg\u00f3 el primer Concejo de Gobierno organizado de oposici\u00f3n. Representantes de varios movimientos pol\u00edticos, sindicatos y jefes tribales se congregaron en Bagdad el 8-9 de septiembre para llamar a la elecci\u00f3n de un gobierno iraqu\u00ed. El debate fue para enfocar sobre el delineamiento de la nueva constituci\u00f3n, las relaciones con la autoridad de ocupaci\u00f3n, y la situaci\u00f3n econ\u00f3mica. La preocupaci\u00f3n fundamental de la nueva oposici\u00f3n es rechazar el delineamiento de una constituci\u00f3n por un comit\u00e9 nombrado por la ACP. Al-Sharif cree que la restauraci\u00f3n de una monarqu\u00eda tiene una mejor oportunidad si la constituci\u00f3n fuese delineada por un cuerpo eligido en lugar de un cuerpo designado. <a href=\"#_edn33\" name=\"_ednref33\">[33]<\/a><\/p>\n<p>Uno de sus logros m\u00e1s grandes a la fecha es el acuerdo que \u00e9l alcanz\u00f3 con el <strong>cl\u00e9rigo Shi&#8217;a<\/strong> m\u00e1s viejo, el <strong>Gran Ayatola Ali Al-Sistani<\/strong>, que miembros de la convenci\u00f3n constitucional los cuales ser\u00e1n responsables para delinear la nueva constituci\u00f3n iraqu\u00ed ser\u00e1n elegidos en lugar de ser nombrados. No hay ninguna duda de que las ambiciones pol\u00edticas de Al-Sharif podr\u00edan recibir un empuj\u00f3n enorme si Al-Sistani apoyara la restauraci\u00f3n de la monarqu\u00eda a Irak.<\/p>\n<\/p>\n<\/div>\n<hr noshade=\"noshade\" \/><!-- footnotes --><\/p>\n<div class=\"bodynews c3\">\n<p><a href=\"#_ednref1\" name=\"_edn1\">[1]<\/a> El discurso del Presidente Bush se enfoc\u00f3 en la guerra al terrorismo, el progreso hecho en Irak hasta hoy, y dirigi\u00f3 el asunto del involucramiento de las Naciones Unidas en la reconstrucci\u00f3n de Irak.<\/p>\n<p><a href=\"#_ednref2\" name=\"_edn2\">[2]<\/a> <em>Al-Manar,<\/em> septiembre 10, 2003.<\/p>\n<p><a href=\"#_ednref3\" name=\"_edn3\">[3]<\/a> <em>Al-Mada,<\/em> septiembre 10, 2003.<\/p>\n<p><a href=\"#_ednref4\" name=\"_edn4\">[4]<\/a> <em>Al-Ittihad,<\/em> septiembre 10, 2003.<\/p>\n<p><a href=\"#_ednref5\" name=\"_edn5\">[5]<\/a> <em>Al-Nahdha,<\/em> septiembre 13, 2003.<\/p>\n<p><a href=\"#_ednref6\" name=\"_edn6\">[6]<\/a> <em>Al-Mada,<\/em> septiembre 10, 2003.<\/p>\n<p><a href=\"#_ednref7\" name=\"_edn7\">[7]<\/a> <em>Al-Nahdha,<\/em> septiembre 10, 2003.<\/p>\n<p><a href=\"#_ednref8\" name=\"_edn8\">[8]<\/a> <em>Al-&#8216;Adala<\/em>, septiembre 15, 2003.<\/p>\n<p><a href=\"#_ednref9\" name=\"_edn9\"><em>[9]<\/em><\/a> <em>Al-Hilal,<\/em> septiembre14, 2003.<\/p>\n<p><a href=\"#_ednref10\" name=\"_edn10\">[10]<\/a> <em>Al-Sa&#8217;a,<\/em> septiembre 13, 2003.<\/p>\n<p><a href=\"#_ednref11\" name=\"_edn11\">[11]<\/a> <em>Al-Mu&#8217;tamar,<\/em> septiembre 13, 2003.<\/p>\n<p><a href=\"#_ednref12\" name=\"_edn12\">[12]<\/a> <em>Al-Watan<\/em>, septiembre 16, 2003.<\/p>\n<p><a href=\"#_ednref13\" name=\"_edn13\">[13]<\/a> <em>Al-Destour<\/em>, septiembre 10, 2003.<\/p>\n<p><a href=\"#_ednref14\" name=\"_edn14\">[14]<\/a> <em>Al-Qabas<\/em>, septiembre 13, 2003.<\/p>\n<p><a href=\"#_ednref15\" name=\"_edn15\">[15]<\/a> <em>Al-Mu&#8217;tamar<\/em>, septiembre 13, 2003.<\/p>\n<p><a href=\"#_ednref16\" name=\"_edn16\">[16]<\/a> <em>Al-Yawm Al-Aakher,<\/em> septiembre 15, 2003.<\/p>\n<p><a href=\"#_ednref17\" name=\"_edn17\">[17]<\/a> <em>Baghdad<\/em>, septiembre 14, 2003.<\/p>\n<p><a href=\"#_ednref18\" name=\"_edn18\">[18]<\/a> <em>Dar Al-Salam<\/em>, septiembre 13, 2003.<\/p>\n<p><a href=\"#_ednref19\" name=\"_edn19\">[19]<\/a> <em>Al-Mada,<\/em> septiembre 10, 2003.<\/p>\n<p><a href=\"#_ednref20\" name=\"_edn20\">[20]<\/a> <em>Al-Yawm Al-Aakher<\/em>, septiembre 15, 2003.<\/p>\n<p><a href=\"#_ednref21\" name=\"_edn21\">[21]<\/a> <em>Al-Sabah<\/em>, septiembre 16, 2003.<\/p>\n<p><a href=\"#_ednref22\" name=\"_edn22\">[22]<\/a> <em>Al-Sabah<\/em>, septiembre 16, 2003.<\/p>\n<p><a href=\"#_ednref23\" name=\"_edn23\">[23]<\/a> <em>Al-Bayan<\/em> (UAE), agosto 10, 2002.<\/p>\n<p><a href=\"#_ednref24\" name=\"_edn24\">[24]<\/a> <a href=\"http:\/\/www.iraqinews.com\/people_bin_ali.shtml\">www.iraqinews.com\/people_bin_ali.shtml<\/a>.<\/p>\n<p><a href=\"#_ednref25\" name=\"_edn25\">[25]<\/a> Entrevista Original con el diario aleman <em>Die Welt<\/em>, traducida por <em>Okaz<\/em> (Arabia Saudita), julio 13, 2003.<\/p>\n<p><a href=\"#_ednref26\" name=\"_edn25\">[26]<\/a> <em>BBC<\/em> News. \u00abPerfil: Sharif Ali bin Al-Hussein,\u00bb octubre 11, 2002.<\/p>\n<p><a href=\"#_ednref27\" name=\"_edn27\">[27]<\/a> <em>Al-Hayat<\/em> (Londres), junio 27, 2003.<\/p>\n<p><a href=\"#_ednref28\" name=\"_edn28\">[28] <em>Al-Rahab<\/em>, septiembre 1, 2003.<\/a><\/p>\n<p><a href=\"#_ednref29\" name=\"_edn29\">[29]<\/a> <em>Al-Zaman<\/em>, septiembre 16, 2003.<\/p>\n<p><a href=\"#_ednref30\" name=\"_edn30\">[30]<\/a> <em>Al-Hayat<\/em> (Londres), junio 17, 2003.<\/p>\n<p><a href=\"#_ednref31\" name=\"_edn31\">[31]<\/a> <em>Al-Sharq Al-Awsat<\/em> (Londres), agosto 25, 2003.<\/p>\n<p><a href=\"#_ednref32\" name=\"_edn32\">[32]<\/a> <em>Al-Hayat<\/em> (Londres), agosto 15, 2003.<\/p>\n<p><a href=\"#_ednref33\" name=\"_edn33\">[33]<\/a> <em>Al-Zaman<\/em>, septiembre 9, 2002.<\/p>\n<\/div>\n","protected":false},"excerpt":{"rendered":"<p>Lo siguiente es la novena entrega de la oficina de MEMRI en Bagdad. Esta se enfoca en los editoriales concernientes al discurso del Presidente Bush el 7 de septiembre del 2003, [1] el establecimiento de la democracia, y la situaci\u00f3n de seguridad en Irak. En el Anexo VII, MEMRI publica la s\u00e9ptima nota biogr\u00e1fica de [&hellip;]<\/p>\n","protected":false},"author":1,"featured_media":0,"comment_status":"open","ping_status":"open","sticky":false,"template":"","format":"standard","meta":{"footnotes":""},"categories":[6,21],"tags":[],"class_list":["post-550","post","type-post","status-publish","format-standard","hentry","category-comunicados-especiales","category-irak"],"_links":{"self":[{"href":"https:\/\/www2.memri.org\/espanol\/wp-json\/wp\/v2\/posts\/550","targetHints":{"allow":["GET"]}}],"collection":[{"href":"https:\/\/www2.memri.org\/espanol\/wp-json\/wp\/v2\/posts"}],"about":[{"href":"https:\/\/www2.memri.org\/espanol\/wp-json\/wp\/v2\/types\/post"}],"author":[{"embeddable":true,"href":"https:\/\/www2.memri.org\/espanol\/wp-json\/wp\/v2\/users\/1"}],"replies":[{"embeddable":true,"href":"https:\/\/www2.memri.org\/espanol\/wp-json\/wp\/v2\/comments?post=550"}],"version-history":[{"count":0,"href":"https:\/\/www2.memri.org\/espanol\/wp-json\/wp\/v2\/posts\/550\/revisions"}],"wp:attachment":[{"href":"https:\/\/www2.memri.org\/espanol\/wp-json\/wp\/v2\/media?parent=550"}],"wp:term":[{"taxonomy":"category","embeddable":true,"href":"https:\/\/www2.memri.org\/espanol\/wp-json\/wp\/v2\/categories?post=550"},{"taxonomy":"post_tag","embeddable":true,"href":"https:\/\/www2.memri.org\/espanol\/wp-json\/wp\/v2\/tags?post=550"}],"curies":[{"name":"wp","href":"https:\/\/api.w.org\/{rel}","templated":true}]}}