{"id":54739,"date":"2019-04-22T14:50:33","date_gmt":"2019-04-22T18:50:33","guid":{"rendered":"http:\/\/www2.memri.org\/espanol\/?p=54739"},"modified":"2019-04-23T14:55:49","modified_gmt":"2019-04-23T18:55:49","slug":"chico-ex-combatiente-del-eiis-yo-ayudaba-a-mi-padre-con-las-decapitaciones","status":"publish","type":"post","link":"https:\/\/www2.memri.org\/espanol\/chico-ex-combatiente-del-eiis-yo-ayudaba-a-mi-padre-con-las-decapitaciones\/54739","title":{"rendered":"Chico ex-combatiente del EIIS: Yo ayudaba a mi padre con las decapitaciones"},"content":{"rendered":"<p><strong><em>El siguiente informe es ahora complemento sin costo alguno del Proyecto Supervisi\u00f3n a la Amenaza Terrorista y Yihad de MEMRI (PSATY). Para informaci\u00f3n sobre como suscribirse al PSATY, pulse <a href=\"https:\/\/www.memri.org\/tv\/isis-boy-i-used-to-help-my-father-with-decapitations\">aqu\u00ed<\/a>.<\/em><\/strong><\/p>\n<p><iframe src=\"https:\/\/www.memri.org\/player\/clip\/42501\/780,440\/1\" width=\"780\" height=\"440\" frameborder=\"0\"><\/iframe><\/p>\n<p><em>El canal de televisi\u00f3n Al-Arabiya Network entrevist\u00f3 a Mustaf\u00e1, un chico ex-combatiente del EIIS que actualmente se encuentra en un centro de rehabilitaci\u00f3n. Mustaf\u00e1 le dice al entrevistador que es hijo de un emir del EIIS, su padre lo llev\u00f3 a varios campos de entrenamiento del EIIS, donde se entren\u00f3 en armamento y asisti\u00f3 a clases de sharia. Mustaf\u00e1 se convirti\u00f3 en miembro del EIIS con plenos derechos a los 12 a\u00f1os de edad. Como emir del EIIS, el padre de Mustaf\u00e1 llev\u00f3 a cabo decapitaciones a miembros del r\u00e9gimen y Mustaf\u00e1 lo ayudar\u00eda retirando los cuerpos y tomando fotograf\u00edas. Mustaf\u00e1 tambi\u00e9n particip\u00f3 en varias batallas, aunque afirma que nunca asesin\u00f3 a nadie en batalla. El entrevistador le pregunta a Mustaf\u00e1 sobre las mujeres yazidi que fueron esclavas de su padre, sobre sus condiciones de vida y el trato que recibieron. Mustaf\u00e1 confirma que su padre ten\u00eda tres esclavas yazidi, aunque afirma que no conoce de ning\u00fan otro detalle sobre ellas. Seg\u00fan Mustaf\u00e1, su padre lo golpeaba y lo obligaba a regresar a la l\u00ednea del frente cuando este se iba a casa. Mustaf\u00e1 dice que no ha pensado en lo que le gustar\u00eda hacer en el futuro. La entrevista fue transmitida el 15 de abril, 2019.<\/em><\/p>\n<p><strong><em>Para ver el video de Mustaf\u00e1 en el portal MEMRI TV, pulse aqu\u00ed o debajo.<\/em><\/strong><\/p>\n<p><strong>\u00abNos entrenaron en armamento y nos dieron lecciones\u00bb<\/strong><\/p>\n<p><strong>Entrevistador<\/strong>: \u00abMustaf\u00e1, \u00bfcu\u00e1ntos a\u00f1os tienes?\u00bb<\/p>\n<p><strong>Mustaf\u00e1<\/strong>: \u00ab15\u00bb.<\/p>\n<p><img loading=\"lazy\" decoding=\"async\" class=\"alignnone size-full wp-image-54747\" src=\"https:\/\/www2.memri.org\/espanol\/wp-content\/uploads\/2019\/04\/MTV7158-1.jpg\" width=\"863\" height=\"229\" srcset=\"https:\/\/www2.memri.org\/espanol\/wp-content\/uploads\/2019\/04\/MTV7158-1.jpg 863w, https:\/\/www2.memri.org\/espanol\/wp-content\/uploads\/2019\/04\/MTV7158-1-300x80.jpg 300w, https:\/\/www2.memri.org\/espanol\/wp-content\/uploads\/2019\/04\/MTV7158-1-768x204.jpg 768w, https:\/\/www2.memri.org\/espanol\/wp-content\/uploads\/2019\/04\/MTV7158-1-600x159.jpg 600w, https:\/\/www2.memri.org\/espanol\/wp-content\/uploads\/2019\/04\/MTV7158-1-696x185.jpg 696w\" sizes=\"auto, (max-width: 863px) 100vw, 863px\" \/><\/p>\n<p><strong>Entrevistador<\/strong>: \u00ab\u00bfDe d\u00f3nde eres?\u00bb<\/p>\n<p><strong>Mustaf\u00e1<\/strong>: \u00abSoy oriundo de Deir ez-Zor, pero vivo en Al-Tabqa\u00bb.<\/p>\n<p><strong>Entrevistador<\/strong>: \u00ab\u00bfC\u00f3mo llegaste a conocer al EIIS? \u00bfPerteneci\u00f3 tu padre al EIIS?\u00bb<\/p>\n<p><strong>Mustaf\u00e1<\/strong>: \u00absi\u00bb<\/p>\n<p><img loading=\"lazy\" decoding=\"async\" class=\"alignnone size-full wp-image-54748\" src=\"https:\/\/www2.memri.org\/espanol\/wp-content\/uploads\/2019\/04\/MTV71581-1.jpg\" width=\"857\" height=\"227\" srcset=\"https:\/\/www2.memri.org\/espanol\/wp-content\/uploads\/2019\/04\/MTV71581-1.jpg 857w, https:\/\/www2.memri.org\/espanol\/wp-content\/uploads\/2019\/04\/MTV71581-1-300x79.jpg 300w, https:\/\/www2.memri.org\/espanol\/wp-content\/uploads\/2019\/04\/MTV71581-1-768x203.jpg 768w, https:\/\/www2.memri.org\/espanol\/wp-content\/uploads\/2019\/04\/MTV71581-1-600x159.jpg 600w, https:\/\/www2.memri.org\/espanol\/wp-content\/uploads\/2019\/04\/MTV71581-1-696x184.jpg 696w\" sizes=\"auto, (max-width: 857px) 100vw, 857px\" \/><\/p>\n<p><strong>Entrevistador<\/strong>: \u00ab\u00bfCu\u00e1l era su papel? \u00bfFue Emir? \u00bfL\u00edder?\u00bb<\/p>\n<p><strong>Mustaf\u00e1<\/strong>: \u00abFue oficial en el EIIS\u00bb.<\/p>\n<p><strong>Entrevistador<\/strong>: \u00ab\u00bfD\u00f3nde se encuentra \u00e9l ahora?\u00bb<\/p>\n<p><strong>Mustaf\u00e1<\/strong>: \u00abNo lo s\u00e9\u00bb.<\/p>\n<p><strong>Entrevistador<\/strong>: \u00ab\u00bfY c\u00f3mo llegaste a conocer al EIIS? Cu\u00e9ntanos\u00bb.<\/p>\n<p><strong>Mustaf\u00e1<\/strong>: \u00abMi padre me llev\u00f3 al primer campamento, luego al segundo, luego al tercero, luego al cuarto y luego me convert\u00ed en miembro del EIIS\u00bb.<\/p>\n<p><img loading=\"lazy\" decoding=\"async\" class=\"alignnone size-full wp-image-54749\" src=\"https:\/\/www2.memri.org\/espanol\/wp-content\/uploads\/2019\/04\/MTV71582-1.jpg\" width=\"859\" height=\"225\" srcset=\"https:\/\/www2.memri.org\/espanol\/wp-content\/uploads\/2019\/04\/MTV71582-1.jpg 859w, https:\/\/www2.memri.org\/espanol\/wp-content\/uploads\/2019\/04\/MTV71582-1-300x79.jpg 300w, https:\/\/www2.memri.org\/espanol\/wp-content\/uploads\/2019\/04\/MTV71582-1-768x201.jpg 768w, https:\/\/www2.memri.org\/espanol\/wp-content\/uploads\/2019\/04\/MTV71582-1-600x157.jpg 600w, https:\/\/www2.memri.org\/espanol\/wp-content\/uploads\/2019\/04\/MTV71582-1-696x182.jpg 696w\" sizes=\"auto, (max-width: 859px) 100vw, 859px\" \/><\/p>\n<p><img loading=\"lazy\" decoding=\"async\" class=\"alignnone size-full wp-image-54750\" src=\"https:\/\/www2.memri.org\/espanol\/wp-content\/uploads\/2019\/04\/MTV71583-1.jpg\" width=\"609\" height=\"327\" srcset=\"https:\/\/www2.memri.org\/espanol\/wp-content\/uploads\/2019\/04\/MTV71583-1.jpg 609w, https:\/\/www2.memri.org\/espanol\/wp-content\/uploads\/2019\/04\/MTV71583-1-300x161.jpg 300w, https:\/\/www2.memri.org\/espanol\/wp-content\/uploads\/2019\/04\/MTV71583-1-600x322.jpg 600w\" sizes=\"auto, (max-width: 609px) 100vw, 609px\" \/><\/p>\n<p><strong>Entrevistador<\/strong>: \u00ab\u00bfQu\u00e9 hac\u00edas en el campamento? \u00bfEn qu\u00e9 te entrenaban?\u00bb<\/p>\n<p><strong>Mustaf\u00e1<\/strong>: \u00abEn c\u00f3mo utilizar armas y las lecciones\u00bb.<\/p>\n<p><img loading=\"lazy\" decoding=\"async\" class=\"alignnone size-full wp-image-54751\" src=\"https:\/\/www2.memri.org\/espanol\/wp-content\/uploads\/2019\/04\/MTV71584-1.jpg\" width=\"823\" height=\"216\" srcset=\"https:\/\/www2.memri.org\/espanol\/wp-content\/uploads\/2019\/04\/MTV71584-1.jpg 823w, https:\/\/www2.memri.org\/espanol\/wp-content\/uploads\/2019\/04\/MTV71584-1-300x79.jpg 300w, https:\/\/www2.memri.org\/espanol\/wp-content\/uploads\/2019\/04\/MTV71584-1-768x202.jpg 768w, https:\/\/www2.memri.org\/espanol\/wp-content\/uploads\/2019\/04\/MTV71584-1-600x157.jpg 600w, https:\/\/www2.memri.org\/espanol\/wp-content\/uploads\/2019\/04\/MTV71584-1-696x183.jpg 696w\" sizes=\"auto, (max-width: 823px) 100vw, 823px\" \/><\/p>\n<p><strong>Entrevistador<\/strong>: \u00ab\u00bfCu\u00e1les eran esas lecciones?\u00bb<\/p>\n<p><strong>Mustaf\u00e1<\/strong>: \u00abLecciones de sharia\u00bb.<\/p>\n<p><strong>Entrevistador<\/strong>: \u00ab\u00bfQu\u00e9 tipo de armamento?\u00bb<\/p>\n<p><strong>Mustaf\u00e1<\/strong>: \u00abRifles\u00bb.<\/p>\n<p><strong>Entrevistador<\/strong>: \u00abS\u00e9 que estuviste involucrado en&#8230;\u00bb<\/p>\n<p><strong>Mustaf\u00e1<\/strong>: \u00abNo, no es as\u00ed\u00bb.<\/p>\n<p><strong>Entrevistador<\/strong>: \u00abBien, dime\u00bb.<\/p>\n<p><strong>Mustaf\u00e1<\/strong>: \u00abMi padre estuvo involucrado en eso, simplemente lo eliminar\u00eda\u00bb.<\/p>\n<p><strong>Entrevistador<\/strong>: \u00ab\u00bfSolo lo quitar\u00edas?\u00bb<\/p>\n<p><strong>Mustaf\u00e1<\/strong>: \u00absi\u00bb<\/p>\n<p><strong>Entrevistador<\/strong>: \u00ab\u00bfD\u00f3nde te entrenaron? D\u00edme. \u00bfTe llevaron al campamento Tell Abyad? H\u00e1blame de estos campamentos y cu\u00e1les son las diferencias entre el que fuiste y los campamentos de j\u00f3venes\u00bb.<\/p>\n<p><strong>Mustaf\u00e1<\/strong>: \u00abNo hay diferencia, uno tiene gente joven y el otro adultos\u00bb.<\/p>\n<p><strong>Entrevistador<\/strong>: \u00ab\u00bfTe llevaron a un campamento? \u00bfCu\u00e1l?\u00bb<\/p>\n<p><strong>Mustaf\u00e1<\/strong>: \u00abPrimero me llevaron al campamento de adultos, luego fui a uno para j\u00f3venes, luego a otro para j\u00f3venes y de all\u00ed a uno para adultos y me convert\u00ed en miembro del EIIS\u00bb.<\/p>\n<p><strong>Entrevistador<\/strong>: \u00abDime algo &#8211; el campamento para adultos, \u00bfqu\u00e9 hiciste all\u00ed?\u00bb<\/p>\n<p><strong>Mustaf\u00e1<\/strong>: \u00abNos entrenaron en el c\u00f3mo utilizar el armamento y nos dieron lecciones\u00bb.<\/p>\n<p><strong>Entrevistador<\/strong>: \u00ab\u00bfCon qu\u00e9 tipo de armas entrenaste?\u00bb<\/p>\n<p><strong>Mustaf\u00e1<\/strong>: \u00abRifles\u00bb.<\/p>\n<p><strong>\u00abLuego vino mi padre y comenc\u00e9 a trabajar con \u00e9l en las decapitaciones\u00bb<\/strong><\/p>\n<p><strong>Entrevistador<\/strong>: \u00abPasaste por mucho entrenamiento para convertirte en miembro del EIIS. \u00bfCu\u00e1les son los tipos de entrenamiento? Aparte de lo que mencionaste. \u00bfHay algo m\u00e1s? \u00bfHubo niveles, te entrenaron con un mejor armamento?\u00bb<\/p>\n<p><strong>Mustaf\u00e1<\/strong>: \u00abNo.\u00bb<\/p>\n<p><strong>Entrevistador<\/strong>: \u00abEn religi\u00f3n, \u00bfqu\u00e9 te ense\u00f1aban?\u00bb<\/p>\n<p><strong>Mustaf\u00e1<\/strong>: \u00abCredo\u00bb.<\/p>\n<p><strong>Entrevistador<\/strong>: \u00ab\u00bfQu\u00e9 es el credo?\u00bb<\/p>\n<p><strong>Mustaf\u00e1<\/strong>: \u00abNo lo s\u00e9\u00bb.<\/p>\n<p><strong>Entrevistador<\/strong>: \u00abCuando te convert\u00edas en miembro del EIIS, \u00bfqu\u00e9 hac\u00edas?\u00bb<\/p>\n<p><strong>Mustaf\u00e1<\/strong>: \u00abFui al batall\u00f3n\u00bb.<\/p>\n<p><strong>Entrevistador<\/strong>: \u00ab\u00bfQu\u00e9 batall\u00f3n?\u00bb<\/p>\n<p><strong>Mustaf\u00e1<\/strong>: \u00abEl batall\u00f3n de Omar\u00bb.<\/p>\n<p><strong>Entrevistador<\/strong>: \u00ab\u00bfD\u00f3nde se encuentra eso?\u00bb<\/p>\n<p><strong>Mustaf\u00e1<\/strong>: \u00abEn Al-Tabqa\u00bb.<\/p>\n<p><strong>Entrevistador<\/strong>: \u00ab\u00bfQu\u00e9 hiciste cuando estabas en el batall\u00f3n?\u00bb<\/p>\n<p><strong>Mustaf\u00e1<\/strong>: \u00abSolo estuve en el batall\u00f3n y luego me mud\u00e9 a un punto de control en Rif Hama y luego mi padre vino y comenc\u00e9 a trabajar con \u00e9l en las decapitaciones\u00bb.<\/p>\n<p><strong>Entrevistador<\/strong>: \u00abCuando lo ves decapitar gente, \u00bfqu\u00e9 dec\u00edas?\u00bb<\/p>\n<p><strong>Mustaf\u00e1<\/strong>: \u00abNada\u00bb.<\/p>\n<p><strong>Entrevistador<\/strong>: \u00ab\u00bfNo te asustaste la primera vez?\u00bb<\/p>\n<p><strong>Mustaf\u00e1<\/strong>: \u00absi\u00bb<\/p>\n<p><strong>Entrevistador<\/strong>: \u00abY cuando te asustaste, \u00bfqu\u00e9 te dijeron?\u00bb<\/p>\n<p><strong>Mustaf\u00e1<\/strong>: \u00abNada. No les dije que estaba asustado\u00bb.<\/p>\n<p><strong>Entrevistador<\/strong>: \u00ab\u00bfPor qu\u00e9 no? No decapitaste a nadie. \u00bfQu\u00e9 hiciste?\u00bb<\/p>\n<p><strong>Mustaf\u00e1<\/strong>: \u00abSolo los remov\u00eda del lugar\u00bb.<\/p>\n<p><strong>Entrevistador<\/strong>: \u00ab\u00bfLos quitas y luego qu\u00e9? \u00bfTomabas fotograf\u00edas? \u00bfCu\u00e1ntas cabezas decapitadas ten\u00edas frente a ti, te acuerdas?\u00bb<\/p>\n<p><strong>Mustaf\u00e1<\/strong>: \u00abSeis\u00bb.<\/p>\n<p><strong>Entrevistador<\/strong>: \u00ab\u00bfJuntas o separadas?\u00bb<\/p>\n<p><strong>Mustaf\u00e1<\/strong>: \u00abSeparadas\u00bb.<\/p>\n<p><strong>Entrevistador<\/strong>: \u00ab\u00bfPor qu\u00e9 los decapitaron, te lo dijeron?\u00bb<\/p>\n<p><strong>Mustaf\u00e1<\/strong>: \u00absi\u00bb<\/p>\n<p><strong>Entrevistador<\/strong>: \u00ab\u00bfPor qu\u00e9?\u00bb<\/p>\n<p><strong>Mustaf\u00e1<\/strong>: \u00abPorque pertenec\u00edan al r\u00e9gimen\u00bb.<\/p>\n<p><strong>Entrevistador<\/strong>: \u00ab\u00bfEstaban con el r\u00e9gimen?\u00bb<\/p>\n<p><em>Mustaf\u00e1 asiente con la cabeza.<\/em><\/p>\n<p><strong>\u00abEl que nos trajo a las esclavas fue encarcelado conmigo\u00bb<\/strong><\/p>\n<p><strong>\u00a0<\/strong><\/p>\n<p><strong>Entrevistador<\/strong>: \u00ab\u00bfQu\u00e9 te dijeron sobre aquellos que no estaban con el EIIS? Los que est\u00e1n fuera del estado, \u00bfqu\u00e9 te dijeron sobre ellos?\u00bb<\/p>\n<p><strong>Mustaf\u00e1<\/strong>: \u00abNo sol\u00edan decir nada\u00bb.<\/p>\n<p><strong>Entrevistador<\/strong>: \u00ab\u00bfNo sol\u00edan decir que aquellos que no son parte del EIIS eran paganos?\u00bb<\/p>\n<p><strong>Mustaf\u00e1<\/strong>: \u00abNo todos dec\u00edan eso\u00bb.<\/p>\n<p><strong>Entrevistador<\/strong>: \u00ab\u00bfQui\u00e9nes eran paganos?\u00bb<\/p>\n<p><strong>Mustaf\u00e1<\/strong>: \u00abLos que no rezan\u00bb.<\/p>\n<p><strong>Entrevistador<\/strong>: \u00ab\u00bfY los que no llevan puesto un <em>hiyab<\/em>?\u00bb<\/p>\n<p><strong>Mustaf\u00e1<\/strong>: \u00abEsos no est\u00e1n relacionados al paganismo\u00bb.<\/p>\n<p><strong>Entrevistador<\/strong>: \u00ab\u00bfTienes hermanos?\u00bb<\/p>\n<p><strong>Mustaf\u00e1<\/strong>: \u00absi\u00bb<\/p>\n<p><strong>Entrevistador<\/strong>: \u00ab\u00bfD\u00f3nde est\u00e1n? \u00bfSon mayores, m\u00e1s j\u00f3venes que t\u00fa?\u00bb<\/p>\n<p><strong>Mustaf\u00e1<\/strong>: \u00abM\u00e1s j\u00f3venes que yo\u00bb.<\/p>\n<p><strong>Entrevistador<\/strong>: \u00ab\u00bfEres el mayor?\u00bb<\/p>\n<p><strong>Mustaf\u00e1<\/strong>: \u00absi\u00bb<\/p>\n<p><strong>Entrevistador<\/strong>: \u00ab\u00bfD\u00f3nde est\u00e1 tu madre?\u00bb<\/p>\n<p><strong>Mustaf\u00e1<\/strong>: \u00abNo lo s\u00e9\u00bb.<\/p>\n<p><strong>Entrevistador<\/strong>: \u00abTu madre &#8211; \u00bfcuando le dijiste, no le dijiste que ten\u00edas miedo?\u00bb<\/p>\n<p><strong>Mustaf\u00e1<\/strong>: \u00abNo\u00bb.<\/p>\n<p><strong>Entrevistador<\/strong>: \u00ab\u00bfNo le quer\u00edas decir o estabas demasiado asustado para decirlo?\u00bb<\/p>\n<p><strong>Mustaf\u00e1<\/strong>: \u00abNo le quer\u00eda decir\u00bb.<\/p>\n<p><strong>Entrevistador<\/strong>: \u00ab\u00bfCu\u00e1nto tiempo llevas aqu\u00ed en el centro?\u00bb<\/p>\n<p><strong>Mustaf\u00e1<\/strong>: \u00abUn a\u00f1o y cuatro meses\u00bb.<\/p>\n<p><strong>Entrevistador<\/strong>: \u00ab\u00bfTe sientes c\u00f3modo, feliz? \u00bfCambi\u00f3 algo para ti? \u00bfTe molesta algo? \u00bfTe sientes m\u00e1s c\u00f3modo aqu\u00ed o est\u00e1 m\u00e1s c\u00f3modo en el EIIS?\u00bb<\/p>\n<p><strong>Mustaf\u00e1<\/strong>: \u00abMuchas cosas cambiaron para m\u00ed aqu\u00ed en el centro\u00bb.<\/p>\n<p><strong>Entrevistador<\/strong>: \u00ab\u00bfComo qu\u00e9?\u00bb<\/p>\n<p><strong>Mustaf\u00e1<\/strong>: \u00abNo veo las mismas vistas que sol\u00eda ver. El trato aqu\u00ed es mucho mejor\u00bb.<\/p>\n<p><strong>Entrevistador<\/strong>: \u00ab\u00bfQu\u00e9 hac\u00edan las esclavas en casa?\u00bb<\/p>\n<p><strong>Mustaf\u00e1<\/strong>: \u00abNo lo s\u00e9\u00bb.<\/p>\n<p><strong>Entrevistador<\/strong>: \u00abPero estabas en casa. Las chicas Yazidi que estaban contigo en casa, \u00bfqu\u00e9 hac\u00edan?\u00bb<\/p>\n<p><strong>Mustaf\u00e1<\/strong>: \u00abYo era miembro del EIIS\u00bb.<\/p>\n<p><strong>Entrevistador<\/strong>: \u00abS\u00ed, pero \u00bfno ten\u00edas esclavas en casa? \u00bfQu\u00e9 hac\u00edan? \u00bfLimpiar, trabajar, cocinar?\u00bb<\/p>\n<p><strong>Mustaf\u00e1<\/strong>: \u00absi\u00bb<\/p>\n<p><strong>Entrevistador<\/strong>: \u00abDime exactamente lo que hac\u00edan\u00bb.<\/p>\n<p><img loading=\"lazy\" decoding=\"async\" class=\"alignnone size-full wp-image-54752\" src=\"https:\/\/www2.memri.org\/espanol\/wp-content\/uploads\/2019\/04\/MTV71588-1.jpg\" width=\"804\" height=\"212\" srcset=\"https:\/\/www2.memri.org\/espanol\/wp-content\/uploads\/2019\/04\/MTV71588-1.jpg 804w, https:\/\/www2.memri.org\/espanol\/wp-content\/uploads\/2019\/04\/MTV71588-1-300x79.jpg 300w, https:\/\/www2.memri.org\/espanol\/wp-content\/uploads\/2019\/04\/MTV71588-1-768x203.jpg 768w, https:\/\/www2.memri.org\/espanol\/wp-content\/uploads\/2019\/04\/MTV71588-1-600x158.jpg 600w, https:\/\/www2.memri.org\/espanol\/wp-content\/uploads\/2019\/04\/MTV71588-1-696x184.jpg 696w\" sizes=\"auto, (max-width: 804px) 100vw, 804px\" \/><\/p>\n<p><strong>Mustaf\u00e1<\/strong>: \u00abLimpiaban y trabajaban\u00bb.<\/p>\n<p><strong>Entrevistador<\/strong>: \u00ab\u00bfQui\u00e9n las golpeaba? \u00bfA qui\u00e9n pertenec\u00edan estas esclavas? \u00bfQui\u00e9n las llev\u00f3 a tu casa?\u00bb<\/p>\n<p><img loading=\"lazy\" decoding=\"async\" class=\"alignnone size-full wp-image-54753\" src=\"https:\/\/www2.memri.org\/espanol\/wp-content\/uploads\/2019\/04\/MTV71589-1.jpg\" width=\"800\" height=\"210\" srcset=\"https:\/\/www2.memri.org\/espanol\/wp-content\/uploads\/2019\/04\/MTV71589-1.jpg 800w, https:\/\/www2.memri.org\/espanol\/wp-content\/uploads\/2019\/04\/MTV71589-1-300x79.jpg 300w, https:\/\/www2.memri.org\/espanol\/wp-content\/uploads\/2019\/04\/MTV71589-1-768x202.jpg 768w, https:\/\/www2.memri.org\/espanol\/wp-content\/uploads\/2019\/04\/MTV71589-1-600x158.jpg 600w, https:\/\/www2.memri.org\/espanol\/wp-content\/uploads\/2019\/04\/MTV71589-1-696x183.jpg 696w\" sizes=\"auto, (max-width: 800px) 100vw, 800px\" \/><\/p>\n<p><strong>Mustaf\u00e1<\/strong>: \u00abUn hombre. Fue encarcelado conmigo\u00bb.<\/p>\n<p><strong>Entrevistador<\/strong>: \u00abFuiste encarcelado?\u00bb<\/p>\n<p><strong>Mustaf\u00e1<\/strong>: \u00abEl que nos trajo las esclavas fue encarcelado conmigo\u00bb.<\/p>\n<p><strong>Entrevistador<\/strong>: \u00ab\u00bfEncarcelado contigo? \u00bfD\u00f3nde estuviste encarcelado?\u00bb<\/p>\n<p><strong>Mustaf\u00e1<\/strong>: \u00abEn Al-Tabqa\u00bb.<\/p>\n<p><strong>Entrevistador<\/strong>: \u00ab\u00bfQuien te encarcel\u00f3?\u00bb<\/p>\n<p><strong>Mustaf\u00e1<\/strong>: \u00abLas Fuerzas Democr\u00e1ticas Sirias\u00bb.<\/p>\n<p><strong>Entrevistador<\/strong>: \u00abAs\u00ed que, \u00bfviste a este hombre en la c\u00e1rcel luego? \u00bfEra amigo de tu padre?\u00bb<\/p>\n<p><strong>Mustaf\u00e1<\/strong>: \u00absi\u00bb<\/p>\n<p><strong>\u00abLo acabo de utilizar para disparar dos veces\u00bb \u00ab\u00bfDisparar qu\u00e9?\u00bb \u00abAl r\u00e9gimen\u00bb \u00ab\u00bfLos golpeaste?\u00bb \u00abNo\u00bb<\/strong><\/p>\n<p><strong>Entrevistador<\/strong>: \u00abTuviste a 7 chicas Yazidi. \u00bfTu casa tiene capacidad para 7? \u00bfEra grande?\u00bb<\/p>\n<p><strong>Mustaf\u00e1<\/strong>: \u00abNo eran 7, ten\u00edamos 3\u00bb.<\/p>\n<p><strong>Entrevistador<\/strong>: \u00abTres, \u00bfy qu\u00e9 hac\u00edan?\u00bb<\/p>\n<p><strong>Mustaf\u00e1<\/strong>: \u00abS\u00f3lo limpiaban y trabajaban\u00bb.<\/p>\n<p><strong>Entrevistador<\/strong>: \u00ab\u00bfSe portaban bien o no? Dime\u00bb.<\/p>\n<p><strong>Mustaf\u00e1<\/strong>: \u00abNo s\u00e9\u00bb.<\/p>\n<p><strong>Entrevistador<\/strong>: \u00ab\u00bfQu\u00e9 les daban de comer? \u00bfD\u00f3nde dorm\u00edan? \u00bfLa casa era grande?\u00bb<\/p>\n<p><strong>Mustaf\u00e1<\/strong>: \u00abYo era miembro del EIIS\u00bb.<\/p>\n<p><strong>Entrevistador<\/strong>: \u00ab\u00bfQu\u00e9 significa eso de que eras miembro del EIIS? \u00bfNo estaba en casa?\u00bb<\/p>\n<p><strong>Mustaf\u00e1<\/strong>: \u00absi\u00bb<\/p>\n<p><strong>Entrevistador<\/strong>: \u00ab\u00bfY d\u00f3nde estaba tu padre?\u00bb<\/p>\n<p><strong>Mustaf\u00e1<\/strong>: \u00abTambi\u00e9n era miembro del EIIS.<\/p>\n<p><strong>Entrevistador<\/strong>: \u00ab\u00bfQui\u00e9n se quedaba en casa?\u00bb<\/p>\n<p><strong>Mustaf\u00e1<\/strong>: \u00abS\u00f3lo las esposas de mi padre\u00bb.<\/p>\n<p><strong>Entrevistador<\/strong>: \u00abY las tres mujeres &#8211; \u00bferan Yazidi o eran las esposas de tu padre?\u00bb<\/p>\n<p><strong>Mustaf\u00e1<\/strong>: \u00abLas esposas de mi padre, cada una quedaba sola y las mujeres Yazidi estaban solas\u00bb.<\/p>\n<p><strong>Entrevistador<\/strong>: \u00ab\u00bfEn una casa separada?\u00bb<\/p>\n<p><strong>Mustaf\u00e1<\/strong>: \u00abEn una casa separada\u00bb.<\/p>\n<p><strong>Entrevistador<\/strong>: \u00ab\u00bfQui\u00e9n las visitaba &#8211; tu padre?\u00bb<\/p>\n<p><strong>Mustaf\u00e1<\/strong>: \u00absi\u00bb<\/p>\n<p><strong>Entrevistador<\/strong>: \u00ab\u00bfNo ibas con \u00e9l?\u00bb<\/p>\n<p><strong>Mustaf\u00e1<\/strong>: \u00abNo\u00bb.<\/p>\n<p><strong>Entrevistador<\/strong>: \u00bfPor qu\u00e9?<\/p>\n<p><strong>Mustaf\u00e1<\/strong>: No voy\u00bb.<\/p>\n<p><strong>Entrevistador<\/strong>: \u00ab\u00bfNi siquiera una vez?\u00bb<\/p>\n<p><strong>Mustaf\u00e1<\/strong>: \u00abNunca fui\u00bb.<\/p>\n<p><strong>Entrevistador<\/strong>: \u00ab\u00bfNo las conoces? \u00bfC\u00f3mo supiste que eran 3?\u00bb<\/p>\n<p><strong>Mustaf\u00e1<\/strong>: \u00abLas esposas de mi padre me lo dijeron\u00bb.<\/p>\n<p><strong>Entrevistador<\/strong>: \u00ab\u00bfC\u00f3mo te dijeron que hab\u00eda mujeres Yazidi en una casa?\u00bb<\/p>\n<p><strong>Mustaf\u00e1<\/strong>: \u00abMe dijeron que trajeron a las mujeres Yazidi a la casa\u00bb.<\/p>\n<p><strong>Entrevistador<\/strong>: \u00ab\u00bfSal\u00edan de la casa o simplemente se quedaban all\u00ed?\u00bb<\/p>\n<p><strong>Mustaf\u00e1<\/strong>: \u00abS\u00f3lo se quedan en casa\u00bb.<\/p>\n<p><strong>Entrevistador<\/strong>: \u00ab\u00bfAlguna vez cocinaron para ti? \u00bfEs bueno lo que cocinan? \u00bfLimpian adecuadamente?\u00bb<\/p>\n<p><strong>Mustaf\u00e1<\/strong>: \u00abYo no voy a la casa en lo absoluto\u00bb.<\/p>\n<p><strong>Entrevistador<\/strong>: \u00abD\u00edme c\u00f3mo era tu vida all\u00ed. Si no juegas, ahora tienes 15 a\u00f1os y has estado aqu\u00ed durante m\u00e1s de un a\u00f1o, as\u00ed que ten\u00edas 13 cuando llegaste. \u00bfEn qu\u00e9 a\u00f1o te uniste al EIIS?\u00bb<\/p>\n<p><strong>Mustaf\u00e1<\/strong>: \u00abHace 3 a\u00f1os\u00bb.<\/p>\n<p><strong>Entrevistador<\/strong>: \u00ab\u00bfTres a\u00f1os antes de que llegaras aqu\u00ed?\u00bb<\/p>\n<p><strong>Mustaf\u00e1<\/strong>: \u00absi.\u00bb<\/p>\n<p><strong>Entrevistador<\/strong>: \u00ab\u00bfQu\u00e9 a\u00f1o, te acuerdas?\u00bb<\/p>\n<p><strong>Mustaf\u00e1<\/strong>: \u00abNo\u00bb.<\/p>\n<p><strong>Entrevistador<\/strong>: \u00ab\u00bfA qu\u00e9 frentes fuiste con tu padre?\u00bb<\/p>\n<p><strong>Mustaf\u00e1<\/strong>: \u00abUn frente\u00bb.<\/p>\n<p><strong>Entrevistador<\/strong>: \u00ab\u00bfCu\u00e1l?\u00bb<\/p>\n<p><strong>Mustaf\u00e1<\/strong>: \u00abDeir ez-Zor\u00bb.<\/p>\n<p><strong>Entrevistador<\/strong>: \u00ab\u00bfAlguna vez disparaste algo? \u00bfUtilizaste alg\u00fan arma?\u00bb<\/p>\n<p><strong>Mustaf\u00e1<\/strong>: \u00absi\u00bb.<\/p>\n<p><strong>Entrevistador<\/strong>: \u00ab\u00bfEn qu\u00e9 batalla o qu\u00e9 \u00e1rea, te acuerdas?\u00bb<\/p>\n<p><strong>Mustaf\u00e1<\/strong>: \u00abEn Ayash\u00bb.<\/p>\n<p><strong>Entrevistador<\/strong>: \u00ab\u00bfFuiste bueno utilizando armas? \u00bfDisparabas bien?\u00bb<\/p>\n<p><strong>Mustaf\u00e1<\/strong>: \u00abNo\u00bb.<\/p>\n<p><strong>Entrevistador<\/strong>: \u00ab\u00bfViste a Abu Bakr Al-Bagdad\u00ed ya que tu padre era &#8216;Emir&#8217;?\u00bb<\/p>\n<p><strong>Mustaf\u00e1<\/strong>: \u00abNo\u00bb.<\/p>\n<p><strong>Entrevistador<\/strong>: \u00ab\u00bfNunca?\u00bb<\/p>\n<p><strong>Mustaf\u00e1<\/strong>: \u00abNo\u00bb.<\/p>\n<p><strong>Entrevistador<\/strong>: \u00ab\u00bfQu\u00e9 escuchabas de \u00e9l?\u00bb<\/p>\n<p><strong>Mustaf\u00e1<\/strong>: \u00abNada, solo ver\u00edamos sus videos\u00bb.<\/p>\n<p><strong>Entrevistador<\/strong>: \u00abTu padre &#8211; \u00bfnunca te dijo que lo vio?\u00bb<\/p>\n<p><strong>Mustaf\u00e1<\/strong>: \u00abNo\u00bb.<\/p>\n<p><strong>Entrevistador<\/strong>: \u00ab\u00bfC\u00f3mo te trat\u00f3 tu padre? \u00bfTe grit\u00f3, te golpe\u00f3? \u00bfFue amable?\u00bb<\/p>\n<p><strong>Mustaf\u00e1<\/strong>: \u00abMe pegaba\u00bb.<\/p>\n<p><strong>Entrevistador<\/strong>: \u00ab\u00bfTu padre te pegaba?\u00bb<\/p>\n<p><strong>Mustaf\u00e1<\/strong>: \u00abS\u00ed, por ejemplo, si me ausente por 3 d\u00edas de los miembros del EIIS, me pegaba\u00bb.<\/p>\n<p><strong>Entrevistador<\/strong>: \u00ab\u00bfPor qu\u00e9 te ausentabas por 3 d\u00edas?\u00bb<\/p>\n<p><strong>Mustaf\u00e1<\/strong>: \u00abLa casa de mi familia\u00bb.<\/p>\n<p><strong>Entrevistador<\/strong>: \u00ab\u00bfY cuando te golpeaba?\u00bb<\/p>\n<p><strong>Mustaf\u00e1<\/strong>: \u00abMe vi obligado a regresar\u00bb.<\/p>\n<p><strong>Entrevistador<\/strong>: \u00ab\u00bfQu\u00e9 me dices de tu madre? \u00bfNo le dec\u00edas si estabas feliz o molesto? \u00bfQu\u00e9 le dec\u00edas a tu madre?\u00bb<\/p>\n<p><strong>Mustaf\u00e1<\/strong>: \u00abNada\u00bb.<\/p>\n<p><strong>Entrevistador<\/strong>: \u00ab\u00bfSe molestaba por lo que hac\u00edas?\u00bb<\/p>\n<p><strong>Mustaf\u00e1<\/strong>: \u00abNo s\u00e9\u00bb.<\/p>\n<p><strong>Entrevistador<\/strong>: \u00ab\u00bfNo le preguntaste?\u00bb<\/p>\n<p><strong>Mustaf\u00e1<\/strong>: \u00abNo\u00bb.<\/p>\n<p><strong>Entrevistador<\/strong>: \u00ab\u00bfTu madre sol\u00eda tratarte bien?\u00bb<\/p>\n<p><strong>Mustaf\u00e1<\/strong>: \u00absi\u00bb.<\/p>\n<p><strong>Entrevistador<\/strong>: \u00ab\u00bfC\u00f3mo se uni\u00f3 tu padre al EIIS? \u00bfSabes algo? \u00bfTe acuerdas?\u00bb<\/p>\n<p><strong>Mustaf\u00e1<\/strong>: \u00abNo\u00bb.<\/p>\n<p><strong>Entrevistador<\/strong>: \u00ab\u00bfNo te acuerdas en lo absoluto?\u00bb<\/p>\n<p><strong>Mustaf\u00e1<\/strong>: \u00abNo\u00bb.<\/p>\n<p><strong>Entrevistador<\/strong>: \u00ab\u00bfTu padre, antes de unirse al EIIS, utilizaba armas?\u00bb<\/p>\n<p><strong>Mustaf\u00e1<\/strong>: \u00abNo\u00bb.<\/p>\n<p><strong>Entrevistador<\/strong>: \u00ab\u00bfEn qu\u00e9 trabaj\u00f3? \u00bfAntes de la guerra?\u00bb<\/p>\n<p><strong>Mustaf\u00e1<\/strong>: \u00abNo me acuerdo\u00bb.<\/p>\n<p><strong>Entrevistador<\/strong>: \u00ab\u00bfNo recuerdas c\u00f3mo sol\u00edas vivir? \u00bfC\u00f3mo era tu casa, grande o peque\u00f1a? \u00bfTen\u00edas de todo?\u00bb<\/p>\n<p><strong>Mustaf\u00e1<\/strong>: \u00absi\u00bb.<\/p>\n<p><strong>Entrevistador<\/strong>: \u00ab\u00bfC\u00f3mo era?\u00bb<\/p>\n<p><strong>Mustaf\u00e1<\/strong>: \u00abGrande\u00bb<\/p>\n<p><strong>Entrevistador<\/strong>: \u00ab\u00bfQui\u00e9n, adem\u00e1s de tu padre, estaba con el EIIS?\u00bb<\/p>\n<p><strong>Mustaf\u00e1<\/strong>: \u00abMi t\u00edo [el hermano de mi padre]\u00bb.<\/p>\n<p><strong>Entrevistador<\/strong>: \u00ab\u00bfQu\u00e9 hacia tu t\u00edo?\u00bb<\/p>\n<p><strong>Mustaf\u00e1<\/strong>: \u00abEstaba en el \u00e1rea de seguridad\u00bb.<\/p>\n<p><strong>Entrevistador<\/strong>: \u00ab\u00bfLa seguridad del EIIS?\u00bb<\/p>\n<p><strong>Mustaf\u00e1<\/strong>: \u00absi\u00bb.<\/p>\n<p><strong>Entrevistador<\/strong>: \u00ab\u00bfEra uno de los jefes de seguridad?\u00bb<\/p>\n<p><strong>Mustaf\u00e1<\/strong>: \u00abNo\u00bb.<\/p>\n<p><strong>Entrevistador<\/strong>: \u00ab\u00bfQu\u00e9?\u00bb<\/p>\n<p><strong>Mustaf\u00e1<\/strong>: \u00abEra de personal\u00bb.<\/p>\n<p><strong>Entrevistador<\/strong>: \u00ab\u00bfTe agrad\u00f3?\u00bb<\/p>\n<p><strong>Mustaf\u00e1<\/strong>: \u00abNo\u00bb.<\/p>\n<p><strong>Entrevistador<\/strong>: \u00ab\u00bfPor qu\u00e9?\u00bb<\/p>\n<p><strong>Mustaf\u00e1<\/strong>: \u00abNo voy a verlo en lo absoluto\u00bb.<\/p>\n<p><strong>Entrevistador<\/strong>: \u00ab\u00bfNo lo visitas?\u00bb<\/p>\n<p><strong>Mustaf\u00e1<\/strong>: \u00abA veces\u00bb.<\/p>\n<p><strong>Entrevistador<\/strong>: \u00abPero me dijeron que le agradabas mucho\u00bb.<\/p>\n<p><strong>Mustaf\u00e1<\/strong>: \u00absi\u00bb.<\/p>\n<p><strong>Entrevistador<\/strong>: \u00abCuando lo visitas, \u00bfc\u00f3mo te trataba?\u00bb<\/p>\n<p><strong>Mustaf\u00e1<\/strong>: \u00abDepende. Si no vengo del EIIS, no me trata bien. Si vengo del EIIS, me trata bien\u00bb.<\/p>\n<p><strong>Entrevistador<\/strong>: \u00ab\u00bfComo qu\u00e9, qu\u00e9 hac\u00eda \u00e9l?\u00bb<\/p>\n<p><strong>Mustaf\u00e1<\/strong>: \u00abMe trata bien\u00bb.<\/p>\n<p><strong>Entrevistador<\/strong>: \u00ab\u00bfC\u00f3mo? \u00bfTe lleva en auto? \u00bfTe daba un arma? Dime\u00bb.<\/p>\n<p><strong>Mustaf\u00e1<\/strong>: \u00abMe llevaba de paseo en auto\u00bb.<\/p>\n<p><strong>Entrevistador<\/strong>: \u00ab\u00bfTe daba alg\u00fan arma?\u00bb<\/p>\n<p><strong>Mustaf\u00e1<\/strong>: \u00absi\u00bb.<\/p>\n<p><strong>Entrevistador<\/strong>: \u00ab\u00bfQu\u00e9 hac\u00edas con ello?\u00bb<\/p>\n<p><strong>Mustaf\u00e1<\/strong>: \u00abNo lo uso\u00bb.<\/p>\n<p><strong>Entrevistador<\/strong>: \u00ab\u00bfDisparaste?\u00bb<\/p>\n<p><strong>Mustaf\u00e1<\/strong>: \u00ab\u00bfA gente, se refiere?\u00bb<\/p>\n<p><strong>Entrevistador<\/strong>: \u00ab\u00bfA cualquier cosa?\u00bb<\/p>\n<p><strong>Mustaf\u00e1<\/strong>: \u00abNo. No le disparaba a gente. Iba al agua y lo usaba, nada m\u00e1s. Para practicar\u00bb.<\/p>\n<p><strong>Entrevistador<\/strong>: \u00abCuando fuiste al frente, \u00bfpudiste sostener un arma pesada o una peque\u00f1a?\u00bb<\/p>\n<p><strong>Mustaf\u00e1<\/strong>: \u00abUna peque\u00f1a\u00bb.<\/p>\n<p><strong>Entrevistador<\/strong>: \u00ab\u00bfCual?\u00bb<\/p>\n<p><strong>Mustaf\u00e1<\/strong>: \u00abUn rifle checheno\u00bb.<\/p>\n<p><strong>Entrevistador<\/strong>: \u00abPero tal vez ese tiene culata, \u00bfcierto?\u00bb<\/p>\n<p><strong>Mustaf\u00e1<\/strong>: \u00absi\u00bb.<\/p>\n<p><strong>Entrevistador<\/strong>: \u00ab\u00bfY c\u00f3mo lo sosten\u00edas? \u00bfTe entrenaron?\u00bb<\/p>\n<p><strong>Mustaf\u00e1<\/strong>: \u00abSolo lo us\u00e9 para disparar 2 veces\u00bb.<\/p>\n<p><strong>Entrevistador<\/strong>: \u00ab\u00bfDispararle a qu\u00e9?\u00bb<\/p>\n<p><strong>\u00a0<\/strong><\/p>\n<p><strong>Mustaf\u00e1<\/strong>: \u00abAl r\u00e9gimen\u00bb.<\/p>\n<p><strong>Entrevistador<\/strong>: \u00ab\u00bfLes diste?\u00bb<\/p>\n<p><strong>Mustaf\u00e1<\/strong>: \u00abNo\u00bb.<\/p>\n<p><strong>Entrevistador<\/strong>: \u00ab\u00bfC\u00f3mo llegaste aqu\u00ed? \u00bfTe entregaste o te arrestaron?\u00bb<\/p>\n<p><strong>Mustaf\u00e1<\/strong>: \u00abFui arrestado\u00bb.<\/p>\n<p><strong>Entrevistador<\/strong>: \u00ab\u00bfD\u00f3nde?\u00bb<\/p>\n<p><strong>Mustaf\u00e1<\/strong>: \u00abEn Al-Tabqa\u00bb.<\/p>\n<p><strong>Entrevistador<\/strong>: \u00abCuando te arrestaron por primera vez, \u00bfa d\u00f3nde fuiste?\u00bb<\/p>\n<p><strong>Mustaf\u00e1<\/strong>: \u00abFui al centro de investigaciones\u00bb.<\/p>\n<p><strong>Entrevistador<\/strong>: \u00ab\u00bfY luego?\u00bb<\/p>\n<p><strong>Mustaf\u00e1<\/strong>: \u00abA prisi\u00f3n\u00bb.<\/p>\n<p><strong>Entrevistador<\/strong>: \u00ab\u00bfCu\u00e1nto tiempo estuvo en prisi\u00f3n?\u00bb<\/p>\n<p><strong>Mustaf\u00e1<\/strong>: \u00abDos meses\u00bb.<\/p>\n<p><strong>Entrevistador<\/strong>: \u00ab\u00bfY luego te trajeron aqu\u00ed?\u00bb<\/p>\n<p><strong>Mustaf\u00e1<\/strong>: \u00absi\u00bb.<\/p>\n<p><strong>Entrevistador<\/strong>: \u00ab\u00bfQu\u00e9 te molesta aqu\u00ed? \u00bfQu\u00e9 te hace feliz? \u00bfQu\u00e9 sientes que es diferente?\u00bb<\/p>\n<p><strong>Mustaf\u00e1<\/strong>: \u00abNada\u00bb.<\/p>\n<p><strong>Entrevistador<\/strong>: \u00abDespu\u00e9s de venir aqu\u00ed &#8211; \u00bfqu\u00e9 te gustar\u00eda hacer cuando seas mayor?\u00bb<\/p>\n<p><strong>Mustaf\u00e1<\/strong>: \u00abNo he pensado en eso\u00bb.<\/p>\n<p><strong>Entrevistador<\/strong>: \u00abNo hay forma de que no hayas pensado en ello, todos pensamos en otras cosas agradables en nuestras vidas\u00bb.<\/p>\n<p><strong>Mustaf\u00e1<\/strong>: \u00abNo lo he pensado\u00bb.<\/p>\n<p><strong>Entrevistador<\/strong>: \u00ab\u00bfTu padre y tu t\u00edo fueron arrestados?\u00bb<\/p>\n<p><strong>Mustaf\u00e1<\/strong>: \u00abMi t\u00edo muri\u00f3, pero no s\u00e9 qu\u00e9 sucedi\u00f3 con mi padre\u00bb.<\/p>\n<p><strong>Entrevistador<\/strong>: \u00ab\u00bfD\u00f3nde muri\u00f3 tu t\u00edo?\u00bb<\/p>\n<p><strong>Mustaf\u00e1<\/strong>: \u00abEn Al-Tabqa\u00bb.<\/p>\n<p><strong>Entrevistador<\/strong>: \u00ab\u00bfY tu padre?\u00bb<\/p>\n<p><strong>Mustaf\u00e1<\/strong>: \u00abNo s\u00e9 nada de \u00e9l\u00bb.<\/p>\n<p><strong>Entrevistador<\/strong>: \u00abY tu madre &#8211; \u00bfla ves?\u00bb<\/p>\n<p><strong>Mustaf\u00e1<\/strong>: \u00abNo\u00bb.<\/p>\n<p><strong>Entrevistador<\/strong>: \u00ab\u00bfSabe tu madre que est\u00e1s aqu\u00ed?\u00bb<\/p>\n<p><strong>Mustaf\u00e1<\/strong>: \u00absi\u00bb.<\/p>\n<p><strong>Entrevistador<\/strong>: \u00ab\u00bfNo viene a verte?\u00bb<\/p>\n<p><strong>Mustaf\u00e1<\/strong>: \u00abS\u00ed. Ahora est\u00e1 en el campamento. Pero mis t\u00edos [los hermanos de mi madre] vienen a visitarme\u00bb.<\/p>\n<p><strong>Entrevistador<\/strong>: \u00ab\u00bfTus t\u00edos no estaban en las filas del EIIS?\u00bb.<\/p>\n<p><strong>Mustaf\u00e1<\/strong>: \u00abNo\u00bb.<\/p>\n<p><strong>Entrevistador<\/strong>: \u00ab\u00bfPor qu\u00e9?\u00bb<\/p>\n<p><strong>Mustaf\u00e1<\/strong>: \u00abNo estaban en sus filas\u00bb.<\/p>\n","protected":false},"excerpt":{"rendered":"<p>El siguiente informe es ahora complemento sin costo alguno del Proyecto Supervisi\u00f3n a la Amenaza Terrorista y Yihad de MEMRI (PSATY). Para informaci\u00f3n sobre como suscribirse al PSATY, pulse aqu\u00ed. El canal de televisi\u00f3n Al-Arabiya Network entrevist\u00f3 a Mustaf\u00e1, un chico ex-combatiente del EIIS que actualmente se encuentra en un centro de rehabilitaci\u00f3n. Mustaf\u00e1 le [&hellip;]<\/p>\n","protected":false},"author":1,"featured_media":0,"comment_status":"open","ping_status":"open","sticky":false,"template":"","format":"standard","meta":{"footnotes":""},"categories":[4,10,6,9,2],"tags":[],"class_list":["post-54739","post","type-post","status-publish","format-standard","hentry","category-archivos","category-estudios-sobre-terrorismo-y-yihad","category-comunicados-especiales","category-temas","category-featured"],"_links":{"self":[{"href":"https:\/\/www2.memri.org\/espanol\/wp-json\/wp\/v2\/posts\/54739","targetHints":{"allow":["GET"]}}],"collection":[{"href":"https:\/\/www2.memri.org\/espanol\/wp-json\/wp\/v2\/posts"}],"about":[{"href":"https:\/\/www2.memri.org\/espanol\/wp-json\/wp\/v2\/types\/post"}],"author":[{"embeddable":true,"href":"https:\/\/www2.memri.org\/espanol\/wp-json\/wp\/v2\/users\/1"}],"replies":[{"embeddable":true,"href":"https:\/\/www2.memri.org\/espanol\/wp-json\/wp\/v2\/comments?post=54739"}],"version-history":[{"count":0,"href":"https:\/\/www2.memri.org\/espanol\/wp-json\/wp\/v2\/posts\/54739\/revisions"}],"wp:attachment":[{"href":"https:\/\/www2.memri.org\/espanol\/wp-json\/wp\/v2\/media?parent=54739"}],"wp:term":[{"taxonomy":"category","embeddable":true,"href":"https:\/\/www2.memri.org\/espanol\/wp-json\/wp\/v2\/categories?post=54739"},{"taxonomy":"post_tag","embeddable":true,"href":"https:\/\/www2.memri.org\/espanol\/wp-json\/wp\/v2\/tags?post=54739"}],"curies":[{"name":"wp","href":"https:\/\/api.w.org\/{rel}","templated":true}]}}