{"id":54499,"date":"2019-04-09T17:04:01","date_gmt":"2019-04-09T21:04:01","guid":{"rendered":"http:\/\/www2.memri.org\/espanol\/?p=54499"},"modified":"2019-04-09T17:04:01","modified_gmt":"2019-04-09T21:04:01","slug":"portavoz-del-majlis-ali-larijani-iran-considerara-al-ejercito-y-el-pentagono-estadounidense-como-terroristas-si-este-considera-al-cgri-como-grupo-terrorista","status":"publish","type":"post","link":"https:\/\/www2.memri.org\/espanol\/portavoz-del-majlis-ali-larijani-iran-considerara-al-ejercito-y-el-pentagono-estadounidense-como-terroristas-si-este-considera-al-cgri-como-grupo-terrorista\/54499","title":{"rendered":"Portavoz del Majlis Ali Larijani: Ir\u00e1n considerar\u00e1 al ej\u00e9rcito y el Pent\u00e1gono estadounidense como terroristas si este considera al CGRI como grupo terrorista"},"content":{"rendered":"<p><em>Ali Larijani, portavoz del Majlis iran\u00ed, dijo en una entrevista en la red Al-Jazeera (Qatar) el 7 de abril, 2019 que no cree que Estados Unidos se haya ido de bruces ante la eventual medida de agregar al CGRI a su lista de organizaciones terroristas y que si esto fuese a suceder, Ir\u00e1n a su vez considerara tambi\u00e9n al ej\u00e9rcito y al Pent\u00e1gono estadounidense como organizaciones terroristas. El entrevistador le pregunt\u00f3 a Larijani si esto significar\u00eda que Ir\u00e1n atacara al ej\u00e9rcito estadounidense en Irak o en situaciones en las que se encuentren cerca de las fuerzas iran\u00edes, pero Larijani respondi\u00f3 que no hay necesidad de profundizar m\u00e1s sobre el tema y que el significado es lo suficientemente claro de entender. La entrevista fue realizada antes de que Estados Unidos declarara que agregaba al CGRI a su lista de organizaciones terroristas.<\/em><\/p>\n<p><strong><em>Para ver el video de Ali Larijani en el portal MEMRI TV, pulse <a href=\"https:\/\/www.memri.org\/tv\/speaker-iranian-parliament-ali-larijani-jazeera-iran-consider-us-military-pentagon-terrorist-irgc-refuses-elaborate\">aqu\u00ed<\/a> o debajo.<\/em><\/strong><\/p>\n<p><iframe src=\"https:\/\/www.memri.org\/player\/clip\/42421\/780,440\/1\" width=\"780\" height=\"440\" frameborder=\"0\"><\/iframe><\/p>\n<p><strong>\u00abSi los Estados Unidos dan un paso as\u00ed, significara que el ej\u00e9rcito estadounidense [tambi\u00e9n] ser\u00eda considerado como una fuerza terrorista\u00bb<\/strong><\/p>\n<p><strong>Entrevistador<\/strong>: \u00abExisten informes de que los Estados Unidos pueden incluir al CGRI en su lista de organizaciones terroristas. \u00bfHabr\u00e1 una respuesta iran\u00ed si tal situaci\u00f3n sucede?\u00bb<\/p>\n<p><img loading=\"lazy\" decoding=\"async\" class=\"alignnone size-full wp-image-54500\" src=\"https:\/\/www2.memri.org\/espanol\/wp-content\/uploads\/2019\/04\/MTV7138.jpg\" width=\"843\" height=\"220\" srcset=\"https:\/\/www2.memri.org\/espanol\/wp-content\/uploads\/2019\/04\/MTV7138.jpg 843w, https:\/\/www2.memri.org\/espanol\/wp-content\/uploads\/2019\/04\/MTV7138-300x78.jpg 300w, https:\/\/www2.memri.org\/espanol\/wp-content\/uploads\/2019\/04\/MTV7138-768x200.jpg 768w, https:\/\/www2.memri.org\/espanol\/wp-content\/uploads\/2019\/04\/MTV7138-600x157.jpg 600w, https:\/\/www2.memri.org\/espanol\/wp-content\/uploads\/2019\/04\/MTV7138-696x182.jpg 696w\" sizes=\"auto, (max-width: 843px) 100vw, 843px\" \/><\/p>\n<p><img loading=\"lazy\" decoding=\"async\" class=\"alignnone size-full wp-image-54501\" src=\"https:\/\/www2.memri.org\/espanol\/wp-content\/uploads\/2019\/04\/MTV71381.jpg\" width=\"609\" height=\"322\" srcset=\"https:\/\/www2.memri.org\/espanol\/wp-content\/uploads\/2019\/04\/MTV71381.jpg 609w, https:\/\/www2.memri.org\/espanol\/wp-content\/uploads\/2019\/04\/MTV71381-300x159.jpg 300w, https:\/\/www2.memri.org\/espanol\/wp-content\/uploads\/2019\/04\/MTV71381-600x317.jpg 600w\" sizes=\"auto, (max-width: 609px) 100vw, 609px\" \/><\/p>\n<p><strong>Ali Larijani<\/strong>: \u00abNo creo que Estados Unidos se haya ido de bruces sobre tal hecho. Es cierto que Trump hace cosas inusuales, pero a\u00fan es un individuo algo razonable. Si los Estados Unidos toma semejante paso, significara que el ej\u00e9rcito norteamericano [tambi\u00e9n] ser\u00e1 considerado como una fuerza terrorista. Estados Unidos debe tener muy bien esto en cuenta\u00bb.<\/p>\n<p><img loading=\"lazy\" decoding=\"async\" class=\"alignnone size-full wp-image-54502\" src=\"https:\/\/www2.memri.org\/espanol\/wp-content\/uploads\/2019\/04\/MTV71382.jpg\" width=\"862\" height=\"225\" srcset=\"https:\/\/www2.memri.org\/espanol\/wp-content\/uploads\/2019\/04\/MTV71382.jpg 862w, https:\/\/www2.memri.org\/espanol\/wp-content\/uploads\/2019\/04\/MTV71382-300x78.jpg 300w, https:\/\/www2.memri.org\/espanol\/wp-content\/uploads\/2019\/04\/MTV71382-768x200.jpg 768w, https:\/\/www2.memri.org\/espanol\/wp-content\/uploads\/2019\/04\/MTV71382-600x157.jpg 600w, https:\/\/www2.memri.org\/espanol\/wp-content\/uploads\/2019\/04\/MTV71382-696x182.jpg 696w\" sizes=\"auto, (max-width: 862px) 100vw, 862px\" \/><\/p>\n<p><img loading=\"lazy\" decoding=\"async\" class=\"alignnone size-full wp-image-54503\" src=\"https:\/\/www2.memri.org\/espanol\/wp-content\/uploads\/2019\/04\/MTV71383.jpg\" width=\"610\" height=\"325\" srcset=\"https:\/\/www2.memri.org\/espanol\/wp-content\/uploads\/2019\/04\/MTV71383.jpg 610w, https:\/\/www2.memri.org\/espanol\/wp-content\/uploads\/2019\/04\/MTV71383-300x160.jpg 300w, https:\/\/www2.memri.org\/espanol\/wp-content\/uploads\/2019\/04\/MTV71383-600x320.jpg 600w\" sizes=\"auto, (max-width: 610px) 100vw, 610px\" \/><\/p>\n<p><strong>Entrevistador<\/strong>: \u00ab\u00bfC\u00f3mo es eso?\u00bb<\/p>\n<p><strong>\u00abNosotros no vemos ninguna raz\u00f3n para elaborar m\u00e1s sobre este tema, aunque el significado general de todo esto es bastante claro\u00bb<\/strong><\/p>\n<p><strong>Ali Larijani<\/strong>: \u00abEl tema depende de las circunstancias en los Estados Unidos. Si los Estados Unidos toman tal medida, significara que el ej\u00e9rcito norteamericano y el Pent\u00e1gono ser\u00edan considerados de manera similar, como grupos terroristas\u00bb.<\/p>\n<p>[\u2026]<\/p>\n<p><strong>Entrevistador<\/strong>: \u00ab\u00bfC\u00f3mo lidiar\u00e1 usted con eso en t\u00e9rminos pr\u00e1cticos? Por ejemplo, \u00bfser\u00e1n atacadas las fuerzas estadounidenses en Irak? \u00bfSer\u00e1 atacado el ej\u00e9rcito estadounidense donde sea que se encuentren cerca las fuerzas iran\u00edes?\u00bb<\/p>\n<p><img loading=\"lazy\" decoding=\"async\" class=\"alignnone size-full wp-image-54504\" src=\"https:\/\/www2.memri.org\/espanol\/wp-content\/uploads\/2019\/04\/MTV71384.jpg\" width=\"861\" height=\"225\" srcset=\"https:\/\/www2.memri.org\/espanol\/wp-content\/uploads\/2019\/04\/MTV71384.jpg 861w, https:\/\/www2.memri.org\/espanol\/wp-content\/uploads\/2019\/04\/MTV71384-300x78.jpg 300w, https:\/\/www2.memri.org\/espanol\/wp-content\/uploads\/2019\/04\/MTV71384-768x201.jpg 768w, https:\/\/www2.memri.org\/espanol\/wp-content\/uploads\/2019\/04\/MTV71384-600x157.jpg 600w, https:\/\/www2.memri.org\/espanol\/wp-content\/uploads\/2019\/04\/MTV71384-696x182.jpg 696w\" sizes=\"auto, (max-width: 861px) 100vw, 861px\" \/><\/p>\n<p><strong>Ali Larijani<\/strong>: \u00abNo vemos ninguna raz\u00f3n para profundizar m\u00e1s sobre este tema, aunque el significado general de todo esto est\u00e1 bastante claro\u00bb.<\/p>\n<p><img loading=\"lazy\" decoding=\"async\" class=\"alignnone size-full wp-image-54505\" src=\"https:\/\/www2.memri.org\/espanol\/wp-content\/uploads\/2019\/04\/MTV71385.jpg\" width=\"853\" height=\"223\" srcset=\"https:\/\/www2.memri.org\/espanol\/wp-content\/uploads\/2019\/04\/MTV71385.jpg 853w, https:\/\/www2.memri.org\/espanol\/wp-content\/uploads\/2019\/04\/MTV71385-300x78.jpg 300w, https:\/\/www2.memri.org\/espanol\/wp-content\/uploads\/2019\/04\/MTV71385-768x201.jpg 768w, https:\/\/www2.memri.org\/espanol\/wp-content\/uploads\/2019\/04\/MTV71385-600x157.jpg 600w, https:\/\/www2.memri.org\/espanol\/wp-content\/uploads\/2019\/04\/MTV71385-696x182.jpg 696w\" sizes=\"auto, (max-width: 853px) 100vw, 853px\" \/><\/p>\n","protected":false},"excerpt":{"rendered":"<p>Ali Larijani, portavoz del Majlis iran\u00ed, dijo en una entrevista en la red Al-Jazeera (Qatar) el 7 de abril, 2019 que no cree que Estados Unidos se haya ido de bruces ante la eventual medida de agregar al CGRI a su lista de organizaciones terroristas y que si esto fuese a suceder, Ir\u00e1n a su [&hellip;]<\/p>\n","protected":false},"author":1,"featured_media":54500,"comment_status":"open","ping_status":"open","sticky":false,"template":"","format":"standard","meta":{"footnotes":""},"categories":[4,6,9,11,20,18,2],"tags":[],"class_list":["post-54499","post","type-post","status-publish","format-standard","has-post-thumbnail","hentry","category-archivos","category-comunicados-especiales","category-temas","category-e-u-a-y-el-medio-oriente","category-iran","category-paises","category-featured"],"_links":{"self":[{"href":"https:\/\/www2.memri.org\/espanol\/wp-json\/wp\/v2\/posts\/54499","targetHints":{"allow":["GET"]}}],"collection":[{"href":"https:\/\/www2.memri.org\/espanol\/wp-json\/wp\/v2\/posts"}],"about":[{"href":"https:\/\/www2.memri.org\/espanol\/wp-json\/wp\/v2\/types\/post"}],"author":[{"embeddable":true,"href":"https:\/\/www2.memri.org\/espanol\/wp-json\/wp\/v2\/users\/1"}],"replies":[{"embeddable":true,"href":"https:\/\/www2.memri.org\/espanol\/wp-json\/wp\/v2\/comments?post=54499"}],"version-history":[{"count":0,"href":"https:\/\/www2.memri.org\/espanol\/wp-json\/wp\/v2\/posts\/54499\/revisions"}],"wp:featuredmedia":[{"embeddable":true,"href":"https:\/\/www2.memri.org\/espanol\/wp-json\/wp\/v2\/media\/54500"}],"wp:attachment":[{"href":"https:\/\/www2.memri.org\/espanol\/wp-json\/wp\/v2\/media?parent=54499"}],"wp:term":[{"taxonomy":"category","embeddable":true,"href":"https:\/\/www2.memri.org\/espanol\/wp-json\/wp\/v2\/categories?post=54499"},{"taxonomy":"post_tag","embeddable":true,"href":"https:\/\/www2.memri.org\/espanol\/wp-json\/wp\/v2\/tags?post=54499"}],"curies":[{"name":"wp","href":"https:\/\/api.w.org\/{rel}","templated":true}]}}