{"id":53929,"date":"2019-03-19T14:40:32","date_gmt":"2019-03-19T18:40:32","guid":{"rendered":"http:\/\/www2.memri.org\/espanol\/?p=53929"},"modified":"2019-03-20T14:43:03","modified_gmt":"2019-03-20T18:43:03","slug":"articulo-en-portal-de-la-hermandad-musulmana-egipcia-lideres-arabes-estan-promoviendo-la-conspiracion-judia-para-apoderarse-del-mundo","status":"publish","type":"post","link":"https:\/\/www2.memri.org\/espanol\/articulo-en-portal-de-la-hermandad-musulmana-egipcia-lideres-arabes-estan-promoviendo-la-conspiracion-judia-para-apoderarse-del-mundo\/53929","title":{"rendered":"Art\u00edculo en portal de la Hermandad Musulmana egipcia: L\u00edderes \u00e1rabes est\u00e1n promoviendo la conspiraci\u00f3n jud\u00eda para apoderarse del mundo"},"content":{"rendered":"<p><em><img loading=\"lazy\" decoding=\"async\" class=\"alignnone size-full wp-image-53930\" src=\"https:\/\/www2.memri.org\/espanol\/wp-content\/uploads\/2019\/03\/SD7949_1.jpg\" width=\"600\" height=\"337\" srcset=\"https:\/\/www2.memri.org\/espanol\/wp-content\/uploads\/2019\/03\/SD7949_1.jpg 600w, https:\/\/www2.memri.org\/espanol\/wp-content\/uploads\/2019\/03\/SD7949_1-300x169.jpg 300w\" sizes=\"auto, (max-width: 600px) 100vw, 600px\" \/><\/em><\/p>\n<p><em>En un art\u00edculo antisemita publicado en el portal de la Hermandad Musulmana egipcia,<\/em><a href=\"#_edn1\" name=\"_ednref1\">[1]<\/a><em> el periodista Hamza Hussein atac\u00f3 a los l\u00edderes \u00e1rabes que hab\u00edan asistido a la Conferencia de Varsovia liderada por los Estados Unidos a mediados de febrero, 2019 a la que tambi\u00e9n asisti\u00f3 el Primer Israel\u00ed Binyamin Netanyahu y que trat\u00f3 con el tema de la amenaza iran\u00ed. Hussein escribi\u00f3 que estos l\u00edderes serv\u00edan al plan jud\u00edo, que ha estado en boga desde los d\u00edas del Profeta Mahoma y cuyo objetivo es dominar a los musulmanes y apoderarse de los recursos del mundo. Los jud\u00edos, este explic\u00f3 que los jud\u00edos est\u00e1n motivados por el odio hacia el Islam y lograr sus objetivos a trav\u00e9s de actividades secretas y con la ayuda de los dictadores musulmanes que sirven a su agenda sin siquiera saberlo. Sin embargo, este prometi\u00f3 que despu\u00e9s de que los jud\u00edos alcancen la dominaci\u00f3n del mundo, ellos y todos sus ayudantes est\u00e1n destinados a experimentar un \u00abcolapso rotundo\u00bb.<\/em><\/p>\n<p><em>Lo siguiente son extractos de su art\u00edculo:<\/em><a href=\"#_edn2\" name=\"_ednref2\">[2]<\/a><\/p>\n<p>\u00ab[Aunque ciertos] factores cambian, los conflictos, las guerras y la destrucci\u00f3n que prevalecen actualmente en el mundo no son nada inusual y ni nada nuevo para los pueblos del mundo. La guerra cruel contra el Islam y todo lo relacionado a este es solo uno en una larga serie de conflictos que comenzaron con el nacimiento del Profeta Mahoma y que continu\u00f3 mientras que el liderazgo pas\u00f3 de los Hijos de Israel a los musulmanes y el odio de los jud\u00edos hacia Mahoma y hacia los musulmanes se intensific\u00f3&#8230;<\/p>\n<p>\u00abQuien siga el plan ideado y organizado por la naci\u00f3n jud\u00eda, descubrir\u00e1 que este se basa firmemente en la tradici\u00f3n rab\u00ednica, seg\u00fan el cual [los jud\u00edos] finalmente gobernar\u00e1n al mundo, alcanzar\u00e1n un estatus superior y controlar\u00e1n los recursos del mundo, [pero] luego vendr\u00e1 un colapso rotundo,<a href=\"#_edn3\" name=\"_ednref3\">[3]<\/a> con graves repercusiones para cualquiera que haya colaborado y ayudado a los sionistas a establecerse a i mismos en el mundo&#8230;<\/p>\n<p>\u00abLa feroz guerra que estall\u00f3&#8230; en el 2013 [con la destituci\u00f3n del presidente egipcio Muhammad Mursi], no fue una guerra contra la Hermandad Musulmana, como algunos piensan. Su prop\u00f3sito era acosar al Islam&#8230; para que la luz de la naci\u00f3n jud\u00eda resplandezca&#8230;<\/p>\n<p>\u00abEl ascenso al poder del [Presidente estadounidense Donald] Trump y de otros l\u00edderes que act\u00faan para frustrar el avance del Islam es solo un eslab\u00f3n en una cadena [de eventos] orientados a otorgarle a los jud\u00edos el control del mundo. La rendici\u00f3n de los l\u00edderes \u00e1rabes y de muchos otros l\u00edderes musulmanes [a los jud\u00edos y sionistas] es solo un preludio a la rendici\u00f3n de [todas] las naciones [del mundo] al control jud\u00edo, excepto por aquellos en los que Al\u00e1 tendr\u00e1 Su misericordia.<\/p>\n<p>\u00abLa gente cree que los conflictos actuales entre los \u00e1rabes y los propios musulmanes y la invasi\u00f3n de todo pa\u00eds [musulm\u00e1n] por los vastos ej\u00e9rcitos de las naciones [del mundo] [se derivan del hecho de que] todos [estos l\u00edderes \u00e1rabes y musulmanes] est\u00e1n defendiendo los intereses de sus patrias o est\u00e1n luchando contra el llamado terrorismo. Pero si existen pruebas claras de que todos ellos est\u00e1n allanando el camino para el surgimiento del estado jud\u00edo y se dan cuenta de esto y persiguen este objetivo [conscientemente]. Lamentablemente, ninguno de los pueblos \u00e1rabes y musulmanes comprende o entienden el complot que se est\u00e1 fraguando en contra de ellos. [Sus l\u00edderes] piensan que los [jud\u00edos y sionistas] a quienes est\u00e1n sirviendo actualmente los defender\u00e1n [y los mantendr\u00e1n] en el poder y no entender\u00e1n que ellos ser\u00e1n los primeros en ser sacrificados una vez que hayan hecho su trabajo&#8230;<\/p>\n<p>\u00abExaminemos la situaci\u00f3n de las naciones que son conducidas como ovejas hacia la Kaaba de los sionistas, que han logrado realizar sus ambiciones sin derramar la sangre de sus propios hijos y sin entrar en conflicto con sus aliados en el mundo, causando que todo el mundo [actualice] sus metas [por ellos]. Todas [las naciones] se sienten complacidas con lo que estos hacen [por los jud\u00edos], sin entender lo que la naci\u00f3n jud\u00eda [realmente] desea&#8230;<\/p>\n<p>\u00abYo no creo que la niebla [que rodea esta conspiraci\u00f3n] se disperse f\u00e1cilmente o a corto plazo, a menos que realicemos los esfuerzos necesarios para lograr la victoria o al menos rechazar esta mentira y a sus partidarios y exponer el fraude perpetrado por cada tirano que est\u00e9 haciendo todo lo posible para darle a los jud\u00edos el control sobre los musulmanes.<\/p>\n<p>\u00abLos jud\u00edos sembraron no solo el \u00e1rbol <em>gharqad<\/em> en todo el mundo,<a href=\"#_edn4\" name=\"_ednref4\">[4]<\/a> sino que tambi\u00e9n [cultivan] criaturas humanas, miembros de nuestra naci\u00f3n, a quienes incubaron en vientres sucios y luego los colocaron como gobernantes [por sobre nosotros].<\/p>\n<p>\u00abLa cumbre de Varsovia revel\u00f3 lo que la naci\u00f3n jud\u00eda aspira lograr&#8230; as\u00ed como tambi\u00e9n la debilidad que aflige a la naci\u00f3n musulmana, dej\u00e1ndola in\u00fatil ante la vista de las [otras] naciones [del mundo]. Pero lo sucedido no fue debido a la astucia de los sionistas, a la pol\u00edtica de Trump o al hecho de que todos se unieron en defensa de la seguridad de Israel.<\/p>\n<p>Esta es una verdad rab\u00ednica que [Al\u00e1] ha decretado para las naciones y los pueblos y para los Hijos de Israel, que crecer\u00e1n poderosos y altaneros y controlar\u00e1n a los musulmanes al nombrar tiranos para que gobiernen sobre ellos. Pero los jud\u00edos se dan cuenta que su ascenso llegar\u00e1 a su fin y cada uno de sus l\u00edderes act\u00faa para garantizar que esto no suceda en su periodo de gobierno&#8230;\u00bb<a href=\"#_edn5\" name=\"_ednref5\">[5]<\/a><\/p>\n<hr \/>\n<p><a href=\"#_ednref1\" name=\"_edn1\">[1]<\/a> Este es el portal de la vieja guardia de la Hermandad Musulmana, liderado por Muhammad &#8216;Izzat.<\/p>\n<p><a href=\"#_ednref2\" name=\"_edn2\">[2]<\/a> Fj-p.net, 19 de febrero, 2019.<\/p>\n<p><a href=\"#_ednref3\" name=\"_edn3\">[3]<\/a> Con base en el Cor\u00e1n 17:4-8.<\/p>\n<p><a href=\"#_ednref4\" name=\"_edn4\">[4]<\/a> Seg\u00fan un hadith musulm\u00e1n, antes del D\u00eda del Juicio Final los musulmanes combatir\u00e1n contra los jud\u00edos y estos buscar\u00e1n refugio detr\u00e1s de las piedras y \u00e1rboles, pero las piedras y los \u00e1rboles gritar\u00e1n y revelar\u00e1n su ubicaci\u00f3n, excepto el \u00e1rbol gharqad, siendo este \u00abEl \u00e1rbol de los jud\u00edos\u00bb.<\/p>\n<p><a href=\"#_ednref5\" name=\"_edn5\">[5]<\/a> Fj-p.net, 19 de febrero, 2019.<\/p>\n","protected":false},"excerpt":{"rendered":"<p>En un art\u00edculo antisemita publicado en el portal de la Hermandad Musulmana egipcia,[1] el periodista Hamza Hussein atac\u00f3 a los l\u00edderes \u00e1rabes que hab\u00edan asistido a la Conferencia de Varsovia liderada por los Estados Unidos a mediados de febrero, 2019 a la que tambi\u00e9n asisti\u00f3 el Primer Israel\u00ed Binyamin Netanyahu y que trat\u00f3 con el [&hellip;]<\/p>\n","protected":false},"author":1,"featured_media":53930,"comment_status":"open","ping_status":"open","sticky":false,"template":"","format":"standard","meta":{"footnotes":""},"categories":[4,6,9,2,14],"tags":[],"class_list":["post-53929","post","type-post","status-publish","format-standard","has-post-thumbnail","hentry","category-archivos","category-comunicados-especiales","category-temas","category-featured","category-relaciones-inter-arabes"],"_links":{"self":[{"href":"https:\/\/www2.memri.org\/espanol\/wp-json\/wp\/v2\/posts\/53929","targetHints":{"allow":["GET"]}}],"collection":[{"href":"https:\/\/www2.memri.org\/espanol\/wp-json\/wp\/v2\/posts"}],"about":[{"href":"https:\/\/www2.memri.org\/espanol\/wp-json\/wp\/v2\/types\/post"}],"author":[{"embeddable":true,"href":"https:\/\/www2.memri.org\/espanol\/wp-json\/wp\/v2\/users\/1"}],"replies":[{"embeddable":true,"href":"https:\/\/www2.memri.org\/espanol\/wp-json\/wp\/v2\/comments?post=53929"}],"version-history":[{"count":0,"href":"https:\/\/www2.memri.org\/espanol\/wp-json\/wp\/v2\/posts\/53929\/revisions"}],"wp:featuredmedia":[{"embeddable":true,"href":"https:\/\/www2.memri.org\/espanol\/wp-json\/wp\/v2\/media\/53930"}],"wp:attachment":[{"href":"https:\/\/www2.memri.org\/espanol\/wp-json\/wp\/v2\/media?parent=53929"}],"wp:term":[{"taxonomy":"category","embeddable":true,"href":"https:\/\/www2.memri.org\/espanol\/wp-json\/wp\/v2\/categories?post=53929"},{"taxonomy":"post_tag","embeddable":true,"href":"https:\/\/www2.memri.org\/espanol\/wp-json\/wp\/v2\/tags?post=53929"}],"curies":[{"name":"wp","href":"https:\/\/api.w.org\/{rel}","templated":true}]}}