{"id":53896,"date":"2019-03-19T14:30:03","date_gmt":"2019-03-19T18:30:03","guid":{"rendered":"http:\/\/www2.memri.org\/espanol\/?p=53896"},"modified":"2019-03-20T14:32:53","modified_gmt":"2019-03-20T18:32:53","slug":"lo-que-el-presidente-trump-debe-hacer-en-su-lucha-contra-el-antisemitismo-crear-una-nueva-oficina-estadounidense-para-documentarlo-y-combatirlo","status":"publish","type":"post","link":"https:\/\/www2.memri.org\/espanol\/lo-que-el-presidente-trump-debe-hacer-en-su-lucha-contra-el-antisemitismo-crear-una-nueva-oficina-estadounidense-para-documentarlo-y-combatirlo\/53896","title":{"rendered":"Lo que el Presidente Trump debe hacer en su lucha contra el antisemitismo &#8211; Crear una nueva oficina estadounidense para documentarlo y combatirlo"},"content":{"rendered":"<p>He pasado la mayor parte de las \u00faltimas dos d\u00e9cadas involucr\u00e1ndome en el monitoreo, supervisi\u00f3n, investigaci\u00f3n y traducci\u00f3n casi a diario del venenoso antisemitismo que emana de los medios de comunicaci\u00f3n del Medio Oriente y el estudio de c\u00f3mo este se ha desarrollado &#8211; gracias en parte a las redes sociales &#8211; el cual se ha esparcido por toda Europa y hacia los Estados Unidos. Sin embargo, lo que ocurri\u00f3 el 27 de octubre en la Congregaci\u00f3n Tree of Life-Or L&#8217;Simcha en el vecindario de Squirrel Hill en Pittsburgh fue inimaginable &#8211; y de hecho muy cercano a casa.<\/p>\n<p>La estaci\u00f3n de la Zona 4 del Departamento de Polic\u00eda, a dos cuadras de distancia, que envi\u00f3 a los primeros socorristas minutos despu\u00e9s del inicio de la balacera, es donde uno de mis abuelos sirvi\u00f3 durante d\u00e9cadas como sargento. Durante mi juventud, asist\u00ed al Centro Tree of Life Hebrew y Sunday School tres veces por semana; lo que aprend\u00ed sobre historia jud\u00eda y antisemitismo permanece conmigo hasta el d\u00eda de hoy. Nunca he olvidado a una maestra, una sobreviviente del Holocausto, que le habl\u00f3 a cada clase sobre c\u00f3mo ella de ni\u00f1a, junto a su familia y el resto de la comunidad jud\u00eda local fueron rodeados como animales y enviados a campos de concentraci\u00f3n. Al final de su charla, se levant\u00f3 la manga para revelarnos los n\u00fameros marcados en su brazo por los nazis.<\/p>\n<p><strong>El ataque al Centro Tree of Life &#8211; un posible giro oscuro hacia la normalizaci\u00f3n del antisemitismo al estilo europeo en los Estados Unidos <\/strong><\/p>\n<p>El ataque al Centro Tree of Life, que aparece ante el contexto de la creciente marea de incidentes y ataques antisemitas en todo Occidente, puede indicar un giro oscuro hacia la aparici\u00f3n y normalizaci\u00f3n en los Estados Unidos a este tipo de ataques violentos antisemitas al igual que los de Europa. Una encuesta publicada en diciembre, 2018 sobre los jud\u00edos en Europa, la m\u00e1s extensa jam\u00e1s realizada, hall\u00f3 que el antisemitismo ahora no es que est\u00e9 simplemente \u00abgeneralizado\u00bb, sino que se ha \u00abnormalizado de manera inquietante\u00bb. Cientos de encuestados dijeron que hab\u00edan experimentado un ataque f\u00edsico antisemita en el \u00faltimo a\u00f1o.<\/p>\n<p>En Francia, las agresiones y asesinatos a ancianos jud\u00edos, incluso a sobrevivientes del Holocausto, por asaltantes gritando \u00abAllahu Akbar\u00bb &#8211; se unieron a elementos antisemitas expl\u00edcitos en las actuales protestas de los Chalecos Amarillos y el Presidente Macron fue ampliamente denominado \u00abla puta de los jud\u00edos\u00bb. Los manifestantes ahora se dirigen rutinariamente a empresas y figuras jud\u00edas; el gobierno franc\u00e9s anunci\u00f3 recientemente un incremento del 74% en el n\u00famero de ataques antisemitas en el 2018. En Alemania, los usuarios de yarmulke han sido golpeados y a otros les han arrancado las estrellas de David de sus cuellos. El a\u00f1o pasado fueron denunciados unos 1.646 actos antisemitas &#8211; un tope de 10 a\u00f1os. En el Reino Unido, cada mes se registran m\u00e1s de 100 incidentes antisemitas y se est\u00e1 llevando a cabo una investigaci\u00f3n de cr\u00edmenes de odio antisemitas dentro del Partido Laborista. Los jud\u00edos estadounidenses, incluso en Escocia, as\u00ed como tambi\u00e9n en Francia y en toda Europa, est\u00e1n considerando, o incluso planeando, emigrar.<\/p>\n<p><img loading=\"lazy\" decoding=\"async\" class=\"alignnone size-full wp-image-53897\" src=\"https:\/\/www2.memri.org\/espanol\/wp-content\/uploads\/2019\/03\/MDB181.jpg\" width=\"1044\" height=\"555\" srcset=\"https:\/\/www2.memri.org\/espanol\/wp-content\/uploads\/2019\/03\/MDB181.jpg 1044w, https:\/\/www2.memri.org\/espanol\/wp-content\/uploads\/2019\/03\/MDB181-300x159.jpg 300w, https:\/\/www2.memri.org\/espanol\/wp-content\/uploads\/2019\/03\/MDB181-768x408.jpg 768w, https:\/\/www2.memri.org\/espanol\/wp-content\/uploads\/2019\/03\/MDB181-1024x544.jpg 1024w, https:\/\/www2.memri.org\/espanol\/wp-content\/uploads\/2019\/03\/MDB181-600x319.jpg 600w, https:\/\/www2.memri.org\/espanol\/wp-content\/uploads\/2019\/03\/MDB181-696x370.jpg 696w, https:\/\/www2.memri.org\/espanol\/wp-content\/uploads\/2019\/03\/MDB181-790x420.jpg 790w\" sizes=\"auto, (max-width: 1044px) 100vw, 1044px\" \/><\/p>\n<p>Los ahora casi diarios incidentes antisemitas en los Estados Unidos incluyen el caso reciente en Los \u00c1ngeles, donde la polic\u00eda arrest\u00f3 a un hombre en las afueras de una sinagoga, con la cabeza y la cara envueltas en un keffiyeh y blandiendo una espada al igual que un combatiente del EIIS a punto de decapitar a un prisionero. En diciembre, las autoridades anunciaron el arresto de un individuo de Ohio por \u00abplanear un ataque terrorista violento en nombre del EIIS&#8230; atacando a una sinagoga jud\u00eda en el \u00e1rea de Toledo\u00bb quien le dijo a los agentes federales \u00abadmiro lo que el [atacante del Centro Tree of Life] hizo&#8230; puedo verme realizando este tipo de acciones\u00bb. D\u00edas antes, un hombre fue arrestado en Aventura, Florida, en conexi\u00f3n al da\u00f1o de propiedades jud\u00edas e intentar forzar su entrada en un centro jud\u00edo. Seg\u00fan la polic\u00eda, este dijo que \u00ab6 millones de muertos no eran suficientes\u00bb. Incidentes como estos est\u00e1n ocurriendo en todo el pa\u00eds.<\/p>\n<p><img loading=\"lazy\" decoding=\"async\" class=\"alignnone size-full wp-image-53898\" src=\"https:\/\/www2.memri.org\/espanol\/wp-content\/uploads\/2019\/03\/MDB1811.jpg\" width=\"989\" height=\"565\" srcset=\"https:\/\/www2.memri.org\/espanol\/wp-content\/uploads\/2019\/03\/MDB1811.jpg 989w, https:\/\/www2.memri.org\/espanol\/wp-content\/uploads\/2019\/03\/MDB1811-300x171.jpg 300w, https:\/\/www2.memri.org\/espanol\/wp-content\/uploads\/2019\/03\/MDB1811-768x439.jpg 768w, https:\/\/www2.memri.org\/espanol\/wp-content\/uploads\/2019\/03\/MDB1811-600x343.jpg 600w, https:\/\/www2.memri.org\/espanol\/wp-content\/uploads\/2019\/03\/MDB1811-696x398.jpg 696w, https:\/\/www2.memri.org\/espanol\/wp-content\/uploads\/2019\/03\/MDB1811-735x420.jpg 735w\" sizes=\"auto, (max-width: 989px) 100vw, 989px\" \/><\/p>\n<p><strong>Estudiantes jud\u00edos enfrentan el antisemitismo &#8211; de la escuela primaria a las premisas universitarias<\/strong><\/p>\n<p>Del mismo modo, los estudiantes jud\u00edos se enfrentan diariamente a incidentes antisemitas en escuelas y universidades a trav\u00e9s de los Estados Unidos, que incluyen: acciones perturbadoras contra hogares de los estudiantes jud\u00edos de secundaria de Connecticut; una maestra de 5to y 6to grado en Filadelfia que mantiene una figura de lucha como \u00abBlitzkreig\u00bb, saludando al estilo de los nazis y gritando \u00abSieg Heil\u00bb; una foto oficial de graduaci\u00f3n para j\u00f3venes de m\u00e1s de 50 estudiantes de secundaria en Wisconsin que realizan el saludo nazi, al igual que otros estudiantes de Indiana y Minnesota; y las esv\u00e1sticas encontradas en varias escuelas secundarias y preparatorias en Maryland, Georgia, en la ciudad de Nueva York y el norte de Nueva York. En California, los estudiantes de secundaria realizaron el saludo \u00abHeil Hitler\u00bb por una esv\u00e1stica hecha de tazas de cerveza.<\/p>\n<p><img loading=\"lazy\" decoding=\"async\" class=\"alignnone size-full wp-image-53899\" src=\"https:\/\/www2.memri.org\/espanol\/wp-content\/uploads\/2019\/03\/MDB1812.jpg\" width=\"563\" height=\"566\" srcset=\"https:\/\/www2.memri.org\/espanol\/wp-content\/uploads\/2019\/03\/MDB1812.jpg 563w, https:\/\/www2.memri.org\/espanol\/wp-content\/uploads\/2019\/03\/MDB1812-150x150.jpg 150w, https:\/\/www2.memri.org\/espanol\/wp-content\/uploads\/2019\/03\/MDB1812-298x300.jpg 298w, https:\/\/www2.memri.org\/espanol\/wp-content\/uploads\/2019\/03\/MDB1812-418x420.jpg 418w\" sizes=\"auto, (max-width: 563px) 100vw, 563px\" \/><\/p>\n<p>Tambi\u00e9n es frecuente el antisemitismo en las premisas universitarias, incluso recientemente en Duke, Cornell y la Universidad de Tennessee. Ha habido un vandalismo antisemita en la Universidad de Minnesota y en el Goucher College en Maryland, pancartas antisemitas en Tufts en Massachusetts y se encontr\u00f3 la palabra \u00abYid\u00bb pintada en la oficina de un profesor jud\u00edo y acad\u00e9mico del Holocausto en el Teachers College en la Universidad de Columbia.<\/p>\n<p><strong>El antisemitismo dentro del activismo pol\u00edtico &#8211; y las mezquitas &#8211; esparci\u00e9ndose a lo largo y ancho de los Estados Unidos<\/strong><\/p>\n<p>El antisemitismo se puede encontrar en muchos otros lugares en los Estados Unidos &#8211; por ejemplo, en la Marcha de las Mujeres a comienzos de este a\u00f1o y en los continuos tuits y declaraciones de met\u00e1foras antisemitas de la Representante Ilhan Omar. Las mismas viles palabras acerca de los jud\u00edos que ella hizo repetidamente tambi\u00e9n se adhieren semanalmente a los sermones realizados en las mezquitas, en los medios de comunicaci\u00f3n y en los libros escolares en todo el Medio Oriente y ahora se est\u00e1n difundiendo por todos los Estados Unidos en sermones antisemitas, algunos de los cuales incluyen llamados a la violencia. California, Nueva York, Nueva Jersey, Texas, Carolina del Norte, Florida, Tennessee, Virginia, Illinois y Washington, DC, as\u00ed como tambi\u00e9n en Canad\u00e1 y en toda Europa.<\/p>\n<p>Hace varias semanas en Detroit, el Imam Bassem Al-Sheraa habl\u00f3 duramente en una conferencia sobre el c\u00f3mo los jud\u00edos \u00abacumulan oro y dinero y difunden la usura\u00bb, lo que este llam\u00f3 \u00abuna peculiar filosof\u00eda jud\u00eda\u00bb. Todos \u00ablos bancos globales, los multimillonarios&#8230; pertenecen al grupo de los jud\u00edos, que \u00abcontrolan los recursos de los pueblos a trav\u00e9s de tales triqui\u00f1uelas y enga\u00f1os\u00bb. En sus recientes sermones en la Sociedad Isl\u00e1mica Al-Aqsa en Filadelfia, una mezquita profundamente involucrada en una actividad interreligiosa que conden\u00f3 abiertamente el ataque al Centro Tree of Life, el Imam Abdelmohsen Abouhatab llam\u00f3 a los jud\u00edos el pueblo m\u00e1s vil de la Tierra y afirm\u00f3 que los \u00abnefastos\u00bb medios de comunicaci\u00f3n de los jud\u00edos convencen a gente de que los musulmanes son \u00abopresivos y depredadores\u00bb y que los jud\u00edos \u00abposeen y controlan las riquezas del mundo\u00bb.<\/p>\n<p>Recientemente, encontramos que el imam de una mezquita a menos de 10 minutos del Centro Tree of Life hab\u00eda dado sermones y conferencias que inclu\u00edan referencias a los jud\u00edos describi\u00e9ndolos como \u00abmonos y cerdos\u00bb y a \u00ablos jud\u00edos que lo controlan todo\u00bb y que poseen \u00abtodo el dinero\u00bb. Este tambi\u00e9n habl\u00f3 recientemente en el Centro Isl\u00e1mico de Pittsburgh, una congregaci\u00f3n honrada como \u00abPittsburgher del A\u00f1o\u00bb por su actividad para la recaudaci\u00f3n de fondos para las v\u00edctimas del Centro Tree of Life.<\/p>\n<p><strong>La Ley Revisionista Antisemitismo Global del 2004 &#8211; y la necesidad de crear una oficina estadounidense para documentar y combatir el antisemitismo<\/strong><\/p>\n<p>Inmediatamente despu\u00e9s del ataque al &#8216;Centro Tree of Life&#8217;, los medios de comunicaci\u00f3n y expertos acusaron al Presidente Trump de fomentar el clima que lo provoc\u00f3, resultando en un intercambio entre los medios de comunicaci\u00f3n y la oficina del presidente. Como parte de la severa condena producto del ataque desde todo el espectro pol\u00edtico en la capital de la naci\u00f3n, el congresista Mike Doyle (D-PA), en representaci\u00f3n de Squirrel Hill y 8 copatrocinadores, presentaron una resoluci\u00f3n bipartidista en la C\u00e1mara de Representantes. La resoluci\u00f3n \u00abcondenando el ataque antisemita&#8230; honrando la memoria de las v\u00edctimas&#8230; [y] expresando apoyo por sus familias, amigos y por la comunidad\u00bb fue aprobada por unanimidad por la C\u00e1mara el 14 de noviembre.<\/p>\n<p>El Presidente Trump ha tomado muchas medidas en contra del antisemitismo, incluyendo la recepci\u00f3n celebrada de Hanukkah poco despu\u00e9s en la Casa Blanca, en la cual prometi\u00f3: \u00abDespu\u00e9s de tal malvado asalto, reafirmamos nuestro deber solemne de enfrentar el antisemitismo en todos los lugares donde ocurra. Debemos eliminar del mundo este odio vil\u00bb. M\u00e1s recientemente, firm\u00f3 la Ley de Prevenci\u00f3n de Genocidio y Atrocidades creada por Elie Wiesel, que considera que la prevenci\u00f3n del genocidio y otras atrocidades es una \u00abresponsabilidad moral fundamental\u00bb de los Estados unidos y el 3 de febrero, luego de una ausencia de dos a\u00f1os, nombr\u00f3 a un Enviado Especial para Monitorear y Combatir el Antisemitismo; este publicado est\u00e1 establecido en la Ley de Revisi\u00f3n del Antisemitismo Global del 2004.<\/p>\n<p>Tan innovador como lo fue la Ley para ese momento, han pasado 15 a\u00f1os desde ese momento y debe ser actualizado para la \u00e9poca de las redes sociales y ser ampliado para que incluya el trabajo con empresas de tecnolog\u00eda a fin de que supervisen y combatan el antisemitismo en las plataformas de la red. La ley fue presentada por primera vez por el legendario congresista Tom Lantos, presidente del Comit\u00e9 de Asuntos Exteriores de la C\u00e1mara de Representantes, el \u00fanico sobreviviente del Holocausto que prest\u00f3 servicios en el Congreso y una de las voces bipartidistas m\u00e1s importantes de Washington, ahora bastante a\u00f1orada, sobre el tema de los derechos humanos.<\/p>\n<p>El Instituto de Supervisi\u00f3n de Medios de Comunicaci\u00f3n del Medio Oriente (MEMRI) trabaj\u00f3 junto al Congreso en la preparaci\u00f3n de la ley. En virtud de ello, el Enviado Especial y su Oficina en el Departamento de Estado \u00abdocumentan a fondo los actos de antisemitismo y de incitaci\u00f3n antisemita\u00bb ocurridos en todo el mundo para \u00absu inclusi\u00f3n en los informes anuales publicados por el Departamento de Estado\u00bb. El Enviado es responsable de evaluar y describir \u00abla naturaleza y el alcance de los actos de antisemitismo y de incitaci\u00f3n antisemita\u00bb y de \u00abmonitorearlos y combatirlos\u00bb en los pa\u00edses extranjeros.<\/p>\n<p>Dados los perturbadores incidentes que ocurren diariamente en los Estados Unidos, existe la iniciativa urgente de crear una oficina dom\u00e9stica similar, a fin de controlar y combatir el antisemitismo aqu\u00ed en casa. Las v\u00edctimas del ataque en el &#8216;Centro Tree of Life&#8217; deben ser conmemoradas con la creaci\u00f3n de esta propuesta nueva oficina.<\/p>\n<p>Esta iniciativa deber\u00eda ser promovida por miembros del Congreso y enviada al Presidente Trump para su aprobaci\u00f3n.<\/p>\n<p><em>*Steven Stalinsky es Director Ejecutivo de MEMRI.<\/em><\/p>\n","protected":false},"excerpt":{"rendered":"<p>He pasado la mayor parte de las \u00faltimas dos d\u00e9cadas involucr\u00e1ndome en el monitoreo, supervisi\u00f3n, investigaci\u00f3n y traducci\u00f3n casi a diario del venenoso antisemitismo que emana de los medios de comunicaci\u00f3n del Medio Oriente y el estudio de c\u00f3mo este se ha desarrollado &#8211; gracias en parte a las redes sociales &#8211; el cual se [&hellip;]<\/p>\n","protected":false},"author":1,"featured_media":53897,"comment_status":"open","ping_status":"open","sticky":false,"template":"","format":"standard","meta":{"footnotes":""},"categories":[33,4,9,2,16],"tags":[],"class_list":["post-53896","post","type-post","status-publish","format-standard","has-post-thumbnail","hentry","category-boletin-especial","category-archivos","category-temas","category-featured","category-proyecto-documental-sobre-antisemitismo"],"_links":{"self":[{"href":"https:\/\/www2.memri.org\/espanol\/wp-json\/wp\/v2\/posts\/53896","targetHints":{"allow":["GET"]}}],"collection":[{"href":"https:\/\/www2.memri.org\/espanol\/wp-json\/wp\/v2\/posts"}],"about":[{"href":"https:\/\/www2.memri.org\/espanol\/wp-json\/wp\/v2\/types\/post"}],"author":[{"embeddable":true,"href":"https:\/\/www2.memri.org\/espanol\/wp-json\/wp\/v2\/users\/1"}],"replies":[{"embeddable":true,"href":"https:\/\/www2.memri.org\/espanol\/wp-json\/wp\/v2\/comments?post=53896"}],"version-history":[{"count":0,"href":"https:\/\/www2.memri.org\/espanol\/wp-json\/wp\/v2\/posts\/53896\/revisions"}],"wp:featuredmedia":[{"embeddable":true,"href":"https:\/\/www2.memri.org\/espanol\/wp-json\/wp\/v2\/media\/53897"}],"wp:attachment":[{"href":"https:\/\/www2.memri.org\/espanol\/wp-json\/wp\/v2\/media?parent=53896"}],"wp:term":[{"taxonomy":"category","embeddable":true,"href":"https:\/\/www2.memri.org\/espanol\/wp-json\/wp\/v2\/categories?post=53896"},{"taxonomy":"post_tag","embeddable":true,"href":"https:\/\/www2.memri.org\/espanol\/wp-json\/wp\/v2\/tags?post=53896"}],"curies":[{"name":"wp","href":"https:\/\/api.w.org\/{rel}","templated":true}]}}