{"id":53875,"date":"2019-03-15T15:26:28","date_gmt":"2019-03-15T19:26:28","guid":{"rendered":"http:\/\/www2.memri.org\/espanol\/?p=53875"},"modified":"2019-03-18T15:29:46","modified_gmt":"2019-03-18T19:29:46","slug":"en-redes-sociales-yihadistas-reaccionan-ante-los-ataques-a-las-mezquitas-en-nueva-zelanda-expresando-simpatia-y-pidiendo-represalias","status":"publish","type":"post","link":"https:\/\/www2.memri.org\/espanol\/en-redes-sociales-yihadistas-reaccionan-ante-los-ataques-a-las-mezquitas-en-nueva-zelanda-expresando-simpatia-y-pidiendo-represalias\/53875","title":{"rendered":"En redes sociales, yihadistas reaccionan ante los ataques a las mezquitas en Nueva Zelanda, expresando simpat\u00eda y pidiendo represalias"},"content":{"rendered":"<p>Los yihadistas reaccionan al ataque masivo ocurrido el 15 de marzo, 2019 en la ciudad de Christchurch, Nueva Zelanda, en la que al menos 49 personas murieron en 2 ataques a mezquitas en el centro de la ciudad. Varios sospechosos han sido arrestados en relaci\u00f3n con la balacera, entre ellos Brenton Tarrant de 28 a\u00f1os, seg\u00fan informes de la prensa. El ataque fue aparentemente transmitido en vivo en las redes sociales y los yihadistas circularon fragmentos de estos videos en sus publicaciones.<\/p>\n<p>A continuaci\u00f3n se muestran ejemplos a las reacciones de los yihadistas publicadas en las redes sociales luego del ataque:<\/p>\n<p><strong>Plataforma Telegram<\/strong><\/p>\n<p>En el canal pro-Al-Qaeda de la plataforma Telegramas Abu Abdallah, una publicaci\u00f3n comparti\u00f3 un video del ataque, seg\u00fan se informa, muestra al atacante asesinando a una mujer musulmana herida en la calle fuera de la mezquita momentos antes de verlo subir a su veh\u00edculo y huir del lugar. El publicado lee: \u00abEl infiel mat\u00f3 a una mujer musulmana y la atropell\u00f3 antes de asesinar a nuestros hermanos en la mezquita. \u00bfD\u00f3nde est\u00e1 la venganza, oh recelosos [musulmanes]? Por Al\u00e1, si no hacemos nada, no hay nada bueno en nosotros&#8230; ya hemos dormitado lo suficiente como [para] lo que le diremos a Al\u00e1&#8230;\u00bb<\/p>\n<p><img loading=\"lazy\" decoding=\"async\" class=\"alignnone size-full wp-image-53876\" src=\"https:\/\/www2.memri.org\/espanol\/wp-content\/uploads\/2019\/03\/834.jpg\" width=\"485\" height=\"454\" srcset=\"https:\/\/www2.memri.org\/espanol\/wp-content\/uploads\/2019\/03\/834.jpg 485w, https:\/\/www2.memri.org\/espanol\/wp-content\/uploads\/2019\/03\/834-300x281.jpg 300w, https:\/\/www2.memri.org\/espanol\/wp-content\/uploads\/2019\/03\/834-449x420.jpg 449w\" sizes=\"auto, (max-width: 485px) 100vw, 485px\" \/><\/p>\n<p>Una publicaci\u00f3n compartida en el grupo pro-Al-Qaeda en la plataforma Telegram AQIS se refiri\u00f3 a las \u00abmasacres de las mezquitas en Nueva Zelanda\u00bb como una clara manifestaci\u00f3n de las \u00abguerras cruzadas\u00bb contra los musulmanes que, seg\u00fan dice, son llevados a cabo a trav\u00e9s del \u00abidioma de la sangre\u00bb. Este llam\u00f3 por iguales represalias: \u00abEl lenguaje de la sangre no es confrontado con el lenguaje de la rendici\u00f3n&#8230; y las llamadas pac\u00edficas y las consignas de tolerancia y paz, sino con el idioma de la sangre&#8230;\u00bb<\/p>\n<p><img loading=\"lazy\" decoding=\"async\" class=\"alignnone size-full wp-image-53877\" src=\"https:\/\/www2.memri.org\/espanol\/wp-content\/uploads\/2019\/03\/835.jpg\" width=\"456\" height=\"398\" srcset=\"https:\/\/www2.memri.org\/espanol\/wp-content\/uploads\/2019\/03\/835.jpg 456w, https:\/\/www2.memri.org\/espanol\/wp-content\/uploads\/2019\/03\/835-300x262.jpg 300w\" sizes=\"auto, (max-width: 456px) 100vw, 456px\" \/><\/p>\n<p>Un publicado en el canal pro-Estado Isl\u00e1mico (EIIS) en la plataforma Telegram Al-Asyaf Al-Bagdad\u00ed pidi\u00f3 a los partidarios del EIIS dirigirse a las redes sociales para pedir ataques contra cristianos. Utilizando el hashtag en \u00e1rabe #New_Zealand_Attack, el publicado ley\u00f3: \u00abOh partidarios del monote\u00edsmo, oh partidarios del estado musulm\u00e1n (es decir, el EIIS), ingresen a Facebook y Twitter y pidan se derrame la sangre de los adoradores de la cruz [es decir, los cristianos] y los \u00abnietos de los monos y cerdos [es decir, los jud\u00edos] para vengar la religi\u00f3n de Al\u00e1 y la sangre de los musulmanes que ha sido derramada y sigue siendo derramada en sus manos en Al-Baghouz [Siria] y hoy, dentro de las mezquitas en Nueva Zelanda\u00bb.<\/p>\n<p><img loading=\"lazy\" decoding=\"async\" class=\"alignnone size-full wp-image-53878\" src=\"https:\/\/www2.memri.org\/espanol\/wp-content\/uploads\/2019\/03\/836.jpg\" width=\"506\" height=\"158\" srcset=\"https:\/\/www2.memri.org\/espanol\/wp-content\/uploads\/2019\/03\/836.jpg 506w, https:\/\/www2.memri.org\/espanol\/wp-content\/uploads\/2019\/03\/836-300x94.jpg 300w\" sizes=\"auto, (max-width: 506px) 100vw, 506px\" \/><\/p>\n<p>El canal pro-EIIS de la plataforma Telegram Rahel (@Rae_ll) public\u00f3 una foto que muestra un arma, una bandera del EIIS y un cintur\u00f3n suicida con varios mensajes escritos en ellos, amenazando al pueblo de Nueva Zelanda con represalias. Varios art\u00edculos ten\u00edan la fecha del 15 de marzo, 2019 escrita en ellos. Entre los mensajes escritos se pod\u00eda leer: \u00abPronto vendr\u00e1n represalias\u00bb y \u00abHan abierto las puertas del infierno en su isla [es decir, Nueva Zelanda]\u00bb. La foto parece ser una respuesta a las fotos del grafiti a las armas cubiertas del atacante de Nueva Zelanda, que destacaban a personajes y nombres hist\u00f3ricos conocidos como \u00abvictorias\u00bb en contra de los musulmanes.<\/p>\n<p><img loading=\"lazy\" decoding=\"async\" class=\"alignnone size-full wp-image-53879\" src=\"https:\/\/www2.memri.org\/espanol\/wp-content\/uploads\/2019\/03\/837.jpg\" width=\"468\" height=\"575\" srcset=\"https:\/\/www2.memri.org\/espanol\/wp-content\/uploads\/2019\/03\/837.jpg 468w, https:\/\/www2.memri.org\/espanol\/wp-content\/uploads\/2019\/03\/837-244x300.jpg 244w, https:\/\/www2.memri.org\/espanol\/wp-content\/uploads\/2019\/03\/837-342x420.jpg 342w\" sizes=\"auto, (max-width: 468px) 100vw, 468px\" \/><\/p>\n<p><a href=\"https:\/\/www.memri.org\/jttm\/social-media-jihadis-react-new-zealand-mosque-attacks-expressing-sympathy-and-calling\"><strong>Lea el informe completo<\/strong><\/a><\/p>\n","protected":false},"excerpt":{"rendered":"<p>Los yihadistas reaccionan al ataque masivo ocurrido el 15 de marzo, 2019 en la ciudad de Christchurch, Nueva Zelanda, en la que al menos 49 personas murieron en 2 ataques a mezquitas en el centro de la ciudad. Varios sospechosos han sido arrestados en relaci\u00f3n con la balacera, entre ellos Brenton Tarrant de 28 a\u00f1os, [&hellip;]<\/p>\n","protected":false},"author":1,"featured_media":53876,"comment_status":"open","ping_status":"open","sticky":false,"template":"","format":"standard","meta":{"footnotes":""},"categories":[4,10,6,9,2],"tags":[],"class_list":["post-53875","post","type-post","status-publish","format-standard","has-post-thumbnail","hentry","category-archivos","category-estudios-sobre-terrorismo-y-yihad","category-comunicados-especiales","category-temas","category-featured"],"_links":{"self":[{"href":"https:\/\/www2.memri.org\/espanol\/wp-json\/wp\/v2\/posts\/53875","targetHints":{"allow":["GET"]}}],"collection":[{"href":"https:\/\/www2.memri.org\/espanol\/wp-json\/wp\/v2\/posts"}],"about":[{"href":"https:\/\/www2.memri.org\/espanol\/wp-json\/wp\/v2\/types\/post"}],"author":[{"embeddable":true,"href":"https:\/\/www2.memri.org\/espanol\/wp-json\/wp\/v2\/users\/1"}],"replies":[{"embeddable":true,"href":"https:\/\/www2.memri.org\/espanol\/wp-json\/wp\/v2\/comments?post=53875"}],"version-history":[{"count":0,"href":"https:\/\/www2.memri.org\/espanol\/wp-json\/wp\/v2\/posts\/53875\/revisions"}],"wp:featuredmedia":[{"embeddable":true,"href":"https:\/\/www2.memri.org\/espanol\/wp-json\/wp\/v2\/media\/53876"}],"wp:attachment":[{"href":"https:\/\/www2.memri.org\/espanol\/wp-json\/wp\/v2\/media?parent=53875"}],"wp:term":[{"taxonomy":"category","embeddable":true,"href":"https:\/\/www2.memri.org\/espanol\/wp-json\/wp\/v2\/categories?post=53875"},{"taxonomy":"post_tag","embeddable":true,"href":"https:\/\/www2.memri.org\/espanol\/wp-json\/wp\/v2\/tags?post=53875"}],"curies":[{"name":"wp","href":"https:\/\/api.w.org\/{rel}","templated":true}]}}