{"id":53697,"date":"2019-03-16T14:46:52","date_gmt":"2019-03-16T18:46:52","guid":{"rendered":"http:\/\/www2.memri.org\/espanol\/?p=53697"},"modified":"2019-03-18T15:19:58","modified_gmt":"2019-03-18T19:19:58","slug":"resumen-del-fin-de-semana-del-proyecto-supervision-a-la-amenaza-terrorista-y-yihad-psaty-54","status":"publish","type":"post","link":"https:\/\/www2.memri.org\/espanol\/resumen-del-fin-de-semana-del-proyecto-supervision-a-la-amenaza-terrorista-y-yihad-psaty-54\/53697","title":{"rendered":"Resumen del fin de semana del Proyecto Supervisi\u00f3n a la Amenaza Terrorista y Yihad (PSATY)"},"content":{"rendered":"<p><em>Lo siguiente son algunos de los informes de esta semana del Proyecto Supervisi\u00f3n a la Amenaza Terrorista y Yihad (PSATY) en MEMRI, que traduce y analiza el contenido de fuentes monitoreadas y supervisadas las 24 horas del d\u00eda, 7 d\u00edas a la semana, entre estos los portales y blogs yihadistas m\u00e1s importantes. (Para ver estos informes en su totalidad, usted debe ser miembro del PSATY; para obtener informaci\u00f3n sobre c\u00f3mo obtener la membrec\u00eda, env\u00ede un correo electr\u00f3nico a la siguiente direcci\u00f3n <a href=\"mailto:jttmsubs@memri.org\">jttmsubs@memri.org<\/a> junto al texto \u00abMembership &#8211; Membrec\u00eda\u00bb en el p\u00e1rrafo del tema).<\/em><\/p>\n<p><strong><em>Nota a los medios de comunicaci\u00f3n y del gobierno: Para obtener una copia completa de estos informes, env\u00ede un correo electr\u00f3nico con el t\u00edtulo del informe en la l\u00ednea del tema a la siguiente direcci\u00f3n: <a href=\"mailto:media@memri.org\">media@memri.org<\/a>. Por favor incluya su nombre, t\u00edtulo y organizaci\u00f3n a la que pertenece en su correo electr\u00f3nico.<\/em><\/strong><\/p>\n<p><strong>EXCLUSIVO: Revisi\u00f3n de Cuenta en los Medios Sociales Yihadistas (RC-MSY): Individuo estadounidense, muy posiblemente de Chicago, visita Washington, DC; y comparte contenido de los jeques Anwar Al-&#8216;Awlaki, Ahmad Musa Jibril y dice: &#8216;En todos lugar donde ha dominado el Islam, la bandera ondear\u00e1 en los Estados Unidos y no estoy hablando del rojo, blanco y azul&#8217;<\/strong><\/p>\n<p><img loading=\"lazy\" decoding=\"async\" class=\"alignnone size-full wp-image-53839\" src=\"https:\/\/www2.memri.org\/espanol\/wp-content\/uploads\/2019\/03\/jttmweekly031619b-2-1.jpg\" width=\"765\" height=\"584\" srcset=\"https:\/\/www2.memri.org\/espanol\/wp-content\/uploads\/2019\/03\/jttmweekly031619b-2-1.jpg 765w, https:\/\/www2.memri.org\/espanol\/wp-content\/uploads\/2019\/03\/jttmweekly031619b-2-1-300x229.jpg 300w, https:\/\/www2.memri.org\/espanol\/wp-content\/uploads\/2019\/03\/jttmweekly031619b-2-1-600x458.jpg 600w, https:\/\/www2.memri.org\/espanol\/wp-content\/uploads\/2019\/03\/jttmweekly031619b-2-1-80x60.jpg 80w, https:\/\/www2.memri.org\/espanol\/wp-content\/uploads\/2019\/03\/jttmweekly031619b-2-1-696x531.jpg 696w, https:\/\/www2.memri.org\/espanol\/wp-content\/uploads\/2019\/03\/jttmweekly031619b-2-1-550x420.jpg 550w\" sizes=\"auto, (max-width: 765px) 100vw, 765px\" \/><\/p>\n<p><strong>Plataforma<\/strong>: Facebook<\/p>\n<p><strong>EXCLUSIVO: Revisi\u00f3n de Cuenta en los Medios Sociales Yihadistas (RC-MSY): Anatom\u00eda del canal en YouTube del yihadista que agrega contenido para los yihadistas de habla inglesa: Conferencias de predicadores yihadistas en Occidente, incluyendo Anwar Al-&#8216;Awlaki, Ahmad Musa Jibril, Abdullah Al-Faisal y otros<\/strong><\/p>\n<p><img loading=\"lazy\" decoding=\"async\" class=\"alignnone size-full wp-image-53840\" src=\"https:\/\/www2.memri.org\/espanol\/wp-content\/uploads\/2019\/03\/jttmweekly0316191-2-1.jpg\" width=\"386\" height=\"337\" srcset=\"https:\/\/www2.memri.org\/espanol\/wp-content\/uploads\/2019\/03\/jttmweekly0316191-2-1.jpg 386w, https:\/\/www2.memri.org\/espanol\/wp-content\/uploads\/2019\/03\/jttmweekly0316191-2-1-300x262.jpg 300w\" sizes=\"auto, (max-width: 386px) 100vw, 386px\" \/><\/p>\n<p><strong>Plataforma<\/strong>: YouTube<\/p>\n<p><strong>Informaci\u00f3n adicional<\/strong>: Un canal en YouTube llamado y creado el 14 de abril, 2018 posee 290 suscriptores y m\u00e1s de 20.000 visitas. El canal ha compartido videos en ingl\u00e9s de importantes figuras del pensamiento yihadista e islamista en Occidente, entre ellos: el Jeque yemenita-estadounidense y l\u00edder de Al Qaeda Anwar Al-&#8216;Awlaki; el predicador islamista que opera en Michigan Ahmad Musa Jibril; el cl\u00e9rigo de Jamaica pro-Estado Isl\u00e1mico (EIIS) Abdullah Al-Faisal; Abu Haleema, predicador extremista en Londres; el condenado predicador australiano pro-EIIS Musa Cerantonio; y el islamista radical de origen sirio Jeque Omar Bakri Muhammad, fundador de la filial londinense del grupo Hizb Al-Tahrir. Abu Haleema publica regularmente videos de s\u00ed mismo que se vinculan con el canal YouTube en Facebook. Estos jeques han sido asociados a numerosos casos de terrorismo en Occidente y muchos todav\u00eda est\u00e1n activos en las redes sociales. YouTube tiene un historial mixto en su trato con dicho contenido en su plataforma.<\/p>\n<p>Este informe reevaluar\u00e1 un ejemplo de un canal en YouTube con una variedad de videos islamistas y yihadistas. El canal es probablemente uno de muchos canales de este tipo en YouTube.<\/p>\n<p><strong>EXCLUSIVO: Compa\u00f1\u00eda de medios pro-EIIS: El llamado a la guerra contra China hecho por el EIIS muestra que el grupo no ha sido derrotado<\/strong><\/p>\n<p><img loading=\"lazy\" decoding=\"async\" class=\"alignnone size-full wp-image-53841\" src=\"https:\/\/www2.memri.org\/espanol\/wp-content\/uploads\/2019\/03\/jttmweekly0316192-2-1.jpg\" width=\"456\" height=\"646\" srcset=\"https:\/\/www2.memri.org\/espanol\/wp-content\/uploads\/2019\/03\/jttmweekly0316192-2-1.jpg 456w, https:\/\/www2.memri.org\/espanol\/wp-content\/uploads\/2019\/03\/jttmweekly0316192-2-1-212x300.jpg 212w, https:\/\/www2.memri.org\/espanol\/wp-content\/uploads\/2019\/03\/jttmweekly0316192-2-1-296x420.jpg 296w\" sizes=\"auto, (max-width: 456px) 100vw, 456px\" \/><\/p>\n<p>El 6 de marzo, 2019 un medio de comunicaci\u00f3n pro Estado isl\u00e1mico (EIIS) public\u00f3 una pancarta reiterando el reciente llamado del EIIS a librar una guerra sobre China.<\/p>\n<p><strong>EXCLUSIVO: El EIIS contin\u00faa publicando horripilantes fotograf\u00edas de ejecuciones y videos en Telegram &#8211; ADVERTENCIA: CONTENIDO ALTAMENTE GR\u00c1FICO<\/strong><\/p>\n<p><img loading=\"lazy\" decoding=\"async\" class=\"alignnone size-full wp-image-53842\" src=\"https:\/\/www2.memri.org\/espanol\/wp-content\/uploads\/2019\/03\/jttmweekly0316193-2-1.jpg\" width=\"600\" height=\"337\" srcset=\"https:\/\/www2.memri.org\/espanol\/wp-content\/uploads\/2019\/03\/jttmweekly0316193-2-1.jpg 600w, https:\/\/www2.memri.org\/espanol\/wp-content\/uploads\/2019\/03\/jttmweekly0316193-2-1-300x169.jpg 300w\" sizes=\"auto, (max-width: 600px) 100vw, 600px\" \/><\/p>\n<p>En las \u00faltimas semanas, el Estado Isl\u00e1mico (EIIS) ha publicado decenas de fotograf\u00edas y videos de horripilantes ejecuciones en su canal oficial Nasher News en la plataforma Telegram de hombres a quienes acusa de espionaje, que trabajan para el gobierno iraqu\u00ed o sirio, o que son miembros de grupos armados anti-EIIS, tales como las Fuerzas Democr\u00e1ticas de Siria (FDS), las Unidades de Movilizaci\u00f3n Popular iraqu\u00edes (UMP) y las fuerzas tribales sunitas.<\/p>\n<p><strong>EXCLUSIVO: Cl\u00e9rigo pakistan\u00ed Maulana Mujahid Abbas en serm\u00f3n de los viernes: &#8216;[Debemos] decirle a los hind\u00faes que ondearemos la estandarte del Islam en toda India, incluyendo Cachemira\u00bb<\/strong><\/p>\n<p><img loading=\"lazy\" decoding=\"async\" class=\"alignnone size-full wp-image-53843\" src=\"https:\/\/www2.memri.org\/espanol\/wp-content\/uploads\/2019\/03\/jttmweekly0316194-1-1.jpg\" width=\"600\" height=\"259\" srcset=\"https:\/\/www2.memri.org\/espanol\/wp-content\/uploads\/2019\/03\/jttmweekly0316194-1-1.jpg 600w, https:\/\/www2.memri.org\/espanol\/wp-content\/uploads\/2019\/03\/jttmweekly0316194-1-1-300x130.jpg 300w\" sizes=\"auto, (max-width: 600px) 100vw, 600px\" \/><\/p>\n<p>En un serm\u00f3n y discurso de los viernes, el cl\u00e9rigo radical pakistan\u00ed Maulana Mujahid Abbas atribuy\u00f3 el atentado suicida del 14 de febrero, 2019 que puso fin a la vida de m\u00e1s de 40 miembros del personal de seguridad hind\u00fa en Pulwama, Cachemira, a la labor de Al\u00e1.<\/p>\n<p><strong>EXCLUSIVO: Cl\u00e9rigo paquistan\u00ed Maulana Ilyas Qasmi En serm\u00f3n de los viernes: &#8216;Cuando entendamos la espada de Al\u00e1 &#8211; <em>Jihad Fi Sabeelillah<\/em> [Jihad en el camino a Al\u00e1] &#8211; entonces obtendremos una nueva dignidad en nuestra fe&#8217;<\/strong><\/p>\n<p><img loading=\"lazy\" decoding=\"async\" class=\"alignnone size-full wp-image-53844\" src=\"https:\/\/www2.memri.org\/espanol\/wp-content\/uploads\/2019\/03\/jttmweekly0316195-1-1.jpg\" width=\"600\" height=\"335\" srcset=\"https:\/\/www2.memri.org\/espanol\/wp-content\/uploads\/2019\/03\/jttmweekly0316195-1-1.jpg 600w, https:\/\/www2.memri.org\/espanol\/wp-content\/uploads\/2019\/03\/jttmweekly0316195-1-1-300x168.jpg 300w\" sizes=\"auto, (max-width: 600px) 100vw, 600px\" \/><\/p>\n<p>En un serm\u00f3n de los viernes, el cl\u00e9rigo pakistan\u00ed Maulana Ilyas Qasmi inst\u00f3 a los musulmanes a utilizar las ense\u00f1anzas del Cor\u00e1n para comprender la importancia del yihad y unirse a los grupos yihadistas.<\/p>\n<p><strong>EXCLUSIVO: Cl\u00e9rigo pakistan\u00ed Maulana Muhammad Umair en serm\u00f3n de los viernes: &#8216;El yihad se mantendr\u00e1 mientras los infieles y sus trastadas existan en el mundo&#8217;<\/strong><\/p>\n<p><img loading=\"lazy\" decoding=\"async\" class=\"alignnone size-full wp-image-53845\" src=\"https:\/\/www2.memri.org\/espanol\/wp-content\/uploads\/2019\/03\/jttmweekly0316196-1-1.jpg\" width=\"600\" height=\"191\" srcset=\"https:\/\/www2.memri.org\/espanol\/wp-content\/uploads\/2019\/03\/jttmweekly0316196-1-1.jpg 600w, https:\/\/www2.memri.org\/espanol\/wp-content\/uploads\/2019\/03\/jttmweekly0316196-1-1-300x96.jpg 300w\" sizes=\"auto, (max-width: 600px) 100vw, 600px\" \/><\/p>\n<p>En un serm\u00f3n de los viernes en la mezquita Markaz An-Nur en Mendeki Goraya en Pakist\u00e1n, el cl\u00e9rigo paquistan\u00ed Maulana Muhammad Umair dijo: \u00abLa existencia de los incr\u00e9dulos es un signo a la supervivencia del yihad\u00bb.<\/p>\n<p><strong>EXCLUSIVO: Cl\u00e9rigo radical Maulana Qamruzzaman dice a congregaci\u00f3n en una ciudad paquistan\u00ed: &#8216;Despu\u00e9s de Afganist\u00e1n, la victoria ser\u00e1 pronto en Cachemira&#8217;<\/strong><\/p>\n<p><img loading=\"lazy\" decoding=\"async\" class=\"alignnone size-full wp-image-53846\" src=\"https:\/\/www2.memri.org\/espanol\/wp-content\/uploads\/2019\/03\/jttmweekly0316197-1-1.jpg\" width=\"600\" height=\"184\" srcset=\"https:\/\/www2.memri.org\/espanol\/wp-content\/uploads\/2019\/03\/jttmweekly0316197-1-1.jpg 600w, https:\/\/www2.memri.org\/espanol\/wp-content\/uploads\/2019\/03\/jttmweekly0316197-1-1-300x92.jpg 300w\" sizes=\"auto, (max-width: 600px) 100vw, 600px\" \/><\/p>\n<p>Hablando en una \u00abcongregaci\u00f3n para la conmemoraci\u00f3n de m\u00e1rtires\u00bb en la ciudad de Mardan, en la provincia de Khyber Pakhtunkhwa en Pakist\u00e1n, el cl\u00e9rigo radical isl\u00e1mico Maulana Qamruzzaman dijo: \u00abDespu\u00e9s de Afganist\u00e1n, la victoria ser\u00e1 pronto en Cachemira\u00bb. El evento fue organizado bajo los auspicios de Al-Rehmat Trust, el brazo caritativo del grupo yihadista pakistan\u00ed Jaish-e-Muhammad (JeM).<\/p>\n<p><strong>EXCLUSIVO: Hurras Al-Din elogia ataques en Afganist\u00e1n y Somalia<\/strong><\/p>\n<p><img loading=\"lazy\" decoding=\"async\" class=\"alignnone size-full wp-image-53847\" src=\"https:\/\/www2.memri.org\/espanol\/wp-content\/uploads\/2019\/03\/jttmweekly0316198-1-1.jpg\" width=\"326\" height=\"140\" srcset=\"https:\/\/www2.memri.org\/espanol\/wp-content\/uploads\/2019\/03\/jttmweekly0316198-1-1.jpg 326w, https:\/\/www2.memri.org\/espanol\/wp-content\/uploads\/2019\/03\/jttmweekly0316198-1-1-300x129.jpg 300w, https:\/\/www2.memri.org\/espanol\/wp-content\/uploads\/2019\/03\/jttmweekly0316198-1-1-324x140.jpg 324w\" sizes=\"auto, (max-width: 326px) 100vw, 326px\" \/><\/p>\n<p>El 9 de marzo, 2019 un canal pro-Al-Qaeda en la plataforma Telegram emiti\u00f3 un comunicado de Hurras Al-Din, la filial siria de Al-Qaeda, alabando los exitosos ataques contra el Hotel La Meca en Mogadiscio y contra la base militar de Camp Bastion en Helmand. Afganist\u00e1n, realizados por Al-Shabab Al-Mujahideen y los talibanes, respectivamente.<\/p>\n<p><strong>EXCLUSIVO: Al-Shabab publica fotos de pertenencias de supuesto comandante de las fuerzas especiales estadounidenses<\/strong><\/p>\n<p><img loading=\"lazy\" decoding=\"async\" class=\"alignnone size-full wp-image-53848\" src=\"https:\/\/www2.memri.org\/espanol\/wp-content\/uploads\/2019\/03\/jttmweekly0316199-1-1.jpg\" width=\"768\" height=\"573\" srcset=\"https:\/\/www2.memri.org\/espanol\/wp-content\/uploads\/2019\/03\/jttmweekly0316199-1-1.jpg 768w, https:\/\/www2.memri.org\/espanol\/wp-content\/uploads\/2019\/03\/jttmweekly0316199-1-1-300x224.jpg 300w, https:\/\/www2.memri.org\/espanol\/wp-content\/uploads\/2019\/03\/jttmweekly0316199-1-1-600x448.jpg 600w, https:\/\/www2.memri.org\/espanol\/wp-content\/uploads\/2019\/03\/jttmweekly0316199-1-1-80x60.jpg 80w, https:\/\/www2.memri.org\/espanol\/wp-content\/uploads\/2019\/03\/jttmweekly0316199-1-1-265x198.jpg 265w, https:\/\/www2.memri.org\/espanol\/wp-content\/uploads\/2019\/03\/jttmweekly0316199-1-1-696x519.jpg 696w, https:\/\/www2.memri.org\/espanol\/wp-content\/uploads\/2019\/03\/jttmweekly0316199-1-1-563x420.jpg 563w\" sizes=\"auto, (max-width: 768px) 100vw, 768px\" \/><\/p>\n<p>El 12 de marzo, 2019 despu\u00e9s de afirmar haber frustrado una redada de las fuerzas especiales estadounidenses, el grupo somal\u00ed Al-Shabab Al-Mujahideen public\u00f3 fotograf\u00edas de lo que alega son el equipo militar y las pertenencias personales del comandante de la redada. Anteriormente, Al-Shabab anunci\u00f3 que el comandante fue asesinado.<\/p>\n<p><strong>EXCLUSIVO: Agencia Shahada clama que combatientes de Harakat Al-Shabab Al-Mujahideen (HSM) asesinaron al comandante de las Fuerzas de Operaci\u00f3n Especial estadounidense junto a frustrar incursi\u00f3n conjunta somal\u00ed-estadounidense<\/strong><\/p>\n<p><img loading=\"lazy\" decoding=\"async\" class=\"alignnone size-full wp-image-53849\" src=\"https:\/\/www2.memri.org\/espanol\/wp-content\/uploads\/2019\/03\/jttmweekly03161910-1-1.jpg\" width=\"600\" height=\"272\" srcset=\"https:\/\/www2.memri.org\/espanol\/wp-content\/uploads\/2019\/03\/jttmweekly03161910-1-1.jpg 600w, https:\/\/www2.memri.org\/espanol\/wp-content\/uploads\/2019\/03\/jttmweekly03161910-1-1-300x136.jpg 300w\" sizes=\"auto, (max-width: 600px) 100vw, 600px\" \/><\/p>\n<p>El 12 de marzo, 2019 Shahada, la agencia de noticias del grupo yihadista en Somalia Harakat Al-Shabab Al-Mujahideen (HSM), inform\u00f3 que los combatientes de HSM hab\u00edan asesinado a un comandante de las fuerzas de operaciones especiales estadounidenses en la ciudad de Dar es Salaam, en la provincia de Lower Shabelle, la noche del 11 de marzo, 2019.<\/p>\n<p><strong>Antiguo comandante de Al Qaeda en la Pen\u00ednsula Ar\u00e1biga (AQPA) Khaled Batarfi acusa a gobiernos \u00e1rabes y del Golfo por apresurarse a normalizar relaciones con Israel y pide a musulmanes que los enfrenten militarmente<\/strong><\/p>\n<p><img loading=\"lazy\" decoding=\"async\" class=\"alignnone size-full wp-image-53850\" src=\"https:\/\/www2.memri.org\/espanol\/wp-content\/uploads\/2019\/03\/jttmweekly03161911-1-1.jpg\" width=\"600\" height=\"305\" srcset=\"https:\/\/www2.memri.org\/espanol\/wp-content\/uploads\/2019\/03\/jttmweekly03161911-1-1.jpg 600w, https:\/\/www2.memri.org\/espanol\/wp-content\/uploads\/2019\/03\/jttmweekly03161911-1-1-300x153.jpg 300w\" sizes=\"auto, (max-width: 600px) 100vw, 600px\" \/><\/p>\n<p>El 11 de marzo, 2019 Al-Malahem, el brazo medi\u00e1tico de Al-Qaeda en la Pen\u00ednsula Ar\u00e1biga (AQPA), dio a conocer un video que mostraba al comandante principal del grupo Khaled Batarfi, condenando a los gobiernos \u00e1rabes y del Golfo y acus\u00e1ndolos de acelerar el normalizar relaciones con Israel. En el video, publicado en el canal oficial de la plataforma Telegram de AQPA, Batarfi pidi\u00f3 a los musulmanes confrontar a sus gobiernos de manera militar e intelectual.<\/p>\n<p><strong>Antiguo cl\u00e9rigo de Al-Qaeda en el Magreb isl\u00e1mico (AQMI) apoya a manifestantes argelinos y hace un llamado a la unidad de los argelinos en el yihad y resistencia al r\u00e9gimen<\/strong><\/p>\n<p><img loading=\"lazy\" decoding=\"async\" class=\"alignnone size-full wp-image-53851\" src=\"https:\/\/www2.memri.org\/espanol\/wp-content\/uploads\/2019\/03\/jttmweekly03161912-1-1.jpg\" width=\"604\" height=\"342\" srcset=\"https:\/\/www2.memri.org\/espanol\/wp-content\/uploads\/2019\/03\/jttmweekly03161912-1-1.jpg 604w, https:\/\/www2.memri.org\/espanol\/wp-content\/uploads\/2019\/03\/jttmweekly03161912-1-1-300x170.jpg 300w, https:\/\/www2.memri.org\/espanol\/wp-content\/uploads\/2019\/03\/jttmweekly03161912-1-1-600x340.jpg 600w\" sizes=\"auto, (max-width: 604px) 100vw, 604px\" \/><\/p>\n<p>El 10 de marzo, 2019 Al-Qaeda en el Magreb Isl\u00e1mico (AQMI) emiti\u00f3 un mensaje de audio en \u00e1rabe del jefe del consejo shura del grupo, Jeque Abu &#8216;Ubayda Yousef Al-&#8216;Annabi, titulado \u00abArgelia&#8230; y la Salida del Oscuro T\u00fanel\u00bb.<\/p>\n<p><strong>Revista pro-Al-Qaeda <em>Al-Falah<\/em> inaugura portal<\/strong><\/p>\n<p><img loading=\"lazy\" decoding=\"async\" class=\"alignnone size-full wp-image-53852\" src=\"https:\/\/www2.memri.org\/espanol\/wp-content\/uploads\/2019\/03\/jttmweekly03161913-1-1.jpg\" width=\"1032\" height=\"549\" srcset=\"https:\/\/www2.memri.org\/espanol\/wp-content\/uploads\/2019\/03\/jttmweekly03161913-1-1.jpg 1032w, https:\/\/www2.memri.org\/espanol\/wp-content\/uploads\/2019\/03\/jttmweekly03161913-1-1-300x160.jpg 300w, https:\/\/www2.memri.org\/espanol\/wp-content\/uploads\/2019\/03\/jttmweekly03161913-1-1-768x409.jpg 768w, https:\/\/www2.memri.org\/espanol\/wp-content\/uploads\/2019\/03\/jttmweekly03161913-1-1-1024x545.jpg 1024w, https:\/\/www2.memri.org\/espanol\/wp-content\/uploads\/2019\/03\/jttmweekly03161913-1-1-600x319.jpg 600w, https:\/\/www2.memri.org\/espanol\/wp-content\/uploads\/2019\/03\/jttmweekly03161913-1-1-696x370.jpg 696w, https:\/\/www2.memri.org\/espanol\/wp-content\/uploads\/2019\/03\/jttmweekly03161913-1-1-790x420.jpg 790w\" sizes=\"auto, (max-width: 1032px) 100vw, 1032px\" \/><\/p>\n<p>El 2 de marzo, 2019 la revista pro-Al-Qaeda en idioma \u00e1rabe <em>Al-Falah<\/em> anunci\u00f3 la inauguraci\u00f3n de un portal. El nuevo portal contiene todos los n\u00fameros anteriores de la revista, adem\u00e1s de varios art\u00edculos y comentarios, incluyendo los de destacados cl\u00e9rigos afiliados a Al-Qaeda, tales como Abu Muhammad Al-Maqdisi y Abu Qatada Al-Filistini.<\/p>\n<p><strong>Al-Shabab comparte im\u00e1genes de l\u00edderes tribales jurando lealtad en Somalia<\/strong><\/p>\n<p><img loading=\"lazy\" decoding=\"async\" class=\"alignnone size-full wp-image-53853\" src=\"https:\/\/www2.memri.org\/espanol\/wp-content\/uploads\/2019\/03\/jttmweekly03161914-1-1.jpg\" width=\"604\" height=\"404\" srcset=\"https:\/\/www2.memri.org\/espanol\/wp-content\/uploads\/2019\/03\/jttmweekly03161914-1-1.jpg 604w, https:\/\/www2.memri.org\/espanol\/wp-content\/uploads\/2019\/03\/jttmweekly03161914-1-1-300x201.jpg 300w, https:\/\/www2.memri.org\/espanol\/wp-content\/uploads\/2019\/03\/jttmweekly03161914-1-1-600x401.jpg 600w\" sizes=\"auto, (max-width: 604px) 100vw, 604px\" \/><\/p>\n<p>El 10 de marzo, 2019 Al-Shabab, el grupo alineado a Al-Qaeda al este de \u00c1frica, public\u00f3 una serie de fotograf\u00edas a trav\u00e9s de su agencia de noticias Shahadah News, que presuntamente mostr\u00f3 a 40 l\u00edderes tribales en la regi\u00f3n del Bajo Shabelle de Somalia prometiendo lealtad a los grupos del emir Abu Ubaidah tambi\u00e9n conocido como Ahmed Umar.<\/p>\n<p><strong>El EIIS da a conocer video desafiante desde el interior de la asediada ciudad siria de Baghouz<\/strong><\/p>\n<p><img loading=\"lazy\" decoding=\"async\" class=\"alignnone size-full wp-image-53854\" src=\"https:\/\/www2.memri.org\/espanol\/wp-content\/uploads\/2019\/03\/jttmweekly031619a-1-1.jpg\" width=\"500\" height=\"334\" srcset=\"https:\/\/www2.memri.org\/espanol\/wp-content\/uploads\/2019\/03\/jttmweekly031619a-1-1.jpg 500w, https:\/\/www2.memri.org\/espanol\/wp-content\/uploads\/2019\/03\/jttmweekly031619a-1-1-300x200.jpg 300w\" sizes=\"auto, (max-width: 500px) 100vw, 500px\" \/><\/p>\n<p>El 11 de marzo, 2019 el Estado Isl\u00e1mico (EIIS) dio a conocer un video titulado \u00abLos Significados de la Perseverancia\u00bb, enviando un mensaje desafiante a sus enemigos de que sus hombres siguen decididos a combatir. El video de 14 minutos de duraci\u00f3n fue publicado y difundido por el EIIS en la plataforma Telegram.<\/p>\n<p><strong>El EIIS se responsabiliza por el asesinato de 3 soldados estadounidenses en un ataque suicida en Siria<\/strong><\/p>\n<p><img loading=\"lazy\" decoding=\"async\" class=\"alignnone size-full wp-image-53855\" src=\"https:\/\/www2.memri.org\/espanol\/wp-content\/uploads\/2019\/03\/jttmweekly03161915-1-1.jpg\" width=\"692\" height=\"379\" srcset=\"https:\/\/www2.memri.org\/espanol\/wp-content\/uploads\/2019\/03\/jttmweekly03161915-1-1.jpg 692w, https:\/\/www2.memri.org\/espanol\/wp-content\/uploads\/2019\/03\/jttmweekly03161915-1-1-300x164.jpg 300w, https:\/\/www2.memri.org\/espanol\/wp-content\/uploads\/2019\/03\/jttmweekly03161915-1-1-600x329.jpg 600w\" sizes=\"auto, (max-width: 692px) 100vw, 692px\" \/><\/p>\n<p>El 9 de marzo, 2019 el Estado Isl\u00e1mico (EIIS) public\u00f3 una declaraci\u00f3n en la que denunciaba el asesinato de 3 soldados estadounidenses en un ataque suicida contra un convoy del PKK en la carretera entre las ciudades de Manbij y Al-Bab en la gobernaci\u00f3n de Alepo, Siria.<\/p>\n<p><strong>Director de grupo de medios de comunicaci\u00f3n analiza sus actividades en revista pro-EIIS<\/strong><\/p>\n<p><img loading=\"lazy\" decoding=\"async\" class=\"alignnone size-full wp-image-53856\" src=\"https:\/\/www2.memri.org\/espanol\/wp-content\/uploads\/2019\/03\/jttmweekly03161916-1-1.jpg\" width=\"402\" height=\"215\" srcset=\"https:\/\/www2.memri.org\/espanol\/wp-content\/uploads\/2019\/03\/jttmweekly03161916-1-1.jpg 402w, https:\/\/www2.memri.org\/espanol\/wp-content\/uploads\/2019\/03\/jttmweekly03161916-1-1-300x160.jpg 300w\" sizes=\"auto, (max-width: 402px) 100vw, 402px\" \/><\/p>\n<p>El 9 de marzo, 2019 la sexta edici\u00f3n de la revista pro Estado Isl\u00e1mico (EIIS) Juventud del Califato public\u00f3 una entrevista exclusiva con Abu Muhammad Al-Muhajir, director de un nuevo proyecto de medios pro-EIIS llamado Fundaci\u00f3n Al-Mutarjim (El Traductor). Este grupo de medios se ha comprometido a traducir y difundir las declaraciones y publicaciones oficiales del EIIS entre otros, al ingl\u00e9s, franc\u00e9s, espa\u00f1ol y filipino.<\/p>\n<p><strong>Grupo tecnol\u00f3gico pro-EIIS reitera importancia a presencia en las redes sociales y pide a sus partidarios que \u00abrompan el cerco a los medios de comunicaci\u00f3n\u00bb en Telegram y contin\u00faen abriendo cuentas en ellos<\/strong><\/p>\n<p><img loading=\"lazy\" decoding=\"async\" class=\"alignnone size-full wp-image-53857\" src=\"https:\/\/www2.memri.org\/espanol\/wp-content\/uploads\/2019\/03\/jttmweekly03161917-1-1.jpg\" width=\"602\" height=\"411\" srcset=\"https:\/\/www2.memri.org\/espanol\/wp-content\/uploads\/2019\/03\/jttmweekly03161917-1-1.jpg 602w, https:\/\/www2.memri.org\/espanol\/wp-content\/uploads\/2019\/03\/jttmweekly03161917-1-1-300x205.jpg 300w, https:\/\/www2.memri.org\/espanol\/wp-content\/uploads\/2019\/03\/jttmweekly03161917-1-1-600x410.jpg 600w, https:\/\/www2.memri.org\/espanol\/wp-content\/uploads\/2019\/03\/jttmweekly03161917-1-1-218x150.jpg 218w\" sizes=\"auto, (max-width: 602px) 100vw, 602px\" \/><\/p>\n<p>El 11 de marzo, 2019 un grupo t\u00e9cnico pro-Estado Isl\u00e1mico (EIIS) emiti\u00f3 un comunicado en el que ordenaba a los partidarios del grupo en la red que expandieran sus operaciones m\u00e1s all\u00e1 del confinamiento de la plataforma Telegram, inst\u00e1ndolos a \u00abromper el cerco a los medios de comunicaci\u00f3n\u00bb a su alrededor y continuar abriendo cuentas en las redes sociales a pesar de las suspensiones.<\/p>\n<p><strong>Agente del EIIS llama a librar el yihad y amenaza con ataques en Bangladesh<\/strong><\/p>\n<p><img loading=\"lazy\" decoding=\"async\" class=\"alignnone size-full wp-image-53858\" src=\"https:\/\/www2.memri.org\/espanol\/wp-content\/uploads\/2019\/03\/jttmweekly03161918-1-1.jpg\" width=\"604\" height=\"202\" srcset=\"https:\/\/www2.memri.org\/espanol\/wp-content\/uploads\/2019\/03\/jttmweekly03161918-1-1.jpg 604w, https:\/\/www2.memri.org\/espanol\/wp-content\/uploads\/2019\/03\/jttmweekly03161918-1-1-300x100.jpg 300w, https:\/\/www2.memri.org\/espanol\/wp-content\/uploads\/2019\/03\/jttmweekly03161918-1-1-600x201.jpg 600w\" sizes=\"auto, (max-width: 604px) 100vw, 604px\" \/><\/p>\n<p>La sexta y m\u00e1s reciente edici\u00f3n de la revista pro-Estado Isl\u00e1mico (EIIS) Juventud del Califato, dada conocer en la plataforma Telegram el 9 de marzo, 2019 presenta un art\u00edculo en ingl\u00e9s del agente del EIIS Abu Muhammad Al Bengal\u00ed, que insta a los musulmanes a atacar e insta a estos a prestarle atenci\u00f3n al llamado del EIIS al yihad y a perpetrar ataques a trav\u00e9s de cualquier medio contra los \u00abenemigos de Al\u00e1\u00bb en Bangladesh.<\/p>\n<p><strong>El EIIS en Afganist\u00e1n afirma haber asesinado y herido a m\u00e1s de 30 personas en ataque a evento al que asisti\u00f3 el ex-presidente afgano Hamid Karzai<\/strong><\/p>\n<p><img loading=\"lazy\" decoding=\"async\" class=\"alignnone size-full wp-image-53859\" src=\"https:\/\/www2.memri.org\/espanol\/wp-content\/uploads\/2019\/03\/jttmweekly03161919-1-1.jpg\" width=\"600\" height=\"328\" srcset=\"https:\/\/www2.memri.org\/espanol\/wp-content\/uploads\/2019\/03\/jttmweekly03161919-1-1.jpg 600w, https:\/\/www2.memri.org\/espanol\/wp-content\/uploads\/2019\/03\/jttmweekly03161919-1-1-300x164.jpg 300w\" sizes=\"auto, (max-width: 600px) 100vw, 600px\" \/><\/p>\n<p>El 7 de marzo, 2019 el Estado Isl\u00e1mico (EIIS) emiti\u00f3 un comunicado diciendo que el grupo hab\u00eda atacado un evento al que asisti\u00f3 el ex-presidente afgano Hamid Karzai y funcionarios del gobierno afgano junto a miembros del parlamento, utilizando decenas de proyectiles mortero y cohetes para asesinar y herir a m\u00e1s de 30 personas.<\/p>\n<p><strong>Video del Partido Isl\u00e1mico de Turkest\u00e1n (PIT) documenta vida diaria de grupo yihadista en Siria<\/strong><\/p>\n<p><img loading=\"lazy\" decoding=\"async\" class=\"alignnone size-full wp-image-53860\" src=\"https:\/\/www2.memri.org\/espanol\/wp-content\/uploads\/2019\/03\/jttmweekly03161920-1-1.jpg\" width=\"604\" height=\"342\" srcset=\"https:\/\/www2.memri.org\/espanol\/wp-content\/uploads\/2019\/03\/jttmweekly03161920-1-1.jpg 604w, https:\/\/www2.memri.org\/espanol\/wp-content\/uploads\/2019\/03\/jttmweekly03161920-1-1-300x170.jpg 300w, https:\/\/www2.memri.org\/espanol\/wp-content\/uploads\/2019\/03\/jttmweekly03161920-1-1-600x340.jpg 600w\" sizes=\"auto, (max-width: 604px) 100vw, 604px\" \/><\/p>\n<p>El 10 de marzo, 2019 la filial siria del Partido Isl\u00e1mico de Turkest\u00e1n (PIT) dio a conocer la 15ava edici\u00f3n de su serie de videos \u00c1lbum de Fotos Raras, en la plataforma Telegram. La pel\u00edcula de 13 minutos de duraci\u00f3n presenta una colecci\u00f3n de fotograf\u00edas editadas en un video con un <em>nasheed<\/em> (canto religioso isl\u00e1mico) que suena al fondo. El titulo en la pantalla lleva la fecha de febrero, 2019.<\/p>\n<p><strong>Partido Isl\u00e1mico de Turkest\u00e1n (PIT) documenta cohetes y su artiller\u00eda ataca a las fuerzas del r\u00e9gimen sirio<\/strong><\/p>\n<p><img loading=\"lazy\" decoding=\"async\" class=\"alignnone size-full wp-image-53861\" src=\"https:\/\/www2.memri.org\/espanol\/wp-content\/uploads\/2019\/03\/jttmweekly03161921-1-1.jpg\" width=\"604\" height=\"379\" srcset=\"https:\/\/www2.memri.org\/espanol\/wp-content\/uploads\/2019\/03\/jttmweekly03161921-1-1.jpg 604w, https:\/\/www2.memri.org\/espanol\/wp-content\/uploads\/2019\/03\/jttmweekly03161921-1-1-300x188.jpg 300w, https:\/\/www2.memri.org\/espanol\/wp-content\/uploads\/2019\/03\/jttmweekly03161921-1-1-600x376.jpg 600w\" sizes=\"auto, (max-width: 604px) 100vw, 604px\" \/><\/p>\n<p>El 6 de marzo, 2019 la filial siria del Partido Isl\u00e1mico de Turkest\u00e1n (PIT) public\u00f3 un conjunto de im\u00e1genes y un breve video que muestra a sus fuerzas disparando artiller\u00eda y cohetes contra las posiciones del r\u00e9gimen sirio al norte de Siria.<\/p>\n<p><strong>Semanario yihadista en idioma urdu: Los talibanes afganos rechazan la solicitud de protecci\u00f3n hecha por India para las inversiones de esta y piden a India que elimine su red de esp\u00edas en Afganist\u00e1n<\/strong><\/p>\n<p><img loading=\"lazy\" decoding=\"async\" class=\"alignnone size-full wp-image-53862\" src=\"https:\/\/www2.memri.org\/espanol\/wp-content\/uploads\/2019\/03\/jttmweekly03161922-1-1.jpg\" width=\"600\" height=\"186\" srcset=\"https:\/\/www2.memri.org\/espanol\/wp-content\/uploads\/2019\/03\/jttmweekly03161922-1-1.jpg 600w, https:\/\/www2.memri.org\/espanol\/wp-content\/uploads\/2019\/03\/jttmweekly03161922-1-1-300x93.jpg 300w\" sizes=\"auto, (max-width: 600px) 100vw, 600px\" \/><\/p>\n<p>Seg\u00fan un informe en un semanario yihadista en idioma urdu, el Emirato Isl\u00e1mico de Afganist\u00e1n (la organizaci\u00f3n de los talibanes) rechaz\u00f3 una solicitud de India para que los talibanes protejan las inversiones de esta en Afganist\u00e1n, presumiblemente cuando tomen el poder como resultado de las conversaciones entre Estados unidos y los talibanes.<\/p>\n<p><strong>Pakist\u00e1n coloca en lista a Jamaatud Dawa y Falah-i-Insaniat Foundation como grupos terroristas prohibidos y arresta a 44 l\u00edderes de Jaish-e-Muhammad<\/strong><\/p>\n<p><img loading=\"lazy\" decoding=\"async\" class=\"alignnone size-full wp-image-53863\" src=\"https:\/\/www2.memri.org\/espanol\/wp-content\/uploads\/2019\/03\/jttmweekly03161923-1-1.jpg\" width=\"600\" height=\"823\" srcset=\"https:\/\/www2.memri.org\/espanol\/wp-content\/uploads\/2019\/03\/jttmweekly03161923-1-1.jpg 600w, https:\/\/www2.memri.org\/espanol\/wp-content\/uploads\/2019\/03\/jttmweekly03161923-1-1-219x300.jpg 219w, https:\/\/www2.memri.org\/espanol\/wp-content\/uploads\/2019\/03\/jttmweekly03161923-1-1-306x420.jpg 306w\" sizes=\"auto, (max-width: 600px) 100vw, 600px\" \/><\/p>\n<p>El 5 de marzo, 2019 el gobierno de Pakist\u00e1n incorpor\u00f3 a Jamaatud Dawa (JuD) y a la Fundaci\u00f3n Falah-i-Insaniat (FIF) a su lista de grupos terroristas prohibidos. Las dos organizaciones son nombres nuevos del grupo Lashkar-e-Taiba (LeT), que Pakist\u00e1n prohibi\u00f3 el 14 de enero, 2002. El Consejo de Seguridad de la ONU incluy\u00f3 a Lashkar-e-Taiba, a veces mal escrito como Lashkar-e-Taiyyaba, como aliado de Al-Qaeda el 2 de mayo, 2005.<\/p>\n<p><strong>Cuarenta y ocho participantes asisten al curso de 15 d\u00edas de Jaish-e-Muhammad (JeM) en Bahawalpur, Pakist\u00e1n, sobre los temas del yihad y el Islam<\/strong><\/p>\n<p><img loading=\"lazy\" decoding=\"async\" class=\"alignnone size-full wp-image-53864\" src=\"https:\/\/www2.memri.org\/espanol\/wp-content\/uploads\/2019\/03\/jttmweekly03161924-1-1.jpg\" width=\"600\" height=\"281\" srcset=\"https:\/\/www2.memri.org\/espanol\/wp-content\/uploads\/2019\/03\/jttmweekly03161924-1-1.jpg 600w, https:\/\/www2.memri.org\/espanol\/wp-content\/uploads\/2019\/03\/jttmweekly03161924-1-1-300x141.jpg 300w\" sizes=\"auto, (max-width: 600px) 100vw, 600px\" \/><\/p>\n<p>La organizaci\u00f3n yihadista pakistan\u00ed Jaish-e-Muhammad (JeM) comenz\u00f3 una nueva sesi\u00f3n de su curso de 15 d\u00edas llamado \u00abDaura-e-Asasia\u00bb (\u00abCurso Fundacional\u00bb), en el que los participantes aprenden sobre las ense\u00f1anzas yihadistas e isl\u00e1micas. El brazo de caridad del JeM Al-Rehmat Trust fue el organizador del curso.<\/p>\n<p><strong>Talibanes afganos afirman que 9 terroristas suicidas asesinaron a 137 soldados estadounidenses junto a 260 miembros del personal de seguridad afgano en un ataque de 46 horas a la base a\u00e9rea Shorab<\/strong><\/p>\n<p><img loading=\"lazy\" decoding=\"async\" class=\"alignnone size-full wp-image-53865\" src=\"https:\/\/www2.memri.org\/espanol\/wp-content\/uploads\/2019\/03\/jttmweekly03161925-1-1.jpg\" width=\"600\" height=\"253\" srcset=\"https:\/\/www2.memri.org\/espanol\/wp-content\/uploads\/2019\/03\/jttmweekly03161925-1-1.jpg 600w, https:\/\/www2.memri.org\/espanol\/wp-content\/uploads\/2019\/03\/jttmweekly03161925-1-1-300x127.jpg 300w\" sizes=\"auto, (max-width: 600px) 100vw, 600px\" \/><\/p>\n<p>En una declaraci\u00f3n realizada el 3 de marzo, 2019 Qari Muhammad Yousuf Ahmadi, portavoz del Emirato Isl\u00e1mico de Afganist\u00e1n (la organizaci\u00f3n de los talibanes) afirm\u00f3 que 137 soldados estadounidenses y 260 miembros del personal de seguridad afgano murieron en el ataque de 46 horas de duraci\u00f3n contra la base a\u00e9rea Shorab en la provincia Helmand en Afganist\u00e1n, que comenz\u00f3 la noche del 28 de febrero. El portavoz de los talibanes tambi\u00e9n dio a conocer los nombres de los 9 terroristas suicidas que participaron en la operaci\u00f3n. La declaraci\u00f3n difiere de los informes principales de noticias, los cuales dicen que alrededor de dos decenas del personal de seguridad afgano fueron muertos en el ataque.<\/p>\n<p><strong>L\u00edder adjunto de los talibanes afganos se re\u00fane con el canciller de Uzbekist\u00e1n en Qatar<\/strong><\/p>\n<p><img loading=\"lazy\" decoding=\"async\" class=\"alignnone size-full wp-image-53866\" src=\"https:\/\/www2.memri.org\/espanol\/wp-content\/uploads\/2019\/03\/jttmweekly03161926-1-1.jpg\" width=\"600\" height=\"110\" srcset=\"https:\/\/www2.memri.org\/espanol\/wp-content\/uploads\/2019\/03\/jttmweekly03161926-1-1.jpg 600w, https:\/\/www2.memri.org\/espanol\/wp-content\/uploads\/2019\/03\/jttmweekly03161926-1-1-300x55.jpg 300w\" sizes=\"auto, (max-width: 600px) 100vw, 600px\" \/><\/p>\n<p>La noche del 3 de marzo, 2019, el mul\u00e1 Abdul Ghani Baradar Akhund, l\u00edder adjunto del Emirato Isl\u00e1mico de Afganist\u00e1n (la organizaci\u00f3n de los talibanes) se reuni\u00f3 en Doha, Qatar con el canciller de Uzbekist\u00e1n Abdul Aziz Kamolov y el Enviado Especial de Uzbekist\u00e1n en Afganist\u00e1n Ismatullah Irgashev.<\/p>\n","protected":false},"excerpt":{"rendered":"<p>Lo siguiente son algunos de los informes de esta semana del Proyecto Supervisi\u00f3n a la Amenaza Terrorista y Yihad (PSATY) en MEMRI, que traduce y analiza el contenido de fuentes monitoreadas y supervisadas las 24 horas del d\u00eda, 7 d\u00edas a la semana, entre estos los portales y blogs yihadistas m\u00e1s importantes. (Para ver estos [&hellip;]<\/p>\n","protected":false},"author":1,"featured_media":53839,"comment_status":"open","ping_status":"open","sticky":false,"template":"","format":"standard","meta":{"footnotes":""},"categories":[33,4,10,9,2],"tags":[],"class_list":["post-53697","post","type-post","status-publish","format-standard","has-post-thumbnail","hentry","category-boletin-especial","category-archivos","category-estudios-sobre-terrorismo-y-yihad","category-temas","category-featured"],"_links":{"self":[{"href":"https:\/\/www2.memri.org\/espanol\/wp-json\/wp\/v2\/posts\/53697","targetHints":{"allow":["GET"]}}],"collection":[{"href":"https:\/\/www2.memri.org\/espanol\/wp-json\/wp\/v2\/posts"}],"about":[{"href":"https:\/\/www2.memri.org\/espanol\/wp-json\/wp\/v2\/types\/post"}],"author":[{"embeddable":true,"href":"https:\/\/www2.memri.org\/espanol\/wp-json\/wp\/v2\/users\/1"}],"replies":[{"embeddable":true,"href":"https:\/\/www2.memri.org\/espanol\/wp-json\/wp\/v2\/comments?post=53697"}],"version-history":[{"count":0,"href":"https:\/\/www2.memri.org\/espanol\/wp-json\/wp\/v2\/posts\/53697\/revisions"}],"wp:featuredmedia":[{"embeddable":true,"href":"https:\/\/www2.memri.org\/espanol\/wp-json\/wp\/v2\/media\/53839"}],"wp:attachment":[{"href":"https:\/\/www2.memri.org\/espanol\/wp-json\/wp\/v2\/media?parent=53697"}],"wp:term":[{"taxonomy":"category","embeddable":true,"href":"https:\/\/www2.memri.org\/espanol\/wp-json\/wp\/v2\/categories?post=53697"},{"taxonomy":"post_tag","embeddable":true,"href":"https:\/\/www2.memri.org\/espanol\/wp-json\/wp\/v2\/tags?post=53697"}],"curies":[{"name":"wp","href":"https:\/\/api.w.org\/{rel}","templated":true}]}}