{"id":53487,"date":"2019-03-06T15:59:53","date_gmt":"2019-03-06T19:59:53","guid":{"rendered":"http:\/\/www2.memri.org\/espanol\/?p=53487"},"modified":"2019-03-07T16:11:11","modified_gmt":"2019-03-07T20:11:11","slug":"youtube-protege-discurso-de-odio-e-incitacion-a-la-violencia-contra-la-comunidad-lgbtq-removiendo-video-de-memri-tv-que-expone-a-imam-canadiense-pidiendo-se-lapide-a-muerte-a-esta-gente","status":"publish","type":"post","link":"https:\/\/www2.memri.org\/espanol\/youtube-protege-discurso-de-odio-e-incitacion-a-la-violencia-contra-la-comunidad-lgbtq-removiendo-video-de-memri-tv-que-expone-a-imam-canadiense-pidiendo-se-lapide-a-muerte-a-esta-gente\/53487","title":{"rendered":"YouTube protege discurso de odio e incitaci\u00f3n a la violencia contra la comunidad LGBTQ removiendo video de MEMRI TV que expone a imam canadiense pidiendo se \u00ablapide a muerte a esta gente\u00bb"},"content":{"rendered":"<p>Washington, DC &#8211; YouTube protege el discurso de odio e incitaci\u00f3n ante la violencia contra la comunidad LBGTQ eliminando un video del portal MEMRI TV que expone a un imam canadiense quien llama \u00abse lapide a muerte a esta gente\u00bb. El video de MEMRI TV, publicado el 4 de abril en el canal YouTube del portal MEMRI TV, muestra a Bangash en una conferencia realizada en abril, 1996 criticando a Occidente por sentirse \u00aborgulloso de ser homosexual\u00bb y diciendo: \u00abEs hora de recoger las piedras una a una y lapidar a esta gentuza por [dicha] abominaci\u00f3n&#8230; Al\u00e1 nos impone [esta responsabilidad]\u00bb. Este a\u00f1adi\u00f3 que algo anda muy mal con los musulmanes que tratan a los jud\u00edos como amigos y le asegur\u00f3 a su audiencia que los jud\u00edos, cristianos, polite\u00edstas y los infieles \u00abno escatiman esfuerzos\u00bb para arruinar a los musulmanes debido al odio que tienen contra ellos (lea por favor la transcripci\u00f3n del video debajo).<\/p>\n<p><img loading=\"lazy\" decoding=\"async\" class=\"alignnone size-full wp-image-53492\" src=\"https:\/\/www2.memri.org\/espanol\/wp-content\/uploads\/2019\/03\/Sermon_quote_MTV_7062-1.jpg\" width=\"1200\" height=\"275\" srcset=\"https:\/\/www2.memri.org\/espanol\/wp-content\/uploads\/2019\/03\/Sermon_quote_MTV_7062-1.jpg 1200w, https:\/\/www2.memri.org\/espanol\/wp-content\/uploads\/2019\/03\/Sermon_quote_MTV_7062-1-300x69.jpg 300w, https:\/\/www2.memri.org\/espanol\/wp-content\/uploads\/2019\/03\/Sermon_quote_MTV_7062-1-768x176.jpg 768w, https:\/\/www2.memri.org\/espanol\/wp-content\/uploads\/2019\/03\/Sermon_quote_MTV_7062-1-1024x235.jpg 1024w, https:\/\/www2.memri.org\/espanol\/wp-content\/uploads\/2019\/03\/Sermon_quote_MTV_7062-1-600x138.jpg 600w, https:\/\/www2.memri.org\/espanol\/wp-content\/uploads\/2019\/03\/Sermon_quote_MTV_7062-1-696x160.jpg 696w, https:\/\/www2.memri.org\/espanol\/wp-content\/uploads\/2019\/03\/Sermon_quote_MTV_7062-1-1068x245.jpg 1068w\" sizes=\"auto, (max-width: 1200px) 100vw, 1200px\" \/><\/p>\n<p>YouTube removi\u00f3 el video el 4 de marzo y MEMRI apel\u00f3 la decisi\u00f3n el mismo d\u00eda, explicando: \u00abComo parte del Proyecto Reforma de MEMRI, nosotros exponemos el discurso de odio, incluyendo el sentimiento anti-LGBTQ (tal como se presenta en este video) y apoyamos a los reformistas que hablan abiertamente en contra de tal discurso de odio\u00bb. YouTube rechaz\u00f3 la apelaci\u00f3n el 5 de marzo, por lo que mantiene su protecci\u00f3n contra el discurso del odio y llamadas a la violencia contra la comunidad LGBTQ.<\/p>\n<p><img loading=\"lazy\" decoding=\"async\" class=\"alignnone size-full wp-image-53493\" src=\"https:\/\/www2.memri.org\/espanol\/wp-content\/uploads\/2019\/03\/SA737-1.jpg\" width=\"793\" height=\"85\" alt=\"\" srcset=\"https:\/\/www2.memri.org\/espanol\/wp-content\/uploads\/2019\/03\/SA737-1.jpg 793w, https:\/\/www2.memri.org\/espanol\/wp-content\/uploads\/2019\/03\/SA737-1-300x32.jpg 300w, https:\/\/www2.memri.org\/espanol\/wp-content\/uploads\/2019\/03\/SA737-1-768x82.jpg 768w, https:\/\/www2.memri.org\/espanol\/wp-content\/uploads\/2019\/03\/SA737-1-600x64.jpg 600w, https:\/\/www2.memri.org\/espanol\/wp-content\/uploads\/2019\/03\/SA737-1-696x75.jpg 696w\" sizes=\"auto, (max-width: 793px) 100vw, 793px\" \/><\/p>\n<p><img loading=\"lazy\" decoding=\"async\" class=\"alignnone size-full wp-image-53494\" src=\"https:\/\/www2.memri.org\/espanol\/wp-content\/uploads\/2019\/03\/SA7371-1.jpg\" width=\"409\" height=\"412\" alt=\"\" srcset=\"https:\/\/www2.memri.org\/espanol\/wp-content\/uploads\/2019\/03\/SA7371-1.jpg 409w, https:\/\/www2.memri.org\/espanol\/wp-content\/uploads\/2019\/03\/SA7371-1-150x150.jpg 150w, https:\/\/www2.memri.org\/espanol\/wp-content\/uploads\/2019\/03\/SA7371-1-298x300.jpg 298w\" sizes=\"auto, (max-width: 409px) 100vw, 409px\" \/><\/p>\n<p class=\"normal\"><img loading=\"lazy\" decoding=\"async\" class=\"alignnone size-full wp-image-53495\" src=\"https:\/\/www2.memri.org\/espanol\/wp-content\/uploads\/2019\/03\/SA7372-1.jpg\" width=\"635\" height=\"649\" alt=\"\" srcset=\"https:\/\/www2.memri.org\/espanol\/wp-content\/uploads\/2019\/03\/SA7372-1.jpg 635w, https:\/\/www2.memri.org\/espanol\/wp-content\/uploads\/2019\/03\/SA7372-1-294x300.jpg 294w, https:\/\/www2.memri.org\/espanol\/wp-content\/uploads\/2019\/03\/SA7372-1-600x613.jpg 600w, https:\/\/www2.memri.org\/espanol\/wp-content\/uploads\/2019\/03\/SA7372-1-356x364.jpg 356w, https:\/\/www2.memri.org\/espanol\/wp-content\/uploads\/2019\/03\/SA7372-1-411x420.jpg 411w\" sizes=\"auto, (max-width: 635px) 100vw, 635px\" \/><\/p>\n<p>El video de MEMRI TV es parte del Proyecto Reforma de MEMRI que identifica y apoya a aquellos en el mundo \u00e1rabe y musulm\u00e1n que abogan por la reforma y los derechos humanos y expone los discursos de odio contra tales derechos. El Proyecto Reforma traduce y expone el discurso de odio en el mundo \u00e1rabe y musulm\u00e1n e informa sobre los esfuerzos, incluyendo las pol\u00edticas, estrategias e iniciativas legislativas, para abordar dicho discurso de odio. Al limitar la distribuci\u00f3n del clip, YouTube evita el exponer el discurso de odio y recorta la lucha contra ello.<\/p>\n<p><strong>El Proyecto Reforma en MEMRI: Exponiendo el discurso de odio<\/strong><\/p>\n<p>El objetivo de MEMRI en resaltar el trabajo del Proyecto Reforma es llevar el tema del discurso de odio a los medios de comunicaci\u00f3n, presentar pruebas para que puedan tomarse las medidas preventivas legales e informar a los responsables de las pol\u00edticas a fin de proveer la infraestructura informativa para crear pol\u00edticas, estrategias e iniciativas de legislaci\u00f3n para contrarrestar el problema del discurso de odio.<\/p>\n<p>Los esfuerzos de investigaci\u00f3n y traducci\u00f3n realizados por MEMRI para exponer el discurso de odio en el mundo \u00e1rabe y musulm\u00e1n han proporcionado recursos cruciales para educar a aquellos responsables de crear pol\u00edticas, a las organizaciones de medios de comunicaci\u00f3n, al p\u00fablico y otros. MEMRI solicita su ayuda para continuar este importante trabajo a trav\u00e9s de donaciones que son deducibles de impuestos.<\/p>\n<p><strong>Informaci\u00f3n cerca de MEMRI:<\/strong><\/p>\n<p>Al explorar el Medio Oriente y el Sudeste Asi\u00e1tico a trav\u00e9s de sus medios de comunicaci\u00f3n, MEMRI reduce la brecha ling\u00fc\u00edstica entre Occidente el Medio Oriente y el Sudeste Asi\u00e1tico, proporcionando traducciones oportunas del \u00e1rabe, farsi, urdu-past\u00fan, dari y de los medios de comunicaci\u00f3n turcos, as\u00ed como tambi\u00e9n un an\u00e1lisis genuino de tendencias pol\u00edticas, ideol\u00f3gicas, intelectuales, sociales, culturales y religiosas.<\/p>\n<p>Fundada en febrero, 1998 para informar sobre el debate en la pol\u00edtica estadounidense en el Medio Oriente, MEMRI es una organizaci\u00f3n independiente, no partidista, sin fines de lucro, 501(c)3. La oficina principal de MEMRI se encuentra ubicada en Washington, DC, con sucursales en varias capitales del mundo. Las investigaciones realizadas por MEMRI son traducidas al ingl\u00e9s, franc\u00e9s, polaco, japon\u00e9s, espa\u00f1ol y hebreo.<\/p>\n<p>MEMRI &#8211; Middle East Media Research Institute:<br \/>\n<a href=\"https:\/\/www.memri.org\">https:\/\/www.memri.org<\/a><\/p>\n<p>MEMRI en los medios de comunicaci\u00f3n:<br \/>\n<a href=\"https:\/\/memriinthemedia.org\">https:\/\/memriinthemedia.org<\/a><\/p>\n<p>MEMRI TV &#8211; MEMRI:<br \/>\n<a href=\"https:\/\/www.memri.org\/tv\">https:\/\/www.memri.org\/tv<\/a><\/p>\n<p><strong>Informaci\u00f3n del contacto: MEMRI<\/strong><\/p>\n<p>media@memri.org<br \/>\n202-955-9070<br \/>\nwww.memri.org<\/p>\n<p><strong>Transcripci\u00f3n del video de MEMRI TV censurado por YouTube<\/strong><\/p>\n<p><strong>A\u00f1o 1996 &#8211; Discurso 1<\/strong><\/p>\n<p><strong>Imam Zafar Bangash<\/strong>: \u00abSon esos inocentes, ni\u00f1os, mujeres, hombres, j\u00f3venes y ancianos &#8211; quienes est\u00e1n siendo asesinados a trav\u00e9s de un proceso genocida que estos llaman sanciones.<\/p>\n<p>[&#8230;]<\/p>\n<p>\u00abPero pienso que incluso todo esto palidece en insignificancia comparado al <em>fitna<\/em> [discordia] que intentaron imponerle a los musulmanes a trav\u00e9s de los Versos Sat\u00e1nicos.<\/p>\n<p>[&#8230;]<\/p>\n<p>\u00bb Los Versos Sat\u00e1nicos representaron un asalto a los musulmanes en que si los musulmanes no hubiesen resistido, hubiese abierto la venerada personalidad del Islam a todo tipo de ridiculizaci\u00f3n y degradaci\u00f3n.<\/p>\n<p>[&#8230;]<\/p>\n<p>\u00abFue una pol\u00edtica cuidadosamente calculada la de atacar los cimientos del Islam.<\/p>\n<p>[&#8230;]<\/p>\n<p>\u00abFue por esta raz\u00f3n que al momento de ser emitido el fatua del Imam Jomeini, se origin\u00f3 el primer desaf\u00edo directo a la hegemon\u00eda pol\u00edtica de Occidente, de que los musulmanes no se alzar\u00e1n y permitir\u00e1n que sus veneradas personalidades sean llevadas al nivel de Hollywood y a la inmundicia que estos sacan alrededor del resto del mundo.<\/p>\n<p>[&#8230;]<\/p>\n<p>\u00abAdem\u00e1s, existe confusi\u00f3n en la mente de algunos musulmanes que piensan que los cristianos son <em>ahl al-kitab<\/em> [el pueblo del libro], los cristianos y los jud\u00edos de hoy y pare de contar y por lo tanto son nuestros primos y dem\u00e1s. Primero que nada, me gustar\u00eda preguntarles a mis hermanos y hermanas que piensan de esa manera si el libro original revelado a Mois\u00e9s o a Jes\u00fas &#8211; \u00bfPosee alguien una copia de ese libro? El libro original y no el texto de la versi\u00f3n distorsionada que estos siguen cambiando a cada tantos a\u00f1os\u00bb.<\/p>\n<p>[&#8230;]<\/p>\n<p>\u00abSi no poseen una copia del libro original, entonces esta gente no puede ser considerada ahl al-kitab, porque no existe ning\u00fan libro al cual nos estemos refiriendo.<\/p>\n<p>[&#8230;]<\/p>\n<p>\u00abY hoy, uno observa a Occidente &#8211; estos no solo est\u00e1n violando todos y cada uno de los mandamientos de Al\u00e1, sino que cometen todo <em>zul<\/em> [injusticia] todo <em>shirk<\/em> [polite\u00edsmo] y cada crimen que cualquier naci\u00f3n en la faz de esta Tierra ha cometido a lo largo de la historia. \u00bfPodemos convivir con tales individuos?<\/p>\n<p>[&#8230;]<\/p>\n<p>\u00abSus propios hijos en Occidente son unos drogadictos. Sus propias chicas, sus propias hijas y hermanas &#8211; andan por ah\u00ed a los 10-12 a\u00f1os fornicando y cometiendo adulterio frente a sus hermanos y sus padres y ellos de hecho sienten orgullo por esto.<\/p>\n<p>[&#8230;]<\/p>\n<p>\u00abEllos son los que sienten orgullo de ser homosexuales.<\/p>\n<p>[&#8230;]<\/p>\n<p>\u00abEn todas partes, ya sea que vayas a los Estados Unidos, o vayas a Europa o a Israel, o a otras partes del mundo, ellos cometen tal abominaci\u00f3n y se sienten orgullosos de ello. Mis hermanos y hermanas, no es hora de vivir coexistiendo con ellos. Es hora de que recojamos las piedras y lapidemos a esta gente hasta que mueran por la abominaci\u00f3n que est\u00e1n cometiendo\u00bb.<\/p>\n<p><strong>Multitud<\/strong>: \u00abAl\u00e1 Akbar!\u00bb<\/p>\n<p>[&#8230;]<\/p>\n<p><strong>Imam Zafar Bangash<\/strong>: \u00abEs esta responsabilidad la que Al\u00e1 nos impone. Mis hermanos y hermanas, les invito a este desaf\u00edo. Les invito a esta lucha que tenemos por delante, que confrontemos a esta civilizaci\u00f3n <em>jahil<\/em> [ignorante], que la enviemos a la cubeta de basura de la historia en donde pertenece, para que hagamos que la palabra de Al\u00e1 sea lo m\u00e1s importante, tal como lo prometi\u00f3 Al\u00e1 y trabajemos para que Al\u00e1 nos elija como sus servidores elegidos a trav\u00e9s de cuyas manos y de cuyo esfuerzo todo esto ser\u00e1 llevado a cabo\u00bb.<\/p>\n<p>[&#8230;]<\/p>\n<p><strong>A\u00f1o 1996 &#8211; Discurso 2<\/strong><\/p>\n<p>\u00abEl presidente de los Estados Unidos, el primer ministro de Gran Breta\u00f1a, el canciller de Alemania, el presidente de Francia, etc. y los reyes y otras razas de menor importancia, estuvieron all\u00ed para presentar sus respetos a 60 jud\u00edos que fueron asesinados en Palestina.<\/p>\n<p>[&#8230;]<\/p>\n<p>\u00abY se supone que los musulmanes son los terroristas y merecen un castigo colectivo.<\/p>\n<p>[&#8230;]<\/p>\n<p>\u00abBueno, nunca vimos a los sionistas ir y volar por los aires las casas de Baruch Goldstein.<\/p>\n<p>[&#8230;]<\/p>\n<p>\u00abEstos no fueron y demolieron la casa de Yigal Amir, quien asesin\u00f3 a su propio primer ministro.<\/p>\n<p>[&#8230;]<\/p>\n<p>\u00abPero ustedes saben, nosotros como musulmanes, debemos saber que esto es lo que puede esperarse de esta gente. No debemos ser ilusos al respecto. La raz\u00f3n es que Al\u00e1 nos ha dicho en el Cor\u00e1n que estos jud\u00edos asesinaron incluso a los profetas de Al\u00e1. \u00bfNo asesinaron al Profeta Zacar\u00edas y a Juan [el Bautista]? Los jud\u00edos los asesinaron, entonces, \u00bfpor qu\u00e9 esperar que nos traten mejor? Creo que seremos negligentes si pensamos que esta gente ser\u00e1n nuestros amigos. No debemos ilusionarnos de que gente que no puede hacer amistad con Al\u00e1 y sus profetas pueden ser amigos de los musulmanes, porque si van a ser nuestros [amigos], entonces debemos examinar la propia [fe] del imam &#8211; entonces hay algo malo en nosotros, porque Al\u00e1 nos dice que no se puede esperar ninguna amistad que provenga de esta gente.<\/p>\n<p>[&#8230;]<\/p>\n<p>\u00abEsta gente &#8211; los jud\u00edos, cristianos, <em>mushrikeen<\/em> [polite\u00edstas] y <em>kuffar<\/em> [infieles] &#8211; no escatimar\u00e1n esfuerzos para arruinarles la vida y har\u00e1n todo lo que est\u00e9 a su alcance para obstaculizar sus actividades, incluyendo actividades inofensivas, como el realizar una conferencia. Ellos har\u00e1n todo lo posible para obstaculizar sus actividades y sin embargo Al\u00e1 nos advierte y nos dice que lo que dicen con sus bocas, lo que dicen en sus pantallas de televisi\u00f3n, lo que escuchan en sus estaciones de radio, lo que leen en sus diarios&#8230; Al\u00e1 dice que eso no es nada. Lo que ocultan en sus corazones hacia ustedes es mucho m\u00e1s grande. El odio que tienen hacia ustedes es mucho mayor, por lo que nosotros, como musulmanes, debemos estar conscientes de este hecho y si estamos conscientes de este hecho y entendemos su naturaleza y nuestras responsabilidades, entonces si Al\u00e1 lega, no podemos desviarnos del camino correcto\u00bb.<\/p>\n<p>[&#8230;]<\/p>\n<p><strong>A\u00f1o 2000<\/strong><\/p>\n<p>\u00abHace unos 10 d\u00edas, recibimos un mensaje de los muyahidines en Chechenia. Por supuesto que nos estamos comunicando con ellos v\u00eda Internet. Les enviamos un mensaje: &#8216;Por favor, d\u00edganos qu\u00e9 podemos hacer por ustedes&#8217;. Y el mensaje que enviaron es de verdad muy revelador. Pensamos que quiz\u00e1s dir\u00edan: \u00abPor favor, recauden fondos para nosotros, env\u00edennos medicamentos, env\u00edennos armamento&#8230;\u00bb Estos dijeron: \u00abLe pedimos a nuestros hermanos y hermanas musulmanes alrededor del mundo que nos recuerden en sus rezos&#8217;. \u00bfSe imaginan el esp\u00edritu de esta gente? Ellos no desean que se les de armas o dinero &#8211; por supuesto, es nuestra obligaci\u00f3n otorgarles esa ayuda, pero estos solo quieren que les recordemos en nuestros rezos.<\/p>\n<p>[&#8230;]<\/p>\n<p>\u00abSi Al\u00e1 lega, ning\u00fan poder en el mundo puede derrotarlos y menos a estos g\u00e1nsteres que gobiernan en Rusia. Pero mis hermanos y hermanas, les pregunto &#8211; es importante para nosotros. Tenemos una obligaci\u00f3n. Tenemos que cumplir con nuestras responsabilidades y Al\u00e1 espera que hagamos eso. Nuestra responsabilidad es que les ayudemos financieramente, les prestemos toda la ayuda material, para que estos hermanos se mantengan firmes, para que estos hermanos puedan continuar la lucha, porque estoy lo bastante confiado y bastante seguro de que se librara el yihad en Chechenia mientras haya un solo checheno vivo\u00bb.<\/p>\n","protected":false},"excerpt":{"rendered":"<p>Washington, DC &#8211; YouTube protege el discurso de odio e incitaci\u00f3n ante la violencia contra la comunidad LBGTQ eliminando un video del portal MEMRI TV que expone a un imam canadiense quien llama \u00abse lapide a muerte a esta gente\u00bb. El video de MEMRI TV, publicado el 4 de abril en el canal YouTube del [&hellip;]<\/p>\n","protected":false},"author":1,"featured_media":0,"comment_status":"open","ping_status":"open","sticky":false,"template":"","format":"standard","meta":{"footnotes":""},"categories":[33,4,2],"tags":[],"class_list":["post-53487","post","type-post","status-publish","format-standard","hentry","category-boletin-especial","category-archivos","category-featured"],"_links":{"self":[{"href":"https:\/\/www2.memri.org\/espanol\/wp-json\/wp\/v2\/posts\/53487","targetHints":{"allow":["GET"]}}],"collection":[{"href":"https:\/\/www2.memri.org\/espanol\/wp-json\/wp\/v2\/posts"}],"about":[{"href":"https:\/\/www2.memri.org\/espanol\/wp-json\/wp\/v2\/types\/post"}],"author":[{"embeddable":true,"href":"https:\/\/www2.memri.org\/espanol\/wp-json\/wp\/v2\/users\/1"}],"replies":[{"embeddable":true,"href":"https:\/\/www2.memri.org\/espanol\/wp-json\/wp\/v2\/comments?post=53487"}],"version-history":[{"count":0,"href":"https:\/\/www2.memri.org\/espanol\/wp-json\/wp\/v2\/posts\/53487\/revisions"}],"wp:attachment":[{"href":"https:\/\/www2.memri.org\/espanol\/wp-json\/wp\/v2\/media?parent=53487"}],"wp:term":[{"taxonomy":"category","embeddable":true,"href":"https:\/\/www2.memri.org\/espanol\/wp-json\/wp\/v2\/categories?post=53487"},{"taxonomy":"post_tag","embeddable":true,"href":"https:\/\/www2.memri.org\/espanol\/wp-json\/wp\/v2\/tags?post=53487"}],"curies":[{"name":"wp","href":"https:\/\/api.w.org\/{rel}","templated":true}]}}