{"id":53457,"date":"2019-03-05T15:57:55","date_gmt":"2019-03-05T19:57:55","guid":{"rendered":"http:\/\/www2.memri.org\/espanol\/?p=53457"},"modified":"2019-03-06T16:05:11","modified_gmt":"2019-03-06T20:05:11","slug":"clerigo-mauritano-muhammad-ould-dedew-los-judios-son-los-enemigos-de-ala-los-judios-y-cristianos-quienes-no-son-iguales-a-los-cristianos-del-pasado-estan-detras-de-toda-usura-bancos-casinos","status":"publish","type":"post","link":"https:\/\/www2.memri.org\/espanol\/clerigo-mauritano-muhammad-ould-dedew-los-judios-son-los-enemigos-de-ala-los-judios-y-cristianos-quienes-no-son-iguales-a-los-cristianos-del-pasado-estan-detras-de-toda-usura-bancos-casinos\/53457","title":{"rendered":"Cl\u00e9rigo mauritano Muhammad Ould Dedew: Los jud\u00edos son los enemigos de Al\u00e1; Los jud\u00edos y cristianos quienes &#8216;no son iguales a los cristianos del pasado&#8217; &#8211; est\u00e1n detr\u00e1s de toda usura, bancos, casinos, compa\u00f1\u00edas de seguros; cuando el sue\u00f1o sionista \u00abno sea una realidad, estos regresar\u00e1n&#8230; a Rusia y a sus pa\u00edses de origen\u00bb"},"content":{"rendered":"<p><em>El cl\u00e9rigo mauritano Muhammad Ould Dedew dijo en un programa del 12 de febrero en el canal de televisi\u00f3n Dorar (Sud\u00e1n) que los jud\u00edos son los enemigos de Al\u00e1 y de la econom\u00eda y que utilizan medios falsos para saquear la riqueza de otros. Este dijo que est\u00e1n detr\u00e1s de las compa\u00f1\u00edas de seguros, casinos, loter\u00edas y bancos usureros. Tambi\u00e9n dijo que los cristianos son arrogantes y altaneros por naturaleza. En un programa del 5 de febrero, 2019 en Al-Aqsa TV (Hamas\/Gaza), Dedew dijo que habr\u00e1 dos grandes guerras con los jud\u00edos en las cuales ellos ser\u00e1n los seguidores del Anticristo y en donde las rocas y los \u00e1rboles alertar\u00e1n a los musulmanes diciendo que hay jud\u00edos escondidos detr\u00e1s de ellos. Adem\u00e1s, dijo que los sionistas son un pueblo miserable y que Jerusal\u00e9n ser\u00e1 liberada pronto.<\/em><\/p>\n<p><strong><em>Para ver el video de Muhammad Ould Dedew en el portal MEMRI TV, pulse <a href=\"https:\/\/www.memri.org\/tv\/mauritanian-cleric-ould-dedew-antisemitism-jews-rocks-trees-usury-banks-enemies-allah\">aqu\u00ed<\/a> o debajo.<\/em><\/strong><\/p>\n<p><iframe src=\"https:\/\/www.memri.org\/player\/clip\/42058\/780,440\/1\" width=\"780\" height=\"440\" frameborder=\"0\"><\/iframe><\/p>\n<p><strong>5 de febrero, 2019 en Dorar TV: \u00abHasta al presente, [los jud\u00edos] se comportan al igual que sus ancestros, la enemistad hacia Al\u00e1 se encuentra arraigada en ellos &#8211; son los enemigos de Al\u00e1 entre Sus criaturas\u00bb<\/strong><\/p>\n<p><strong>Muhammad Ould Dedew<\/strong>: \u00abLas mentes de algunos musulmanes se han debilitado. Algunos de esos tiranos corruptos pensaron que si le permit\u00edan al Papa celebrar una misa en la Pen\u00ednsula Ar\u00e1biga y si le invitaban y le constru\u00edan una &#8216;Casa Abrah\u00e1mica esto har\u00eda cambiar al Islam, al igual que cambiaron el juda\u00edsmo y el cristianismo. Pero este plan estaba condenado al fracaso antes de que comenzase. El Islam no puede ser modificado.<\/p>\n<p>[&#8230;]<\/p>\n<p><img loading=\"lazy\" decoding=\"async\" class=\"alignnone size-full wp-image-53477\" src=\"https:\/\/www2.memri.org\/espanol\/wp-content\/uploads\/2019\/03\/MTV7050-1-1.jpg\" width=\"825\" height=\"218\" srcset=\"https:\/\/www2.memri.org\/espanol\/wp-content\/uploads\/2019\/03\/MTV7050-1-1.jpg 825w, https:\/\/www2.memri.org\/espanol\/wp-content\/uploads\/2019\/03\/MTV7050-1-1-300x79.jpg 300w, https:\/\/www2.memri.org\/espanol\/wp-content\/uploads\/2019\/03\/MTV7050-1-1-768x203.jpg 768w, https:\/\/www2.memri.org\/espanol\/wp-content\/uploads\/2019\/03\/MTV7050-1-1-600x159.jpg 600w, https:\/\/www2.memri.org\/espanol\/wp-content\/uploads\/2019\/03\/MTV7050-1-1-696x184.jpg 696w\" sizes=\"auto, (max-width: 825px) 100vw, 825px\" \/><\/p>\n<p>\u00abHasta este d\u00eda, [los jud\u00edos] se comportan como sus ancestros. La enemistad hacia Al\u00e1 est\u00e1 arraigada en ellos. Son los enemigos de Al\u00e1 entre sus criaturas.<\/p>\n<p>[&#8230;]<\/p>\n<p>\u00abAdem\u00e1s, son los enemigos de la econom\u00eda y esparcen la corrupci\u00f3n en la tierra. Siempre han permitido el comercio ilegal. Siempre que pod\u00edan, saqueaban las riquezas de pueblos utilizando falsos medios para hacerlo. Las instituciones que establecieron son la base de la econom\u00eda mundial. \u00bfQui\u00e9n invent\u00f3 los bancos usureros?<\/p>\n<p><strong>Entrevistador<\/strong>: \u00abEllos\u00bb.<\/p>\n<p><strong>Muhammad Ould Dedew<\/strong>: \u00ab\u00bfSurgieron estos bancos de la civilizaci\u00f3n griega, romana, persa o bizantina? No, fueron inventados por los jud\u00edos. Los casinos y las loter\u00edas&#8230;\u00bb<\/p>\n<p><strong>Entrevistador<\/strong>: \u00abY los cines y casas de la moda&#8230;\u00bb.<\/p>\n<p><strong>Muhammad Ould Dedew<\/strong>: \u00ab\u00bfQui\u00e9n los fund\u00f3? Fueron los jud\u00edos. \u00bfQui\u00e9n invent\u00f3 las compa\u00f1\u00edas de seguros? Los jud\u00edos. Todo fue inventado por los jud\u00edos. Nunca deber\u00edamos avergonzarnos de decir las cosas como son. Lo mismo aplica a los cristianos. Muchos de los cristianos de hoy no son como los cristianos del pasado.<\/p>\n<p><img loading=\"lazy\" decoding=\"async\" class=\"alignnone size-full wp-image-53478\" src=\"https:\/\/www2.memri.org\/espanol\/wp-content\/uploads\/2019\/03\/MTV70501-1-1.jpg\" width=\"820\" height=\"223\" srcset=\"https:\/\/www2.memri.org\/espanol\/wp-content\/uploads\/2019\/03\/MTV70501-1-1.jpg 820w, https:\/\/www2.memri.org\/espanol\/wp-content\/uploads\/2019\/03\/MTV70501-1-1-300x82.jpg 300w, https:\/\/www2.memri.org\/espanol\/wp-content\/uploads\/2019\/03\/MTV70501-1-1-768x209.jpg 768w, https:\/\/www2.memri.org\/espanol\/wp-content\/uploads\/2019\/03\/MTV70501-1-1-600x163.jpg 600w, https:\/\/www2.memri.org\/espanol\/wp-content\/uploads\/2019\/03\/MTV70501-1-1-696x189.jpg 696w\" sizes=\"auto, (max-width: 820px) 100vw, 820px\" \/><\/p>\n<p>[&#8230;]<\/p>\n<p>\u00abEsta es la gente m\u00e1s arrogante del mundo. Observen la soberbia y la arrogancia de Estados Unidos. Observen la soberbia de la Uni\u00f3n Europea. Esta arrogancia est\u00e1 arraigada en ellos\u00bb.<\/p>\n<p>[&#8230;]<\/p>\n<p><strong>12 de febrero, 2019 en Al-Aqsa TV &#8211; \u00abLuego los \u00e1rboles y las rocas dir\u00e1n: &#8216;Oh siervo de Al\u00e1, oh musulm\u00e1n, hay un jud\u00edo detr\u00e1s m\u00edo, ven y dale muerte&#8217;, excepto por el Gharqad, siendo este uno de Los \u00e1rboles de los jud\u00edos\u00bb<\/strong><\/p>\n<p>\u00abEstamos seguros de que habr\u00e1 dos guerras con los jud\u00edos. La primera ocurrir\u00e1 antes del regreso de Jes\u00fas y la aparici\u00f3n del Anticristo. Durante esta guerra, la Mezquita Al-Aqsa ser\u00e1 liberada y los jud\u00edos ser\u00e1n derrotados. Los jud\u00edos restantes se dirigir\u00e1n al Oriente y se establecer\u00e1n en Isfah\u00e1n. Cuando llegue el Anticristo, 40.000 de ellos se reunir\u00e1n, ataviados con bufandas en sus cabezas. Luego, el Anticristo conquistar\u00e1 Al-Sham una vez m\u00e1s.<\/p>\n<p><img loading=\"lazy\" decoding=\"async\" class=\"alignnone size-full wp-image-53479\" src=\"https:\/\/www2.memri.org\/espanol\/wp-content\/uploads\/2019\/03\/MTV70502-1-1.jpg\" width=\"806\" height=\"213\" srcset=\"https:\/\/www2.memri.org\/espanol\/wp-content\/uploads\/2019\/03\/MTV70502-1-1.jpg 806w, https:\/\/www2.memri.org\/espanol\/wp-content\/uploads\/2019\/03\/MTV70502-1-1-300x79.jpg 300w, https:\/\/www2.memri.org\/espanol\/wp-content\/uploads\/2019\/03\/MTV70502-1-1-768x203.jpg 768w, https:\/\/www2.memri.org\/espanol\/wp-content\/uploads\/2019\/03\/MTV70502-1-1-600x159.jpg 600w, https:\/\/www2.memri.org\/espanol\/wp-content\/uploads\/2019\/03\/MTV70502-1-1-696x184.jpg 696w\" sizes=\"auto, (max-width: 806px) 100vw, 806px\" \/><\/p>\n<p><img loading=\"lazy\" decoding=\"async\" class=\"alignnone size-full wp-image-53480\" src=\"https:\/\/www2.memri.org\/espanol\/wp-content\/uploads\/2019\/03\/MTV70503-1-1.jpg\" width=\"610\" height=\"323\" srcset=\"https:\/\/www2.memri.org\/espanol\/wp-content\/uploads\/2019\/03\/MTV70503-1-1.jpg 610w, https:\/\/www2.memri.org\/espanol\/wp-content\/uploads\/2019\/03\/MTV70503-1-1-300x159.jpg 300w, https:\/\/www2.memri.org\/espanol\/wp-content\/uploads\/2019\/03\/MTV70503-1-1-600x318.jpg 600w\" sizes=\"auto, (max-width: 610px) 100vw, 610px\" \/><\/p>\n<p>\u00abJes\u00fas, el hijo de Mar\u00eda, lo apabullar\u00e1 y le asesinar\u00e1. Esta es la segunda guerra.<\/p>\n<p><img loading=\"lazy\" decoding=\"async\" class=\"alignnone size-full wp-image-53481\" src=\"https:\/\/www2.memri.org\/espanol\/wp-content\/uploads\/2019\/03\/MTV70504-1-1.jpg\" width=\"608\" height=\"322\" srcset=\"https:\/\/www2.memri.org\/espanol\/wp-content\/uploads\/2019\/03\/MTV70504-1-1.jpg 608w, https:\/\/www2.memri.org\/espanol\/wp-content\/uploads\/2019\/03\/MTV70504-1-1-300x159.jpg 300w, https:\/\/www2.memri.org\/espanol\/wp-content\/uploads\/2019\/03\/MTV70504-1-1-600x318.jpg 600w\" sizes=\"auto, (max-width: 608px) 100vw, 608px\" \/><\/p>\n<p>\u00abLuego los \u00e1rboles y las rocas dir\u00e1n: &#8216;Oh siervo de Al\u00e1, oh musulm\u00e1n, hay un jud\u00edo detr\u00e1s m\u00edo, ven y dale muerte&#8217;, con excepci\u00f3n del Gharqad, siendo este uno de los \u00e1rboles de los jud\u00edos\u00bb.<\/p>\n<p><img loading=\"lazy\" decoding=\"async\" class=\"alignnone size-full wp-image-53482\" src=\"https:\/\/www2.memri.org\/espanol\/wp-content\/uploads\/2019\/03\/MTV70505-1-1.jpg\" width=\"789\" height=\"209\" srcset=\"https:\/\/www2.memri.org\/espanol\/wp-content\/uploads\/2019\/03\/MTV70505-1-1.jpg 789w, https:\/\/www2.memri.org\/espanol\/wp-content\/uploads\/2019\/03\/MTV70505-1-1-300x79.jpg 300w, https:\/\/www2.memri.org\/espanol\/wp-content\/uploads\/2019\/03\/MTV70505-1-1-768x203.jpg 768w, https:\/\/www2.memri.org\/espanol\/wp-content\/uploads\/2019\/03\/MTV70505-1-1-600x159.jpg 600w, https:\/\/www2.memri.org\/espanol\/wp-content\/uploads\/2019\/03\/MTV70505-1-1-696x184.jpg 696w\" sizes=\"auto, (max-width: 789px) 100vw, 789px\" \/><\/p>\n<p><img loading=\"lazy\" decoding=\"async\" class=\"alignnone size-full wp-image-53483\" src=\"https:\/\/www2.memri.org\/espanol\/wp-content\/uploads\/2019\/03\/MTV70506-1-1.jpg\" width=\"608\" height=\"323\" srcset=\"https:\/\/www2.memri.org\/espanol\/wp-content\/uploads\/2019\/03\/MTV70506-1-1.jpg 608w, https:\/\/www2.memri.org\/espanol\/wp-content\/uploads\/2019\/03\/MTV70506-1-1-300x159.jpg 300w, https:\/\/www2.memri.org\/espanol\/wp-content\/uploads\/2019\/03\/MTV70506-1-1-600x319.jpg 600w\" sizes=\"auto, (max-width: 608px) 100vw, 608px\" \/><\/p>\n<p>[&#8230;]<\/p>\n<p><strong>Entrevistador<\/strong>: \u00abBasados en la realidad de hoy d\u00eda, \u00bfc\u00f3mo ve usted el futuro cercano de Jerusal\u00e9n?\u00bb<\/p>\n<p><strong>Muhammad Ould Dedew<\/strong>: \u00abCreo que Jerusal\u00e9n ser\u00e1 liberada al igual que fue liberada Gaza. El enemigo sionista lo constituye gente de humillaci\u00f3n y miseria. Han llegado de todos los rincones de la Tierra, so\u00f1ando con una vida placentera de lujo y felicidad, tal como se les prometi\u00f3 en la Declaraci\u00f3n Balfour. Cuando este sue\u00f1o no sea una realidad, regresar\u00e1n. Muchos de ellos ya lo han hecho durante la \u00faltima guerra, en la que fue cerrado el Aeropuerto Ben Gurion y los misiles alcanzaron las afueras de Tel Aviv.<\/p>\n<p><img loading=\"lazy\" decoding=\"async\" class=\"alignnone size-full wp-image-53484\" src=\"https:\/\/www2.memri.org\/espanol\/wp-content\/uploads\/2019\/03\/MTV70507-1-1.jpg\" width=\"768\" height=\"201\" srcset=\"https:\/\/www2.memri.org\/espanol\/wp-content\/uploads\/2019\/03\/MTV70507-1-1.jpg 768w, https:\/\/www2.memri.org\/espanol\/wp-content\/uploads\/2019\/03\/MTV70507-1-1-300x79.jpg 300w, https:\/\/www2.memri.org\/espanol\/wp-content\/uploads\/2019\/03\/MTV70507-1-1-600x157.jpg 600w, https:\/\/www2.memri.org\/espanol\/wp-content\/uploads\/2019\/03\/MTV70507-1-1-696x182.jpg 696w\" sizes=\"auto, (max-width: 768px) 100vw, 768px\" \/><\/p>\n<p><img loading=\"lazy\" decoding=\"async\" class=\"alignnone size-full wp-image-53485\" src=\"https:\/\/www2.memri.org\/espanol\/wp-content\/uploads\/2019\/03\/MTV70508-1.jpg\" width=\"765\" height=\"202\" srcset=\"https:\/\/www2.memri.org\/espanol\/wp-content\/uploads\/2019\/03\/MTV70508-1.jpg 765w, https:\/\/www2.memri.org\/espanol\/wp-content\/uploads\/2019\/03\/MTV70508-1-300x79.jpg 300w, https:\/\/www2.memri.org\/espanol\/wp-content\/uploads\/2019\/03\/MTV70508-1-600x158.jpg 600w, https:\/\/www2.memri.org\/espanol\/wp-content\/uploads\/2019\/03\/MTV70508-1-696x184.jpg 696w\" sizes=\"auto, (max-width: 765px) 100vw, 765px\" \/><\/p>\n<p>\u00abMuchos de ellos regresaron a Rusia y a sus pa\u00edses de origen\u00bb.<\/p>\n<p><img loading=\"lazy\" decoding=\"async\" class=\"alignnone size-full wp-image-53486\" src=\"https:\/\/www2.memri.org\/espanol\/wp-content\/uploads\/2019\/03\/MTV70509-1-1.jpg\" width=\"610\" height=\"325\" srcset=\"https:\/\/www2.memri.org\/espanol\/wp-content\/uploads\/2019\/03\/MTV70509-1-1.jpg 610w, https:\/\/www2.memri.org\/espanol\/wp-content\/uploads\/2019\/03\/MTV70509-1-1-300x160.jpg 300w, https:\/\/www2.memri.org\/espanol\/wp-content\/uploads\/2019\/03\/MTV70509-1-1-600x320.jpg 600w\" sizes=\"auto, (max-width: 610px) 100vw, 610px\" \/><\/p>\n","protected":false},"excerpt":{"rendered":"<p>El cl\u00e9rigo mauritano Muhammad Ould Dedew dijo en un programa del 12 de febrero en el canal de televisi\u00f3n Dorar (Sud\u00e1n) que los jud\u00edos son los enemigos de Al\u00e1 y de la econom\u00eda y que utilizan medios falsos para saquear la riqueza de otros. Este dijo que est\u00e1n detr\u00e1s de las compa\u00f1\u00edas de seguros, casinos, [&hellip;]<\/p>\n","protected":false},"author":1,"featured_media":53477,"comment_status":"open","ping_status":"open","sticky":false,"template":"","format":"standard","meta":{"footnotes":""},"categories":[4,6,9,2,16],"tags":[],"class_list":["post-53457","post","type-post","status-publish","format-standard","has-post-thumbnail","hentry","category-archivos","category-comunicados-especiales","category-temas","category-featured","category-proyecto-documental-sobre-antisemitismo"],"_links":{"self":[{"href":"https:\/\/www2.memri.org\/espanol\/wp-json\/wp\/v2\/posts\/53457","targetHints":{"allow":["GET"]}}],"collection":[{"href":"https:\/\/www2.memri.org\/espanol\/wp-json\/wp\/v2\/posts"}],"about":[{"href":"https:\/\/www2.memri.org\/espanol\/wp-json\/wp\/v2\/types\/post"}],"author":[{"embeddable":true,"href":"https:\/\/www2.memri.org\/espanol\/wp-json\/wp\/v2\/users\/1"}],"replies":[{"embeddable":true,"href":"https:\/\/www2.memri.org\/espanol\/wp-json\/wp\/v2\/comments?post=53457"}],"version-history":[{"count":0,"href":"https:\/\/www2.memri.org\/espanol\/wp-json\/wp\/v2\/posts\/53457\/revisions"}],"wp:featuredmedia":[{"embeddable":true,"href":"https:\/\/www2.memri.org\/espanol\/wp-json\/wp\/v2\/media\/53477"}],"wp:attachment":[{"href":"https:\/\/www2.memri.org\/espanol\/wp-json\/wp\/v2\/media?parent=53457"}],"wp:term":[{"taxonomy":"category","embeddable":true,"href":"https:\/\/www2.memri.org\/espanol\/wp-json\/wp\/v2\/categories?post=53457"},{"taxonomy":"post_tag","embeddable":true,"href":"https:\/\/www2.memri.org\/espanol\/wp-json\/wp\/v2\/tags?post=53457"}],"curies":[{"name":"wp","href":"https:\/\/api.w.org\/{rel}","templated":true}]}}